{"id":47699,"date":"2024-11-30T12:16:19","date_gmt":"2024-11-30T15:16:19","guid":{"rendered":"https:\/\/portalfadesp.org.br\/?p=47699"},"modified":"2024-11-30T12:16:23","modified_gmt":"2024-11-30T15:16:23","slug":"evento-sobre-inovacao-sustentavel-destaca-o-saude-belem-digital","status":"publish","type":"post","link":"https:\/\/portalfadesp.org.br\/?p=47699","title":{"rendered":"Evento sobre inova\u00e7\u00e3o sustent\u00e1vel destaca o Sa\u00fade Bel\u00e9m Digital"},"content":{"rendered":"\n<p>O Sa\u00fade Bel\u00e9m Digital foi uma das experi\u00eancias destacadas no Amaz\u00f4nia Tech \u2013 Confer\u00eancia Panamaz\u00f4nica de Ci\u00eancia e Tecnologia. Realizado no Parque de Ci\u00eancia e Tecnologia (PCT) Guam\u00e1, o evento reuniu especialistas do Brasil e Peru de 28 a 29 de novembro. O objetivo foi somar conhecimentos sobre a inova\u00e7\u00e3o sustent\u00e1vel na Amaz\u00f4nia a partir de parques tecnol\u00f3gicos.<\/p>\n\n\n\n<div style=\"height:30px\" aria-hidden=\"true\" class=\"wp-block-spacer\"><\/div>\n\n\n\n<p>A Funda\u00e7\u00e3o de Amparo e Desenvolvimento da Pesquisa (FADESP) \u00e9 residente do espa\u00e7o atrav\u00e9s do SBD, servi\u00e7o ofertado pela Secretaria Municipal de Sa\u00fade de Bel\u00e9m (Sesma). Os benef\u00edcios para a popula\u00e7\u00e3o foram ressaltados na fala de Renato Penha Santos, coordenador do projeto. \u201cSe n\u00f3s estamos pensando em futuro e em futuro sustent\u00e1vel, a defesa do bioma e a democratiza\u00e7\u00e3o do acesso \u00e0 sa\u00fade \u00e9 fundamental. \u00c9 um direito constitucional e um direito humano\u201d, declarou.<\/p>\n\n\n\n<div style=\"height:31px\" aria-hidden=\"true\" class=\"wp-block-spacer\"><\/div>\n\n\n\n<p>Ele destacou que a FADESP, em parceria com a Sesma, assumiu o desafio de ofertar um servi\u00e7o de sa\u00fade digital que facilita o acesso do usu\u00e1rio aos primeiros cuidados em sa\u00fade. Esse desenho, segundo ele, dialoga com os Objetivos de Desenvolvimento Sustent\u00e1vel da Organiza\u00e7\u00e3o das Na\u00e7\u00f5es Unidas (ONU). As linhas de di\u00e1logo passam pela sa\u00fade e bem-estar, cidades sustent\u00e1veis, inova\u00e7\u00e3o em sa\u00fade p\u00fablica, diminui\u00e7\u00e3o de desigualdades sociais, entre outros.<\/p>\n\n\n\n<div style=\"height:31px\" aria-hidden=\"true\" class=\"wp-block-spacer\"><\/div>\n\n\n\n<p>O painel \u201cInova\u00e7\u00e3o Tecnol\u00f3gica para um Futuro Sustent\u00e1vel\u201d contou ainda com Jesus Souza, do Centro de Valoriza\u00e7\u00e3o de Compostos Bioativos da Amaz\u00f4nia (CVACBA). A media\u00e7\u00e3o foi de Milksom Campelo, gerente da coordena\u00e7\u00e3o de Prospec\u00e7\u00e3o, Transfer\u00eancia e Tecnologia de Neg\u00f3cios da Funda\u00e7\u00e3o Guam\u00e1.<\/p>\n\n\n\n<div style=\"height:31px\" aria-hidden=\"true\" class=\"wp-block-spacer\"><\/div>\n\n\n\n<p>Rodrigo Quites Reis, diretor-presidente da Funda\u00e7\u00e3o Guam\u00e1, organiza\u00e7\u00e3o gestora do complexo, destacou os avan\u00e7os e desafios que os ambientes de inova\u00e7\u00e3o na Amaz\u00f4nia possuem. \u201cInovar na Amaz\u00f4nia possui uma s\u00e9rie de obst\u00e1culos que s\u00e3o enfrentados com colabora\u00e7\u00e3o. O PCT Guam\u00e1 possui um ecossistema ativo e em expans\u00e3o\u201d.<\/p>\n\n\n\n<div style=\"height:33px\" aria-hidden=\"true\" class=\"wp-block-spacer\"><\/div>\n\n\n\n<p>O PCT Guam\u00e1 \u00e9 uma iniciativa do Governo do Par\u00e1, por meio da Secretaria de Ci\u00eancia, Tecnologia e Educa\u00e7\u00e3o T\u00e9cnica e Tecnol\u00f3gica (Sectet), que conta com a parceria da Universidade Federal do Par\u00e1 (UFPA), Universidade Federal Rural da Amaz\u00f4nia (Ufra) e gest\u00e3o da Funda\u00e7\u00e3o Guam\u00e1. \u00c9 o primeiro parque tecnol\u00f3gico a entrar em opera\u00e7\u00e3o na regi\u00e3o Norte do Brasil e tem como principal objetivo estimular a pesquisa aplicada e o empreendedorismo inovador e sustent\u00e1vel.<\/p>\n\n\n\n<div style=\"height:32px\" aria-hidden=\"true\" class=\"wp-block-spacer\"><\/div>\n\n\n\n<p>Texto: Marta Cardoso, com informa\u00e7\u00f5es do PCT Guam\u00e1<\/p>\n\n\n\n<p>Fotos: Assessoria de Imprensa Sa\u00fade Bel\u00e9m Digital<\/p>\n\n\n\n<p><\/p>\n","protected":false},"excerpt":{"rendered":"<p>O Sa\u00fade Bel\u00e9m Digital foi uma das experi\u00eancias destacadas no Amaz\u00f4nia Tech \u2013 Confer\u00eancia Panamaz\u00f4nica de Ci\u00eancia e Tecnologia. Realizado no Parque de Ci\u00eancia e Tecnologia (PCT) Guam\u00e1, o evento reuniu especialistas do Brasil e Peru de 28 a 29 de novembro. O objetivo foi somar conhecimentos sobre a inova\u00e7\u00e3o sustent\u00e1vel na Amaz\u00f4nia a partir [&hellip;]<\/p>\n","protected":false},"author":12,"featured_media":47701,"comment_status":"closed","ping_status":"closed","sticky":false,"template":"","format":"standard","meta":{"_monsterinsights_skip_tracking":false,"_monsterinsights_sitenote_active":false,"_monsterinsights_sitenote_note":"","_monsterinsights_sitenote_category":0,"footnotes":""},"categories":[60,1],"tags":[],"class_list":["post-47699","post","type-post","status-publish","format-standard","has-post-thumbnail","hentry","category-destaque","category-geral","entry","has-media"],"yoast_head":"<!-- This site is optimized with the Yoast SEO plugin v25.1 - https:\/\/yoast.com\/wordpress\/plugins\/seo\/ -->\n<title>Evento sobre inova\u00e7\u00e3o sustent\u00e1vel destaca o Sa\u00fade Bel\u00e9m Digital - FADESP<\/title>\n<meta name=\"robots\" content=\"index, follow, max-snippet:-1, max-image-preview:large, max-video-preview:-1\" \/>\n<link rel=\"canonical\" href=\"https:\/\/portalfadesp.org.br\/?p=47699\" \/>\n<meta property=\"og:locale\" content=\"pt_BR\" \/>\n<meta property=\"og:type\" content=\"article\" \/>\n<meta property=\"og:title\" content=\"Evento sobre inova\u00e7\u00e3o sustent\u00e1vel destaca o Sa\u00fade Bel\u00e9m Digital - FADESP\" \/>\n<meta property=\"og:description\" content=\"O Sa\u00fade Bel\u00e9m Digital foi uma das experi\u00eancias destacadas no Amaz\u00f4nia Tech \u2013 Confer\u00eancia Panamaz\u00f4nica de Ci\u00eancia e Tecnologia. Realizado no Parque de Ci\u00eancia e Tecnologia (PCT) Guam\u00e1, o evento reuniu especialistas do Brasil e Peru de 28 a 29 de novembro. O objetivo foi somar conhecimentos sobre a inova\u00e7\u00e3o sustent\u00e1vel na Amaz\u00f4nia a partir [&hellip;]\" \/>\n<meta property=\"og:url\" content=\"https:\/\/portalfadesp.org.br\/?p=47699\" \/>\n<meta property=\"og:site_name\" content=\"FADESP\" \/>\n<meta property=\"article:publisher\" content=\"https:\/\/www.facebook.com\/Fadesp-138351949524662\/\" \/>\n<meta property=\"article:published_time\" content=\"2024-11-30T15:16:19+00:00\" \/>\n<meta property=\"article:modified_time\" content=\"2024-11-30T15:16:23+00:00\" \/>\n<meta property=\"og:image\" content=\"https:\/\/portalfadesp.org.br\/wp-content\/uploads\/2024\/11\/705de482-d2da-433b-89fc-50110c550225.jpeg\" \/>\n\t<meta property=\"og:image:width\" content=\"1600\" \/>\n\t<meta property=\"og:image:height\" content=\"475\" \/>\n\t<meta property=\"og:image:type\" content=\"image\/jpeg\" \/>\n<meta name=\"author\" content=\"Brena Marques\" \/>\n<meta name=\"twitter:card\" content=\"summary_large_image\" \/>\n<meta name=\"twitter:creator\" content=\"@Fadesp\" \/>\n<meta name=\"twitter:site\" content=\"@Fadesp\" \/>\n<meta name=\"twitter:label1\" content=\"Escrito por\" \/>\n\t<meta name=\"twitter:data1\" content=\"Brena Marques\" \/>\n\t<meta name=\"twitter:label2\" content=\"Est. tempo de leitura\" \/>\n\t<meta name=\"twitter:data2\" content=\"3 minutos\" \/>\n<script type=\"application\/ld+json\" class=\"yoast-schema-graph\">{\"@context\":\"https:\/\/schema.org\",\"@graph\":[{\"@type\":\"Article\",\"@id\":\"https:\/\/portalfadesp.org.br\/?p=47699#article\",\"isPartOf\":{\"@id\":\"https:\/\/portalfadesp.org.br\/?p=47699\"},\"author\":{\"name\":\"Brena Marques\",\"@id\":\"https:\/\/portalfadesp.org.br\/#\/schema\/person\/31709c4c8ec92d6bbdd2c1da60cf8d66\"},\"headline\":\"Evento sobre inova\u00e7\u00e3o sustent\u00e1vel destaca o Sa\u00fade Bel\u00e9m Digital\",\"datePublished\":\"2024-11-30T15:16:19+00:00\",\"dateModified\":\"2024-11-30T15:16:23+00:00\",\"mainEntityOfPage\":{\"@id\":\"https:\/\/portalfadesp.org.br\/?p=47699\"},\"wordCount\":457,\"publisher\":{\"@id\":\"https:\/\/portalfadesp.org.br\/#organization\"},\"image\":{\"@id\":\"https:\/\/portalfadesp.org.br\/?p=47699#primaryimage\"},\"thumbnailUrl\":\"https:\/\/portalfadesp.org.br\/wp-content\/uploads\/2024\/11\/705de482-d2da-433b-89fc-50110c550225.jpeg\",\"articleSection\":[\"Destaque\",\"Geral\"],\"inLanguage\":\"pt-BR\"},{\"@type\":\"WebPage\",\"@id\":\"https:\/\/portalfadesp.org.br\/?p=47699\",\"url\":\"https:\/\/portalfadesp.org.br\/?p=47699\",\"name\":\"Evento sobre inova\u00e7\u00e3o sustent\u00e1vel destaca o Sa\u00fade Bel\u00e9m Digital - FADESP\",\"isPartOf\":{\"@id\":\"https:\/\/portalfadesp.org.br\/#website\"},\"primaryImageOfPage\":{\"@id\":\"https:\/\/portalfadesp.org.br\/?p=47699#primaryimage\"},\"image\":{\"@id\":\"https:\/\/portalfadesp.org.br\/?p=47699#primaryimage\"},\"thumbnailUrl\":\"https:\/\/portalfadesp.org.br\/wp-content\/uploads\/2024\/11\/705de482-d2da-433b-89fc-50110c550225.jpeg\",\"datePublished\":\"2024-11-30T15:16:19+00:00\",\"dateModified\":\"2024-11-30T15:16:23+00:00\",\"breadcrumb\":{\"@id\":\"https:\/\/portalfadesp.org.br\/?p=47699#breadcrumb\"},\"inLanguage\":\"pt-BR\",\"potentialAction\":[{\"@type\":\"ReadAction\",\"target\":[\"https:\/\/portalfadesp.org.br\/?p=47699\"]}]},{\"@type\":\"ImageObject\",\"inLanguage\":\"pt-BR\",\"@id\":\"https:\/\/portalfadesp.org.br\/?p=47699#primaryimage\",\"url\":\"https:\/\/portalfadesp.org.br\/wp-content\/uploads\/2024\/11\/705de482-d2da-433b-89fc-50110c550225.jpeg\",\"contentUrl\":\"https:\/\/portalfadesp.org.br\/wp-content\/uploads\/2024\/11\/705de482-d2da-433b-89fc-50110c550225.jpeg\",\"width\":1600,\"height\":475},{\"@type\":\"BreadcrumbList\",\"@id\":\"https:\/\/portalfadesp.org.br\/?p=47699#breadcrumb\",\"itemListElement\":[{\"@type\":\"ListItem\",\"position\":1,\"name\":\"In\u00edcio\",\"item\":\"https:\/\/portalfadesp.org.br\/\"},{\"@type\":\"ListItem\",\"position\":2,\"name\":\"Evento sobre inova\u00e7\u00e3o sustent\u00e1vel destaca o Sa\u00fade Bel\u00e9m Digital\"}]},{\"@type\":\"WebSite\",\"@id\":\"https:\/\/portalfadesp.org.br\/#website\",\"url\":\"https:\/\/portalfadesp.org.br\/\",\"name\":\"FADESP\",\"description\":\"Funda\u00e7\u00e3o de Amparo e Desenvolvimento da Pesquisa\",\"publisher\":{\"@id\":\"https:\/\/portalfadesp.org.br\/#organization\"},\"potentialAction\":[{\"@type\":\"SearchAction\",\"target\":{\"@type\":\"EntryPoint\",\"urlTemplate\":\"https:\/\/portalfadesp.org.br\/?s={search_term_string}\"},\"query-input\":{\"@type\":\"PropertyValueSpecification\",\"valueRequired\":true,\"valueName\":\"search_term_string\"}}],\"inLanguage\":\"pt-BR\"},{\"@type\":\"Organization\",\"@id\":\"https:\/\/portalfadesp.org.br\/#organization\",\"name\":\"FADESP\",\"url\":\"https:\/\/portalfadesp.org.br\/\",\"logo\":{\"@type\":\"ImageObject\",\"inLanguage\":\"pt-BR\",\"@id\":\"https:\/\/portalfadesp.org.br\/#\/schema\/logo\/image\/\",\"url\":\"https:\/\/portalfadesp.org.br\/wp-content\/uploads\/2024\/01\/NOVOLOGOFADESPlaranjaH.png\",\"contentUrl\":\"https:\/\/portalfadesp.org.br\/wp-content\/uploads\/2024\/01\/NOVOLOGOFADESPlaranjaH.png\",\"width\":2742,\"height\":839,\"caption\":\"FADESP\"},\"image\":{\"@id\":\"https:\/\/portalfadesp.org.br\/#\/schema\/logo\/image\/\"},\"sameAs\":[\"https:\/\/www.facebook.com\/Fadesp-138351949524662\/\",\"https:\/\/x.com\/Fadesp\",\"https:\/\/www.instagram.com\/fadesp_ufpa\/\",\"https:\/\/www.youtube.com\/@fundacaodeamparoedesenvolv1903\",\"https:\/\/www.threads.net\/@fadesp_ufpa\"]},{\"@type\":\"Person\",\"@id\":\"https:\/\/portalfadesp.org.br\/#\/schema\/person\/31709c4c8ec92d6bbdd2c1da60cf8d66\",\"name\":\"Brena Marques\",\"image\":{\"@type\":\"ImageObject\",\"inLanguage\":\"pt-BR\",\"@id\":\"https:\/\/portalfadesp.org.br\/#\/schema\/person\/image\/\",\"url\":\"https:\/\/secure.gravatar.com\/avatar\/d8709cd0de324fbec018b6878350216726d26c3436f44ebee8f3db75e29728f3?s=96&d=mm&r=g\",\"contentUrl\":\"https:\/\/secure.gravatar.com\/avatar\/d8709cd0de324fbec018b6878350216726d26c3436f44ebee8f3db75e29728f3?s=96&d=mm&r=g\",\"caption\":\"Brena Marques\"},\"url\":\"https:\/\/portalfadesp.org.br\/?author=12\"}]}<\/script>\n<!-- \/ Yoast SEO plugin. -->","yoast_head_json":{"title":"Evento sobre inova\u00e7\u00e3o sustent\u00e1vel destaca o Sa\u00fade Bel\u00e9m Digital - FADESP","robots":{"index":"index","follow":"follow","max-snippet":"max-snippet:-1","max-image-preview":"max-image-preview:large","max-video-preview":"max-video-preview:-1"},"canonical":"https:\/\/portalfadesp.org.br\/?p=47699","og_locale":"pt_BR","og_type":"article","og_title":"Evento sobre inova\u00e7\u00e3o sustent\u00e1vel destaca o Sa\u00fade Bel\u00e9m Digital - FADESP","og_description":"O Sa\u00fade Bel\u00e9m Digital foi uma das experi\u00eancias destacadas no Amaz\u00f4nia Tech \u2013 Confer\u00eancia Panamaz\u00f4nica de Ci\u00eancia e Tecnologia. Realizado no Parque de Ci\u00eancia e Tecnologia (PCT) Guam\u00e1, o evento reuniu especialistas do Brasil e Peru de 28 a 29 de novembro. O objetivo foi somar conhecimentos sobre a inova\u00e7\u00e3o sustent\u00e1vel na Amaz\u00f4nia a partir [&hellip;]","og_url":"https:\/\/portalfadesp.org.br\/?p=47699","og_site_name":"FADESP","article_publisher":"https:\/\/www.facebook.com\/Fadesp-138351949524662\/","article_published_time":"2024-11-30T15:16:19+00:00","article_modified_time":"2024-11-30T15:16:23+00:00","og_image":[{"width":1600,"height":475,"url":"https:\/\/portalfadesp.org.br\/wp-content\/uploads\/2024\/11\/705de482-d2da-433b-89fc-50110c550225.jpeg","type":"image\/jpeg"}],"author":"Brena Marques","twitter_card":"summary_large_image","twitter_creator":"@Fadesp","twitter_site":"@Fadesp","twitter_misc":{"Escrito por":"Brena Marques","Est. tempo de leitura":"3 minutos"},"schema":{"@context":"https:\/\/schema.org","@graph":[{"@type":"Article","@id":"https:\/\/portalfadesp.org.br\/?p=47699#article","isPartOf":{"@id":"https:\/\/portalfadesp.org.br\/?p=47699"},"author":{"name":"Brena Marques","@id":"https:\/\/portalfadesp.org.br\/#\/schema\/person\/31709c4c8ec92d6bbdd2c1da60cf8d66"},"headline":"Evento sobre inova\u00e7\u00e3o sustent\u00e1vel destaca o Sa\u00fade Bel\u00e9m Digital","datePublished":"2024-11-30T15:16:19+00:00","dateModified":"2024-11-30T15:16:23+00:00","mainEntityOfPage":{"@id":"https:\/\/portalfadesp.org.br\/?p=47699"},"wordCount":457,"publisher":{"@id":"https:\/\/portalfadesp.org.br\/#organization"},"image":{"@id":"https:\/\/portalfadesp.org.br\/?p=47699#primaryimage"},"thumbnailUrl":"https:\/\/portalfadesp.org.br\/wp-content\/uploads\/2024\/11\/705de482-d2da-433b-89fc-50110c550225.jpeg","articleSection":["Destaque","Geral"],"inLanguage":"pt-BR"},{"@type":"WebPage","@id":"https:\/\/portalfadesp.org.br\/?p=47699","url":"https:\/\/portalfadesp.org.br\/?p=47699","name":"Evento sobre inova\u00e7\u00e3o sustent\u00e1vel destaca o Sa\u00fade Bel\u00e9m Digital - FADESP","isPartOf":{"@id":"https:\/\/portalfadesp.org.br\/#website"},"primaryImageOfPage":{"@id":"https:\/\/portalfadesp.org.br\/?p=47699#primaryimage"},"image":{"@id":"https:\/\/portalfadesp.org.br\/?p=47699#primaryimage"},"thumbnailUrl":"https:\/\/portalfadesp.org.br\/wp-content\/uploads\/2024\/11\/705de482-d2da-433b-89fc-50110c550225.jpeg","datePublished":"2024-11-30T15:16:19+00:00","dateModified":"2024-11-30T15:16:23+00:00","breadcrumb":{"@id":"https:\/\/portalfadesp.org.br\/?p=47699#breadcrumb"},"inLanguage":"pt-BR","potentialAction":[{"@type":"ReadAction","target":["https:\/\/portalfadesp.org.br\/?p=47699"]}]},{"@type":"ImageObject","inLanguage":"pt-BR","@id":"https:\/\/portalfadesp.org.br\/?p=47699#primaryimage","url":"https:\/\/portalfadesp.org.br\/wp-content\/uploads\/2024\/11\/705de482-d2da-433b-89fc-50110c550225.jpeg","contentUrl":"https:\/\/portalfadesp.org.br\/wp-content\/uploads\/2024\/11\/705de482-d2da-433b-89fc-50110c550225.jpeg","width":1600,"height":475},{"@type":"BreadcrumbList","@id":"https:\/\/portalfadesp.org.br\/?p=47699#breadcrumb","itemListElement":[{"@type":"ListItem","position":1,"name":"In\u00edcio","item":"https:\/\/portalfadesp.org.br\/"},{"@type":"ListItem","position":2,"name":"Evento sobre inova\u00e7\u00e3o sustent\u00e1vel destaca o Sa\u00fade Bel\u00e9m Digital"}]},{"@type":"WebSite","@id":"https:\/\/portalfadesp.org.br\/#website","url":"https:\/\/portalfadesp.org.br\/","name":"FADESP","description":"Funda\u00e7\u00e3o de Amparo e Desenvolvimento da Pesquisa","publisher":{"@id":"https:\/\/portalfadesp.org.br\/#organization"},"potentialAction":[{"@type":"SearchAction","target":{"@type":"EntryPoint","urlTemplate":"https:\/\/portalfadesp.org.br\/?s={search_term_string}"},"query-input":{"@type":"PropertyValueSpecification","valueRequired":true,"valueName":"search_term_string"}}],"inLanguage":"pt-BR"},{"@type":"Organization","@id":"https:\/\/portalfadesp.org.br\/#organization","name":"FADESP","url":"https:\/\/portalfadesp.org.br\/","logo":{"@type":"ImageObject","inLanguage":"pt-BR","@id":"https:\/\/portalfadesp.org.br\/#\/schema\/logo\/image\/","url":"https:\/\/portalfadesp.org.br\/wp-content\/uploads\/2024\/01\/NOVOLOGOFADESPlaranjaH.png","contentUrl":"https:\/\/portalfadesp.org.br\/wp-content\/uploads\/2024\/01\/NOVOLOGOFADESPlaranjaH.png","width":2742,"height":839,"caption":"FADESP"},"image":{"@id":"https:\/\/portalfadesp.org.br\/#\/schema\/logo\/image\/"},"sameAs":["https:\/\/www.facebook.com\/Fadesp-138351949524662\/","https:\/\/x.com\/Fadesp","https:\/\/www.instagram.com\/fadesp_ufpa\/","https:\/\/www.youtube.com\/@fundacaodeamparoedesenvolv1903","https:\/\/www.threads.net\/@fadesp_ufpa"]},{"@type":"Person","@id":"https:\/\/portalfadesp.org.br\/#\/schema\/person\/31709c4c8ec92d6bbdd2c1da60cf8d66","name":"Brena Marques","image":{"@type":"ImageObject","inLanguage":"pt-BR","@id":"https:\/\/portalfadesp.org.br\/#\/schema\/person\/image\/","url":"https:\/\/secure.gravatar.com\/avatar\/d8709cd0de324fbec018b6878350216726d26c3436f44ebee8f3db75e29728f3?s=96&d=mm&r=g","contentUrl":"https:\/\/secure.gravatar.com\/avatar\/d8709cd0de324fbec018b6878350216726d26c3436f44ebee8f3db75e29728f3?s=96&d=mm&r=g","caption":"Brena Marques"},"url":"https:\/\/portalfadesp.org.br\/?author=12"}]}},"_links":{"self":[{"href":"https:\/\/portalfadesp.org.br\/index.php?rest_route=\/wp\/v2\/posts\/47699","targetHints":{"allow":["GET"]}}],"collection":[{"href":"https:\/\/portalfadesp.org.br\/index.php?rest_route=\/wp\/v2\/posts"}],"about":[{"href":"https:\/\/portalfadesp.org.br\/index.php?rest_route=\/wp\/v2\/types\/post"}],"author":[{"embeddable":true,"href":"https:\/\/portalfadesp.org.br\/index.php?rest_route=\/wp\/v2\/users\/12"}],"replies":[{"embeddable":true,"href":"https:\/\/portalfadesp.org.br\/index.php?rest_route=%2Fwp%2Fv2%2Fcomments&post=47699"}],"version-history":[{"count":1,"href":"https:\/\/portalfadesp.org.br\/index.php?rest_route=\/wp\/v2\/posts\/47699\/revisions"}],"predecessor-version":[{"id":47700,"href":"https:\/\/portalfadesp.org.br\/index.php?rest_route=\/wp\/v2\/posts\/47699\/revisions\/47700"}],"wp:featuredmedia":[{"embeddable":true,"href":"https:\/\/portalfadesp.org.br\/index.php?rest_route=\/wp\/v2\/media\/47701"}],"wp:attachment":[{"href":"https:\/\/portalfadesp.org.br\/index.php?rest_route=%2Fwp%2Fv2%2Fmedia&parent=47699"}],"wp:term":[{"taxonomy":"category","embeddable":true,"href":"https:\/\/portalfadesp.org.br\/index.php?rest_route=%2Fwp%2Fv2%2Fcategories&post=47699"},{"taxonomy":"post_tag","embeddable":true,"href":"https:\/\/portalfadesp.org.br\/index.php?rest_route=%2Fwp%2Fv2%2Ftags&post=47699"}],"curies":[{"name":"wp","href":"https:\/\/api.w.org\/{rel}","templated":true}]}}