{"id":47640,"date":"2024-11-22T11:10:12","date_gmt":"2024-11-22T14:10:12","guid":{"rendered":"https:\/\/portalfadesp.org.br\/?p=47640"},"modified":"2024-11-22T13:42:13","modified_gmt":"2024-11-22T16:42:13","slug":"nova-edicao-revista-fadesp-entrevista-o-macharia-kamau-embaixador-do-quenia-e-idealizador-da-agenda-2030","status":"publish","type":"post","link":"https:\/\/portalfadesp.org.br\/?p=47640","title":{"rendered":"Nova edi\u00e7\u00e3o: Revista FADESP entrevista o Macharia Kamau, embaixador do Qu\u00eania e idealizador da Agenda 2030."},"content":{"rendered":"\n<p><strong>FADESP al\u00e7ou voo!<\/strong><\/p>\n\n\n\n<p>A edi\u00e7\u00e3o #15 traz uma novidade especial: agora a Revista FADESP \u00e9 bil\u00edngue, em portugu\u00eas e ingl\u00eas, possibilitando que cada vez mais pessoas conhe\u00e7am a pesquisa cient\u00edfica realizada na Amaz\u00f4nia.<\/p>\n\n\n\n<div style=\"height:20px\" aria-hidden=\"true\" class=\"wp-block-spacer\"><\/div>\n\n\n\n<p>Esta edi\u00e7\u00e3o traz, com muito orgulho, uma entrevista exclusiva com o Embaixador Macharia Kamau, idealizador da Agenda 2030. Ele compartilha suas perspectivas sobre os 17 ODS, os impactos da pandemia, a desigualdade e os desafios globais.<\/p>\n\n\n\n<div style=\"height:20px\" aria-hidden=\"true\" class=\"wp-block-spacer\"><\/div>\n\n\n\n<p>Al\u00e9m disso, voc\u00ea ir\u00e1 conhecer iniciativas como o Inove+, ag\u00eancia de inova\u00e7\u00e3o tecnol\u00f3gica da Universidade Federal do Par\u00e1 (UFPA), que promove o empreendedorismo jovem na Amaz\u00f4nia, e o projeto de Gest\u00e3o de Res\u00edduos e Bioeconomia em Bel\u00e9m, uma parceria da FADESP com a Prefeitura de Bel\u00e9m, a UFPA e Itaipu Binacional, com o objetivo de preparar a cidade para a COP 30 em 2025. A revista tamb\u00e9m destaca a posse do novo reitor da UFPA, Professor Dr. Gilmar Pereira da Silva, e um artigo da Professora Dra. Ataide Malcher sobre a infodemia, um grande desafio para a ci\u00eancia.<\/p>\n\n\n\n<div style=\"height:20px\" aria-hidden=\"true\" class=\"wp-block-spacer\"><\/div>\n\n\n\n<p><strong><em>N\u00e3o perca! Garanta seu exemplar ou leia on-line. <a href=\"https:\/\/www.flipsnack.com\/9967FEAA9F7\/rf-15-digital\/full-view.html\">Clique aqui.<\/a><\/em><\/strong><\/p>\n","protected":false},"excerpt":{"rendered":"<p>FADESP al\u00e7ou voo! A edi\u00e7\u00e3o #15 traz uma novidade especial: agora a Revista FADESP \u00e9 bil\u00edngue, em portugu\u00eas e ingl\u00eas, possibilitando que cada vez mais pessoas conhe\u00e7am a pesquisa cient\u00edfica realizada na Amaz\u00f4nia. Esta edi\u00e7\u00e3o traz, com muito orgulho, uma entrevista exclusiva com o Embaixador Macharia Kamau, idealizador da Agenda 2030. Ele compartilha suas perspectivas [&hellip;]<\/p>\n","protected":false},"author":12,"featured_media":47641,"comment_status":"closed","ping_status":"closed","sticky":false,"template":"","format":"standard","meta":{"_monsterinsights_skip_tracking":false,"_monsterinsights_sitenote_active":false,"_monsterinsights_sitenote_note":"","_monsterinsights_sitenote_category":0,"footnotes":""},"categories":[60,196],"tags":[],"class_list":["post-47640","post","type-post","status-publish","format-standard","has-post-thumbnail","hentry","category-destaque","category-revista-fadesp","entry","has-media"],"yoast_head":"<!-- This site is optimized with the Yoast SEO plugin v25.1 - https:\/\/yoast.com\/wordpress\/plugins\/seo\/ -->\n<title>Nova edi\u00e7\u00e3o: Revista FADESP entrevista o Macharia Kamau, embaixador do Qu\u00eania e idealizador da Agenda 2030. - FADESP<\/title>\n<meta name=\"robots\" content=\"index, follow, max-snippet:-1, max-image-preview:large, max-video-preview:-1\" \/>\n<link rel=\"canonical\" href=\"https:\/\/portalfadesp.org.br\/?p=47640\" \/>\n<meta property=\"og:locale\" content=\"pt_BR\" \/>\n<meta property=\"og:type\" content=\"article\" \/>\n<meta property=\"og:title\" content=\"Nova edi\u00e7\u00e3o: Revista FADESP entrevista o Macharia Kamau, embaixador do Qu\u00eania e idealizador da Agenda 2030. - FADESP\" \/>\n<meta property=\"og:description\" content=\"FADESP al\u00e7ou voo! A edi\u00e7\u00e3o #15 traz uma novidade especial: agora a Revista FADESP \u00e9 bil\u00edngue, em portugu\u00eas e ingl\u00eas, possibilitando que cada vez mais pessoas conhe\u00e7am a pesquisa cient\u00edfica realizada na Amaz\u00f4nia. Esta edi\u00e7\u00e3o traz, com muito orgulho, uma entrevista exclusiva com o Embaixador Macharia Kamau, idealizador da Agenda 2030. Ele compartilha suas perspectivas [&hellip;]\" \/>\n<meta property=\"og:url\" content=\"https:\/\/portalfadesp.org.br\/?p=47640\" \/>\n<meta property=\"og:site_name\" content=\"FADESP\" \/>\n<meta property=\"article:publisher\" content=\"https:\/\/www.facebook.com\/Fadesp-138351949524662\/\" \/>\n<meta property=\"article:published_time\" content=\"2024-11-22T14:10:12+00:00\" \/>\n<meta property=\"article:modified_time\" content=\"2024-11-22T16:42:13+00:00\" \/>\n<meta property=\"og:image\" content=\"https:\/\/portalfadesp.org.br\/wp-content\/uploads\/2024\/11\/WhatsApp-Image-2024-11-22-at-09.53.30.jpeg\" \/>\n\t<meta property=\"og:image:width\" content=\"1600\" \/>\n\t<meta property=\"og:image:height\" content=\"475\" \/>\n\t<meta property=\"og:image:type\" content=\"image\/jpeg\" \/>\n<meta name=\"author\" content=\"Brena Marques\" \/>\n<meta name=\"twitter:card\" content=\"summary_large_image\" \/>\n<meta name=\"twitter:creator\" content=\"@Fadesp\" \/>\n<meta name=\"twitter:site\" content=\"@Fadesp\" \/>\n<meta name=\"twitter:label1\" content=\"Escrito por\" \/>\n\t<meta name=\"twitter:data1\" content=\"Brena Marques\" \/>\n\t<meta name=\"twitter:label2\" content=\"Est. tempo de leitura\" \/>\n\t<meta name=\"twitter:data2\" content=\"2 minutos\" \/>\n<script type=\"application\/ld+json\" class=\"yoast-schema-graph\">{\"@context\":\"https:\/\/schema.org\",\"@graph\":[{\"@type\":\"Article\",\"@id\":\"https:\/\/portalfadesp.org.br\/?p=47640#article\",\"isPartOf\":{\"@id\":\"https:\/\/portalfadesp.org.br\/?p=47640\"},\"author\":{\"name\":\"Brena Marques\",\"@id\":\"https:\/\/portalfadesp.org.br\/#\/schema\/person\/31709c4c8ec92d6bbdd2c1da60cf8d66\"},\"headline\":\"Nova edi\u00e7\u00e3o: Revista FADESP entrevista o Macharia Kamau, embaixador do Qu\u00eania e idealizador da Agenda 2030.\",\"datePublished\":\"2024-11-22T14:10:12+00:00\",\"dateModified\":\"2024-11-22T16:42:13+00:00\",\"mainEntityOfPage\":{\"@id\":\"https:\/\/portalfadesp.org.br\/?p=47640\"},\"wordCount\":209,\"publisher\":{\"@id\":\"https:\/\/portalfadesp.org.br\/#organization\"},\"image\":{\"@id\":\"https:\/\/portalfadesp.org.br\/?p=47640#primaryimage\"},\"thumbnailUrl\":\"https:\/\/portalfadesp.org.br\/wp-content\/uploads\/2024\/11\/WhatsApp-Image-2024-11-22-at-09.53.30.jpeg\",\"articleSection\":[\"Destaque\",\"Revista FADESP\"],\"inLanguage\":\"pt-BR\"},{\"@type\":\"WebPage\",\"@id\":\"https:\/\/portalfadesp.org.br\/?p=47640\",\"url\":\"https:\/\/portalfadesp.org.br\/?p=47640\",\"name\":\"Nova edi\u00e7\u00e3o: Revista FADESP entrevista o Macharia Kamau, embaixador do Qu\u00eania e idealizador da Agenda 2030. - FADESP\",\"isPartOf\":{\"@id\":\"https:\/\/portalfadesp.org.br\/#website\"},\"primaryImageOfPage\":{\"@id\":\"https:\/\/portalfadesp.org.br\/?p=47640#primaryimage\"},\"image\":{\"@id\":\"https:\/\/portalfadesp.org.br\/?p=47640#primaryimage\"},\"thumbnailUrl\":\"https:\/\/portalfadesp.org.br\/wp-content\/uploads\/2024\/11\/WhatsApp-Image-2024-11-22-at-09.53.30.jpeg\",\"datePublished\":\"2024-11-22T14:10:12+00:00\",\"dateModified\":\"2024-11-22T16:42:13+00:00\",\"breadcrumb\":{\"@id\":\"https:\/\/portalfadesp.org.br\/?p=47640#breadcrumb\"},\"inLanguage\":\"pt-BR\",\"potentialAction\":[{\"@type\":\"ReadAction\",\"target\":[\"https:\/\/portalfadesp.org.br\/?p=47640\"]}]},{\"@type\":\"ImageObject\",\"inLanguage\":\"pt-BR\",\"@id\":\"https:\/\/portalfadesp.org.br\/?p=47640#primaryimage\",\"url\":\"https:\/\/portalfadesp.org.br\/wp-content\/uploads\/2024\/11\/WhatsApp-Image-2024-11-22-at-09.53.30.jpeg\",\"contentUrl\":\"https:\/\/portalfadesp.org.br\/wp-content\/uploads\/2024\/11\/WhatsApp-Image-2024-11-22-at-09.53.30.jpeg\",\"width\":1600,\"height\":475},{\"@type\":\"BreadcrumbList\",\"@id\":\"https:\/\/portalfadesp.org.br\/?p=47640#breadcrumb\",\"itemListElement\":[{\"@type\":\"ListItem\",\"position\":1,\"name\":\"In\u00edcio\",\"item\":\"https:\/\/portalfadesp.org.br\/\"},{\"@type\":\"ListItem\",\"position\":2,\"name\":\"Nova edi\u00e7\u00e3o: Revista FADESP entrevista o Macharia Kamau, embaixador do Qu\u00eania e idealizador da Agenda 2030.\"}]},{\"@type\":\"WebSite\",\"@id\":\"https:\/\/portalfadesp.org.br\/#website\",\"url\":\"https:\/\/portalfadesp.org.br\/\",\"name\":\"FADESP\",\"description\":\"Funda\u00e7\u00e3o de Amparo e Desenvolvimento da Pesquisa\",\"publisher\":{\"@id\":\"https:\/\/portalfadesp.org.br\/#organization\"},\"potentialAction\":[{\"@type\":\"SearchAction\",\"target\":{\"@type\":\"EntryPoint\",\"urlTemplate\":\"https:\/\/portalfadesp.org.br\/?s={search_term_string}\"},\"query-input\":{\"@type\":\"PropertyValueSpecification\",\"valueRequired\":true,\"valueName\":\"search_term_string\"}}],\"inLanguage\":\"pt-BR\"},{\"@type\":\"Organization\",\"@id\":\"https:\/\/portalfadesp.org.br\/#organization\",\"name\":\"FADESP\",\"url\":\"https:\/\/portalfadesp.org.br\/\",\"logo\":{\"@type\":\"ImageObject\",\"inLanguage\":\"pt-BR\",\"@id\":\"https:\/\/portalfadesp.org.br\/#\/schema\/logo\/image\/\",\"url\":\"https:\/\/portalfadesp.org.br\/wp-content\/uploads\/2024\/01\/NOVOLOGOFADESPlaranjaH.png\",\"contentUrl\":\"https:\/\/portalfadesp.org.br\/wp-content\/uploads\/2024\/01\/NOVOLOGOFADESPlaranjaH.png\",\"width\":2742,\"height\":839,\"caption\":\"FADESP\"},\"image\":{\"@id\":\"https:\/\/portalfadesp.org.br\/#\/schema\/logo\/image\/\"},\"sameAs\":[\"https:\/\/www.facebook.com\/Fadesp-138351949524662\/\",\"https:\/\/x.com\/Fadesp\",\"https:\/\/www.instagram.com\/fadesp_ufpa\/\",\"https:\/\/www.youtube.com\/@fundacaodeamparoedesenvolv1903\",\"https:\/\/www.threads.net\/@fadesp_ufpa\"]},{\"@type\":\"Person\",\"@id\":\"https:\/\/portalfadesp.org.br\/#\/schema\/person\/31709c4c8ec92d6bbdd2c1da60cf8d66\",\"name\":\"Brena Marques\",\"image\":{\"@type\":\"ImageObject\",\"inLanguage\":\"pt-BR\",\"@id\":\"https:\/\/portalfadesp.org.br\/#\/schema\/person\/image\/\",\"url\":\"https:\/\/secure.gravatar.com\/avatar\/d8709cd0de324fbec018b6878350216726d26c3436f44ebee8f3db75e29728f3?s=96&d=mm&r=g\",\"contentUrl\":\"https:\/\/secure.gravatar.com\/avatar\/d8709cd0de324fbec018b6878350216726d26c3436f44ebee8f3db75e29728f3?s=96&d=mm&r=g\",\"caption\":\"Brena Marques\"},\"url\":\"https:\/\/portalfadesp.org.br\/?author=12\"}]}<\/script>\n<!-- \/ Yoast SEO plugin. -->","yoast_head_json":{"title":"Nova edi\u00e7\u00e3o: Revista FADESP entrevista o Macharia Kamau, embaixador do Qu\u00eania e idealizador da Agenda 2030. - FADESP","robots":{"index":"index","follow":"follow","max-snippet":"max-snippet:-1","max-image-preview":"max-image-preview:large","max-video-preview":"max-video-preview:-1"},"canonical":"https:\/\/portalfadesp.org.br\/?p=47640","og_locale":"pt_BR","og_type":"article","og_title":"Nova edi\u00e7\u00e3o: Revista FADESP entrevista o Macharia Kamau, embaixador do Qu\u00eania e idealizador da Agenda 2030. - FADESP","og_description":"FADESP al\u00e7ou voo! A edi\u00e7\u00e3o #15 traz uma novidade especial: agora a Revista FADESP \u00e9 bil\u00edngue, em portugu\u00eas e ingl\u00eas, possibilitando que cada vez mais pessoas conhe\u00e7am a pesquisa cient\u00edfica realizada na Amaz\u00f4nia. Esta edi\u00e7\u00e3o traz, com muito orgulho, uma entrevista exclusiva com o Embaixador Macharia Kamau, idealizador da Agenda 2030. Ele compartilha suas perspectivas [&hellip;]","og_url":"https:\/\/portalfadesp.org.br\/?p=47640","og_site_name":"FADESP","article_publisher":"https:\/\/www.facebook.com\/Fadesp-138351949524662\/","article_published_time":"2024-11-22T14:10:12+00:00","article_modified_time":"2024-11-22T16:42:13+00:00","og_image":[{"width":1600,"height":475,"url":"https:\/\/portalfadesp.org.br\/wp-content\/uploads\/2024\/11\/WhatsApp-Image-2024-11-22-at-09.53.30.jpeg","type":"image\/jpeg"}],"author":"Brena Marques","twitter_card":"summary_large_image","twitter_creator":"@Fadesp","twitter_site":"@Fadesp","twitter_misc":{"Escrito por":"Brena Marques","Est. tempo de leitura":"2 minutos"},"schema":{"@context":"https:\/\/schema.org","@graph":[{"@type":"Article","@id":"https:\/\/portalfadesp.org.br\/?p=47640#article","isPartOf":{"@id":"https:\/\/portalfadesp.org.br\/?p=47640"},"author":{"name":"Brena Marques","@id":"https:\/\/portalfadesp.org.br\/#\/schema\/person\/31709c4c8ec92d6bbdd2c1da60cf8d66"},"headline":"Nova edi\u00e7\u00e3o: Revista FADESP entrevista o Macharia Kamau, embaixador do Qu\u00eania e idealizador da Agenda 2030.","datePublished":"2024-11-22T14:10:12+00:00","dateModified":"2024-11-22T16:42:13+00:00","mainEntityOfPage":{"@id":"https:\/\/portalfadesp.org.br\/?p=47640"},"wordCount":209,"publisher":{"@id":"https:\/\/portalfadesp.org.br\/#organization"},"image":{"@id":"https:\/\/portalfadesp.org.br\/?p=47640#primaryimage"},"thumbnailUrl":"https:\/\/portalfadesp.org.br\/wp-content\/uploads\/2024\/11\/WhatsApp-Image-2024-11-22-at-09.53.30.jpeg","articleSection":["Destaque","Revista FADESP"],"inLanguage":"pt-BR"},{"@type":"WebPage","@id":"https:\/\/portalfadesp.org.br\/?p=47640","url":"https:\/\/portalfadesp.org.br\/?p=47640","name":"Nova edi\u00e7\u00e3o: Revista FADESP entrevista o Macharia Kamau, embaixador do Qu\u00eania e idealizador da Agenda 2030. - FADESP","isPartOf":{"@id":"https:\/\/portalfadesp.org.br\/#website"},"primaryImageOfPage":{"@id":"https:\/\/portalfadesp.org.br\/?p=47640#primaryimage"},"image":{"@id":"https:\/\/portalfadesp.org.br\/?p=47640#primaryimage"},"thumbnailUrl":"https:\/\/portalfadesp.org.br\/wp-content\/uploads\/2024\/11\/WhatsApp-Image-2024-11-22-at-09.53.30.jpeg","datePublished":"2024-11-22T14:10:12+00:00","dateModified":"2024-11-22T16:42:13+00:00","breadcrumb":{"@id":"https:\/\/portalfadesp.org.br\/?p=47640#breadcrumb"},"inLanguage":"pt-BR","potentialAction":[{"@type":"ReadAction","target":["https:\/\/portalfadesp.org.br\/?p=47640"]}]},{"@type":"ImageObject","inLanguage":"pt-BR","@id":"https:\/\/portalfadesp.org.br\/?p=47640#primaryimage","url":"https:\/\/portalfadesp.org.br\/wp-content\/uploads\/2024\/11\/WhatsApp-Image-2024-11-22-at-09.53.30.jpeg","contentUrl":"https:\/\/portalfadesp.org.br\/wp-content\/uploads\/2024\/11\/WhatsApp-Image-2024-11-22-at-09.53.30.jpeg","width":1600,"height":475},{"@type":"BreadcrumbList","@id":"https:\/\/portalfadesp.org.br\/?p=47640#breadcrumb","itemListElement":[{"@type":"ListItem","position":1,"name":"In\u00edcio","item":"https:\/\/portalfadesp.org.br\/"},{"@type":"ListItem","position":2,"name":"Nova edi\u00e7\u00e3o: Revista FADESP entrevista o Macharia Kamau, embaixador do Qu\u00eania e idealizador da Agenda 2030."}]},{"@type":"WebSite","@id":"https:\/\/portalfadesp.org.br\/#website","url":"https:\/\/portalfadesp.org.br\/","name":"FADESP","description":"Funda\u00e7\u00e3o de Amparo e Desenvolvimento da Pesquisa","publisher":{"@id":"https:\/\/portalfadesp.org.br\/#organization"},"potentialAction":[{"@type":"SearchAction","target":{"@type":"EntryPoint","urlTemplate":"https:\/\/portalfadesp.org.br\/?s={search_term_string}"},"query-input":{"@type":"PropertyValueSpecification","valueRequired":true,"valueName":"search_term_string"}}],"inLanguage":"pt-BR"},{"@type":"Organization","@id":"https:\/\/portalfadesp.org.br\/#organization","name":"FADESP","url":"https:\/\/portalfadesp.org.br\/","logo":{"@type":"ImageObject","inLanguage":"pt-BR","@id":"https:\/\/portalfadesp.org.br\/#\/schema\/logo\/image\/","url":"https:\/\/portalfadesp.org.br\/wp-content\/uploads\/2024\/01\/NOVOLOGOFADESPlaranjaH.png","contentUrl":"https:\/\/portalfadesp.org.br\/wp-content\/uploads\/2024\/01\/NOVOLOGOFADESPlaranjaH.png","width":2742,"height":839,"caption":"FADESP"},"image":{"@id":"https:\/\/portalfadesp.org.br\/#\/schema\/logo\/image\/"},"sameAs":["https:\/\/www.facebook.com\/Fadesp-138351949524662\/","https:\/\/x.com\/Fadesp","https:\/\/www.instagram.com\/fadesp_ufpa\/","https:\/\/www.youtube.com\/@fundacaodeamparoedesenvolv1903","https:\/\/www.threads.net\/@fadesp_ufpa"]},{"@type":"Person","@id":"https:\/\/portalfadesp.org.br\/#\/schema\/person\/31709c4c8ec92d6bbdd2c1da60cf8d66","name":"Brena Marques","image":{"@type":"ImageObject","inLanguage":"pt-BR","@id":"https:\/\/portalfadesp.org.br\/#\/schema\/person\/image\/","url":"https:\/\/secure.gravatar.com\/avatar\/d8709cd0de324fbec018b6878350216726d26c3436f44ebee8f3db75e29728f3?s=96&d=mm&r=g","contentUrl":"https:\/\/secure.gravatar.com\/avatar\/d8709cd0de324fbec018b6878350216726d26c3436f44ebee8f3db75e29728f3?s=96&d=mm&r=g","caption":"Brena Marques"},"url":"https:\/\/portalfadesp.org.br\/?author=12"}]}},"_links":{"self":[{"href":"https:\/\/portalfadesp.org.br\/index.php?rest_route=\/wp\/v2\/posts\/47640","targetHints":{"allow":["GET"]}}],"collection":[{"href":"https:\/\/portalfadesp.org.br\/index.php?rest_route=\/wp\/v2\/posts"}],"about":[{"href":"https:\/\/portalfadesp.org.br\/index.php?rest_route=\/wp\/v2\/types\/post"}],"author":[{"embeddable":true,"href":"https:\/\/portalfadesp.org.br\/index.php?rest_route=\/wp\/v2\/users\/12"}],"replies":[{"embeddable":true,"href":"https:\/\/portalfadesp.org.br\/index.php?rest_route=%2Fwp%2Fv2%2Fcomments&post=47640"}],"version-history":[{"count":1,"href":"https:\/\/portalfadesp.org.br\/index.php?rest_route=\/wp\/v2\/posts\/47640\/revisions"}],"predecessor-version":[{"id":47643,"href":"https:\/\/portalfadesp.org.br\/index.php?rest_route=\/wp\/v2\/posts\/47640\/revisions\/47643"}],"wp:featuredmedia":[{"embeddable":true,"href":"https:\/\/portalfadesp.org.br\/index.php?rest_route=\/wp\/v2\/media\/47641"}],"wp:attachment":[{"href":"https:\/\/portalfadesp.org.br\/index.php?rest_route=%2Fwp%2Fv2%2Fmedia&parent=47640"}],"wp:term":[{"taxonomy":"category","embeddable":true,"href":"https:\/\/portalfadesp.org.br\/index.php?rest_route=%2Fwp%2Fv2%2Fcategories&post=47640"},{"taxonomy":"post_tag","embeddable":true,"href":"https:\/\/portalfadesp.org.br\/index.php?rest_route=%2Fwp%2Fv2%2Ftags&post=47640"}],"curies":[{"name":"wp","href":"https:\/\/api.w.org\/{rel}","templated":true}]}}