{"id":47613,"date":"2024-11-22T09:51:19","date_gmt":"2024-11-22T12:51:19","guid":{"rendered":"https:\/\/portalfadesp.org.br\/?p=47613"},"modified":"2024-11-22T10:47:44","modified_gmt":"2024-11-22T13:47:44","slug":"fadesp-celebra-47-anos-com-trajetoria-marcada-por-inovacao-acessibilidade-e-compromisso-com-o-futuro","status":"publish","type":"post","link":"https:\/\/portalfadesp.org.br\/?p=47613","title":{"rendered":"FADESP celebra 47 anos com trajet\u00f3ria marcada por inova\u00e7\u00e3o, acessibilidade e compromisso com o futuro"},"content":{"rendered":"\n<p>Na \u00faltima ter\u00e7a-feira, 19, a Funda\u00e7\u00e3o de Amparo e Desenvolvimento da Pesquisa (FADESP) celebrou 47 anos de atua\u00e7\u00e3o com uma programa\u00e7\u00e3o especial que refor\u00e7ou sua contribui\u00e7\u00e3o hist\u00f3rica para a ci\u00eancia, educa\u00e7\u00e3o e desenvolvimento para a regi\u00e3o amaz\u00f4nica. O evento, realizado na sede da funda\u00e7\u00e3o, na Universidade Federal do Par\u00e1 (UFPA), contou com a presen\u00e7a do reitor Gilmar Pereira da Silva e pr\u00f3-reitores, al\u00e9m de parceiros que fazem parte dessa jornada.<\/p>\n\n\n\n<figure class=\"wp-block-image size-large\"><img fetchpriority=\"high\" decoding=\"async\" width=\"1024\" height=\"576\" src=\"https:\/\/portalfadesp.org.br\/wp-content\/uploads\/2024\/11\/C010301-1-1024x576.jpg\" alt=\"\" class=\"wp-image-47614\" srcset=\"https:\/\/portalfadesp.org.br\/wp-content\/uploads\/2024\/11\/C010301-1-1024x576.jpg 1024w, https:\/\/portalfadesp.org.br\/wp-content\/uploads\/2024\/11\/C010301-1-300x169.jpg 300w, https:\/\/portalfadesp.org.br\/wp-content\/uploads\/2024\/11\/C010301-1-768x432.jpg 768w, https:\/\/portalfadesp.org.br\/wp-content\/uploads\/2024\/11\/C010301-1-1536x864.jpg 1536w, https:\/\/portalfadesp.org.br\/wp-content\/uploads\/2024\/11\/C010301-1-2048x1152.jpg 2048w, https:\/\/portalfadesp.org.br\/wp-content\/uploads\/2024\/11\/C010301-1-800x450.jpg 800w\" sizes=\"(max-width: 1024px) 100vw, 1024px\" \/><figcaption class=\"wp-element-caption\">Descerramento da placa pelos 47 anos da FADESP, com o diretor executivo Roberto Ferraz Barreto e o reitor da UFPA, Gilmar Pereira.<\/figcaption><\/figure>\n\n\n\n<div style=\"height:33px\" aria-hidden=\"true\" class=\"wp-block-spacer\"><\/div>\n\n\n\n<p><strong>Inova\u00e7\u00e3o e acessibilidade como marcos do anivers\u00e1rio &#8211;&nbsp;<\/strong>Dentre os destaques da celebra\u00e7\u00e3o, a inaugura\u00e7\u00e3o dos dispositivos de acessibilidade no pr\u00e9dio-sede, incluindo um elevador e banheiros adaptados para pessoas com defici\u00eancia (PCD) ou com mobilidade reduzida. A entrega oficial desses espa\u00e7os teve o descerramento de uma placa comemorativa. O diretor executivo da FADESP, Roberto Ferraz Barreto, destacou a import\u00e2ncia dessa iniciativa para fortalecer a inclus\u00e3o ao afirmar que o \u201c<em>momento reflete o compromisso da institui\u00e7\u00e3o com o futuro, sempre buscando construir uma FADESP din\u00e2mica e acess\u00edvel para todos<\/em>\u201d.<\/p>\n\n\n\n<figure class=\"wp-block-image size-large\"><img decoding=\"async\" width=\"1024\" height=\"576\" src=\"https:\/\/portalfadesp.org.br\/wp-content\/uploads\/2024\/11\/C010245-1024x576.jpg\" alt=\"\" class=\"wp-image-47615\" srcset=\"https:\/\/portalfadesp.org.br\/wp-content\/uploads\/2024\/11\/C010245-1024x576.jpg 1024w, https:\/\/portalfadesp.org.br\/wp-content\/uploads\/2024\/11\/C010245-300x169.jpg 300w, https:\/\/portalfadesp.org.br\/wp-content\/uploads\/2024\/11\/C010245-768x432.jpg 768w, https:\/\/portalfadesp.org.br\/wp-content\/uploads\/2024\/11\/C010245-1536x864.jpg 1536w, https:\/\/portalfadesp.org.br\/wp-content\/uploads\/2024\/11\/C010245-2048x1152.jpg 2048w, https:\/\/portalfadesp.org.br\/wp-content\/uploads\/2024\/11\/C010245-800x450.jpg 800w\" sizes=\"(max-width: 1024px) 100vw, 1024px\" \/><figcaption class=\"wp-element-caption\">Diretor executivo da FADESP, Roberto Ferraz Barreto<\/figcaption><\/figure>\n\n\n\n<div style=\"height:33px\" aria-hidden=\"true\" class=\"wp-block-spacer\"><\/div>\n\n\n\n<p><strong>Lan\u00e7amentos comemorativos<\/strong>&nbsp;&#8211; A celebra\u00e7\u00e3o marcou tamb\u00e9m o lan\u00e7amento da nova edi\u00e7\u00e3o da revista FADESP, agora bil\u00edngue (portugu\u00eas \u2013 ingl\u00eas), uma estrat\u00e9gia para ampliar a visibilidade das a\u00e7\u00f5es da funda\u00e7\u00e3o. A publica\u00e7\u00e3o traz na capa Macharia Kamau, idealizador dos Objetivos de Desenvolvimento Sustent\u00e1vel da ONU, e destaca temas como sustentabilidade, ci\u00eancia e cultura amaz\u00f4nica.<\/p>\n\n\n\n<div style=\"height:33px\" aria-hidden=\"true\" class=\"wp-block-spacer\"><\/div>\n\n\n\n<p>O evento foi cen\u00e1rio tamb\u00e9m para o an\u00fancio do selo comemorativo de 47 anos e das a\u00e7\u00f5es que a FADESP e a UFPA planejam para a COP30, com iniciativas voltadas \u00e0 divulga\u00e7\u00e3o em ingl\u00eas e em l\u00ednguas ind\u00edgenas.<\/p>\n\n\n\n<div style=\"height:33px\" aria-hidden=\"true\" class=\"wp-block-spacer\"><\/div>\n\n\n\n<p class=\"has-text-align-left\"><strong>Agenda e calend\u00e1rio FADESP 2025<\/strong> &#8211; Na ocasi\u00e3o foram apresentados a nova agenda e calend\u00e1rio FADESP 2025, que trazem nas capas uma obra do artista And Santtos. Em forte conex\u00e3o com a cultura amaz\u00f4nica, a estampa dos materiais, trazem \u00e0 tona a biodiversidade e a riqueza cultural da regi\u00e3o. A arte de Santtos ilustra a fauna local com a presen\u00e7a de animais ic\u00f4nicos, como a arara, o guar\u00e1 e a gar\u00e7a, al\u00e9m de representar o vaso marajoara, um s\u00edmbolo da cultura amaz\u00f4nica. O uso do verde vibrante, que evoca a exuber\u00e2ncia da Amaz\u00f4nia, e o cuidado com os elementos naturais transmitem uma mensagem de preserva\u00e7\u00e3o ambiental, que \u00e9 um tema constante nas obras do artista.<\/p>\n\n\n\n<p><\/p>\n\n\n\n<div style=\"height:33px\" aria-hidden=\"true\" class=\"wp-block-spacer\"><\/div>\n\n\n\n<p><strong>Reconhecimento e impacto regional&nbsp;<\/strong>&#8211; Ao longo de quase cinco d\u00e9cadas, a FADESP se firmou como a principal funda\u00e7\u00e3o de apoio da Amaz\u00f4nia, estabelecendo parcerias com 10 institui\u00e7\u00f5es de ensino e pesquisa. Seus esfor\u00e7os foram decisivos para a expans\u00e3o do ensino superior p\u00fablico no interior do Par\u00e1, contribuindo com os 12 campi da UFPA, al\u00e9m de apoiar mais 9 institui\u00e7\u00f5es p\u00fablicas de ensino e pesquisa do estado.<\/p>\n\n\n\n<div style=\"height:33px\" aria-hidden=\"true\" class=\"wp-block-spacer\"><\/div>\n\n\n\n<p>O reitor da UFPA, Gilmar Pereira, parabenizou a funda\u00e7\u00e3o por seu papel estrat\u00e9gico no fortalecimento da universidade e do Par\u00e1. \u201cNos \u00faltimos oito anos, a FADESP tem se destacado como instrumento essencial para o desenvolvimento universit\u00e1rio, demonstrando capacidade exemplar de trabalho e articula\u00e7\u00e3o sob a lideran\u00e7a do professor Doutor Roberto Ferraz Barreto, que a tornou mais sustent\u00e1vel e superavit\u00e1ria\u201d.<\/p>\n\n\n\n<div style=\"height:34px\" aria-hidden=\"true\" class=\"wp-block-spacer\"><\/div>\n\n\n\n<p>Colaboradores como Elziane Pacheco, analista de projetos h\u00e1 15 anos, tamb\u00e9m refor\u00e7aram a relev\u00e2ncia da funda\u00e7\u00e3o para transformar realidades. \u201cParticipar desses 47 anos da FADESP \u00e9 uma honra. Estamos trabalhando em projetos que ter\u00e3o impactos importantes, como os voltados para a COP30\u201d, disse.<\/p>\n\n\n\n<div style=\"height:33px\" aria-hidden=\"true\" class=\"wp-block-spacer\"><\/div>\n\n\n\n<p>A celebra\u00e7\u00e3o encerrou-se com um brunch para os convidados, em um momento de integra\u00e7\u00e3o e refor\u00e7o do compromisso da funda\u00e7\u00e3o com o futuro, a inclus\u00e3o e a sustentabilidade.<\/p>\n\n\n\n<figure class=\"wp-block-gallery has-nested-images columns-default is-cropped wp-block-gallery-1 is-layout-flex wp-block-gallery-is-layout-flex\">\n<figure class=\"wp-block-image size-large\"><img decoding=\"async\" width=\"1024\" height=\"576\" data-id=\"47618\" src=\"https:\/\/portalfadesp.org.br\/wp-content\/uploads\/2024\/11\/C010365-1024x576.jpg\" alt=\"\" class=\"wp-image-47618\" srcset=\"https:\/\/portalfadesp.org.br\/wp-content\/uploads\/2024\/11\/C010365-1024x576.jpg 1024w, https:\/\/portalfadesp.org.br\/wp-content\/uploads\/2024\/11\/C010365-300x169.jpg 300w, https:\/\/portalfadesp.org.br\/wp-content\/uploads\/2024\/11\/C010365-768x432.jpg 768w, https:\/\/portalfadesp.org.br\/wp-content\/uploads\/2024\/11\/C010365-1536x864.jpg 1536w, https:\/\/portalfadesp.org.br\/wp-content\/uploads\/2024\/11\/C010365-2048x1152.jpg 2048w, https:\/\/portalfadesp.org.br\/wp-content\/uploads\/2024\/11\/C010365-800x450.jpg 800w\" sizes=\"(max-width: 1024px) 100vw, 1024px\" \/><\/figure>\n\n\n\n<figure class=\"wp-block-image size-large\"><img loading=\"lazy\" decoding=\"async\" width=\"1024\" height=\"576\" data-id=\"47628\" src=\"https:\/\/portalfadesp.org.br\/wp-content\/uploads\/2024\/11\/C010318-1024x576.jpg\" alt=\"\" class=\"wp-image-47628\" srcset=\"https:\/\/portalfadesp.org.br\/wp-content\/uploads\/2024\/11\/C010318-1024x576.jpg 1024w, https:\/\/portalfadesp.org.br\/wp-content\/uploads\/2024\/11\/C010318-300x169.jpg 300w, https:\/\/portalfadesp.org.br\/wp-content\/uploads\/2024\/11\/C010318-768x432.jpg 768w, https:\/\/portalfadesp.org.br\/wp-content\/uploads\/2024\/11\/C010318-1536x864.jpg 1536w, https:\/\/portalfadesp.org.br\/wp-content\/uploads\/2024\/11\/C010318-2048x1152.jpg 2048w, https:\/\/portalfadesp.org.br\/wp-content\/uploads\/2024\/11\/C010318-800x450.jpg 800w\" sizes=\"(max-width: 1024px) 100vw, 1024px\" \/><\/figure>\n\n\n\n<figure class=\"wp-block-image size-large\"><img loading=\"lazy\" decoding=\"async\" width=\"1024\" height=\"576\" data-id=\"47624\" src=\"https:\/\/portalfadesp.org.br\/wp-content\/uploads\/2024\/11\/C010217-1024x576.jpg\" alt=\"\" class=\"wp-image-47624\" srcset=\"https:\/\/portalfadesp.org.br\/wp-content\/uploads\/2024\/11\/C010217-1024x576.jpg 1024w, https:\/\/portalfadesp.org.br\/wp-content\/uploads\/2024\/11\/C010217-300x169.jpg 300w, https:\/\/portalfadesp.org.br\/wp-content\/uploads\/2024\/11\/C010217-768x432.jpg 768w, https:\/\/portalfadesp.org.br\/wp-content\/uploads\/2024\/11\/C010217-1536x864.jpg 1536w, https:\/\/portalfadesp.org.br\/wp-content\/uploads\/2024\/11\/C010217-2048x1152.jpg 2048w, https:\/\/portalfadesp.org.br\/wp-content\/uploads\/2024\/11\/C010217-800x450.jpg 800w\" sizes=\"(max-width: 1024px) 100vw, 1024px\" \/><\/figure>\n\n\n\n<figure class=\"wp-block-image size-large\"><img loading=\"lazy\" decoding=\"async\" width=\"1024\" height=\"576\" data-id=\"47626\" src=\"https:\/\/portalfadesp.org.br\/wp-content\/uploads\/2024\/11\/C010105-1024x576.jpg\" alt=\"\" class=\"wp-image-47626\" srcset=\"https:\/\/portalfadesp.org.br\/wp-content\/uploads\/2024\/11\/C010105-1024x576.jpg 1024w, https:\/\/portalfadesp.org.br\/wp-content\/uploads\/2024\/11\/C010105-300x169.jpg 300w, https:\/\/portalfadesp.org.br\/wp-content\/uploads\/2024\/11\/C010105-768x432.jpg 768w, https:\/\/portalfadesp.org.br\/wp-content\/uploads\/2024\/11\/C010105-1536x864.jpg 1536w, https:\/\/portalfadesp.org.br\/wp-content\/uploads\/2024\/11\/C010105-2048x1152.jpg 2048w, https:\/\/portalfadesp.org.br\/wp-content\/uploads\/2024\/11\/C010105-800x450.jpg 800w\" sizes=\"(max-width: 1024px) 100vw, 1024px\" \/><\/figure>\n\n\n\n<figure class=\"wp-block-image size-large\"><img loading=\"lazy\" decoding=\"async\" width=\"1024\" height=\"576\" data-id=\"47627\" src=\"https:\/\/portalfadesp.org.br\/wp-content\/uploads\/2024\/11\/C010230-1024x576.jpg\" alt=\"\" class=\"wp-image-47627\" srcset=\"https:\/\/portalfadesp.org.br\/wp-content\/uploads\/2024\/11\/C010230-1024x576.jpg 1024w, https:\/\/portalfadesp.org.br\/wp-content\/uploads\/2024\/11\/C010230-300x169.jpg 300w, https:\/\/portalfadesp.org.br\/wp-content\/uploads\/2024\/11\/C010230-768x432.jpg 768w, https:\/\/portalfadesp.org.br\/wp-content\/uploads\/2024\/11\/C010230-1536x864.jpg 1536w, https:\/\/portalfadesp.org.br\/wp-content\/uploads\/2024\/11\/C010230-2048x1152.jpg 2048w, https:\/\/portalfadesp.org.br\/wp-content\/uploads\/2024\/11\/C010230-800x450.jpg 800w\" sizes=\"(max-width: 1024px) 100vw, 1024px\" \/><\/figure>\n\n\n\n<figure class=\"wp-block-image size-large\"><img loading=\"lazy\" decoding=\"async\" width=\"1024\" height=\"576\" data-id=\"47621\" src=\"https:\/\/portalfadesp.org.br\/wp-content\/uploads\/2024\/11\/C010245-1-1024x576.jpg\" alt=\"\" class=\"wp-image-47621\" srcset=\"https:\/\/portalfadesp.org.br\/wp-content\/uploads\/2024\/11\/C010245-1-1024x576.jpg 1024w, https:\/\/portalfadesp.org.br\/wp-content\/uploads\/2024\/11\/C010245-1-300x169.jpg 300w, https:\/\/portalfadesp.org.br\/wp-content\/uploads\/2024\/11\/C010245-1-768x432.jpg 768w, https:\/\/portalfadesp.org.br\/wp-content\/uploads\/2024\/11\/C010245-1-1536x864.jpg 1536w, https:\/\/portalfadesp.org.br\/wp-content\/uploads\/2024\/11\/C010245-1-2048x1152.jpg 2048w, https:\/\/portalfadesp.org.br\/wp-content\/uploads\/2024\/11\/C010245-1-800x450.jpg 800w\" sizes=\"(max-width: 1024px) 100vw, 1024px\" \/><\/figure>\n\n\n\n<figure class=\"wp-block-image size-large\"><img loading=\"lazy\" decoding=\"async\" width=\"1024\" height=\"576\" data-id=\"47625\" src=\"https:\/\/portalfadesp.org.br\/wp-content\/uploads\/2024\/11\/C010290-1024x576.jpg\" alt=\"\" class=\"wp-image-47625\" srcset=\"https:\/\/portalfadesp.org.br\/wp-content\/uploads\/2024\/11\/C010290-1024x576.jpg 1024w, https:\/\/portalfadesp.org.br\/wp-content\/uploads\/2024\/11\/C010290-300x169.jpg 300w, https:\/\/portalfadesp.org.br\/wp-content\/uploads\/2024\/11\/C010290-768x432.jpg 768w, https:\/\/portalfadesp.org.br\/wp-content\/uploads\/2024\/11\/C010290-1536x864.jpg 1536w, https:\/\/portalfadesp.org.br\/wp-content\/uploads\/2024\/11\/C010290-2048x1152.jpg 2048w, https:\/\/portalfadesp.org.br\/wp-content\/uploads\/2024\/11\/C010290-800x450.jpg 800w\" sizes=\"(max-width: 1024px) 100vw, 1024px\" \/><\/figure>\n\n\n\n<figure class=\"wp-block-image size-large\"><img loading=\"lazy\" decoding=\"async\" width=\"1024\" height=\"576\" data-id=\"47620\" src=\"https:\/\/portalfadesp.org.br\/wp-content\/uploads\/2024\/11\/C010301-1-1-1024x576.jpg\" alt=\"\" class=\"wp-image-47620\" srcset=\"https:\/\/portalfadesp.org.br\/wp-content\/uploads\/2024\/11\/C010301-1-1-1024x576.jpg 1024w, https:\/\/portalfadesp.org.br\/wp-content\/uploads\/2024\/11\/C010301-1-1-300x169.jpg 300w, https:\/\/portalfadesp.org.br\/wp-content\/uploads\/2024\/11\/C010301-1-1-768x432.jpg 768w, https:\/\/portalfadesp.org.br\/wp-content\/uploads\/2024\/11\/C010301-1-1-1536x864.jpg 1536w, https:\/\/portalfadesp.org.br\/wp-content\/uploads\/2024\/11\/C010301-1-1-2048x1152.jpg 2048w, https:\/\/portalfadesp.org.br\/wp-content\/uploads\/2024\/11\/C010301-1-1-800x450.jpg 800w\" sizes=\"(max-width: 1024px) 100vw, 1024px\" \/><\/figure>\n\n\n\n<figure class=\"wp-block-image size-large\"><img loading=\"lazy\" decoding=\"async\" width=\"1024\" height=\"576\" data-id=\"47619\" src=\"https:\/\/portalfadesp.org.br\/wp-content\/uploads\/2024\/11\/C010301-1024x576.jpg\" alt=\"\" class=\"wp-image-47619\" srcset=\"https:\/\/portalfadesp.org.br\/wp-content\/uploads\/2024\/11\/C010301-1024x576.jpg 1024w, https:\/\/portalfadesp.org.br\/wp-content\/uploads\/2024\/11\/C010301-300x169.jpg 300w, https:\/\/portalfadesp.org.br\/wp-content\/uploads\/2024\/11\/C010301-768x432.jpg 768w, https:\/\/portalfadesp.org.br\/wp-content\/uploads\/2024\/11\/C010301-1536x864.jpg 1536w, https:\/\/portalfadesp.org.br\/wp-content\/uploads\/2024\/11\/C010301-2048x1152.jpg 2048w, https:\/\/portalfadesp.org.br\/wp-content\/uploads\/2024\/11\/C010301-800x450.jpg 800w\" sizes=\"(max-width: 1024px) 100vw, 1024px\" \/><\/figure>\n\n\n\n<figure class=\"wp-block-image size-large\"><img loading=\"lazy\" decoding=\"async\" width=\"1024\" height=\"576\" data-id=\"47623\" src=\"https:\/\/portalfadesp.org.br\/wp-content\/uploads\/2024\/11\/C010253-1024x576.jpg\" alt=\"\" class=\"wp-image-47623\" srcset=\"https:\/\/portalfadesp.org.br\/wp-content\/uploads\/2024\/11\/C010253-1024x576.jpg 1024w, https:\/\/portalfadesp.org.br\/wp-content\/uploads\/2024\/11\/C010253-300x169.jpg 300w, https:\/\/portalfadesp.org.br\/wp-content\/uploads\/2024\/11\/C010253-768x432.jpg 768w, https:\/\/portalfadesp.org.br\/wp-content\/uploads\/2024\/11\/C010253-1536x864.jpg 1536w, https:\/\/portalfadesp.org.br\/wp-content\/uploads\/2024\/11\/C010253-2048x1152.jpg 2048w, https:\/\/portalfadesp.org.br\/wp-content\/uploads\/2024\/11\/C010253-800x450.jpg 800w\" sizes=\"(max-width: 1024px) 100vw, 1024px\" \/><\/figure>\n\n\n\n<figure class=\"wp-block-image size-large\"><img loading=\"lazy\" decoding=\"async\" width=\"1024\" height=\"576\" data-id=\"47622\" src=\"https:\/\/portalfadesp.org.br\/wp-content\/uploads\/2024\/11\/C010392-1024x576.jpg\" alt=\"\" class=\"wp-image-47622\" srcset=\"https:\/\/portalfadesp.org.br\/wp-content\/uploads\/2024\/11\/C010392-1024x576.jpg 1024w, https:\/\/portalfadesp.org.br\/wp-content\/uploads\/2024\/11\/C010392-300x169.jpg 300w, https:\/\/portalfadesp.org.br\/wp-content\/uploads\/2024\/11\/C010392-768x432.jpg 768w, https:\/\/portalfadesp.org.br\/wp-content\/uploads\/2024\/11\/C010392-1536x864.jpg 1536w, https:\/\/portalfadesp.org.br\/wp-content\/uploads\/2024\/11\/C010392-2048x1152.jpg 2048w, https:\/\/portalfadesp.org.br\/wp-content\/uploads\/2024\/11\/C010392-800x450.jpg 800w\" sizes=\"(max-width: 1024px) 100vw, 1024px\" \/><\/figure>\n<\/figure>\n\n\n\n<p><\/p>\n","protected":false},"excerpt":{"rendered":"<p>Na \u00faltima ter\u00e7a-feira, 19, a Funda\u00e7\u00e3o de Amparo e Desenvolvimento da Pesquisa (FADESP) celebrou 47 anos de atua\u00e7\u00e3o com uma programa\u00e7\u00e3o especial que refor\u00e7ou sua contribui\u00e7\u00e3o hist\u00f3rica para a ci\u00eancia, educa\u00e7\u00e3o e desenvolvimento para a regi\u00e3o amaz\u00f4nica. O evento, realizado na sede da funda\u00e7\u00e3o, na Universidade Federal do Par\u00e1 (UFPA), contou com a presen\u00e7a do [&hellip;]<\/p>\n","protected":false},"author":12,"featured_media":47639,"comment_status":"closed","ping_status":"closed","sticky":false,"template":"","format":"standard","meta":{"_monsterinsights_skip_tracking":false,"_monsterinsights_sitenote_active":false,"_monsterinsights_sitenote_note":"","_monsterinsights_sitenote_category":0,"footnotes":""},"categories":[60,1],"tags":[],"class_list":["post-47613","post","type-post","status-publish","format-standard","has-post-thumbnail","hentry","category-destaque","category-geral","entry","has-media"],"yoast_head":"<!-- This site is optimized with the Yoast SEO plugin v25.1 - https:\/\/yoast.com\/wordpress\/plugins\/seo\/ -->\n<title>FADESP celebra 47 anos com trajet\u00f3ria marcada por inova\u00e7\u00e3o, acessibilidade e compromisso com o futuro - FADESP<\/title>\n<meta name=\"robots\" content=\"index, follow, max-snippet:-1, max-image-preview:large, max-video-preview:-1\" \/>\n<link rel=\"canonical\" href=\"https:\/\/portalfadesp.org.br\/?p=47613\" \/>\n<meta property=\"og:locale\" content=\"pt_BR\" \/>\n<meta property=\"og:type\" content=\"article\" \/>\n<meta property=\"og:title\" content=\"FADESP celebra 47 anos com trajet\u00f3ria marcada por inova\u00e7\u00e3o, acessibilidade e compromisso com o futuro - FADESP\" \/>\n<meta property=\"og:description\" content=\"Na \u00faltima ter\u00e7a-feira, 19, a Funda\u00e7\u00e3o de Amparo e Desenvolvimento da Pesquisa (FADESP) celebrou 47 anos de atua\u00e7\u00e3o com uma programa\u00e7\u00e3o especial que refor\u00e7ou sua contribui\u00e7\u00e3o hist\u00f3rica para a ci\u00eancia, educa\u00e7\u00e3o e desenvolvimento para a regi\u00e3o amaz\u00f4nica. O evento, realizado na sede da funda\u00e7\u00e3o, na Universidade Federal do Par\u00e1 (UFPA), contou com a presen\u00e7a do [&hellip;]\" \/>\n<meta property=\"og:url\" content=\"https:\/\/portalfadesp.org.br\/?p=47613\" \/>\n<meta property=\"og:site_name\" content=\"FADESP\" \/>\n<meta property=\"article:publisher\" content=\"https:\/\/www.facebook.com\/Fadesp-138351949524662\/\" \/>\n<meta property=\"article:published_time\" content=\"2024-11-22T12:51:19+00:00\" \/>\n<meta property=\"article:modified_time\" content=\"2024-11-22T13:47:44+00:00\" \/>\n<meta property=\"og:image\" content=\"https:\/\/portalfadesp.org.br\/wp-content\/uploads\/2024\/11\/WhatsApp-Image-2024-11-22-at-09.48.01.jpeg\" \/>\n\t<meta property=\"og:image:width\" content=\"1600\" \/>\n\t<meta property=\"og:image:height\" content=\"475\" \/>\n\t<meta property=\"og:image:type\" content=\"image\/jpeg\" \/>\n<meta name=\"author\" content=\"Brena Marques\" \/>\n<meta name=\"twitter:card\" content=\"summary_large_image\" \/>\n<meta name=\"twitter:creator\" content=\"@Fadesp\" \/>\n<meta name=\"twitter:site\" content=\"@Fadesp\" \/>\n<meta name=\"twitter:label1\" content=\"Escrito por\" \/>\n\t<meta name=\"twitter:data1\" content=\"Brena Marques\" \/>\n\t<meta name=\"twitter:label2\" content=\"Est. tempo de leitura\" \/>\n\t<meta name=\"twitter:data2\" content=\"7 minutos\" \/>\n<script type=\"application\/ld+json\" class=\"yoast-schema-graph\">{\"@context\":\"https:\/\/schema.org\",\"@graph\":[{\"@type\":\"Article\",\"@id\":\"https:\/\/portalfadesp.org.br\/?p=47613#article\",\"isPartOf\":{\"@id\":\"https:\/\/portalfadesp.org.br\/?p=47613\"},\"author\":{\"name\":\"Brena Marques\",\"@id\":\"https:\/\/portalfadesp.org.br\/#\/schema\/person\/31709c4c8ec92d6bbdd2c1da60cf8d66\"},\"headline\":\"FADESP celebra 47 anos com trajet\u00f3ria marcada por inova\u00e7\u00e3o, acessibilidade e compromisso com o futuro\",\"datePublished\":\"2024-11-22T12:51:19+00:00\",\"dateModified\":\"2024-11-22T13:47:44+00:00\",\"mainEntityOfPage\":{\"@id\":\"https:\/\/portalfadesp.org.br\/?p=47613\"},\"wordCount\":686,\"publisher\":{\"@id\":\"https:\/\/portalfadesp.org.br\/#organization\"},\"image\":{\"@id\":\"https:\/\/portalfadesp.org.br\/?p=47613#primaryimage\"},\"thumbnailUrl\":\"https:\/\/portalfadesp.org.br\/wp-content\/uploads\/2024\/11\/WhatsApp-Image-2024-11-22-at-09.48.01.jpeg\",\"articleSection\":[\"Destaque\",\"Geral\"],\"inLanguage\":\"pt-BR\"},{\"@type\":\"WebPage\",\"@id\":\"https:\/\/portalfadesp.org.br\/?p=47613\",\"url\":\"https:\/\/portalfadesp.org.br\/?p=47613\",\"name\":\"FADESP celebra 47 anos com trajet\u00f3ria marcada por inova\u00e7\u00e3o, acessibilidade e compromisso com o futuro - FADESP\",\"isPartOf\":{\"@id\":\"https:\/\/portalfadesp.org.br\/#website\"},\"primaryImageOfPage\":{\"@id\":\"https:\/\/portalfadesp.org.br\/?p=47613#primaryimage\"},\"image\":{\"@id\":\"https:\/\/portalfadesp.org.br\/?p=47613#primaryimage\"},\"thumbnailUrl\":\"https:\/\/portalfadesp.org.br\/wp-content\/uploads\/2024\/11\/WhatsApp-Image-2024-11-22-at-09.48.01.jpeg\",\"datePublished\":\"2024-11-22T12:51:19+00:00\",\"dateModified\":\"2024-11-22T13:47:44+00:00\",\"breadcrumb\":{\"@id\":\"https:\/\/portalfadesp.org.br\/?p=47613#breadcrumb\"},\"inLanguage\":\"pt-BR\",\"potentialAction\":[{\"@type\":\"ReadAction\",\"target\":[\"https:\/\/portalfadesp.org.br\/?p=47613\"]}]},{\"@type\":\"ImageObject\",\"inLanguage\":\"pt-BR\",\"@id\":\"https:\/\/portalfadesp.org.br\/?p=47613#primaryimage\",\"url\":\"https:\/\/portalfadesp.org.br\/wp-content\/uploads\/2024\/11\/WhatsApp-Image-2024-11-22-at-09.48.01.jpeg\",\"contentUrl\":\"https:\/\/portalfadesp.org.br\/wp-content\/uploads\/2024\/11\/WhatsApp-Image-2024-11-22-at-09.48.01.jpeg\",\"width\":1600,\"height\":475},{\"@type\":\"BreadcrumbList\",\"@id\":\"https:\/\/portalfadesp.org.br\/?p=47613#breadcrumb\",\"itemListElement\":[{\"@type\":\"ListItem\",\"position\":1,\"name\":\"In\u00edcio\",\"item\":\"https:\/\/portalfadesp.org.br\/\"},{\"@type\":\"ListItem\",\"position\":2,\"name\":\"FADESP celebra 47 anos com trajet\u00f3ria marcada por inova\u00e7\u00e3o, acessibilidade e compromisso com o futuro\"}]},{\"@type\":\"WebSite\",\"@id\":\"https:\/\/portalfadesp.org.br\/#website\",\"url\":\"https:\/\/portalfadesp.org.br\/\",\"name\":\"FADESP\",\"description\":\"Funda\u00e7\u00e3o de Amparo e Desenvolvimento da Pesquisa\",\"publisher\":{\"@id\":\"https:\/\/portalfadesp.org.br\/#organization\"},\"potentialAction\":[{\"@type\":\"SearchAction\",\"target\":{\"@type\":\"EntryPoint\",\"urlTemplate\":\"https:\/\/portalfadesp.org.br\/?s={search_term_string}\"},\"query-input\":{\"@type\":\"PropertyValueSpecification\",\"valueRequired\":true,\"valueName\":\"search_term_string\"}}],\"inLanguage\":\"pt-BR\"},{\"@type\":\"Organization\",\"@id\":\"https:\/\/portalfadesp.org.br\/#organization\",\"name\":\"FADESP\",\"url\":\"https:\/\/portalfadesp.org.br\/\",\"logo\":{\"@type\":\"ImageObject\",\"inLanguage\":\"pt-BR\",\"@id\":\"https:\/\/portalfadesp.org.br\/#\/schema\/logo\/image\/\",\"url\":\"https:\/\/portalfadesp.org.br\/wp-content\/uploads\/2024\/01\/NOVOLOGOFADESPlaranjaH.png\",\"contentUrl\":\"https:\/\/portalfadesp.org.br\/wp-content\/uploads\/2024\/01\/NOVOLOGOFADESPlaranjaH.png\",\"width\":2742,\"height\":839,\"caption\":\"FADESP\"},\"image\":{\"@id\":\"https:\/\/portalfadesp.org.br\/#\/schema\/logo\/image\/\"},\"sameAs\":[\"https:\/\/www.facebook.com\/Fadesp-138351949524662\/\",\"https:\/\/x.com\/Fadesp\",\"https:\/\/www.instagram.com\/fadesp_ufpa\/\",\"https:\/\/www.youtube.com\/@fundacaodeamparoedesenvolv1903\",\"https:\/\/www.threads.net\/@fadesp_ufpa\"]},{\"@type\":\"Person\",\"@id\":\"https:\/\/portalfadesp.org.br\/#\/schema\/person\/31709c4c8ec92d6bbdd2c1da60cf8d66\",\"name\":\"Brena Marques\",\"image\":{\"@type\":\"ImageObject\",\"inLanguage\":\"pt-BR\",\"@id\":\"https:\/\/portalfadesp.org.br\/#\/schema\/person\/image\/\",\"url\":\"https:\/\/secure.gravatar.com\/avatar\/d8709cd0de324fbec018b6878350216726d26c3436f44ebee8f3db75e29728f3?s=96&d=mm&r=g\",\"contentUrl\":\"https:\/\/secure.gravatar.com\/avatar\/d8709cd0de324fbec018b6878350216726d26c3436f44ebee8f3db75e29728f3?s=96&d=mm&r=g\",\"caption\":\"Brena Marques\"},\"url\":\"https:\/\/portalfadesp.org.br\/?author=12\"}]}<\/script>\n<!-- \/ Yoast SEO plugin. -->","yoast_head_json":{"title":"FADESP celebra 47 anos com trajet\u00f3ria marcada por inova\u00e7\u00e3o, acessibilidade e compromisso com o futuro - FADESP","robots":{"index":"index","follow":"follow","max-snippet":"max-snippet:-1","max-image-preview":"max-image-preview:large","max-video-preview":"max-video-preview:-1"},"canonical":"https:\/\/portalfadesp.org.br\/?p=47613","og_locale":"pt_BR","og_type":"article","og_title":"FADESP celebra 47 anos com trajet\u00f3ria marcada por inova\u00e7\u00e3o, acessibilidade e compromisso com o futuro - FADESP","og_description":"Na \u00faltima ter\u00e7a-feira, 19, a Funda\u00e7\u00e3o de Amparo e Desenvolvimento da Pesquisa (FADESP) celebrou 47 anos de atua\u00e7\u00e3o com uma programa\u00e7\u00e3o especial que refor\u00e7ou sua contribui\u00e7\u00e3o hist\u00f3rica para a ci\u00eancia, educa\u00e7\u00e3o e desenvolvimento para a regi\u00e3o amaz\u00f4nica. O evento, realizado na sede da funda\u00e7\u00e3o, na Universidade Federal do Par\u00e1 (UFPA), contou com a presen\u00e7a do [&hellip;]","og_url":"https:\/\/portalfadesp.org.br\/?p=47613","og_site_name":"FADESP","article_publisher":"https:\/\/www.facebook.com\/Fadesp-138351949524662\/","article_published_time":"2024-11-22T12:51:19+00:00","article_modified_time":"2024-11-22T13:47:44+00:00","og_image":[{"width":1600,"height":475,"url":"https:\/\/portalfadesp.org.br\/wp-content\/uploads\/2024\/11\/WhatsApp-Image-2024-11-22-at-09.48.01.jpeg","type":"image\/jpeg"}],"author":"Brena Marques","twitter_card":"summary_large_image","twitter_creator":"@Fadesp","twitter_site":"@Fadesp","twitter_misc":{"Escrito por":"Brena Marques","Est. tempo de leitura":"7 minutos"},"schema":{"@context":"https:\/\/schema.org","@graph":[{"@type":"Article","@id":"https:\/\/portalfadesp.org.br\/?p=47613#article","isPartOf":{"@id":"https:\/\/portalfadesp.org.br\/?p=47613"},"author":{"name":"Brena Marques","@id":"https:\/\/portalfadesp.org.br\/#\/schema\/person\/31709c4c8ec92d6bbdd2c1da60cf8d66"},"headline":"FADESP celebra 47 anos com trajet\u00f3ria marcada por inova\u00e7\u00e3o, acessibilidade e compromisso com o futuro","datePublished":"2024-11-22T12:51:19+00:00","dateModified":"2024-11-22T13:47:44+00:00","mainEntityOfPage":{"@id":"https:\/\/portalfadesp.org.br\/?p=47613"},"wordCount":686,"publisher":{"@id":"https:\/\/portalfadesp.org.br\/#organization"},"image":{"@id":"https:\/\/portalfadesp.org.br\/?p=47613#primaryimage"},"thumbnailUrl":"https:\/\/portalfadesp.org.br\/wp-content\/uploads\/2024\/11\/WhatsApp-Image-2024-11-22-at-09.48.01.jpeg","articleSection":["Destaque","Geral"],"inLanguage":"pt-BR"},{"@type":"WebPage","@id":"https:\/\/portalfadesp.org.br\/?p=47613","url":"https:\/\/portalfadesp.org.br\/?p=47613","name":"FADESP celebra 47 anos com trajet\u00f3ria marcada por inova\u00e7\u00e3o, acessibilidade e compromisso com o futuro - FADESP","isPartOf":{"@id":"https:\/\/portalfadesp.org.br\/#website"},"primaryImageOfPage":{"@id":"https:\/\/portalfadesp.org.br\/?p=47613#primaryimage"},"image":{"@id":"https:\/\/portalfadesp.org.br\/?p=47613#primaryimage"},"thumbnailUrl":"https:\/\/portalfadesp.org.br\/wp-content\/uploads\/2024\/11\/WhatsApp-Image-2024-11-22-at-09.48.01.jpeg","datePublished":"2024-11-22T12:51:19+00:00","dateModified":"2024-11-22T13:47:44+00:00","breadcrumb":{"@id":"https:\/\/portalfadesp.org.br\/?p=47613#breadcrumb"},"inLanguage":"pt-BR","potentialAction":[{"@type":"ReadAction","target":["https:\/\/portalfadesp.org.br\/?p=47613"]}]},{"@type":"ImageObject","inLanguage":"pt-BR","@id":"https:\/\/portalfadesp.org.br\/?p=47613#primaryimage","url":"https:\/\/portalfadesp.org.br\/wp-content\/uploads\/2024\/11\/WhatsApp-Image-2024-11-22-at-09.48.01.jpeg","contentUrl":"https:\/\/portalfadesp.org.br\/wp-content\/uploads\/2024\/11\/WhatsApp-Image-2024-11-22-at-09.48.01.jpeg","width":1600,"height":475},{"@type":"BreadcrumbList","@id":"https:\/\/portalfadesp.org.br\/?p=47613#breadcrumb","itemListElement":[{"@type":"ListItem","position":1,"name":"In\u00edcio","item":"https:\/\/portalfadesp.org.br\/"},{"@type":"ListItem","position":2,"name":"FADESP celebra 47 anos com trajet\u00f3ria marcada por inova\u00e7\u00e3o, acessibilidade e compromisso com o futuro"}]},{"@type":"WebSite","@id":"https:\/\/portalfadesp.org.br\/#website","url":"https:\/\/portalfadesp.org.br\/","name":"FADESP","description":"Funda\u00e7\u00e3o de Amparo e Desenvolvimento da Pesquisa","publisher":{"@id":"https:\/\/portalfadesp.org.br\/#organization"},"potentialAction":[{"@type":"SearchAction","target":{"@type":"EntryPoint","urlTemplate":"https:\/\/portalfadesp.org.br\/?s={search_term_string}"},"query-input":{"@type":"PropertyValueSpecification","valueRequired":true,"valueName":"search_term_string"}}],"inLanguage":"pt-BR"},{"@type":"Organization","@id":"https:\/\/portalfadesp.org.br\/#organization","name":"FADESP","url":"https:\/\/portalfadesp.org.br\/","logo":{"@type":"ImageObject","inLanguage":"pt-BR","@id":"https:\/\/portalfadesp.org.br\/#\/schema\/logo\/image\/","url":"https:\/\/portalfadesp.org.br\/wp-content\/uploads\/2024\/01\/NOVOLOGOFADESPlaranjaH.png","contentUrl":"https:\/\/portalfadesp.org.br\/wp-content\/uploads\/2024\/01\/NOVOLOGOFADESPlaranjaH.png","width":2742,"height":839,"caption":"FADESP"},"image":{"@id":"https:\/\/portalfadesp.org.br\/#\/schema\/logo\/image\/"},"sameAs":["https:\/\/www.facebook.com\/Fadesp-138351949524662\/","https:\/\/x.com\/Fadesp","https:\/\/www.instagram.com\/fadesp_ufpa\/","https:\/\/www.youtube.com\/@fundacaodeamparoedesenvolv1903","https:\/\/www.threads.net\/@fadesp_ufpa"]},{"@type":"Person","@id":"https:\/\/portalfadesp.org.br\/#\/schema\/person\/31709c4c8ec92d6bbdd2c1da60cf8d66","name":"Brena Marques","image":{"@type":"ImageObject","inLanguage":"pt-BR","@id":"https:\/\/portalfadesp.org.br\/#\/schema\/person\/image\/","url":"https:\/\/secure.gravatar.com\/avatar\/d8709cd0de324fbec018b6878350216726d26c3436f44ebee8f3db75e29728f3?s=96&d=mm&r=g","contentUrl":"https:\/\/secure.gravatar.com\/avatar\/d8709cd0de324fbec018b6878350216726d26c3436f44ebee8f3db75e29728f3?s=96&d=mm&r=g","caption":"Brena Marques"},"url":"https:\/\/portalfadesp.org.br\/?author=12"}]}},"_links":{"self":[{"href":"https:\/\/portalfadesp.org.br\/index.php?rest_route=\/wp\/v2\/posts\/47613","targetHints":{"allow":["GET"]}}],"collection":[{"href":"https:\/\/portalfadesp.org.br\/index.php?rest_route=\/wp\/v2\/posts"}],"about":[{"href":"https:\/\/portalfadesp.org.br\/index.php?rest_route=\/wp\/v2\/types\/post"}],"author":[{"embeddable":true,"href":"https:\/\/portalfadesp.org.br\/index.php?rest_route=\/wp\/v2\/users\/12"}],"replies":[{"embeddable":true,"href":"https:\/\/portalfadesp.org.br\/index.php?rest_route=%2Fwp%2Fv2%2Fcomments&post=47613"}],"version-history":[{"count":8,"href":"https:\/\/portalfadesp.org.br\/index.php?rest_route=\/wp\/v2\/posts\/47613\/revisions"}],"predecessor-version":[{"id":47638,"href":"https:\/\/portalfadesp.org.br\/index.php?rest_route=\/wp\/v2\/posts\/47613\/revisions\/47638"}],"wp:featuredmedia":[{"embeddable":true,"href":"https:\/\/portalfadesp.org.br\/index.php?rest_route=\/wp\/v2\/media\/47639"}],"wp:attachment":[{"href":"https:\/\/portalfadesp.org.br\/index.php?rest_route=%2Fwp%2Fv2%2Fmedia&parent=47613"}],"wp:term":[{"taxonomy":"category","embeddable":true,"href":"https:\/\/portalfadesp.org.br\/index.php?rest_route=%2Fwp%2Fv2%2Fcategories&post=47613"},{"taxonomy":"post_tag","embeddable":true,"href":"https:\/\/portalfadesp.org.br\/index.php?rest_route=%2Fwp%2Fv2%2Ftags&post=47613"}],"curies":[{"name":"wp","href":"https:\/\/api.w.org\/{rel}","templated":true}]}}