{"id":47424,"date":"2024-10-29T16:09:49","date_gmt":"2024-10-29T19:09:49","guid":{"rendered":"https:\/\/portalfadesp.org.br\/?p=47424"},"modified":"2024-10-29T16:09:53","modified_gmt":"2024-10-29T19:09:53","slug":"equipe-do-ministerio-da-saude-elogia-projeto-de-inovacao-digital-paraense","status":"publish","type":"post","link":"https:\/\/portalfadesp.org.br\/?p=47424","title":{"rendered":"Equipe do Minist\u00e9rio da Sa\u00fade elogia projeto de inova\u00e7\u00e3o digital paraense"},"content":{"rendered":"\n<p>Representantes do Minist\u00e9rio da Sa\u00fade (MS) foram recebidos na \u00faltima sexta-feira (25) pela equipe de governan\u00e7a do Sa\u00fade Bel\u00e9m Digital. Os t\u00e9cnicos e consultores atuam na Secretaria de Informa\u00e7\u00e3o e Sa\u00fade Digital (SEIDIGI). Eles estiveram no escrit\u00f3rio do projeto acompanhados de equipe da Secretaria Municipal de Sa\u00fade (Sesma).<\/p>\n\n\n\n<div style=\"height:31px\" aria-hidden=\"true\" class=\"wp-block-spacer\"><\/div>\n\n\n\n<p>A pasta coordena iniciativas de sa\u00fade digital e inova\u00e7\u00e3o para melhorar o atendimento no Sistema \u00danico de Sa\u00fade (SUS). Na visita, eles conferiram a evolu\u00e7\u00e3o do projeto paraense, que est\u00e1 dispon\u00edvel desde agosto para os moradores de Bel\u00e9m.<\/p>\n\n\n\n<figure class=\"wp-block-image size-large is-resized\"><img fetchpriority=\"high\" decoding=\"async\" width=\"1024\" height=\"576\" src=\"https:\/\/portalfadesp.org.br\/wp-content\/uploads\/2024\/10\/IMG_20241025_161739-1024x576.jpg\" alt=\"\" class=\"wp-image-47425\" style=\"width:610px;height:auto\" srcset=\"https:\/\/portalfadesp.org.br\/wp-content\/uploads\/2024\/10\/IMG_20241025_161739-1024x576.jpg 1024w, https:\/\/portalfadesp.org.br\/wp-content\/uploads\/2024\/10\/IMG_20241025_161739-300x169.jpg 300w, https:\/\/portalfadesp.org.br\/wp-content\/uploads\/2024\/10\/IMG_20241025_161739-768x432.jpg 768w, https:\/\/portalfadesp.org.br\/wp-content\/uploads\/2024\/10\/IMG_20241025_161739-1536x864.jpg 1536w, https:\/\/portalfadesp.org.br\/wp-content\/uploads\/2024\/10\/IMG_20241025_161739-800x450.jpg 800w, https:\/\/portalfadesp.org.br\/wp-content\/uploads\/2024\/10\/IMG_20241025_161739.jpg 1920w\" sizes=\"(max-width: 1024px) 100vw, 1024px\" \/><\/figure>\n\n\n\n<div style=\"height:30px\" aria-hidden=\"true\" class=\"wp-block-spacer\"><\/div>\n\n\n\n<p>J\u00e1 s\u00e3o mais de 42 mil usu\u00e1rios cadastrados no servi\u00e7o, que oferece plataforma de teleconsultas e teleorienta\u00e7\u00e3o de forma gratuita. O bra\u00e7o tecnol\u00f3gico do SUS em Bel\u00e9m \u00e9 executado em parceria com a Funda\u00e7\u00e3o de Amparo e Desenvolvimento da Pesquisa (FADESP) e oferece atendimento m\u00e9dico e de equipe multiprofissional.<\/p>\n\n\n\n<div style=\"height:30px\" aria-hidden=\"true\" class=\"wp-block-spacer\"><\/div>\n\n\n\n<p>Adenilson Barcelos de Miranda, t\u00e9cnico administrativo da SEIDIGI, avalia que \u201ctransforma\u00e7\u00e3o\u201d \u00e9 a palavra-chave quando o assunto \u00e9 sa\u00fade digital. Ele ressalta que a popula\u00e7\u00e3o est\u00e1 habituada a usar redes sociais e aplicativos e \u00e9 importante trazer essa perspectiva para o setor de sa\u00fade. \u201cA maneira como voc\u00eas est\u00e3o propondo \u00e9 bastante acolhedora, tanto para o profissional como para o usu\u00e1rio do servi\u00e7o de sa\u00fade\u201d, elogiou.&nbsp;<\/p>\n\n\n\n<div style=\"height:30px\" aria-hidden=\"true\" class=\"wp-block-spacer\"><\/div>\n\n\n\n<p>Eliete Moraes, consultora da Funda\u00e7\u00e3o Oswaldo Cruz (Fiocruz) e integrante da SEIDIGI, acompanhou o nascimento do projeto. Ela disse estar animada com o aspecto de forma\u00e7\u00e3o dos profissionais da rede p\u00fablica. \u201cA sa\u00fade digital \u00e9 evolu\u00e7\u00e3o e \u00e9 bom saber que Bel\u00e9m est\u00e1 caminhando para essa evolu\u00e7\u00e3o. Queremos contribuir para que melhore cada vez mais o servi\u00e7o\u201d, declarou.<\/p>\n\n\n\n<div style=\"height:30px\" aria-hidden=\"true\" class=\"wp-block-spacer\"><\/div>\n\n\n\n<p>O coordenador de capacita\u00e7\u00e3o e forma\u00e7\u00e3o do SBD, Camilo Almeida, destaca a necessidade de fazer um processo conhecido como letramento digital para todos os profissionais da rede. O objetivo \u00e9 \u201catuar dentro de uma perspectiva de integra\u00e7\u00e3o entre o virtual e o presencial para haver maior resolu\u00e7\u00e3o das linhas de cuidado dos usu\u00e1rios &#8211; a exemplo dos hipertensos, diab\u00e9ticos\u2026 \u00c9 trabalhar dentro de uma perspetiva de integra\u00e7\u00e3o de fluxo assistencial\u201d, explica.&nbsp;<\/p>\n\n\n\n<div style=\"height:30px\" aria-hidden=\"true\" class=\"wp-block-spacer\"><\/div>\n\n\n\n<p><strong><mark style=\"background-color:rgba(0, 0, 0, 0)\" class=\"has-inline-color has-luminous-vivid-orange-color\">Balan\u00e7o<\/mark><\/strong><\/p>\n\n\n\n<p>Renato Santos, coordenador geral do Sa\u00fade Bel\u00e9m Digital, conclui que a reuni\u00e3o foi a oportunidade de ter melhores par\u00e2metros para poder avan\u00e7ar. \u201cO projeto tem tudo para avan\u00e7ar e se aprimorar, tendo como perspectiva uma sa\u00fade digital inclusiva, com princ\u00edpios \u00e9ticos. Esse \u00e9 o nosso horizonte e estamos em sintonia com o Minist\u00e9rio da Sa\u00fade\u201d, comemora.<\/p>\n\n\n\n<div style=\"height:30px\" aria-hidden=\"true\" class=\"wp-block-spacer\"><\/div>\n\n\n\n<p>Pedro Anaisse, titular da Sesma, diz que \u00e9 fundamental que a equipe t\u00e9cnica da SEIDIGI tome conhecimento da aplicabilidade da opera\u00e7\u00e3o da plataforma, que oferece acesso direto do usu\u00e1rio com os profissionais de sa\u00fade. Segundo o secret\u00e1rio, as diretrizes, opini\u00f5es e questionamentos recebidos tornaram a reuni\u00e3o \u201cproveitosa e que qualifica ainda mais o nosso caminhar\u201d.<\/p>\n\n\n\n<div style=\"height:30px\" aria-hidden=\"true\" class=\"wp-block-spacer\"><\/div>\n\n\n\n<p>Ele tamb\u00e9m destaca a constru\u00e7\u00e3o de processo de sa\u00fade digital que garanta a consolida\u00e7\u00e3o do SUS do modelo de gest\u00e3o da Aten\u00e7\u00e3o Prim\u00e1ria baseada na Estrat\u00e9gia Sa\u00fade da Fam\u00edlia. \u201cAl\u00e9m disso, vincular a Aten\u00e7\u00e3o Prim\u00e1ria pela sa\u00fade digital, futuramente, \u00e0 aten\u00e7\u00e3o especializada\u201d, aponta Anaisse.<\/p>\n\n\n\n<div style=\"height:30px\" aria-hidden=\"true\" class=\"wp-block-spacer\"><\/div>\n\n\n\n<p><strong><mark style=\"background-color:rgba(0, 0, 0, 0)\" class=\"has-inline-color has-luminous-vivid-orange-color\">Integra\u00e7\u00e3o<\/mark><\/strong><\/p>\n\n\n\n<p>Criada para implementar e gerenciar tecnologias e dados na \u00e1rea da sa\u00fade, a SEIDIGI \u00e9 respons\u00e1vel pela integra\u00e7\u00e3o de sistemas, desenvolvimento de ferramentas digitais como o Conecte SUS e o CADSUS (Cadastro de Usu\u00e1rios do SUS), e pela cria\u00e7\u00e3o de padr\u00f5es que permitam a troca segura e \u00e1gil de informa\u00e7\u00f5es entre sistemas de sa\u00fade.<\/p>\n\n\n\n<div style=\"height:30px\" aria-hidden=\"true\" class=\"wp-block-spacer\"><\/div>\n\n\n\n<p>A secretaria atua para modernizar a gest\u00e3o da informa\u00e7\u00e3o no SUS, promover acessibilidade, equidade e seguran\u00e7a de dados, e aumentar a efici\u00eancia dos servi\u00e7os de sa\u00fade digital, como consultas e acompanhamento remoto de pacientes, atrav\u00e9s da Rede Nacional de Dados em Sa\u00fade (RNDS) e outras plataformas inovadoras.<\/p>\n\n\n\n<div style=\"height:30px\" aria-hidden=\"true\" class=\"wp-block-spacer\"><\/div>\n\n\n\n<p><strong><em>Texto: Marta Cardoso<\/em><\/strong><\/p>\n\n\n\n<p><strong><em>Fotos: Assessoria de Imprensa do Sa\u00fade Bel\u00e9m Digital<\/em><\/strong><\/p>\n","protected":false},"excerpt":{"rendered":"<p>Representantes do Minist\u00e9rio da Sa\u00fade (MS) foram recebidos na \u00faltima sexta-feira (25) pela equipe de governan\u00e7a do Sa\u00fade Bel\u00e9m Digital. Os t\u00e9cnicos e consultores atuam na Secretaria de Informa\u00e7\u00e3o e Sa\u00fade Digital (SEIDIGI). Eles estiveram no escrit\u00f3rio do projeto acompanhados de equipe da Secretaria Municipal de Sa\u00fade (Sesma). A pasta coordena iniciativas de sa\u00fade digital [&hellip;]<\/p>\n","protected":false},"author":12,"featured_media":47427,"comment_status":"closed","ping_status":"closed","sticky":false,"template":"","format":"standard","meta":{"_monsterinsights_skip_tracking":false,"_monsterinsights_sitenote_active":false,"_monsterinsights_sitenote_note":"","_monsterinsights_sitenote_category":0,"footnotes":""},"categories":[60,1],"tags":[],"class_list":["post-47424","post","type-post","status-publish","format-standard","has-post-thumbnail","hentry","category-destaque","category-geral","entry","has-media"],"yoast_head":"<!-- This site is optimized with the Yoast SEO plugin v25.1 - https:\/\/yoast.com\/wordpress\/plugins\/seo\/ -->\n<title>Equipe do Minist\u00e9rio da Sa\u00fade elogia projeto de inova\u00e7\u00e3o digital paraense - FADESP<\/title>\n<meta name=\"robots\" content=\"index, follow, max-snippet:-1, max-image-preview:large, max-video-preview:-1\" \/>\n<link rel=\"canonical\" href=\"https:\/\/portalfadesp.org.br\/?p=47424\" \/>\n<meta property=\"og:locale\" content=\"pt_BR\" \/>\n<meta property=\"og:type\" content=\"article\" \/>\n<meta property=\"og:title\" content=\"Equipe do Minist\u00e9rio da Sa\u00fade elogia projeto de inova\u00e7\u00e3o digital paraense - FADESP\" \/>\n<meta property=\"og:description\" content=\"Representantes do Minist\u00e9rio da Sa\u00fade (MS) foram recebidos na \u00faltima sexta-feira (25) pela equipe de governan\u00e7a do Sa\u00fade Bel\u00e9m Digital. Os t\u00e9cnicos e consultores atuam na Secretaria de Informa\u00e7\u00e3o e Sa\u00fade Digital (SEIDIGI). Eles estiveram no escrit\u00f3rio do projeto acompanhados de equipe da Secretaria Municipal de Sa\u00fade (Sesma). A pasta coordena iniciativas de sa\u00fade digital [&hellip;]\" \/>\n<meta property=\"og:url\" content=\"https:\/\/portalfadesp.org.br\/?p=47424\" \/>\n<meta property=\"og:site_name\" content=\"FADESP\" \/>\n<meta property=\"article:publisher\" content=\"https:\/\/www.facebook.com\/Fadesp-138351949524662\/\" \/>\n<meta property=\"article:published_time\" content=\"2024-10-29T19:09:49+00:00\" \/>\n<meta property=\"article:modified_time\" content=\"2024-10-29T19:09:53+00:00\" \/>\n<meta property=\"og:image\" content=\"https:\/\/portalfadesp.org.br\/wp-content\/uploads\/2024\/10\/WhatsApp-Image-2024-10-29-at-16.08.42.jpeg\" \/>\n\t<meta property=\"og:image:width\" content=\"1600\" \/>\n\t<meta property=\"og:image:height\" content=\"475\" \/>\n\t<meta property=\"og:image:type\" content=\"image\/jpeg\" \/>\n<meta name=\"author\" content=\"Brena Marques\" \/>\n<meta name=\"twitter:card\" content=\"summary_large_image\" \/>\n<meta name=\"twitter:creator\" content=\"@Fadesp\" \/>\n<meta name=\"twitter:site\" content=\"@Fadesp\" \/>\n<meta name=\"twitter:label1\" content=\"Escrito por\" \/>\n\t<meta name=\"twitter:data1\" content=\"Brena Marques\" \/>\n\t<meta name=\"twitter:label2\" content=\"Est. tempo de leitura\" \/>\n\t<meta name=\"twitter:data2\" content=\"4 minutos\" \/>\n<script type=\"application\/ld+json\" class=\"yoast-schema-graph\">{\"@context\":\"https:\/\/schema.org\",\"@graph\":[{\"@type\":\"Article\",\"@id\":\"https:\/\/portalfadesp.org.br\/?p=47424#article\",\"isPartOf\":{\"@id\":\"https:\/\/portalfadesp.org.br\/?p=47424\"},\"author\":{\"name\":\"Brena Marques\",\"@id\":\"https:\/\/portalfadesp.org.br\/#\/schema\/person\/31709c4c8ec92d6bbdd2c1da60cf8d66\"},\"headline\":\"Equipe do Minist\u00e9rio da Sa\u00fade elogia projeto de inova\u00e7\u00e3o digital paraense\",\"datePublished\":\"2024-10-29T19:09:49+00:00\",\"dateModified\":\"2024-10-29T19:09:53+00:00\",\"mainEntityOfPage\":{\"@id\":\"https:\/\/portalfadesp.org.br\/?p=47424\"},\"wordCount\":702,\"publisher\":{\"@id\":\"https:\/\/portalfadesp.org.br\/#organization\"},\"image\":{\"@id\":\"https:\/\/portalfadesp.org.br\/?p=47424#primaryimage\"},\"thumbnailUrl\":\"https:\/\/portalfadesp.org.br\/wp-content\/uploads\/2024\/10\/WhatsApp-Image-2024-10-29-at-16.08.42.jpeg\",\"articleSection\":[\"Destaque\",\"Geral\"],\"inLanguage\":\"pt-BR\"},{\"@type\":\"WebPage\",\"@id\":\"https:\/\/portalfadesp.org.br\/?p=47424\",\"url\":\"https:\/\/portalfadesp.org.br\/?p=47424\",\"name\":\"Equipe do Minist\u00e9rio da Sa\u00fade elogia projeto de inova\u00e7\u00e3o digital paraense - FADESP\",\"isPartOf\":{\"@id\":\"https:\/\/portalfadesp.org.br\/#website\"},\"primaryImageOfPage\":{\"@id\":\"https:\/\/portalfadesp.org.br\/?p=47424#primaryimage\"},\"image\":{\"@id\":\"https:\/\/portalfadesp.org.br\/?p=47424#primaryimage\"},\"thumbnailUrl\":\"https:\/\/portalfadesp.org.br\/wp-content\/uploads\/2024\/10\/WhatsApp-Image-2024-10-29-at-16.08.42.jpeg\",\"datePublished\":\"2024-10-29T19:09:49+00:00\",\"dateModified\":\"2024-10-29T19:09:53+00:00\",\"breadcrumb\":{\"@id\":\"https:\/\/portalfadesp.org.br\/?p=47424#breadcrumb\"},\"inLanguage\":\"pt-BR\",\"potentialAction\":[{\"@type\":\"ReadAction\",\"target\":[\"https:\/\/portalfadesp.org.br\/?p=47424\"]}]},{\"@type\":\"ImageObject\",\"inLanguage\":\"pt-BR\",\"@id\":\"https:\/\/portalfadesp.org.br\/?p=47424#primaryimage\",\"url\":\"https:\/\/portalfadesp.org.br\/wp-content\/uploads\/2024\/10\/WhatsApp-Image-2024-10-29-at-16.08.42.jpeg\",\"contentUrl\":\"https:\/\/portalfadesp.org.br\/wp-content\/uploads\/2024\/10\/WhatsApp-Image-2024-10-29-at-16.08.42.jpeg\",\"width\":1600,\"height\":475},{\"@type\":\"BreadcrumbList\",\"@id\":\"https:\/\/portalfadesp.org.br\/?p=47424#breadcrumb\",\"itemListElement\":[{\"@type\":\"ListItem\",\"position\":1,\"name\":\"In\u00edcio\",\"item\":\"https:\/\/portalfadesp.org.br\/\"},{\"@type\":\"ListItem\",\"position\":2,\"name\":\"Equipe do Minist\u00e9rio da Sa\u00fade elogia projeto de inova\u00e7\u00e3o digital paraense\"}]},{\"@type\":\"WebSite\",\"@id\":\"https:\/\/portalfadesp.org.br\/#website\",\"url\":\"https:\/\/portalfadesp.org.br\/\",\"name\":\"FADESP\",\"description\":\"Funda\u00e7\u00e3o de Amparo e Desenvolvimento da Pesquisa\",\"publisher\":{\"@id\":\"https:\/\/portalfadesp.org.br\/#organization\"},\"potentialAction\":[{\"@type\":\"SearchAction\",\"target\":{\"@type\":\"EntryPoint\",\"urlTemplate\":\"https:\/\/portalfadesp.org.br\/?s={search_term_string}\"},\"query-input\":{\"@type\":\"PropertyValueSpecification\",\"valueRequired\":true,\"valueName\":\"search_term_string\"}}],\"inLanguage\":\"pt-BR\"},{\"@type\":\"Organization\",\"@id\":\"https:\/\/portalfadesp.org.br\/#organization\",\"name\":\"FADESP\",\"url\":\"https:\/\/portalfadesp.org.br\/\",\"logo\":{\"@type\":\"ImageObject\",\"inLanguage\":\"pt-BR\",\"@id\":\"https:\/\/portalfadesp.org.br\/#\/schema\/logo\/image\/\",\"url\":\"https:\/\/portalfadesp.org.br\/wp-content\/uploads\/2024\/01\/NOVOLOGOFADESPlaranjaH.png\",\"contentUrl\":\"https:\/\/portalfadesp.org.br\/wp-content\/uploads\/2024\/01\/NOVOLOGOFADESPlaranjaH.png\",\"width\":2742,\"height\":839,\"caption\":\"FADESP\"},\"image\":{\"@id\":\"https:\/\/portalfadesp.org.br\/#\/schema\/logo\/image\/\"},\"sameAs\":[\"https:\/\/www.facebook.com\/Fadesp-138351949524662\/\",\"https:\/\/x.com\/Fadesp\",\"https:\/\/www.instagram.com\/fadesp_ufpa\/\",\"https:\/\/www.youtube.com\/@fundacaodeamparoedesenvolv1903\",\"https:\/\/www.threads.net\/@fadesp_ufpa\"]},{\"@type\":\"Person\",\"@id\":\"https:\/\/portalfadesp.org.br\/#\/schema\/person\/31709c4c8ec92d6bbdd2c1da60cf8d66\",\"name\":\"Brena Marques\",\"image\":{\"@type\":\"ImageObject\",\"inLanguage\":\"pt-BR\",\"@id\":\"https:\/\/portalfadesp.org.br\/#\/schema\/person\/image\/\",\"url\":\"https:\/\/secure.gravatar.com\/avatar\/d8709cd0de324fbec018b6878350216726d26c3436f44ebee8f3db75e29728f3?s=96&d=mm&r=g\",\"contentUrl\":\"https:\/\/secure.gravatar.com\/avatar\/d8709cd0de324fbec018b6878350216726d26c3436f44ebee8f3db75e29728f3?s=96&d=mm&r=g\",\"caption\":\"Brena Marques\"},\"url\":\"https:\/\/portalfadesp.org.br\/?author=12\"}]}<\/script>\n<!-- \/ Yoast SEO plugin. -->","yoast_head_json":{"title":"Equipe do Minist\u00e9rio da Sa\u00fade elogia projeto de inova\u00e7\u00e3o digital paraense - FADESP","robots":{"index":"index","follow":"follow","max-snippet":"max-snippet:-1","max-image-preview":"max-image-preview:large","max-video-preview":"max-video-preview:-1"},"canonical":"https:\/\/portalfadesp.org.br\/?p=47424","og_locale":"pt_BR","og_type":"article","og_title":"Equipe do Minist\u00e9rio da Sa\u00fade elogia projeto de inova\u00e7\u00e3o digital paraense - FADESP","og_description":"Representantes do Minist\u00e9rio da Sa\u00fade (MS) foram recebidos na \u00faltima sexta-feira (25) pela equipe de governan\u00e7a do Sa\u00fade Bel\u00e9m Digital. Os t\u00e9cnicos e consultores atuam na Secretaria de Informa\u00e7\u00e3o e Sa\u00fade Digital (SEIDIGI). Eles estiveram no escrit\u00f3rio do projeto acompanhados de equipe da Secretaria Municipal de Sa\u00fade (Sesma). A pasta coordena iniciativas de sa\u00fade digital [&hellip;]","og_url":"https:\/\/portalfadesp.org.br\/?p=47424","og_site_name":"FADESP","article_publisher":"https:\/\/www.facebook.com\/Fadesp-138351949524662\/","article_published_time":"2024-10-29T19:09:49+00:00","article_modified_time":"2024-10-29T19:09:53+00:00","og_image":[{"width":1600,"height":475,"url":"https:\/\/portalfadesp.org.br\/wp-content\/uploads\/2024\/10\/WhatsApp-Image-2024-10-29-at-16.08.42.jpeg","type":"image\/jpeg"}],"author":"Brena Marques","twitter_card":"summary_large_image","twitter_creator":"@Fadesp","twitter_site":"@Fadesp","twitter_misc":{"Escrito por":"Brena Marques","Est. tempo de leitura":"4 minutos"},"schema":{"@context":"https:\/\/schema.org","@graph":[{"@type":"Article","@id":"https:\/\/portalfadesp.org.br\/?p=47424#article","isPartOf":{"@id":"https:\/\/portalfadesp.org.br\/?p=47424"},"author":{"name":"Brena Marques","@id":"https:\/\/portalfadesp.org.br\/#\/schema\/person\/31709c4c8ec92d6bbdd2c1da60cf8d66"},"headline":"Equipe do Minist\u00e9rio da Sa\u00fade elogia projeto de inova\u00e7\u00e3o digital paraense","datePublished":"2024-10-29T19:09:49+00:00","dateModified":"2024-10-29T19:09:53+00:00","mainEntityOfPage":{"@id":"https:\/\/portalfadesp.org.br\/?p=47424"},"wordCount":702,"publisher":{"@id":"https:\/\/portalfadesp.org.br\/#organization"},"image":{"@id":"https:\/\/portalfadesp.org.br\/?p=47424#primaryimage"},"thumbnailUrl":"https:\/\/portalfadesp.org.br\/wp-content\/uploads\/2024\/10\/WhatsApp-Image-2024-10-29-at-16.08.42.jpeg","articleSection":["Destaque","Geral"],"inLanguage":"pt-BR"},{"@type":"WebPage","@id":"https:\/\/portalfadesp.org.br\/?p=47424","url":"https:\/\/portalfadesp.org.br\/?p=47424","name":"Equipe do Minist\u00e9rio da Sa\u00fade elogia projeto de inova\u00e7\u00e3o digital paraense - FADESP","isPartOf":{"@id":"https:\/\/portalfadesp.org.br\/#website"},"primaryImageOfPage":{"@id":"https:\/\/portalfadesp.org.br\/?p=47424#primaryimage"},"image":{"@id":"https:\/\/portalfadesp.org.br\/?p=47424#primaryimage"},"thumbnailUrl":"https:\/\/portalfadesp.org.br\/wp-content\/uploads\/2024\/10\/WhatsApp-Image-2024-10-29-at-16.08.42.jpeg","datePublished":"2024-10-29T19:09:49+00:00","dateModified":"2024-10-29T19:09:53+00:00","breadcrumb":{"@id":"https:\/\/portalfadesp.org.br\/?p=47424#breadcrumb"},"inLanguage":"pt-BR","potentialAction":[{"@type":"ReadAction","target":["https:\/\/portalfadesp.org.br\/?p=47424"]}]},{"@type":"ImageObject","inLanguage":"pt-BR","@id":"https:\/\/portalfadesp.org.br\/?p=47424#primaryimage","url":"https:\/\/portalfadesp.org.br\/wp-content\/uploads\/2024\/10\/WhatsApp-Image-2024-10-29-at-16.08.42.jpeg","contentUrl":"https:\/\/portalfadesp.org.br\/wp-content\/uploads\/2024\/10\/WhatsApp-Image-2024-10-29-at-16.08.42.jpeg","width":1600,"height":475},{"@type":"BreadcrumbList","@id":"https:\/\/portalfadesp.org.br\/?p=47424#breadcrumb","itemListElement":[{"@type":"ListItem","position":1,"name":"In\u00edcio","item":"https:\/\/portalfadesp.org.br\/"},{"@type":"ListItem","position":2,"name":"Equipe do Minist\u00e9rio da Sa\u00fade elogia projeto de inova\u00e7\u00e3o digital paraense"}]},{"@type":"WebSite","@id":"https:\/\/portalfadesp.org.br\/#website","url":"https:\/\/portalfadesp.org.br\/","name":"FADESP","description":"Funda\u00e7\u00e3o de Amparo e Desenvolvimento da Pesquisa","publisher":{"@id":"https:\/\/portalfadesp.org.br\/#organization"},"potentialAction":[{"@type":"SearchAction","target":{"@type":"EntryPoint","urlTemplate":"https:\/\/portalfadesp.org.br\/?s={search_term_string}"},"query-input":{"@type":"PropertyValueSpecification","valueRequired":true,"valueName":"search_term_string"}}],"inLanguage":"pt-BR"},{"@type":"Organization","@id":"https:\/\/portalfadesp.org.br\/#organization","name":"FADESP","url":"https:\/\/portalfadesp.org.br\/","logo":{"@type":"ImageObject","inLanguage":"pt-BR","@id":"https:\/\/portalfadesp.org.br\/#\/schema\/logo\/image\/","url":"https:\/\/portalfadesp.org.br\/wp-content\/uploads\/2024\/01\/NOVOLOGOFADESPlaranjaH.png","contentUrl":"https:\/\/portalfadesp.org.br\/wp-content\/uploads\/2024\/01\/NOVOLOGOFADESPlaranjaH.png","width":2742,"height":839,"caption":"FADESP"},"image":{"@id":"https:\/\/portalfadesp.org.br\/#\/schema\/logo\/image\/"},"sameAs":["https:\/\/www.facebook.com\/Fadesp-138351949524662\/","https:\/\/x.com\/Fadesp","https:\/\/www.instagram.com\/fadesp_ufpa\/","https:\/\/www.youtube.com\/@fundacaodeamparoedesenvolv1903","https:\/\/www.threads.net\/@fadesp_ufpa"]},{"@type":"Person","@id":"https:\/\/portalfadesp.org.br\/#\/schema\/person\/31709c4c8ec92d6bbdd2c1da60cf8d66","name":"Brena Marques","image":{"@type":"ImageObject","inLanguage":"pt-BR","@id":"https:\/\/portalfadesp.org.br\/#\/schema\/person\/image\/","url":"https:\/\/secure.gravatar.com\/avatar\/d8709cd0de324fbec018b6878350216726d26c3436f44ebee8f3db75e29728f3?s=96&d=mm&r=g","contentUrl":"https:\/\/secure.gravatar.com\/avatar\/d8709cd0de324fbec018b6878350216726d26c3436f44ebee8f3db75e29728f3?s=96&d=mm&r=g","caption":"Brena Marques"},"url":"https:\/\/portalfadesp.org.br\/?author=12"}]}},"_links":{"self":[{"href":"https:\/\/portalfadesp.org.br\/index.php?rest_route=\/wp\/v2\/posts\/47424","targetHints":{"allow":["GET"]}}],"collection":[{"href":"https:\/\/portalfadesp.org.br\/index.php?rest_route=\/wp\/v2\/posts"}],"about":[{"href":"https:\/\/portalfadesp.org.br\/index.php?rest_route=\/wp\/v2\/types\/post"}],"author":[{"embeddable":true,"href":"https:\/\/portalfadesp.org.br\/index.php?rest_route=\/wp\/v2\/users\/12"}],"replies":[{"embeddable":true,"href":"https:\/\/portalfadesp.org.br\/index.php?rest_route=%2Fwp%2Fv2%2Fcomments&post=47424"}],"version-history":[{"count":1,"href":"https:\/\/portalfadesp.org.br\/index.php?rest_route=\/wp\/v2\/posts\/47424\/revisions"}],"predecessor-version":[{"id":47426,"href":"https:\/\/portalfadesp.org.br\/index.php?rest_route=\/wp\/v2\/posts\/47424\/revisions\/47426"}],"wp:featuredmedia":[{"embeddable":true,"href":"https:\/\/portalfadesp.org.br\/index.php?rest_route=\/wp\/v2\/media\/47427"}],"wp:attachment":[{"href":"https:\/\/portalfadesp.org.br\/index.php?rest_route=%2Fwp%2Fv2%2Fmedia&parent=47424"}],"wp:term":[{"taxonomy":"category","embeddable":true,"href":"https:\/\/portalfadesp.org.br\/index.php?rest_route=%2Fwp%2Fv2%2Fcategories&post=47424"},{"taxonomy":"post_tag","embeddable":true,"href":"https:\/\/portalfadesp.org.br\/index.php?rest_route=%2Fwp%2Fv2%2Ftags&post=47424"}],"curies":[{"name":"wp","href":"https:\/\/api.w.org\/{rel}","templated":true}]}}