{"id":47335,"date":"2024-10-16T10:58:27","date_gmt":"2024-10-16T13:58:27","guid":{"rendered":"https:\/\/portalfadesp.org.br\/?p=47335"},"modified":"2024-10-16T14:38:27","modified_gmt":"2024-10-16T17:38:27","slug":"fadesp-recebe-assistentes-de-projeto-do-saude-belem-digital","status":"publish","type":"post","link":"https:\/\/portalfadesp.org.br\/?p=47335","title":{"rendered":"FADESP recebe assistentes de projeto do Sa\u00fade Bel\u00e9m Digital"},"content":{"rendered":"\n<p>Impactar o cen\u00e1rio da Aten\u00e7\u00e3o B\u00e1sica na capital paraense \u00e9 o objetivo do Sa\u00fade Bel\u00e9m Digital. Para isso, \u00e9 fundamental entender como essa tecnologia \u00e9 recebida pela popula\u00e7\u00e3o em suas diferentes camadas. Essa miss\u00e3o far\u00e1 parte da rotina dos 21 assistentes de projeto que foram recebidos nesta ter\u00e7a-feira (15) pela Funda\u00e7\u00e3o de Amparo e Desenvolvimento da Pesquisa (FADESP).&nbsp;<\/p>\n\n\n\n<div style=\"height:37px\" aria-hidden=\"true\" class=\"wp-block-spacer\"><\/div>\n\n\n\n<p>A quantidade de assistentes corresponde ao n\u00famero de distritos administrativos do munic\u00edpio de Bel\u00e9m. Os selecionados participaram do acolhimento realizado no audit\u00f3rio do Espa\u00e7o Empreendedor do PCT Guam\u00e1. Na ocasi\u00e3o, eles foram recebidos pela equipe da funda\u00e7\u00e3o e apresentados ao grupo de governan\u00e7a do SBD.\u00a0<\/p>\n\n\n\n<figure class=\"wp-block-image size-large is-resized\"><img fetchpriority=\"high\" decoding=\"async\" width=\"1024\" height=\"682\" src=\"https:\/\/portalfadesp.org.br\/wp-content\/uploads\/2024\/10\/WhatsApp-Image-2024-10-16-at-10.30.38-1024x682.jpeg\" alt=\"\" class=\"wp-image-47337\" style=\"width:435px;height:auto\" srcset=\"https:\/\/portalfadesp.org.br\/wp-content\/uploads\/2024\/10\/WhatsApp-Image-2024-10-16-at-10.30.38-1024x682.jpeg 1024w, https:\/\/portalfadesp.org.br\/wp-content\/uploads\/2024\/10\/WhatsApp-Image-2024-10-16-at-10.30.38-300x200.jpeg 300w, https:\/\/portalfadesp.org.br\/wp-content\/uploads\/2024\/10\/WhatsApp-Image-2024-10-16-at-10.30.38-768x512.jpeg 768w, https:\/\/portalfadesp.org.br\/wp-content\/uploads\/2024\/10\/WhatsApp-Image-2024-10-16-at-10.30.38-1536x1023.jpeg 1536w, https:\/\/portalfadesp.org.br\/wp-content\/uploads\/2024\/10\/WhatsApp-Image-2024-10-16-at-10.30.38.jpeg 1600w\" sizes=\"(max-width: 1024px) 100vw, 1024px\" \/><\/figure>\n\n\n\n<div style=\"height:30px\" aria-hidden=\"true\" class=\"wp-block-spacer\"><\/div>\n\n\n\n<p>Os bolsistas conheceram os detalhes da estrat\u00e9gia de digital promovida pela Secretaria Municipal de Sa\u00fade em parceria com a funda\u00e7\u00e3o e como ela est\u00e1 inserida no cen\u00e1rio de inova\u00e7\u00e3o. Ap\u00f3s o per\u00edodo de capacita\u00e7\u00e3o e planejamento, a previs\u00e3o \u00e9 de que eles iniciem o trabalho de campo na primeira semana de novembro.&nbsp;<\/p>\n\n\n\n<div style=\"height:30px\" aria-hidden=\"true\" class=\"wp-block-spacer\"><\/div>\n\n\n\n<p>Roberto Barreto, diretor executivo da FADESP, explica que eles far\u00e3o a liga\u00e7\u00e3o entre as diferentes institui\u00e7\u00f5es e atores envolvidos na iniciativa. \u201cEles v\u00e3o direcionar os rumos que o projeto deve ter. Ser\u00e3o fundamentais no sentido de trazer para n\u00f3s da gest\u00e3o a repercuss\u00e3o e o que precisa ser consolidado\u201d, resume.&nbsp;<\/p>\n\n\n\n<div style=\"height:30px\" aria-hidden=\"true\" class=\"wp-block-spacer\"><\/div>\n\n\n\n<p>O coordenador geral do Sa\u00fade Bel\u00e9m Digital, Renato Santos, destaca a import\u00e2ncia dos 21 para trazer os aspectos qualitativos do servi\u00e7o, disponibilizado por meio de aplicativo e web. Ser\u00e1 a chance de entender na pr\u00e1tica como est\u00e1 a ades\u00e3o ao SBD nas unidades e como os usu\u00e1rios e profissionais est\u00e3o utilizando a ferramenta. \u201cIsso vai nos ajudar na integra\u00e7\u00e3o do que alguns autores chamam de \u2018fisital\u2019, que \u00e9 a jun\u00e7\u00e3o do meio f\u00edsico com o digital\u201d, explica.&nbsp;<\/p>\n\n\n\n<div style=\"height:30px\" aria-hidden=\"true\" class=\"wp-block-spacer\"><\/div>\n\n\n\n<p><strong><mark style=\"background-color:rgba(0, 0, 0, 0)\" class=\"has-inline-color has-luminous-vivid-orange-color\">EXPECTATIVA<\/mark><\/strong><\/p>\n\n\n\n<p>Ana Brito, que ir\u00e1 coordenar a equipe, aponta que eles ter\u00e3o o papel de dialogar com os usu\u00e1rios e trabalhadores de sa\u00fade para mostrar \u201ccomo o aplicativo pode ser de f\u00e1cil acesso e resolutividade para o usu\u00e1rio que precisa de um cuidado a n\u00edvel de Aten\u00e7\u00e3o B\u00e1sica. No primeiro momento \u00e9 esse o caminhar que os assistentes de projeto tem como miss\u00e3o\u201d, diz.&nbsp;&nbsp;<\/p>\n\n\n\n<div style=\"height:30px\" aria-hidden=\"true\" class=\"wp-block-spacer\"><\/div>\n\n\n\n<p>Lais Gomes, uma das bolsistas, conta que a expectativa \u00e9 alta para iniciar o trabalho. \u201c\u00c9 um projeto realmente inovador . J\u00e1 tenho experi\u00eancia de atuar no mercado utilizando prontu\u00e1rio eletr\u00f4nico. Sempre me encantou muito o uso da tecnologia\u201d, afirma a assistente, que \u00e9 especializada em Sa\u00fade da Fam\u00edlia.&nbsp;<\/p>\n\n\n\n<div style=\"height:30px\" aria-hidden=\"true\" class=\"wp-block-spacer\"><\/div>\n\n\n\n<p><em><strong>Texto: Marta Cardoso<\/strong><\/em><\/p>\n\n\n\n<p><strong><em>Foto: Assessoria do Sa\u00fade Bel\u00e9m Digital&nbsp;<\/em><\/strong><\/p>\n\n\n\n<figure class=\"wp-block-image size-large\"><img decoding=\"async\" width=\"1024\" height=\"682\" src=\"https:\/\/portalfadesp.org.br\/wp-content\/uploads\/2024\/10\/WhatsApp-Image-2024-10-16-at-10.06.34-1024x682.jpeg\" alt=\"\" class=\"wp-image-47338\" srcset=\"https:\/\/portalfadesp.org.br\/wp-content\/uploads\/2024\/10\/WhatsApp-Image-2024-10-16-at-10.06.34-1024x682.jpeg 1024w, https:\/\/portalfadesp.org.br\/wp-content\/uploads\/2024\/10\/WhatsApp-Image-2024-10-16-at-10.06.34-300x200.jpeg 300w, https:\/\/portalfadesp.org.br\/wp-content\/uploads\/2024\/10\/WhatsApp-Image-2024-10-16-at-10.06.34-768x512.jpeg 768w, https:\/\/portalfadesp.org.br\/wp-content\/uploads\/2024\/10\/WhatsApp-Image-2024-10-16-at-10.06.34-1536x1023.jpeg 1536w, https:\/\/portalfadesp.org.br\/wp-content\/uploads\/2024\/10\/WhatsApp-Image-2024-10-16-at-10.06.34.jpeg 1600w\" sizes=\"(max-width: 1024px) 100vw, 1024px\" \/><\/figure>\n\n\n\n<p><\/p>\n","protected":false},"excerpt":{"rendered":"<p>Impactar o cen\u00e1rio da Aten\u00e7\u00e3o B\u00e1sica na capital paraense \u00e9 o objetivo do Sa\u00fade Bel\u00e9m Digital. Para isso, \u00e9 fundamental entender como essa tecnologia \u00e9 recebida pela popula\u00e7\u00e3o em suas diferentes camadas. Essa miss\u00e3o far\u00e1 parte da rotina dos 21 assistentes de projeto que foram recebidos nesta ter\u00e7a-feira (15) pela Funda\u00e7\u00e3o de Amparo e Desenvolvimento [&hellip;]<\/p>\n","protected":false},"author":12,"featured_media":47336,"comment_status":"closed","ping_status":"closed","sticky":false,"template":"","format":"standard","meta":{"_monsterinsights_skip_tracking":false,"_monsterinsights_sitenote_active":false,"_monsterinsights_sitenote_note":"","_monsterinsights_sitenote_category":0,"footnotes":""},"categories":[60],"tags":[],"class_list":["post-47335","post","type-post","status-publish","format-standard","has-post-thumbnail","hentry","category-destaque","entry","has-media"],"yoast_head":"<!-- This site is optimized with the Yoast SEO plugin v25.1 - https:\/\/yoast.com\/wordpress\/plugins\/seo\/ -->\n<title>FADESP recebe assistentes de projeto do Sa\u00fade Bel\u00e9m Digital - FADESP<\/title>\n<meta name=\"robots\" content=\"index, follow, max-snippet:-1, max-image-preview:large, max-video-preview:-1\" \/>\n<link rel=\"canonical\" href=\"https:\/\/portalfadesp.org.br\/?p=47335\" \/>\n<meta property=\"og:locale\" content=\"pt_BR\" \/>\n<meta property=\"og:type\" content=\"article\" \/>\n<meta property=\"og:title\" content=\"FADESP recebe assistentes de projeto do Sa\u00fade Bel\u00e9m Digital - FADESP\" \/>\n<meta property=\"og:description\" content=\"Impactar o cen\u00e1rio da Aten\u00e7\u00e3o B\u00e1sica na capital paraense \u00e9 o objetivo do Sa\u00fade Bel\u00e9m Digital. Para isso, \u00e9 fundamental entender como essa tecnologia \u00e9 recebida pela popula\u00e7\u00e3o em suas diferentes camadas. Essa miss\u00e3o far\u00e1 parte da rotina dos 21 assistentes de projeto que foram recebidos nesta ter\u00e7a-feira (15) pela Funda\u00e7\u00e3o de Amparo e Desenvolvimento [&hellip;]\" \/>\n<meta property=\"og:url\" content=\"https:\/\/portalfadesp.org.br\/?p=47335\" \/>\n<meta property=\"og:site_name\" content=\"FADESP\" \/>\n<meta property=\"article:publisher\" content=\"https:\/\/www.facebook.com\/Fadesp-138351949524662\/\" \/>\n<meta property=\"article:published_time\" content=\"2024-10-16T13:58:27+00:00\" \/>\n<meta property=\"article:modified_time\" content=\"2024-10-16T17:38:27+00:00\" \/>\n<meta property=\"og:image\" content=\"https:\/\/portalfadesp.org.br\/wp-content\/uploads\/2024\/10\/WhatsApp-Image-2024-10-16-at-10.48.57.jpeg\" \/>\n\t<meta property=\"og:image:width\" content=\"1600\" \/>\n\t<meta property=\"og:image:height\" content=\"475\" \/>\n\t<meta property=\"og:image:type\" content=\"image\/jpeg\" \/>\n<meta name=\"author\" content=\"Brena Marques\" \/>\n<meta name=\"twitter:card\" content=\"summary_large_image\" \/>\n<meta name=\"twitter:creator\" content=\"@Fadesp\" \/>\n<meta name=\"twitter:site\" content=\"@Fadesp\" \/>\n<meta name=\"twitter:label1\" content=\"Escrito por\" \/>\n\t<meta name=\"twitter:data1\" content=\"Brena Marques\" \/>\n\t<meta name=\"twitter:label2\" content=\"Est. tempo de leitura\" \/>\n\t<meta name=\"twitter:data2\" content=\"3 minutos\" \/>\n<script type=\"application\/ld+json\" class=\"yoast-schema-graph\">{\"@context\":\"https:\/\/schema.org\",\"@graph\":[{\"@type\":\"Article\",\"@id\":\"https:\/\/portalfadesp.org.br\/?p=47335#article\",\"isPartOf\":{\"@id\":\"https:\/\/portalfadesp.org.br\/?p=47335\"},\"author\":{\"name\":\"Brena Marques\",\"@id\":\"https:\/\/portalfadesp.org.br\/#\/schema\/person\/31709c4c8ec92d6bbdd2c1da60cf8d66\"},\"headline\":\"FADESP recebe assistentes de projeto do Sa\u00fade Bel\u00e9m Digital\",\"datePublished\":\"2024-10-16T13:58:27+00:00\",\"dateModified\":\"2024-10-16T17:38:27+00:00\",\"mainEntityOfPage\":{\"@id\":\"https:\/\/portalfadesp.org.br\/?p=47335\"},\"wordCount\":471,\"publisher\":{\"@id\":\"https:\/\/portalfadesp.org.br\/#organization\"},\"image\":{\"@id\":\"https:\/\/portalfadesp.org.br\/?p=47335#primaryimage\"},\"thumbnailUrl\":\"https:\/\/portalfadesp.org.br\/wp-content\/uploads\/2024\/10\/WhatsApp-Image-2024-10-16-at-10.48.57.jpeg\",\"articleSection\":[\"Destaque\"],\"inLanguage\":\"pt-BR\"},{\"@type\":\"WebPage\",\"@id\":\"https:\/\/portalfadesp.org.br\/?p=47335\",\"url\":\"https:\/\/portalfadesp.org.br\/?p=47335\",\"name\":\"FADESP recebe assistentes de projeto do Sa\u00fade Bel\u00e9m Digital - FADESP\",\"isPartOf\":{\"@id\":\"https:\/\/portalfadesp.org.br\/#website\"},\"primaryImageOfPage\":{\"@id\":\"https:\/\/portalfadesp.org.br\/?p=47335#primaryimage\"},\"image\":{\"@id\":\"https:\/\/portalfadesp.org.br\/?p=47335#primaryimage\"},\"thumbnailUrl\":\"https:\/\/portalfadesp.org.br\/wp-content\/uploads\/2024\/10\/WhatsApp-Image-2024-10-16-at-10.48.57.jpeg\",\"datePublished\":\"2024-10-16T13:58:27+00:00\",\"dateModified\":\"2024-10-16T17:38:27+00:00\",\"breadcrumb\":{\"@id\":\"https:\/\/portalfadesp.org.br\/?p=47335#breadcrumb\"},\"inLanguage\":\"pt-BR\",\"potentialAction\":[{\"@type\":\"ReadAction\",\"target\":[\"https:\/\/portalfadesp.org.br\/?p=47335\"]}]},{\"@type\":\"ImageObject\",\"inLanguage\":\"pt-BR\",\"@id\":\"https:\/\/portalfadesp.org.br\/?p=47335#primaryimage\",\"url\":\"https:\/\/portalfadesp.org.br\/wp-content\/uploads\/2024\/10\/WhatsApp-Image-2024-10-16-at-10.48.57.jpeg\",\"contentUrl\":\"https:\/\/portalfadesp.org.br\/wp-content\/uploads\/2024\/10\/WhatsApp-Image-2024-10-16-at-10.48.57.jpeg\",\"width\":1600,\"height\":475},{\"@type\":\"BreadcrumbList\",\"@id\":\"https:\/\/portalfadesp.org.br\/?p=47335#breadcrumb\",\"itemListElement\":[{\"@type\":\"ListItem\",\"position\":1,\"name\":\"In\u00edcio\",\"item\":\"https:\/\/portalfadesp.org.br\/\"},{\"@type\":\"ListItem\",\"position\":2,\"name\":\"FADESP recebe assistentes de projeto do Sa\u00fade Bel\u00e9m Digital\"}]},{\"@type\":\"WebSite\",\"@id\":\"https:\/\/portalfadesp.org.br\/#website\",\"url\":\"https:\/\/portalfadesp.org.br\/\",\"name\":\"FADESP\",\"description\":\"Funda\u00e7\u00e3o de Amparo e Desenvolvimento da Pesquisa\",\"publisher\":{\"@id\":\"https:\/\/portalfadesp.org.br\/#organization\"},\"potentialAction\":[{\"@type\":\"SearchAction\",\"target\":{\"@type\":\"EntryPoint\",\"urlTemplate\":\"https:\/\/portalfadesp.org.br\/?s={search_term_string}\"},\"query-input\":{\"@type\":\"PropertyValueSpecification\",\"valueRequired\":true,\"valueName\":\"search_term_string\"}}],\"inLanguage\":\"pt-BR\"},{\"@type\":\"Organization\",\"@id\":\"https:\/\/portalfadesp.org.br\/#organization\",\"name\":\"FADESP\",\"url\":\"https:\/\/portalfadesp.org.br\/\",\"logo\":{\"@type\":\"ImageObject\",\"inLanguage\":\"pt-BR\",\"@id\":\"https:\/\/portalfadesp.org.br\/#\/schema\/logo\/image\/\",\"url\":\"https:\/\/portalfadesp.org.br\/wp-content\/uploads\/2024\/01\/NOVOLOGOFADESPlaranjaH.png\",\"contentUrl\":\"https:\/\/portalfadesp.org.br\/wp-content\/uploads\/2024\/01\/NOVOLOGOFADESPlaranjaH.png\",\"width\":2742,\"height\":839,\"caption\":\"FADESP\"},\"image\":{\"@id\":\"https:\/\/portalfadesp.org.br\/#\/schema\/logo\/image\/\"},\"sameAs\":[\"https:\/\/www.facebook.com\/Fadesp-138351949524662\/\",\"https:\/\/x.com\/Fadesp\",\"https:\/\/www.instagram.com\/fadesp_ufpa\/\",\"https:\/\/www.youtube.com\/@fundacaodeamparoedesenvolv1903\",\"https:\/\/www.threads.net\/@fadesp_ufpa\"]},{\"@type\":\"Person\",\"@id\":\"https:\/\/portalfadesp.org.br\/#\/schema\/person\/31709c4c8ec92d6bbdd2c1da60cf8d66\",\"name\":\"Brena Marques\",\"image\":{\"@type\":\"ImageObject\",\"inLanguage\":\"pt-BR\",\"@id\":\"https:\/\/portalfadesp.org.br\/#\/schema\/person\/image\/\",\"url\":\"https:\/\/secure.gravatar.com\/avatar\/d8709cd0de324fbec018b6878350216726d26c3436f44ebee8f3db75e29728f3?s=96&d=mm&r=g\",\"contentUrl\":\"https:\/\/secure.gravatar.com\/avatar\/d8709cd0de324fbec018b6878350216726d26c3436f44ebee8f3db75e29728f3?s=96&d=mm&r=g\",\"caption\":\"Brena Marques\"},\"url\":\"https:\/\/portalfadesp.org.br\/?author=12\"}]}<\/script>\n<!-- \/ Yoast SEO plugin. -->","yoast_head_json":{"title":"FADESP recebe assistentes de projeto do Sa\u00fade Bel\u00e9m Digital - FADESP","robots":{"index":"index","follow":"follow","max-snippet":"max-snippet:-1","max-image-preview":"max-image-preview:large","max-video-preview":"max-video-preview:-1"},"canonical":"https:\/\/portalfadesp.org.br\/?p=47335","og_locale":"pt_BR","og_type":"article","og_title":"FADESP recebe assistentes de projeto do Sa\u00fade Bel\u00e9m Digital - FADESP","og_description":"Impactar o cen\u00e1rio da Aten\u00e7\u00e3o B\u00e1sica na capital paraense \u00e9 o objetivo do Sa\u00fade Bel\u00e9m Digital. Para isso, \u00e9 fundamental entender como essa tecnologia \u00e9 recebida pela popula\u00e7\u00e3o em suas diferentes camadas. Essa miss\u00e3o far\u00e1 parte da rotina dos 21 assistentes de projeto que foram recebidos nesta ter\u00e7a-feira (15) pela Funda\u00e7\u00e3o de Amparo e Desenvolvimento [&hellip;]","og_url":"https:\/\/portalfadesp.org.br\/?p=47335","og_site_name":"FADESP","article_publisher":"https:\/\/www.facebook.com\/Fadesp-138351949524662\/","article_published_time":"2024-10-16T13:58:27+00:00","article_modified_time":"2024-10-16T17:38:27+00:00","og_image":[{"width":1600,"height":475,"url":"https:\/\/portalfadesp.org.br\/wp-content\/uploads\/2024\/10\/WhatsApp-Image-2024-10-16-at-10.48.57.jpeg","type":"image\/jpeg"}],"author":"Brena Marques","twitter_card":"summary_large_image","twitter_creator":"@Fadesp","twitter_site":"@Fadesp","twitter_misc":{"Escrito por":"Brena Marques","Est. tempo de leitura":"3 minutos"},"schema":{"@context":"https:\/\/schema.org","@graph":[{"@type":"Article","@id":"https:\/\/portalfadesp.org.br\/?p=47335#article","isPartOf":{"@id":"https:\/\/portalfadesp.org.br\/?p=47335"},"author":{"name":"Brena Marques","@id":"https:\/\/portalfadesp.org.br\/#\/schema\/person\/31709c4c8ec92d6bbdd2c1da60cf8d66"},"headline":"FADESP recebe assistentes de projeto do Sa\u00fade Bel\u00e9m Digital","datePublished":"2024-10-16T13:58:27+00:00","dateModified":"2024-10-16T17:38:27+00:00","mainEntityOfPage":{"@id":"https:\/\/portalfadesp.org.br\/?p=47335"},"wordCount":471,"publisher":{"@id":"https:\/\/portalfadesp.org.br\/#organization"},"image":{"@id":"https:\/\/portalfadesp.org.br\/?p=47335#primaryimage"},"thumbnailUrl":"https:\/\/portalfadesp.org.br\/wp-content\/uploads\/2024\/10\/WhatsApp-Image-2024-10-16-at-10.48.57.jpeg","articleSection":["Destaque"],"inLanguage":"pt-BR"},{"@type":"WebPage","@id":"https:\/\/portalfadesp.org.br\/?p=47335","url":"https:\/\/portalfadesp.org.br\/?p=47335","name":"FADESP recebe assistentes de projeto do Sa\u00fade Bel\u00e9m Digital - FADESP","isPartOf":{"@id":"https:\/\/portalfadesp.org.br\/#website"},"primaryImageOfPage":{"@id":"https:\/\/portalfadesp.org.br\/?p=47335#primaryimage"},"image":{"@id":"https:\/\/portalfadesp.org.br\/?p=47335#primaryimage"},"thumbnailUrl":"https:\/\/portalfadesp.org.br\/wp-content\/uploads\/2024\/10\/WhatsApp-Image-2024-10-16-at-10.48.57.jpeg","datePublished":"2024-10-16T13:58:27+00:00","dateModified":"2024-10-16T17:38:27+00:00","breadcrumb":{"@id":"https:\/\/portalfadesp.org.br\/?p=47335#breadcrumb"},"inLanguage":"pt-BR","potentialAction":[{"@type":"ReadAction","target":["https:\/\/portalfadesp.org.br\/?p=47335"]}]},{"@type":"ImageObject","inLanguage":"pt-BR","@id":"https:\/\/portalfadesp.org.br\/?p=47335#primaryimage","url":"https:\/\/portalfadesp.org.br\/wp-content\/uploads\/2024\/10\/WhatsApp-Image-2024-10-16-at-10.48.57.jpeg","contentUrl":"https:\/\/portalfadesp.org.br\/wp-content\/uploads\/2024\/10\/WhatsApp-Image-2024-10-16-at-10.48.57.jpeg","width":1600,"height":475},{"@type":"BreadcrumbList","@id":"https:\/\/portalfadesp.org.br\/?p=47335#breadcrumb","itemListElement":[{"@type":"ListItem","position":1,"name":"In\u00edcio","item":"https:\/\/portalfadesp.org.br\/"},{"@type":"ListItem","position":2,"name":"FADESP recebe assistentes de projeto do Sa\u00fade Bel\u00e9m Digital"}]},{"@type":"WebSite","@id":"https:\/\/portalfadesp.org.br\/#website","url":"https:\/\/portalfadesp.org.br\/","name":"FADESP","description":"Funda\u00e7\u00e3o de Amparo e Desenvolvimento da Pesquisa","publisher":{"@id":"https:\/\/portalfadesp.org.br\/#organization"},"potentialAction":[{"@type":"SearchAction","target":{"@type":"EntryPoint","urlTemplate":"https:\/\/portalfadesp.org.br\/?s={search_term_string}"},"query-input":{"@type":"PropertyValueSpecification","valueRequired":true,"valueName":"search_term_string"}}],"inLanguage":"pt-BR"},{"@type":"Organization","@id":"https:\/\/portalfadesp.org.br\/#organization","name":"FADESP","url":"https:\/\/portalfadesp.org.br\/","logo":{"@type":"ImageObject","inLanguage":"pt-BR","@id":"https:\/\/portalfadesp.org.br\/#\/schema\/logo\/image\/","url":"https:\/\/portalfadesp.org.br\/wp-content\/uploads\/2024\/01\/NOVOLOGOFADESPlaranjaH.png","contentUrl":"https:\/\/portalfadesp.org.br\/wp-content\/uploads\/2024\/01\/NOVOLOGOFADESPlaranjaH.png","width":2742,"height":839,"caption":"FADESP"},"image":{"@id":"https:\/\/portalfadesp.org.br\/#\/schema\/logo\/image\/"},"sameAs":["https:\/\/www.facebook.com\/Fadesp-138351949524662\/","https:\/\/x.com\/Fadesp","https:\/\/www.instagram.com\/fadesp_ufpa\/","https:\/\/www.youtube.com\/@fundacaodeamparoedesenvolv1903","https:\/\/www.threads.net\/@fadesp_ufpa"]},{"@type":"Person","@id":"https:\/\/portalfadesp.org.br\/#\/schema\/person\/31709c4c8ec92d6bbdd2c1da60cf8d66","name":"Brena Marques","image":{"@type":"ImageObject","inLanguage":"pt-BR","@id":"https:\/\/portalfadesp.org.br\/#\/schema\/person\/image\/","url":"https:\/\/secure.gravatar.com\/avatar\/d8709cd0de324fbec018b6878350216726d26c3436f44ebee8f3db75e29728f3?s=96&d=mm&r=g","contentUrl":"https:\/\/secure.gravatar.com\/avatar\/d8709cd0de324fbec018b6878350216726d26c3436f44ebee8f3db75e29728f3?s=96&d=mm&r=g","caption":"Brena Marques"},"url":"https:\/\/portalfadesp.org.br\/?author=12"}]}},"_links":{"self":[{"href":"https:\/\/portalfadesp.org.br\/index.php?rest_route=\/wp\/v2\/posts\/47335","targetHints":{"allow":["GET"]}}],"collection":[{"href":"https:\/\/portalfadesp.org.br\/index.php?rest_route=\/wp\/v2\/posts"}],"about":[{"href":"https:\/\/portalfadesp.org.br\/index.php?rest_route=\/wp\/v2\/types\/post"}],"author":[{"embeddable":true,"href":"https:\/\/portalfadesp.org.br\/index.php?rest_route=\/wp\/v2\/users\/12"}],"replies":[{"embeddable":true,"href":"https:\/\/portalfadesp.org.br\/index.php?rest_route=%2Fwp%2Fv2%2Fcomments&post=47335"}],"version-history":[{"count":2,"href":"https:\/\/portalfadesp.org.br\/index.php?rest_route=\/wp\/v2\/posts\/47335\/revisions"}],"predecessor-version":[{"id":47340,"href":"https:\/\/portalfadesp.org.br\/index.php?rest_route=\/wp\/v2\/posts\/47335\/revisions\/47340"}],"wp:featuredmedia":[{"embeddable":true,"href":"https:\/\/portalfadesp.org.br\/index.php?rest_route=\/wp\/v2\/media\/47336"}],"wp:attachment":[{"href":"https:\/\/portalfadesp.org.br\/index.php?rest_route=%2Fwp%2Fv2%2Fmedia&parent=47335"}],"wp:term":[{"taxonomy":"category","embeddable":true,"href":"https:\/\/portalfadesp.org.br\/index.php?rest_route=%2Fwp%2Fv2%2Fcategories&post=47335"},{"taxonomy":"post_tag","embeddable":true,"href":"https:\/\/portalfadesp.org.br\/index.php?rest_route=%2Fwp%2Fv2%2Ftags&post=47335"}],"curies":[{"name":"wp","href":"https:\/\/api.w.org\/{rel}","templated":true}]}}