{"id":47330,"date":"2024-10-12T08:21:03","date_gmt":"2024-10-12T11:21:03","guid":{"rendered":"https:\/\/portalfadesp.org.br\/?p=47330"},"modified":"2024-10-12T10:33:49","modified_gmt":"2024-10-12T13:33:49","slug":"saude-belem-digital-e-destaque-em-congresso-nacional","status":"publish","type":"post","link":"https:\/\/portalfadesp.org.br\/?p=47330","title":{"rendered":"Sa\u00fade Bel\u00e9m Digital \u00e9 destaque em congresso nacional"},"content":{"rendered":"\n<p>O Sa\u00fade Bel\u00e9m Digital foi uma das inova\u00e7\u00f5es destacadas no 20\u00b0Congresso Brasileiro de Inform\u00e1tica em Sa\u00fade (CBIS&#8217;24). Realizado em Belo Horizonte (MG) at\u00e9 esta sexta-feira (11), o evento promove o debate sobre a Sa\u00fade Digital no pa\u00eds e alia for\u00e7as para que os resultados obtidos nos \u00faltimos anos sejam potencializados.<\/p>\n\n\n\n<div style=\"height:29px\" aria-hidden=\"true\" class=\"wp-block-spacer\"><\/div>\n\n\n\n<p>A proposta do congresso \u00e9 envolver os setores da sociedade trazendo a academia, mercado e o setor p\u00fablico em prol da concretiza\u00e7\u00e3o das propostas para a Estrat\u00e9gia de Sa\u00fade Digital para o Brasil 2020-2028 (ESD28).&nbsp;<br><\/p>\n\n\n\n<div style=\"height:35px\" aria-hidden=\"true\" class=\"wp-block-spacer\"><\/div>\n\n\n\n<p>O coordenador do Sa\u00fade Bel\u00e9m Digital, Renato Santos, foi um dos palestrantes no painel \u201cTransforma\u00e7\u00e3o Digital nos munic\u00edpios: estrat\u00e9gias concretas de operacionaliza\u00e7\u00e3o das pol\u00edticas nacionais\u201d. Nele, foi apresentada a ferramenta de teleconsulta e teleorienta\u00e7\u00e3o promovida pela Secretaria Municipal de Sa\u00fade e executada pela Funda\u00e7\u00e3o Amparo e Desenvolvimento da Pesquisa (FADESP).\u00a0<br><\/p>\n\n\n\n<div style=\"height:30px\" aria-hidden=\"true\" class=\"wp-block-spacer\"><\/div>\n\n\n\n<p>Santos destaca que o congresso promoveu a discuss\u00e3o sobre avan\u00e7os no campo da sa\u00fade no di\u00e1logo com a inova\u00e7\u00e3o tecnol\u00f3gica, n\u00e3o apenas nas perspectivas de mercado, mas tamb\u00e9m na elabora\u00e7\u00e3o de pol\u00edticas p\u00fablicas. Ele conta que foi um espa\u00e7o de di\u00e1logos dessas tem\u00e1ticas envolvendo institui\u00e7\u00f5es p\u00fablicas e privadas, empresas de desenvolvimento de software e de outras tecnologias de inova\u00e7\u00e3o em sa\u00fade.\u00a0<br><\/p>\n\n\n\n<div style=\"height:29px\" aria-hidden=\"true\" class=\"wp-block-spacer\"><\/div>\n\n\n\n<p>Mesmo em fase inicial, a experi\u00eancia de Bel\u00e9m \u201cj\u00e1 est\u00e1 sendo vislumbrada como uma experi\u00eancia importante, haja vista que o cen\u00e1rio no Norte \u00e9 de muita dificuldade para o avan\u00e7o da sa\u00fade digital\u201d, ressalta Renato Santos.<\/p>\n\n\n\n<div style=\"height:29px\" aria-hidden=\"true\" class=\"wp-block-spacer\"><\/div>\n\n\n\n<p>O Sa\u00fade Bel\u00e9m Digital oferece atendimento gratuito para moradores de Bel\u00e9m, de segunda a segunda. Lan\u00e7ada em agosto de 2024, \u00e9 a nova estrat\u00e9gia para ampliar o acesso \u00e0 sa\u00fade na capital paraense. O cora\u00e7\u00e3o do projeto \u00e9 a Aten\u00e7\u00e3o Prim\u00e1ria \u00e0 Sa\u00fade (APS), dedicada \u00e0 prote\u00e7\u00e3o de sa\u00fade, preven\u00e7\u00e3o, diagn\u00f3sticos e outras a\u00e7\u00f5es que promovam a sa\u00fade da comunidade.\u00a0<br><\/p>\n\n\n\n<div style=\"height:32px\" aria-hidden=\"true\" class=\"wp-block-spacer\"><\/div>\n\n\n\n<p><mark style=\"background-color:rgba(0, 0, 0, 0)\" class=\"has-inline-color has-luminous-vivid-orange-color\">PARA TODOS<\/mark><\/p>\n\n\n\n<p>O tema central deste ano foi &#8220;Sa\u00fade Digital: Sa\u00fade para Todos&#8221; com o objetivo de promover a discuss\u00e3o sobre a equidade, inclus\u00e3o e a transforma\u00e7\u00e3o de como a sa\u00fade \u00e9 entregue, tornando-a mais acess\u00edvel, eficiente e personalizada para a popula\u00e7\u00e3o.<\/p>\n\n\n\n<div style=\"height:28px\" aria-hidden=\"true\" class=\"wp-block-spacer\"><\/div>\n\n\n\n<p>Entre os convidados estavam Ana Estela Haddad, secret\u00e1ria de Informa\u00e7\u00e3o e Sa\u00fade Digital do Minist\u00e9rio da Sa\u00fade (SEIDIGI) e Arthur Chioro, presidente da Empresa Brasileira de Servi\u00e7os Hospitalares (Ebserh).<\/p>\n\n\n\n<div style=\"height:29px\" aria-hidden=\"true\" class=\"wp-block-spacer\"><\/div>\n\n\n\n<p>Para Juliano de Souza Gaspar, presidente do CBIS\u201924, o evento promove um ambiente rico em troca de conhecimento, debate sobre as transforma\u00e7\u00f5es da sa\u00fade digital e o fortalecimento da colabora\u00e7\u00e3o entre todos os envolvidos.<\/p>\n\n\n\n<div style=\"height:30px\" aria-hidden=\"true\" class=\"wp-block-spacer\"><\/div>\n\n\n\n<p><\/p>\n\n\n\n<p><strong><em>Texto: Marta Cardoso<\/em><\/strong><\/p>\n\n\n\n<p><strong><em>Foto: Ronaldo Almeida\/SBIS<\/em><\/strong><\/p>\n\n\n\n<p><\/p>\n","protected":false},"excerpt":{"rendered":"<p>O Sa\u00fade Bel\u00e9m Digital foi uma das inova\u00e7\u00f5es destacadas no 20\u00b0Congresso Brasileiro de Inform\u00e1tica em Sa\u00fade (CBIS&#8217;24). Realizado em Belo Horizonte (MG) at\u00e9 esta sexta-feira (11), o evento promove o debate sobre a Sa\u00fade Digital no pa\u00eds e alia for\u00e7as para que os resultados obtidos nos \u00faltimos anos sejam potencializados. A proposta do congresso \u00e9 [&hellip;]<\/p>\n","protected":false},"author":12,"featured_media":47333,"comment_status":"closed","ping_status":"closed","sticky":false,"template":"","format":"standard","meta":{"_monsterinsights_skip_tracking":false,"_monsterinsights_sitenote_active":false,"_monsterinsights_sitenote_note":"","_monsterinsights_sitenote_category":0,"footnotes":""},"categories":[60,1],"tags":[],"class_list":["post-47330","post","type-post","status-publish","format-standard","has-post-thumbnail","hentry","category-destaque","category-geral","entry","has-media"],"yoast_head":"<!-- This site is optimized with the Yoast SEO plugin v25.1 - https:\/\/yoast.com\/wordpress\/plugins\/seo\/ -->\n<title>Sa\u00fade Bel\u00e9m Digital \u00e9 destaque em congresso nacional - FADESP<\/title>\n<meta name=\"robots\" content=\"index, follow, max-snippet:-1, max-image-preview:large, max-video-preview:-1\" \/>\n<link rel=\"canonical\" href=\"https:\/\/portalfadesp.org.br\/?p=47330\" \/>\n<meta property=\"og:locale\" content=\"pt_BR\" \/>\n<meta property=\"og:type\" content=\"article\" \/>\n<meta property=\"og:title\" content=\"Sa\u00fade Bel\u00e9m Digital \u00e9 destaque em congresso nacional - FADESP\" \/>\n<meta property=\"og:description\" content=\"O Sa\u00fade Bel\u00e9m Digital foi uma das inova\u00e7\u00f5es destacadas no 20\u00b0Congresso Brasileiro de Inform\u00e1tica em Sa\u00fade (CBIS&#8217;24). Realizado em Belo Horizonte (MG) at\u00e9 esta sexta-feira (11), o evento promove o debate sobre a Sa\u00fade Digital no pa\u00eds e alia for\u00e7as para que os resultados obtidos nos \u00faltimos anos sejam potencializados. A proposta do congresso \u00e9 [&hellip;]\" \/>\n<meta property=\"og:url\" content=\"https:\/\/portalfadesp.org.br\/?p=47330\" \/>\n<meta property=\"og:site_name\" content=\"FADESP\" \/>\n<meta property=\"article:publisher\" content=\"https:\/\/www.facebook.com\/Fadesp-138351949524662\/\" \/>\n<meta property=\"article:published_time\" content=\"2024-10-12T11:21:03+00:00\" \/>\n<meta property=\"article:modified_time\" content=\"2024-10-12T13:33:49+00:00\" \/>\n<meta property=\"og:image\" content=\"https:\/\/portalfadesp.org.br\/wp-content\/uploads\/2024\/10\/6755a64b-aaba-4887-b888-f9131b2ed330.jpeg\" \/>\n\t<meta property=\"og:image:width\" content=\"1600\" \/>\n\t<meta property=\"og:image:height\" content=\"475\" \/>\n\t<meta property=\"og:image:type\" content=\"image\/jpeg\" \/>\n<meta name=\"author\" content=\"Brena Marques\" \/>\n<meta name=\"twitter:card\" content=\"summary_large_image\" \/>\n<meta name=\"twitter:creator\" content=\"@Fadesp\" \/>\n<meta name=\"twitter:site\" content=\"@Fadesp\" \/>\n<meta name=\"twitter:label1\" content=\"Escrito por\" \/>\n\t<meta name=\"twitter:data1\" content=\"Brena Marques\" \/>\n\t<meta name=\"twitter:label2\" content=\"Est. tempo de leitura\" \/>\n\t<meta name=\"twitter:data2\" content=\"3 minutos\" \/>\n<script type=\"application\/ld+json\" class=\"yoast-schema-graph\">{\"@context\":\"https:\/\/schema.org\",\"@graph\":[{\"@type\":\"Article\",\"@id\":\"https:\/\/portalfadesp.org.br\/?p=47330#article\",\"isPartOf\":{\"@id\":\"https:\/\/portalfadesp.org.br\/?p=47330\"},\"author\":{\"name\":\"Brena Marques\",\"@id\":\"https:\/\/portalfadesp.org.br\/#\/schema\/person\/31709c4c8ec92d6bbdd2c1da60cf8d66\"},\"headline\":\"Sa\u00fade Bel\u00e9m Digital \u00e9 destaque em congresso nacional\",\"datePublished\":\"2024-10-12T11:21:03+00:00\",\"dateModified\":\"2024-10-12T13:33:49+00:00\",\"mainEntityOfPage\":{\"@id\":\"https:\/\/portalfadesp.org.br\/?p=47330\"},\"wordCount\":483,\"publisher\":{\"@id\":\"https:\/\/portalfadesp.org.br\/#organization\"},\"image\":{\"@id\":\"https:\/\/portalfadesp.org.br\/?p=47330#primaryimage\"},\"thumbnailUrl\":\"https:\/\/portalfadesp.org.br\/wp-content\/uploads\/2024\/10\/6755a64b-aaba-4887-b888-f9131b2ed330.jpeg\",\"articleSection\":[\"Destaque\",\"Geral\"],\"inLanguage\":\"pt-BR\"},{\"@type\":\"WebPage\",\"@id\":\"https:\/\/portalfadesp.org.br\/?p=47330\",\"url\":\"https:\/\/portalfadesp.org.br\/?p=47330\",\"name\":\"Sa\u00fade Bel\u00e9m Digital \u00e9 destaque em congresso nacional - FADESP\",\"isPartOf\":{\"@id\":\"https:\/\/portalfadesp.org.br\/#website\"},\"primaryImageOfPage\":{\"@id\":\"https:\/\/portalfadesp.org.br\/?p=47330#primaryimage\"},\"image\":{\"@id\":\"https:\/\/portalfadesp.org.br\/?p=47330#primaryimage\"},\"thumbnailUrl\":\"https:\/\/portalfadesp.org.br\/wp-content\/uploads\/2024\/10\/6755a64b-aaba-4887-b888-f9131b2ed330.jpeg\",\"datePublished\":\"2024-10-12T11:21:03+00:00\",\"dateModified\":\"2024-10-12T13:33:49+00:00\",\"breadcrumb\":{\"@id\":\"https:\/\/portalfadesp.org.br\/?p=47330#breadcrumb\"},\"inLanguage\":\"pt-BR\",\"potentialAction\":[{\"@type\":\"ReadAction\",\"target\":[\"https:\/\/portalfadesp.org.br\/?p=47330\"]}]},{\"@type\":\"ImageObject\",\"inLanguage\":\"pt-BR\",\"@id\":\"https:\/\/portalfadesp.org.br\/?p=47330#primaryimage\",\"url\":\"https:\/\/portalfadesp.org.br\/wp-content\/uploads\/2024\/10\/6755a64b-aaba-4887-b888-f9131b2ed330.jpeg\",\"contentUrl\":\"https:\/\/portalfadesp.org.br\/wp-content\/uploads\/2024\/10\/6755a64b-aaba-4887-b888-f9131b2ed330.jpeg\",\"width\":1600,\"height\":475},{\"@type\":\"BreadcrumbList\",\"@id\":\"https:\/\/portalfadesp.org.br\/?p=47330#breadcrumb\",\"itemListElement\":[{\"@type\":\"ListItem\",\"position\":1,\"name\":\"In\u00edcio\",\"item\":\"https:\/\/portalfadesp.org.br\/\"},{\"@type\":\"ListItem\",\"position\":2,\"name\":\"Sa\u00fade Bel\u00e9m Digital \u00e9 destaque em congresso nacional\"}]},{\"@type\":\"WebSite\",\"@id\":\"https:\/\/portalfadesp.org.br\/#website\",\"url\":\"https:\/\/portalfadesp.org.br\/\",\"name\":\"FADESP\",\"description\":\"Funda\u00e7\u00e3o de Amparo e Desenvolvimento da Pesquisa\",\"publisher\":{\"@id\":\"https:\/\/portalfadesp.org.br\/#organization\"},\"potentialAction\":[{\"@type\":\"SearchAction\",\"target\":{\"@type\":\"EntryPoint\",\"urlTemplate\":\"https:\/\/portalfadesp.org.br\/?s={search_term_string}\"},\"query-input\":{\"@type\":\"PropertyValueSpecification\",\"valueRequired\":true,\"valueName\":\"search_term_string\"}}],\"inLanguage\":\"pt-BR\"},{\"@type\":\"Organization\",\"@id\":\"https:\/\/portalfadesp.org.br\/#organization\",\"name\":\"FADESP\",\"url\":\"https:\/\/portalfadesp.org.br\/\",\"logo\":{\"@type\":\"ImageObject\",\"inLanguage\":\"pt-BR\",\"@id\":\"https:\/\/portalfadesp.org.br\/#\/schema\/logo\/image\/\",\"url\":\"https:\/\/portalfadesp.org.br\/wp-content\/uploads\/2024\/01\/NOVOLOGOFADESPlaranjaH.png\",\"contentUrl\":\"https:\/\/portalfadesp.org.br\/wp-content\/uploads\/2024\/01\/NOVOLOGOFADESPlaranjaH.png\",\"width\":2742,\"height\":839,\"caption\":\"FADESP\"},\"image\":{\"@id\":\"https:\/\/portalfadesp.org.br\/#\/schema\/logo\/image\/\"},\"sameAs\":[\"https:\/\/www.facebook.com\/Fadesp-138351949524662\/\",\"https:\/\/x.com\/Fadesp\",\"https:\/\/www.instagram.com\/fadesp_ufpa\/\",\"https:\/\/www.youtube.com\/@fundacaodeamparoedesenvolv1903\",\"https:\/\/www.threads.net\/@fadesp_ufpa\"]},{\"@type\":\"Person\",\"@id\":\"https:\/\/portalfadesp.org.br\/#\/schema\/person\/31709c4c8ec92d6bbdd2c1da60cf8d66\",\"name\":\"Brena Marques\",\"image\":{\"@type\":\"ImageObject\",\"inLanguage\":\"pt-BR\",\"@id\":\"https:\/\/portalfadesp.org.br\/#\/schema\/person\/image\/\",\"url\":\"https:\/\/secure.gravatar.com\/avatar\/d8709cd0de324fbec018b6878350216726d26c3436f44ebee8f3db75e29728f3?s=96&d=mm&r=g\",\"contentUrl\":\"https:\/\/secure.gravatar.com\/avatar\/d8709cd0de324fbec018b6878350216726d26c3436f44ebee8f3db75e29728f3?s=96&d=mm&r=g\",\"caption\":\"Brena Marques\"},\"url\":\"https:\/\/portalfadesp.org.br\/?author=12\"}]}<\/script>\n<!-- \/ Yoast SEO plugin. -->","yoast_head_json":{"title":"Sa\u00fade Bel\u00e9m Digital \u00e9 destaque em congresso nacional - FADESP","robots":{"index":"index","follow":"follow","max-snippet":"max-snippet:-1","max-image-preview":"max-image-preview:large","max-video-preview":"max-video-preview:-1"},"canonical":"https:\/\/portalfadesp.org.br\/?p=47330","og_locale":"pt_BR","og_type":"article","og_title":"Sa\u00fade Bel\u00e9m Digital \u00e9 destaque em congresso nacional - FADESP","og_description":"O Sa\u00fade Bel\u00e9m Digital foi uma das inova\u00e7\u00f5es destacadas no 20\u00b0Congresso Brasileiro de Inform\u00e1tica em Sa\u00fade (CBIS&#8217;24). Realizado em Belo Horizonte (MG) at\u00e9 esta sexta-feira (11), o evento promove o debate sobre a Sa\u00fade Digital no pa\u00eds e alia for\u00e7as para que os resultados obtidos nos \u00faltimos anos sejam potencializados. A proposta do congresso \u00e9 [&hellip;]","og_url":"https:\/\/portalfadesp.org.br\/?p=47330","og_site_name":"FADESP","article_publisher":"https:\/\/www.facebook.com\/Fadesp-138351949524662\/","article_published_time":"2024-10-12T11:21:03+00:00","article_modified_time":"2024-10-12T13:33:49+00:00","og_image":[{"width":1600,"height":475,"url":"https:\/\/portalfadesp.org.br\/wp-content\/uploads\/2024\/10\/6755a64b-aaba-4887-b888-f9131b2ed330.jpeg","type":"image\/jpeg"}],"author":"Brena Marques","twitter_card":"summary_large_image","twitter_creator":"@Fadesp","twitter_site":"@Fadesp","twitter_misc":{"Escrito por":"Brena Marques","Est. tempo de leitura":"3 minutos"},"schema":{"@context":"https:\/\/schema.org","@graph":[{"@type":"Article","@id":"https:\/\/portalfadesp.org.br\/?p=47330#article","isPartOf":{"@id":"https:\/\/portalfadesp.org.br\/?p=47330"},"author":{"name":"Brena Marques","@id":"https:\/\/portalfadesp.org.br\/#\/schema\/person\/31709c4c8ec92d6bbdd2c1da60cf8d66"},"headline":"Sa\u00fade Bel\u00e9m Digital \u00e9 destaque em congresso nacional","datePublished":"2024-10-12T11:21:03+00:00","dateModified":"2024-10-12T13:33:49+00:00","mainEntityOfPage":{"@id":"https:\/\/portalfadesp.org.br\/?p=47330"},"wordCount":483,"publisher":{"@id":"https:\/\/portalfadesp.org.br\/#organization"},"image":{"@id":"https:\/\/portalfadesp.org.br\/?p=47330#primaryimage"},"thumbnailUrl":"https:\/\/portalfadesp.org.br\/wp-content\/uploads\/2024\/10\/6755a64b-aaba-4887-b888-f9131b2ed330.jpeg","articleSection":["Destaque","Geral"],"inLanguage":"pt-BR"},{"@type":"WebPage","@id":"https:\/\/portalfadesp.org.br\/?p=47330","url":"https:\/\/portalfadesp.org.br\/?p=47330","name":"Sa\u00fade Bel\u00e9m Digital \u00e9 destaque em congresso nacional - FADESP","isPartOf":{"@id":"https:\/\/portalfadesp.org.br\/#website"},"primaryImageOfPage":{"@id":"https:\/\/portalfadesp.org.br\/?p=47330#primaryimage"},"image":{"@id":"https:\/\/portalfadesp.org.br\/?p=47330#primaryimage"},"thumbnailUrl":"https:\/\/portalfadesp.org.br\/wp-content\/uploads\/2024\/10\/6755a64b-aaba-4887-b888-f9131b2ed330.jpeg","datePublished":"2024-10-12T11:21:03+00:00","dateModified":"2024-10-12T13:33:49+00:00","breadcrumb":{"@id":"https:\/\/portalfadesp.org.br\/?p=47330#breadcrumb"},"inLanguage":"pt-BR","potentialAction":[{"@type":"ReadAction","target":["https:\/\/portalfadesp.org.br\/?p=47330"]}]},{"@type":"ImageObject","inLanguage":"pt-BR","@id":"https:\/\/portalfadesp.org.br\/?p=47330#primaryimage","url":"https:\/\/portalfadesp.org.br\/wp-content\/uploads\/2024\/10\/6755a64b-aaba-4887-b888-f9131b2ed330.jpeg","contentUrl":"https:\/\/portalfadesp.org.br\/wp-content\/uploads\/2024\/10\/6755a64b-aaba-4887-b888-f9131b2ed330.jpeg","width":1600,"height":475},{"@type":"BreadcrumbList","@id":"https:\/\/portalfadesp.org.br\/?p=47330#breadcrumb","itemListElement":[{"@type":"ListItem","position":1,"name":"In\u00edcio","item":"https:\/\/portalfadesp.org.br\/"},{"@type":"ListItem","position":2,"name":"Sa\u00fade Bel\u00e9m Digital \u00e9 destaque em congresso nacional"}]},{"@type":"WebSite","@id":"https:\/\/portalfadesp.org.br\/#website","url":"https:\/\/portalfadesp.org.br\/","name":"FADESP","description":"Funda\u00e7\u00e3o de Amparo e Desenvolvimento da Pesquisa","publisher":{"@id":"https:\/\/portalfadesp.org.br\/#organization"},"potentialAction":[{"@type":"SearchAction","target":{"@type":"EntryPoint","urlTemplate":"https:\/\/portalfadesp.org.br\/?s={search_term_string}"},"query-input":{"@type":"PropertyValueSpecification","valueRequired":true,"valueName":"search_term_string"}}],"inLanguage":"pt-BR"},{"@type":"Organization","@id":"https:\/\/portalfadesp.org.br\/#organization","name":"FADESP","url":"https:\/\/portalfadesp.org.br\/","logo":{"@type":"ImageObject","inLanguage":"pt-BR","@id":"https:\/\/portalfadesp.org.br\/#\/schema\/logo\/image\/","url":"https:\/\/portalfadesp.org.br\/wp-content\/uploads\/2024\/01\/NOVOLOGOFADESPlaranjaH.png","contentUrl":"https:\/\/portalfadesp.org.br\/wp-content\/uploads\/2024\/01\/NOVOLOGOFADESPlaranjaH.png","width":2742,"height":839,"caption":"FADESP"},"image":{"@id":"https:\/\/portalfadesp.org.br\/#\/schema\/logo\/image\/"},"sameAs":["https:\/\/www.facebook.com\/Fadesp-138351949524662\/","https:\/\/x.com\/Fadesp","https:\/\/www.instagram.com\/fadesp_ufpa\/","https:\/\/www.youtube.com\/@fundacaodeamparoedesenvolv1903","https:\/\/www.threads.net\/@fadesp_ufpa"]},{"@type":"Person","@id":"https:\/\/portalfadesp.org.br\/#\/schema\/person\/31709c4c8ec92d6bbdd2c1da60cf8d66","name":"Brena Marques","image":{"@type":"ImageObject","inLanguage":"pt-BR","@id":"https:\/\/portalfadesp.org.br\/#\/schema\/person\/image\/","url":"https:\/\/secure.gravatar.com\/avatar\/d8709cd0de324fbec018b6878350216726d26c3436f44ebee8f3db75e29728f3?s=96&d=mm&r=g","contentUrl":"https:\/\/secure.gravatar.com\/avatar\/d8709cd0de324fbec018b6878350216726d26c3436f44ebee8f3db75e29728f3?s=96&d=mm&r=g","caption":"Brena Marques"},"url":"https:\/\/portalfadesp.org.br\/?author=12"}]}},"_links":{"self":[{"href":"https:\/\/portalfadesp.org.br\/index.php?rest_route=\/wp\/v2\/posts\/47330","targetHints":{"allow":["GET"]}}],"collection":[{"href":"https:\/\/portalfadesp.org.br\/index.php?rest_route=\/wp\/v2\/posts"}],"about":[{"href":"https:\/\/portalfadesp.org.br\/index.php?rest_route=\/wp\/v2\/types\/post"}],"author":[{"embeddable":true,"href":"https:\/\/portalfadesp.org.br\/index.php?rest_route=\/wp\/v2\/users\/12"}],"replies":[{"embeddable":true,"href":"https:\/\/portalfadesp.org.br\/index.php?rest_route=%2Fwp%2Fv2%2Fcomments&post=47330"}],"version-history":[{"count":2,"href":"https:\/\/portalfadesp.org.br\/index.php?rest_route=\/wp\/v2\/posts\/47330\/revisions"}],"predecessor-version":[{"id":47332,"href":"https:\/\/portalfadesp.org.br\/index.php?rest_route=\/wp\/v2\/posts\/47330\/revisions\/47332"}],"wp:featuredmedia":[{"embeddable":true,"href":"https:\/\/portalfadesp.org.br\/index.php?rest_route=\/wp\/v2\/media\/47333"}],"wp:attachment":[{"href":"https:\/\/portalfadesp.org.br\/index.php?rest_route=%2Fwp%2Fv2%2Fmedia&parent=47330"}],"wp:term":[{"taxonomy":"category","embeddable":true,"href":"https:\/\/portalfadesp.org.br\/index.php?rest_route=%2Fwp%2Fv2%2Fcategories&post=47330"},{"taxonomy":"post_tag","embeddable":true,"href":"https:\/\/portalfadesp.org.br\/index.php?rest_route=%2Fwp%2Fv2%2Ftags&post=47330"}],"curies":[{"name":"wp","href":"https:\/\/api.w.org\/{rel}","templated":true}]}}