{"id":4730,"date":"2019-10-24T14:59:12","date_gmt":"2019-10-24T17:59:12","guid":{"rendered":"https:\/\/162.215.13.167?p=4730"},"modified":"2020-12-30T12:43:04","modified_gmt":"2020-12-30T15:43:04","slug":"apoio-fadesp-ufpa-realiza-cerimonia-comemorativa-pelos-dez-anos-de-parfor","status":"publish","type":"post","link":"https:\/\/portalfadesp.org.br\/?p=4730","title":{"rendered":"APOIO FADESP: UFPA realiza cerim\u00f4nia comemorativa pelos dez anos de PARFOR."},"content":{"rendered":"\n<div class=\"wp-block-image\"><figure class=\"alignright is-resized\"><img decoding=\"async\" src=\"https:\/\/portal.ufpa.br\/images\/Portal_2019\/Parfor_Formatura_de_Letras_em_Belem.jpg\" alt=\"Parfor Formatura de Letras em Belem\" width=\"230\" height=\"130\"\/><\/figure><\/div>\n\n\n\n<p>Nos dias 24 e 25 de outubro, a Universidade Federal do Par\u00e1 (UFPA) recebe a cerim\u00f4nia de comemora\u00e7\u00e3o dos 10 anos do Plano Nacional de Forma\u00e7\u00e3o dos Professores da Educa\u00e7\u00e3o B\u00e1sica (Parfor), pol\u00edtica p\u00fablica de combate ao d\u00e9ficit da forma\u00e7\u00e3o de educadores no Pa\u00eds.<\/p>\n\n\n\n<div class=\"wp-block-image\"><figure class=\"alignright is-resized\"><img decoding=\"async\" src=\"https:\/\/portal.ufpa.br\/images\/Portal_2019\/Parfor__Professor_Marcio_Nascimento_-_Coordenador_Geral_do_Parfor_UFPA.JPG\" alt=\"Parfor Professor Marcio Nascimento Coordenador Geral do Parfor UFPA\" width=\"229\" height=\"129\"\/><\/figure><\/div>\n\n\n\n<p>A celebra\u00e7\u00e3o ser\u00e1 realizada a partir das 17h do dia 24, no Centro de Eventos Benedito Nunes (CEBN), localizado no campus da UFPA, no bairro Guam\u00e1, em Bel\u00e9m, e contar\u00e1, ainda, com o lan\u00e7amento de livros relacionados ao programa e do relat\u00f3rio de 10 anos do Parfor UFPA, apresentando os n\u00fameros exitosos da pol\u00edtica de forma\u00e7\u00e3o docente.<\/p>\n\n\n\n<div class=\"wp-block-image\"><figure class=\"alignright is-resized\"><img decoding=\"async\" src=\"https:\/\/portal.ufpa.br\/images\/Portal_2019\/Parfor_Formatura_de_Pedagogia_em_Jacunda.jpg\" alt=\"Parfor Formatura de Pedagogia em Jacunda\" width=\"231\" height=\"130\"\/><\/figure><\/div>\n\n\n\n<p>De acordo com dados de outubro de 2019, mais de 14 mil professores da Educa\u00e7\u00e3o B\u00e1sica j\u00e1 ingressaram nas 421 turmas de 21 cursos de licenciatura promovidos pelo Parfor UFPA, realizadas em 66 munic\u00edpios do Par\u00e1. Mais de 8.650 professores j\u00e1 receberam o t\u00edtulo de licenciatura nos cursos ofertados por meio do programa, e 2.298 continuam vinculados \u00e0s 59 turmas ativas em 30 p\u00f3los.<\/p>\n\n\n\n<div class=\"wp-block-image\"><figure class=\"alignright is-resized\"><img loading=\"lazy\" decoding=\"async\" src=\"https:\/\/portal.ufpa.br\/images\/Portal_2019\/Parfor_Formatura_de_Pedagogia_em_Uruara.jpg\" alt=\"Parfor Formatura de Pedagogia em Uruara\" width=\"231\" height=\"131\"\/><\/figure><\/div>\n\n\n\n<p>&#8220;Esse foi o maior projeto de ensino que a UFPA teve nos \u00faltimos anos. A oferta de licenciaturas compreendeu todo um estudo de regulamenta\u00e7\u00e3o de diretrizes de forma\u00e7\u00e3o docente, de normas de faculdades e de gest\u00e3o de bolsas&#8221;, relembra o coordenador geral do programa na UFPA, professor M\u00e1rcio Nascimento.<\/p>\n\n\n\n<p>M\u00e1rcio explica que o Parfor conseguiu chegar a localidades do Estado n\u00e3o atingidas antes pelos projetos de interioriza\u00e7\u00e3o da UFPA, destacando a atua\u00e7\u00e3o do programa em munic\u00edpios de baixo \u00cdndice de Desenvolvimento Humano (IDH), como Gurup\u00e1 e Melga\u00e7o.<\/p>\n\n\n\n<p>&#8220;Foram dois munic\u00edpios que realmente investiram na totalidade da forma\u00e7\u00e3o dos seus docentes. Em Melga\u00e7o, por exemplo, metade dos professores em atividade foi formada pelo Parfor UFPA. Futuramente, isso vai impactar em todos os \u00edndices de educa\u00e7\u00e3o&#8221;, projeta o coordenador.<\/p>\n\n\n\n<p>Representantes da Coordena\u00e7\u00e3o de Aperfei\u00e7oamento de Pessoal de N\u00edvel Superior (Capes) e do governo do Par\u00e1 participam da cerim\u00f4nia, assim como reitores e pr\u00f3-reitores das institui\u00e7\u00f5es p\u00fablicas de ensino superior participantes do programa no Estado, coordenadores do Parfor nas institui\u00e7\u00f5es e coordenadores de&nbsp;<em>campi<\/em>&nbsp;pioneiros do programa.<\/p>\n\n\n\n<p><strong>O Programa &#8211;&nbsp;<\/strong>O Parfor surgiu no contexto do Plano de Metas Compromisso Todos pela Educa\u00e7\u00e3o (PDE) em 2007, como resultado da a\u00e7\u00e3o conjunta do Minist\u00e9rio da Educa\u00e7\u00e3o (MEC), de Institui\u00e7\u00f5es P\u00fablicas de Educa\u00e7\u00e3o Superior (IPES) e das Secretarias de Educa\u00e7\u00e3o estaduais e municipais.<\/p>\n\n\n\n<p>Em 2009, o Decreto 6.755 instituiu a Pol\u00edtica Nacional de Forma\u00e7\u00e3o dos Profissionais do Magist\u00e9rio da Educa\u00e7\u00e3o B\u00e1sica, com a finalidade de organizar a forma\u00e7\u00e3o inicial e continuada desses profissionais, de acordo com as exig\u00eancias da Lei de Diretrizes e Bases da Educa\u00e7\u00e3o (LDB).<\/p>\n\n\n\n<p>O objetivo do plano \u00e9 oferecer cursos superiores p\u00fablicos de primeira ou segunda licenciatura para educadores que n\u00e3o possuem forma\u00e7\u00e3o superior na \u00e1rea em que atuam, reduzindo as demandas por forma\u00e7\u00e3o docente, sobretudo, nas regi\u00f5es mais remotas do Pa\u00eds.<\/p>\n\n\n\n<p>Ainda em 2009, a UFPA firmou acordo de Coopera\u00e7\u00e3o T\u00e9cnica&nbsp; na Capes, assumindo o desafio de investir na forma\u00e7\u00e3o de 14 mil professores e mobilizando para essa tarefa as unidades acad\u00eamicas da Institui\u00e7\u00e3o envolvidas com a oferta de cursos de licenciatura.<\/p>\n\n\n\n<p><strong>Servi\u00e7o:<\/strong>&nbsp;10 anos do Parfor na UFPA&nbsp;Dias 24 e 25 de outubroCentro de Eventos Benedito Nunes (CEBN)&nbsp;Rua Augusto Corr\u00ea, 01, bairro&nbsp; Guam\u00e1, Bel\u00e9m&nbsp;<br><strong>Texto: Alexandre Yuri Nascimento &#8211; Ascom&nbsp;Parfor<br>Fotos : Ascom Parfor <\/strong><\/p>\n","protected":false},"excerpt":{"rendered":"<p>Nos dias 24 e 25 de outubro, a Universidade Federal do Par\u00e1 (UFPA) recebe a cerim\u00f4nia de comemora\u00e7\u00e3o dos 10 anos do Plano Nacional de Forma\u00e7\u00e3o dos Professores da Educa\u00e7\u00e3o B\u00e1sica (Parfor), pol\u00edtica p\u00fablica de combate ao d\u00e9ficit da forma\u00e7\u00e3o de educadores no Pa\u00eds. A celebra\u00e7\u00e3o ser\u00e1 realizada a partir das 17h do dia 24, [&hellip;]<\/p>\n","protected":false},"author":11,"featured_media":4729,"comment_status":"open","ping_status":"open","sticky":false,"template":"","format":"standard","meta":{"_monsterinsights_skip_tracking":false,"_monsterinsights_sitenote_active":false,"_monsterinsights_sitenote_note":"","_monsterinsights_sitenote_category":0,"footnotes":""},"categories":[83],"tags":[],"class_list":["post-4730","post","type-post","status-publish","format-standard","has-post-thumbnail","hentry","category-ufpa","entry","has-media"],"yoast_head":"<!-- This site is optimized with the Yoast SEO plugin v25.1 - https:\/\/yoast.com\/wordpress\/plugins\/seo\/ -->\n<title>APOIO FADESP: UFPA realiza cerim\u00f4nia comemorativa pelos dez anos de PARFOR. - FADESP<\/title>\n<meta name=\"robots\" content=\"index, follow, max-snippet:-1, max-image-preview:large, max-video-preview:-1\" \/>\n<link rel=\"canonical\" href=\"https:\/\/portalfadesp.org.br\/?p=4730\" \/>\n<meta property=\"og:locale\" content=\"pt_BR\" \/>\n<meta property=\"og:type\" content=\"article\" \/>\n<meta property=\"og:title\" content=\"APOIO FADESP: UFPA realiza cerim\u00f4nia comemorativa pelos dez anos de PARFOR. - FADESP\" \/>\n<meta property=\"og:description\" content=\"Nos dias 24 e 25 de outubro, a Universidade Federal do Par\u00e1 (UFPA) recebe a cerim\u00f4nia de comemora\u00e7\u00e3o dos 10 anos do Plano Nacional de Forma\u00e7\u00e3o dos Professores da Educa\u00e7\u00e3o B\u00e1sica (Parfor), pol\u00edtica p\u00fablica de combate ao d\u00e9ficit da forma\u00e7\u00e3o de educadores no Pa\u00eds. A celebra\u00e7\u00e3o ser\u00e1 realizada a partir das 17h do dia 24, [&hellip;]\" \/>\n<meta property=\"og:url\" content=\"https:\/\/portalfadesp.org.br\/?p=4730\" \/>\n<meta property=\"og:site_name\" content=\"FADESP\" \/>\n<meta property=\"article:publisher\" content=\"https:\/\/www.facebook.com\/Fadesp-138351949524662\/\" \/>\n<meta property=\"article:published_time\" content=\"2019-10-24T17:59:12+00:00\" \/>\n<meta property=\"article:modified_time\" content=\"2020-12-30T15:43:04+00:00\" \/>\n<meta property=\"og:image\" content=\"https:\/\/portalfadesp.org.br\/wp-content\/uploads\/2019\/10\/2019-outubro-Parfor-10-anos.jpg\" \/>\n\t<meta property=\"og:image:width\" content=\"746\" \/>\n\t<meta property=\"og:image:height\" content=\"423\" \/>\n\t<meta property=\"og:image:type\" content=\"image\/jpeg\" \/>\n<meta name=\"author\" content=\"Lorena Filgueiras\" \/>\n<meta name=\"twitter:card\" content=\"summary_large_image\" \/>\n<meta name=\"twitter:creator\" content=\"@Fadesp\" \/>\n<meta name=\"twitter:site\" content=\"@Fadesp\" \/>\n<meta name=\"twitter:label1\" content=\"Escrito por\" \/>\n\t<meta name=\"twitter:data1\" content=\"Lorena Filgueiras\" \/>\n\t<meta name=\"twitter:label2\" content=\"Est. tempo de leitura\" \/>\n\t<meta name=\"twitter:data2\" content=\"3 minutos\" \/>\n<script type=\"application\/ld+json\" class=\"yoast-schema-graph\">{\"@context\":\"https:\/\/schema.org\",\"@graph\":[{\"@type\":\"Article\",\"@id\":\"https:\/\/portalfadesp.org.br\/?p=4730#article\",\"isPartOf\":{\"@id\":\"https:\/\/portalfadesp.org.br\/?p=4730\"},\"author\":{\"name\":\"Lorena Filgueiras\",\"@id\":\"https:\/\/portalfadesp.org.br\/#\/schema\/person\/c1fa9db0c87dc412d1568e0e5e27be9c\"},\"headline\":\"APOIO FADESP: UFPA realiza cerim\u00f4nia comemorativa pelos dez anos de PARFOR.\",\"datePublished\":\"2019-10-24T17:59:12+00:00\",\"dateModified\":\"2020-12-30T15:43:04+00:00\",\"mainEntityOfPage\":{\"@id\":\"https:\/\/portalfadesp.org.br\/?p=4730\"},\"wordCount\":612,\"commentCount\":0,\"publisher\":{\"@id\":\"https:\/\/portalfadesp.org.br\/#organization\"},\"image\":{\"@id\":\"https:\/\/portalfadesp.org.br\/?p=4730#primaryimage\"},\"thumbnailUrl\":\"https:\/\/portalfadesp.org.br\/wp-content\/uploads\/2019\/10\/2019-outubro-Parfor-10-anos.jpg\",\"articleSection\":[\"UFPA\"],\"inLanguage\":\"pt-BR\"},{\"@type\":\"WebPage\",\"@id\":\"https:\/\/portalfadesp.org.br\/?p=4730\",\"url\":\"https:\/\/portalfadesp.org.br\/?p=4730\",\"name\":\"APOIO FADESP: UFPA realiza cerim\u00f4nia comemorativa pelos dez anos de PARFOR. - FADESP\",\"isPartOf\":{\"@id\":\"https:\/\/portalfadesp.org.br\/#website\"},\"primaryImageOfPage\":{\"@id\":\"https:\/\/portalfadesp.org.br\/?p=4730#primaryimage\"},\"image\":{\"@id\":\"https:\/\/portalfadesp.org.br\/?p=4730#primaryimage\"},\"thumbnailUrl\":\"https:\/\/portalfadesp.org.br\/wp-content\/uploads\/2019\/10\/2019-outubro-Parfor-10-anos.jpg\",\"datePublished\":\"2019-10-24T17:59:12+00:00\",\"dateModified\":\"2020-12-30T15:43:04+00:00\",\"breadcrumb\":{\"@id\":\"https:\/\/portalfadesp.org.br\/?p=4730#breadcrumb\"},\"inLanguage\":\"pt-BR\",\"potentialAction\":[{\"@type\":\"ReadAction\",\"target\":[\"https:\/\/portalfadesp.org.br\/?p=4730\"]}]},{\"@type\":\"ImageObject\",\"inLanguage\":\"pt-BR\",\"@id\":\"https:\/\/portalfadesp.org.br\/?p=4730#primaryimage\",\"url\":\"https:\/\/portalfadesp.org.br\/wp-content\/uploads\/2019\/10\/2019-outubro-Parfor-10-anos.jpg\",\"contentUrl\":\"https:\/\/portalfadesp.org.br\/wp-content\/uploads\/2019\/10\/2019-outubro-Parfor-10-anos.jpg\",\"width\":746,\"height\":423},{\"@type\":\"BreadcrumbList\",\"@id\":\"https:\/\/portalfadesp.org.br\/?p=4730#breadcrumb\",\"itemListElement\":[{\"@type\":\"ListItem\",\"position\":1,\"name\":\"In\u00edcio\",\"item\":\"https:\/\/portalfadesp.org.br\/\"},{\"@type\":\"ListItem\",\"position\":2,\"name\":\"APOIO FADESP: UFPA realiza cerim\u00f4nia comemorativa pelos dez anos de PARFOR.\"}]},{\"@type\":\"WebSite\",\"@id\":\"https:\/\/portalfadesp.org.br\/#website\",\"url\":\"https:\/\/portalfadesp.org.br\/\",\"name\":\"FADESP\",\"description\":\"Funda\u00e7\u00e3o de Amparo e Desenvolvimento da Pesquisa\",\"publisher\":{\"@id\":\"https:\/\/portalfadesp.org.br\/#organization\"},\"potentialAction\":[{\"@type\":\"SearchAction\",\"target\":{\"@type\":\"EntryPoint\",\"urlTemplate\":\"https:\/\/portalfadesp.org.br\/?s={search_term_string}\"},\"query-input\":{\"@type\":\"PropertyValueSpecification\",\"valueRequired\":true,\"valueName\":\"search_term_string\"}}],\"inLanguage\":\"pt-BR\"},{\"@type\":\"Organization\",\"@id\":\"https:\/\/portalfadesp.org.br\/#organization\",\"name\":\"FADESP\",\"url\":\"https:\/\/portalfadesp.org.br\/\",\"logo\":{\"@type\":\"ImageObject\",\"inLanguage\":\"pt-BR\",\"@id\":\"https:\/\/portalfadesp.org.br\/#\/schema\/logo\/image\/\",\"url\":\"https:\/\/portalfadesp.org.br\/wp-content\/uploads\/2024\/01\/NOVOLOGOFADESPlaranjaH.png\",\"contentUrl\":\"https:\/\/portalfadesp.org.br\/wp-content\/uploads\/2024\/01\/NOVOLOGOFADESPlaranjaH.png\",\"width\":2742,\"height\":839,\"caption\":\"FADESP\"},\"image\":{\"@id\":\"https:\/\/portalfadesp.org.br\/#\/schema\/logo\/image\/\"},\"sameAs\":[\"https:\/\/www.facebook.com\/Fadesp-138351949524662\/\",\"https:\/\/x.com\/Fadesp\",\"https:\/\/www.instagram.com\/fadesp_ufpa\/\",\"https:\/\/www.youtube.com\/@fundacaodeamparoedesenvolv1903\",\"https:\/\/www.threads.net\/@fadesp_ufpa\"]},{\"@type\":\"Person\",\"@id\":\"https:\/\/portalfadesp.org.br\/#\/schema\/person\/c1fa9db0c87dc412d1568e0e5e27be9c\",\"name\":\"Lorena Filgueiras\",\"image\":{\"@type\":\"ImageObject\",\"inLanguage\":\"pt-BR\",\"@id\":\"https:\/\/portalfadesp.org.br\/#\/schema\/person\/image\/\",\"url\":\"https:\/\/secure.gravatar.com\/avatar\/37390a2dfe1325c2917fc5f6df471abe8ab753cf23b2d14690f57bd61ab4b7cf?s=96&d=mm&r=g\",\"contentUrl\":\"https:\/\/secure.gravatar.com\/avatar\/37390a2dfe1325c2917fc5f6df471abe8ab753cf23b2d14690f57bd61ab4b7cf?s=96&d=mm&r=g\",\"caption\":\"Lorena Filgueiras\"},\"url\":\"https:\/\/portalfadesp.org.br\/?author=11\"}]}<\/script>\n<!-- \/ Yoast SEO plugin. -->","yoast_head_json":{"title":"APOIO FADESP: UFPA realiza cerim\u00f4nia comemorativa pelos dez anos de PARFOR. - FADESP","robots":{"index":"index","follow":"follow","max-snippet":"max-snippet:-1","max-image-preview":"max-image-preview:large","max-video-preview":"max-video-preview:-1"},"canonical":"https:\/\/portalfadesp.org.br\/?p=4730","og_locale":"pt_BR","og_type":"article","og_title":"APOIO FADESP: UFPA realiza cerim\u00f4nia comemorativa pelos dez anos de PARFOR. - FADESP","og_description":"Nos dias 24 e 25 de outubro, a Universidade Federal do Par\u00e1 (UFPA) recebe a cerim\u00f4nia de comemora\u00e7\u00e3o dos 10 anos do Plano Nacional de Forma\u00e7\u00e3o dos Professores da Educa\u00e7\u00e3o B\u00e1sica (Parfor), pol\u00edtica p\u00fablica de combate ao d\u00e9ficit da forma\u00e7\u00e3o de educadores no Pa\u00eds. A celebra\u00e7\u00e3o ser\u00e1 realizada a partir das 17h do dia 24, [&hellip;]","og_url":"https:\/\/portalfadesp.org.br\/?p=4730","og_site_name":"FADESP","article_publisher":"https:\/\/www.facebook.com\/Fadesp-138351949524662\/","article_published_time":"2019-10-24T17:59:12+00:00","article_modified_time":"2020-12-30T15:43:04+00:00","og_image":[{"width":746,"height":423,"url":"https:\/\/portalfadesp.org.br\/wp-content\/uploads\/2019\/10\/2019-outubro-Parfor-10-anos.jpg","type":"image\/jpeg"}],"author":"Lorena Filgueiras","twitter_card":"summary_large_image","twitter_creator":"@Fadesp","twitter_site":"@Fadesp","twitter_misc":{"Escrito por":"Lorena Filgueiras","Est. tempo de leitura":"3 minutos"},"schema":{"@context":"https:\/\/schema.org","@graph":[{"@type":"Article","@id":"https:\/\/portalfadesp.org.br\/?p=4730#article","isPartOf":{"@id":"https:\/\/portalfadesp.org.br\/?p=4730"},"author":{"name":"Lorena Filgueiras","@id":"https:\/\/portalfadesp.org.br\/#\/schema\/person\/c1fa9db0c87dc412d1568e0e5e27be9c"},"headline":"APOIO FADESP: UFPA realiza cerim\u00f4nia comemorativa pelos dez anos de PARFOR.","datePublished":"2019-10-24T17:59:12+00:00","dateModified":"2020-12-30T15:43:04+00:00","mainEntityOfPage":{"@id":"https:\/\/portalfadesp.org.br\/?p=4730"},"wordCount":612,"commentCount":0,"publisher":{"@id":"https:\/\/portalfadesp.org.br\/#organization"},"image":{"@id":"https:\/\/portalfadesp.org.br\/?p=4730#primaryimage"},"thumbnailUrl":"https:\/\/portalfadesp.org.br\/wp-content\/uploads\/2019\/10\/2019-outubro-Parfor-10-anos.jpg","articleSection":["UFPA"],"inLanguage":"pt-BR"},{"@type":"WebPage","@id":"https:\/\/portalfadesp.org.br\/?p=4730","url":"https:\/\/portalfadesp.org.br\/?p=4730","name":"APOIO FADESP: UFPA realiza cerim\u00f4nia comemorativa pelos dez anos de PARFOR. - FADESP","isPartOf":{"@id":"https:\/\/portalfadesp.org.br\/#website"},"primaryImageOfPage":{"@id":"https:\/\/portalfadesp.org.br\/?p=4730#primaryimage"},"image":{"@id":"https:\/\/portalfadesp.org.br\/?p=4730#primaryimage"},"thumbnailUrl":"https:\/\/portalfadesp.org.br\/wp-content\/uploads\/2019\/10\/2019-outubro-Parfor-10-anos.jpg","datePublished":"2019-10-24T17:59:12+00:00","dateModified":"2020-12-30T15:43:04+00:00","breadcrumb":{"@id":"https:\/\/portalfadesp.org.br\/?p=4730#breadcrumb"},"inLanguage":"pt-BR","potentialAction":[{"@type":"ReadAction","target":["https:\/\/portalfadesp.org.br\/?p=4730"]}]},{"@type":"ImageObject","inLanguage":"pt-BR","@id":"https:\/\/portalfadesp.org.br\/?p=4730#primaryimage","url":"https:\/\/portalfadesp.org.br\/wp-content\/uploads\/2019\/10\/2019-outubro-Parfor-10-anos.jpg","contentUrl":"https:\/\/portalfadesp.org.br\/wp-content\/uploads\/2019\/10\/2019-outubro-Parfor-10-anos.jpg","width":746,"height":423},{"@type":"BreadcrumbList","@id":"https:\/\/portalfadesp.org.br\/?p=4730#breadcrumb","itemListElement":[{"@type":"ListItem","position":1,"name":"In\u00edcio","item":"https:\/\/portalfadesp.org.br\/"},{"@type":"ListItem","position":2,"name":"APOIO FADESP: UFPA realiza cerim\u00f4nia comemorativa pelos dez anos de PARFOR."}]},{"@type":"WebSite","@id":"https:\/\/portalfadesp.org.br\/#website","url":"https:\/\/portalfadesp.org.br\/","name":"FADESP","description":"Funda\u00e7\u00e3o de Amparo e Desenvolvimento da Pesquisa","publisher":{"@id":"https:\/\/portalfadesp.org.br\/#organization"},"potentialAction":[{"@type":"SearchAction","target":{"@type":"EntryPoint","urlTemplate":"https:\/\/portalfadesp.org.br\/?s={search_term_string}"},"query-input":{"@type":"PropertyValueSpecification","valueRequired":true,"valueName":"search_term_string"}}],"inLanguage":"pt-BR"},{"@type":"Organization","@id":"https:\/\/portalfadesp.org.br\/#organization","name":"FADESP","url":"https:\/\/portalfadesp.org.br\/","logo":{"@type":"ImageObject","inLanguage":"pt-BR","@id":"https:\/\/portalfadesp.org.br\/#\/schema\/logo\/image\/","url":"https:\/\/portalfadesp.org.br\/wp-content\/uploads\/2024\/01\/NOVOLOGOFADESPlaranjaH.png","contentUrl":"https:\/\/portalfadesp.org.br\/wp-content\/uploads\/2024\/01\/NOVOLOGOFADESPlaranjaH.png","width":2742,"height":839,"caption":"FADESP"},"image":{"@id":"https:\/\/portalfadesp.org.br\/#\/schema\/logo\/image\/"},"sameAs":["https:\/\/www.facebook.com\/Fadesp-138351949524662\/","https:\/\/x.com\/Fadesp","https:\/\/www.instagram.com\/fadesp_ufpa\/","https:\/\/www.youtube.com\/@fundacaodeamparoedesenvolv1903","https:\/\/www.threads.net\/@fadesp_ufpa"]},{"@type":"Person","@id":"https:\/\/portalfadesp.org.br\/#\/schema\/person\/c1fa9db0c87dc412d1568e0e5e27be9c","name":"Lorena Filgueiras","image":{"@type":"ImageObject","inLanguage":"pt-BR","@id":"https:\/\/portalfadesp.org.br\/#\/schema\/person\/image\/","url":"https:\/\/secure.gravatar.com\/avatar\/37390a2dfe1325c2917fc5f6df471abe8ab753cf23b2d14690f57bd61ab4b7cf?s=96&d=mm&r=g","contentUrl":"https:\/\/secure.gravatar.com\/avatar\/37390a2dfe1325c2917fc5f6df471abe8ab753cf23b2d14690f57bd61ab4b7cf?s=96&d=mm&r=g","caption":"Lorena Filgueiras"},"url":"https:\/\/portalfadesp.org.br\/?author=11"}]}},"_links":{"self":[{"href":"https:\/\/portalfadesp.org.br\/index.php?rest_route=\/wp\/v2\/posts\/4730","targetHints":{"allow":["GET"]}}],"collection":[{"href":"https:\/\/portalfadesp.org.br\/index.php?rest_route=\/wp\/v2\/posts"}],"about":[{"href":"https:\/\/portalfadesp.org.br\/index.php?rest_route=\/wp\/v2\/types\/post"}],"author":[{"embeddable":true,"href":"https:\/\/portalfadesp.org.br\/index.php?rest_route=\/wp\/v2\/users\/11"}],"replies":[{"embeddable":true,"href":"https:\/\/portalfadesp.org.br\/index.php?rest_route=%2Fwp%2Fv2%2Fcomments&post=4730"}],"version-history":[{"count":2,"href":"https:\/\/portalfadesp.org.br\/index.php?rest_route=\/wp\/v2\/posts\/4730\/revisions"}],"predecessor-version":[{"id":4732,"href":"https:\/\/portalfadesp.org.br\/index.php?rest_route=\/wp\/v2\/posts\/4730\/revisions\/4732"}],"wp:featuredmedia":[{"embeddable":true,"href":"https:\/\/portalfadesp.org.br\/index.php?rest_route=\/wp\/v2\/media\/4729"}],"wp:attachment":[{"href":"https:\/\/portalfadesp.org.br\/index.php?rest_route=%2Fwp%2Fv2%2Fmedia&parent=4730"}],"wp:term":[{"taxonomy":"category","embeddable":true,"href":"https:\/\/portalfadesp.org.br\/index.php?rest_route=%2Fwp%2Fv2%2Fcategories&post=4730"},{"taxonomy":"post_tag","embeddable":true,"href":"https:\/\/portalfadesp.org.br\/index.php?rest_route=%2Fwp%2Fv2%2Ftags&post=4730"}],"curies":[{"name":"wp","href":"https:\/\/api.w.org\/{rel}","templated":true}]}}