{"id":47084,"date":"2024-09-19T11:41:42","date_gmt":"2024-09-19T14:41:42","guid":{"rendered":"https:\/\/portalfadesp.org.br\/?p=47084"},"modified":"2024-09-19T11:42:34","modified_gmt":"2024-09-19T14:42:34","slug":"facilidade-de-uso-e-ponto-forte-do-saude-belem-digital","status":"publish","type":"post","link":"https:\/\/portalfadesp.org.br\/?p=47084","title":{"rendered":"Facilidade de uso \u00e9 ponto forte do Sa\u00fade Bel\u00e9m Digital\u00a0"},"content":{"rendered":"\n<p><\/p>\n\n\n\n<p>Teleorienta\u00e7\u00e3o e telemedicina s\u00e3o op\u00e7\u00f5es surpreendentes para boa parte dos brasileiros. Da mesma forma como fazer transi\u00e7\u00f5es banc\u00e1rias e solicitar transporte na tela do celular eram tarefas impens\u00e1veis antes da populariza\u00e7\u00e3o dos aplicativos.&nbsp;<\/p>\n\n\n\n<div style=\"height:40px\" aria-hidden=\"true\" class=\"wp-block-spacer\"><\/div>\n\n\n\n<p>Em Bel\u00e9m, a popula\u00e7\u00e3o j\u00e1 conta com tecnologia inovadora que traz as facilidades da tecnologia m\u00f3vel para complementar a Aten\u00e7\u00e3o B\u00e1sica.&nbsp;<\/p>\n\n\n\n<div style=\"height:40px\" aria-hidden=\"true\" class=\"wp-block-spacer\"><\/div>\n\n\n\n<p>Agentes Comunit\u00e1rios de Sa\u00fade (ACS) e Agentes de combate \u00e0s endemias (ACES) s\u00e3o fomentadores do Sa\u00fade Bel\u00e9m Digital. Atrav\u00e9s de capacita\u00e7\u00f5es promovidas pela Secretaria Municipal de Sa\u00fade (Sesma), os profissionais s\u00e3o orientados a apresentar as vantagens do servi\u00e7o, que ajuda a desafogar filas e aproxima a popula\u00e7\u00e3o dos cuidados em sa\u00fade.&nbsp;<\/p>\n\n\n\n<div style=\"height:41px\" aria-hidden=\"true\" class=\"wp-block-spacer\"><\/div>\n\n\n\n<p>Os agentes s\u00e3o orientados na capacita\u00e7\u00e3o a cadastrar fam\u00edlias inteiras no Sa\u00fade Bel\u00e9m Digital. Essa cobertura \u00e9 importante mesmo que na casa exista apenas um smartphone sendo utilizado por todos. \u201cDa mesma forma que, no computador, o navegador permite acessar contas de e-mail de pessoas diferentes, no aplicativo Sa\u00fade Bel\u00e9m Digital n\u00e3o \u00e9 diferente\u201d, esclarece Dener Mendon\u00e7a, agente comunit\u00e1rio de sa\u00fade que ministra a capacita\u00e7\u00e3o.&nbsp;<\/p>\n\n\n\n<figure class=\"wp-block-image size-large\"><img fetchpriority=\"high\" decoding=\"async\" width=\"1024\" height=\"576\" src=\"https:\/\/portalfadesp.org.br\/wp-content\/uploads\/2024\/09\/IMG_20240918_104449-1024x576.jpg\" alt=\"\" class=\"wp-image-47088\" srcset=\"https:\/\/portalfadesp.org.br\/wp-content\/uploads\/2024\/09\/IMG_20240918_104449-1024x576.jpg 1024w, https:\/\/portalfadesp.org.br\/wp-content\/uploads\/2024\/09\/IMG_20240918_104449-300x169.jpg 300w, https:\/\/portalfadesp.org.br\/wp-content\/uploads\/2024\/09\/IMG_20240918_104449-768x432.jpg 768w, https:\/\/portalfadesp.org.br\/wp-content\/uploads\/2024\/09\/IMG_20240918_104449-1536x864.jpg 1536w, https:\/\/portalfadesp.org.br\/wp-content\/uploads\/2024\/09\/IMG_20240918_104449-800x450.jpg 800w, https:\/\/portalfadesp.org.br\/wp-content\/uploads\/2024\/09\/IMG_20240918_104449.jpg 1600w\" sizes=\"(max-width: 1024px) 100vw, 1024px\" \/><\/figure>\n\n\n\n<div style=\"height:39px\" aria-hidden=\"true\" class=\"wp-block-spacer\"><\/div>\n\n\n\n<p>Nas turmas j\u00e1 preparadas para a busca ativa de usu\u00e1rios, as d\u00favidas recorrentes est\u00e3o sendo esclarecidas. Uma delas \u00e9 sobre o atendimento a menores de 18 anos. Seguindo as normas do servi\u00e7o, a \u00fanica restri\u00e7\u00e3o \u00e9 nas consultas psicol\u00f3gicas, que devem ser acompanhadas integralmente por um adulto respons\u00e1vel.<\/p>\n\n\n\n<div style=\"height:40px\" aria-hidden=\"true\" class=\"wp-block-spacer\"><\/div>\n\n\n\n<p>Outra d\u00favida \u00e9 relacionada ao pacote de internet dos usu\u00e1rios. Sobre isso, os agentes s\u00e3o orientados a destacar que o aplicativo n\u00e3o consome dados m\u00f3veis durante o atendimento. Apenas quem optar por utilizar o servi\u00e7o na vers\u00e3o web ter\u00e1 impacto em seu pacote.&nbsp;<\/p>\n\n\n\n<div style=\"height:38px\" aria-hidden=\"true\" class=\"wp-block-spacer\"><\/div>\n\n\n\n<p>A agente Paula Cristina participou nesta quarta-feira (18) de capacita\u00e7\u00e3o no Memorial dos Povos em Bel\u00e9m. Atuante no bairro do Guam\u00e1, acredita que o SBD ir\u00e1 facilitar a rotina da comunidade, pois muitos relatam dificuldades de locomo\u00e7\u00e3o para unidades de sa\u00fade.&nbsp;<\/p>\n\n\n\n<p>\u201cEu acredito que, para pessoas com mais idade, ser\u00e1 mais complexo o cadastro. Mas com os agentes auxiliando, v\u00e3o entender como funciona o aplicativo\u201d, avalia.&nbsp;<\/p>\n\n\n\n<div style=\"height:37px\" aria-hidden=\"true\" class=\"wp-block-spacer\"><\/div>\n\n\n\n<p>Para facilitar o cadastro dos usu\u00e1rios, as equipes de agentes visitam as resid\u00eancias usando crach\u00e1 com o QR Code do Sa\u00fade Bel\u00e9m Digital. Ele direciona o morador para a p\u00e1gina do servi\u00e7o (<a href=\"https:\/\/sesma.belem.pa.gov.br\/saude-belem-digital\/\" target=\"_blank\" rel=\"noreferrer noopener\">https:\/\/sesma.belem.pa.gov.br\/saude-belem-digital\/<\/a>). Nela, \u00e9 poss\u00edvel acessar a vers\u00e3o web ou baixar o aplicativo dispon\u00edvel para Android. Em breve, a tecnologia tamb\u00e9m funcionar\u00e1 no sistema iOS. Quem tiver dificuldades de acesso pode acionar o SAC de 8h \u00e0s 17h atrav\u00e9s de bot\u00e3o que direciona para WhatsApp.&nbsp;<\/p>\n\n\n\n<div style=\"height:39px\" aria-hidden=\"true\" class=\"wp-block-spacer\"><\/div>\n\n\n\n<p>O Sa\u00fade Bel\u00e9m Digital \u00e9 uma parceria da Sesma com a Funda\u00e7\u00e3o de Amparo e Desenvolvimento da Pesquisa (FADESP), Companhia de Tecnologia da Informa\u00e7\u00e3o de Bel\u00e9m (Cinbesa) e Sistema \u00danico de Sa\u00fade (SUS).&nbsp;<\/p>\n\n\n\n<div style=\"height:39px\" aria-hidden=\"true\" class=\"wp-block-spacer\"><\/div>\n\n\n\n<p><strong><mark style=\"background-color:rgba(0, 0, 0, 0)\" class=\"has-inline-color has-luminous-vivid-orange-color\">Cadastro\u00a0<\/mark><\/strong><\/p>\n\n\n\n<p>Moradores de Bel\u00e9m podem come\u00e7ar a utilizar o servi\u00e7o a qualquer momento. Por\u00e9m, ap\u00f3s 90 dias, \u00e9 necess\u00e1rio se cadastrar no Programa Fam\u00edlia Mais Saud\u00e1vel para continuar sendo usu\u00e1rio da teleorienta\u00e7\u00e3o. Para quem j\u00e1 estiver cadastrado, \u00e9 importante procurar uma Unidade B\u00e1sica de Sa\u00fade.&nbsp;<\/p>\n\n\n\n<div style=\"height:39px\" aria-hidden=\"true\" class=\"wp-block-spacer\"><\/div>\n\n\n\n<p><em><strong>Texto:<\/strong> Marta Cardoso\u00a0<\/em><\/p>\n\n\n\n<p><em><strong>Foto:<\/strong> Assessoria do Sa\u00fade Bel\u00e9m Digital\u00a0<\/em><\/p>\n\n\n\n<p><\/p>\n","protected":false},"excerpt":{"rendered":"<p>Teleorienta\u00e7\u00e3o e telemedicina s\u00e3o op\u00e7\u00f5es surpreendentes para boa parte dos brasileiros. Da mesma forma como fazer transi\u00e7\u00f5es banc\u00e1rias e solicitar transporte na tela do celular eram tarefas impens\u00e1veis antes da populariza\u00e7\u00e3o dos aplicativos.&nbsp; Em Bel\u00e9m, a popula\u00e7\u00e3o j\u00e1 conta com tecnologia inovadora que traz as facilidades da tecnologia m\u00f3vel para complementar a Aten\u00e7\u00e3o B\u00e1sica.&nbsp; Agentes [&hellip;]<\/p>\n","protected":false},"author":12,"featured_media":47087,"comment_status":"closed","ping_status":"closed","sticky":false,"template":"","format":"standard","meta":{"_monsterinsights_skip_tracking":false,"_monsterinsights_sitenote_active":false,"_monsterinsights_sitenote_note":"","_monsterinsights_sitenote_category":0,"footnotes":""},"categories":[60,1],"tags":[],"class_list":["post-47084","post","type-post","status-publish","format-standard","has-post-thumbnail","hentry","category-destaque","category-geral","entry","has-media"],"yoast_head":"<!-- This site is optimized with the Yoast SEO plugin v25.1 - https:\/\/yoast.com\/wordpress\/plugins\/seo\/ -->\n<title>Facilidade de uso \u00e9 ponto forte do Sa\u00fade Bel\u00e9m Digital\u00a0 - FADESP<\/title>\n<meta name=\"robots\" content=\"index, follow, max-snippet:-1, max-image-preview:large, max-video-preview:-1\" \/>\n<link rel=\"canonical\" href=\"https:\/\/portalfadesp.org.br\/?p=47084\" \/>\n<meta property=\"og:locale\" content=\"pt_BR\" \/>\n<meta property=\"og:type\" content=\"article\" \/>\n<meta property=\"og:title\" content=\"Facilidade de uso \u00e9 ponto forte do Sa\u00fade Bel\u00e9m Digital\u00a0 - FADESP\" \/>\n<meta property=\"og:description\" content=\"Teleorienta\u00e7\u00e3o e telemedicina s\u00e3o op\u00e7\u00f5es surpreendentes para boa parte dos brasileiros. Da mesma forma como fazer transi\u00e7\u00f5es banc\u00e1rias e solicitar transporte na tela do celular eram tarefas impens\u00e1veis antes da populariza\u00e7\u00e3o dos aplicativos.&nbsp; Em Bel\u00e9m, a popula\u00e7\u00e3o j\u00e1 conta com tecnologia inovadora que traz as facilidades da tecnologia m\u00f3vel para complementar a Aten\u00e7\u00e3o B\u00e1sica.&nbsp; Agentes [&hellip;]\" \/>\n<meta property=\"og:url\" content=\"https:\/\/portalfadesp.org.br\/?p=47084\" \/>\n<meta property=\"og:site_name\" content=\"FADESP\" \/>\n<meta property=\"article:publisher\" content=\"https:\/\/www.facebook.com\/Fadesp-138351949524662\/\" \/>\n<meta property=\"article:published_time\" content=\"2024-09-19T14:41:42+00:00\" \/>\n<meta property=\"article:modified_time\" content=\"2024-09-19T14:42:34+00:00\" \/>\n<meta property=\"og:image\" content=\"https:\/\/portalfadesp.org.br\/wp-content\/uploads\/2024\/09\/WhatsApp-Image-2024-09-19-at-11.28.12.jpeg\" \/>\n\t<meta property=\"og:image:width\" content=\"1600\" \/>\n\t<meta property=\"og:image:height\" content=\"475\" \/>\n\t<meta property=\"og:image:type\" content=\"image\/jpeg\" \/>\n<meta name=\"author\" content=\"Brena Marques\" \/>\n<meta name=\"twitter:card\" content=\"summary_large_image\" \/>\n<meta name=\"twitter:creator\" content=\"@Fadesp\" \/>\n<meta name=\"twitter:site\" content=\"@Fadesp\" \/>\n<meta name=\"twitter:label1\" content=\"Escrito por\" \/>\n\t<meta name=\"twitter:data1\" content=\"Brena Marques\" \/>\n\t<meta name=\"twitter:label2\" content=\"Est. tempo de leitura\" \/>\n\t<meta name=\"twitter:data2\" content=\"4 minutos\" \/>\n<script type=\"application\/ld+json\" class=\"yoast-schema-graph\">{\"@context\":\"https:\/\/schema.org\",\"@graph\":[{\"@type\":\"Article\",\"@id\":\"https:\/\/portalfadesp.org.br\/?p=47084#article\",\"isPartOf\":{\"@id\":\"https:\/\/portalfadesp.org.br\/?p=47084\"},\"author\":{\"name\":\"Brena Marques\",\"@id\":\"https:\/\/portalfadesp.org.br\/#\/schema\/person\/31709c4c8ec92d6bbdd2c1da60cf8d66\"},\"headline\":\"Facilidade de uso \u00e9 ponto forte do Sa\u00fade Bel\u00e9m Digital\u00a0\",\"datePublished\":\"2024-09-19T14:41:42+00:00\",\"dateModified\":\"2024-09-19T14:42:34+00:00\",\"mainEntityOfPage\":{\"@id\":\"https:\/\/portalfadesp.org.br\/?p=47084\"},\"wordCount\":592,\"publisher\":{\"@id\":\"https:\/\/portalfadesp.org.br\/#organization\"},\"image\":{\"@id\":\"https:\/\/portalfadesp.org.br\/?p=47084#primaryimage\"},\"thumbnailUrl\":\"https:\/\/portalfadesp.org.br\/wp-content\/uploads\/2024\/09\/WhatsApp-Image-2024-09-19-at-11.28.12.jpeg\",\"articleSection\":[\"Destaque\",\"Geral\"],\"inLanguage\":\"pt-BR\"},{\"@type\":\"WebPage\",\"@id\":\"https:\/\/portalfadesp.org.br\/?p=47084\",\"url\":\"https:\/\/portalfadesp.org.br\/?p=47084\",\"name\":\"Facilidade de uso \u00e9 ponto forte do Sa\u00fade Bel\u00e9m Digital\u00a0 - FADESP\",\"isPartOf\":{\"@id\":\"https:\/\/portalfadesp.org.br\/#website\"},\"primaryImageOfPage\":{\"@id\":\"https:\/\/portalfadesp.org.br\/?p=47084#primaryimage\"},\"image\":{\"@id\":\"https:\/\/portalfadesp.org.br\/?p=47084#primaryimage\"},\"thumbnailUrl\":\"https:\/\/portalfadesp.org.br\/wp-content\/uploads\/2024\/09\/WhatsApp-Image-2024-09-19-at-11.28.12.jpeg\",\"datePublished\":\"2024-09-19T14:41:42+00:00\",\"dateModified\":\"2024-09-19T14:42:34+00:00\",\"breadcrumb\":{\"@id\":\"https:\/\/portalfadesp.org.br\/?p=47084#breadcrumb\"},\"inLanguage\":\"pt-BR\",\"potentialAction\":[{\"@type\":\"ReadAction\",\"target\":[\"https:\/\/portalfadesp.org.br\/?p=47084\"]}]},{\"@type\":\"ImageObject\",\"inLanguage\":\"pt-BR\",\"@id\":\"https:\/\/portalfadesp.org.br\/?p=47084#primaryimage\",\"url\":\"https:\/\/portalfadesp.org.br\/wp-content\/uploads\/2024\/09\/WhatsApp-Image-2024-09-19-at-11.28.12.jpeg\",\"contentUrl\":\"https:\/\/portalfadesp.org.br\/wp-content\/uploads\/2024\/09\/WhatsApp-Image-2024-09-19-at-11.28.12.jpeg\",\"width\":1600,\"height\":475},{\"@type\":\"BreadcrumbList\",\"@id\":\"https:\/\/portalfadesp.org.br\/?p=47084#breadcrumb\",\"itemListElement\":[{\"@type\":\"ListItem\",\"position\":1,\"name\":\"In\u00edcio\",\"item\":\"https:\/\/portalfadesp.org.br\/\"},{\"@type\":\"ListItem\",\"position\":2,\"name\":\"Facilidade de uso \u00e9 ponto forte do Sa\u00fade Bel\u00e9m Digital\u00a0\"}]},{\"@type\":\"WebSite\",\"@id\":\"https:\/\/portalfadesp.org.br\/#website\",\"url\":\"https:\/\/portalfadesp.org.br\/\",\"name\":\"FADESP\",\"description\":\"Funda\u00e7\u00e3o de Amparo e Desenvolvimento da Pesquisa\",\"publisher\":{\"@id\":\"https:\/\/portalfadesp.org.br\/#organization\"},\"potentialAction\":[{\"@type\":\"SearchAction\",\"target\":{\"@type\":\"EntryPoint\",\"urlTemplate\":\"https:\/\/portalfadesp.org.br\/?s={search_term_string}\"},\"query-input\":{\"@type\":\"PropertyValueSpecification\",\"valueRequired\":true,\"valueName\":\"search_term_string\"}}],\"inLanguage\":\"pt-BR\"},{\"@type\":\"Organization\",\"@id\":\"https:\/\/portalfadesp.org.br\/#organization\",\"name\":\"FADESP\",\"url\":\"https:\/\/portalfadesp.org.br\/\",\"logo\":{\"@type\":\"ImageObject\",\"inLanguage\":\"pt-BR\",\"@id\":\"https:\/\/portalfadesp.org.br\/#\/schema\/logo\/image\/\",\"url\":\"https:\/\/portalfadesp.org.br\/wp-content\/uploads\/2024\/01\/NOVOLOGOFADESPlaranjaH.png\",\"contentUrl\":\"https:\/\/portalfadesp.org.br\/wp-content\/uploads\/2024\/01\/NOVOLOGOFADESPlaranjaH.png\",\"width\":2742,\"height\":839,\"caption\":\"FADESP\"},\"image\":{\"@id\":\"https:\/\/portalfadesp.org.br\/#\/schema\/logo\/image\/\"},\"sameAs\":[\"https:\/\/www.facebook.com\/Fadesp-138351949524662\/\",\"https:\/\/x.com\/Fadesp\",\"https:\/\/www.instagram.com\/fadesp_ufpa\/\",\"https:\/\/www.youtube.com\/@fundacaodeamparoedesenvolv1903\",\"https:\/\/www.threads.net\/@fadesp_ufpa\"]},{\"@type\":\"Person\",\"@id\":\"https:\/\/portalfadesp.org.br\/#\/schema\/person\/31709c4c8ec92d6bbdd2c1da60cf8d66\",\"name\":\"Brena Marques\",\"image\":{\"@type\":\"ImageObject\",\"inLanguage\":\"pt-BR\",\"@id\":\"https:\/\/portalfadesp.org.br\/#\/schema\/person\/image\/\",\"url\":\"https:\/\/secure.gravatar.com\/avatar\/d8709cd0de324fbec018b6878350216726d26c3436f44ebee8f3db75e29728f3?s=96&d=mm&r=g\",\"contentUrl\":\"https:\/\/secure.gravatar.com\/avatar\/d8709cd0de324fbec018b6878350216726d26c3436f44ebee8f3db75e29728f3?s=96&d=mm&r=g\",\"caption\":\"Brena Marques\"},\"url\":\"https:\/\/portalfadesp.org.br\/?author=12\"}]}<\/script>\n<!-- \/ Yoast SEO plugin. -->","yoast_head_json":{"title":"Facilidade de uso \u00e9 ponto forte do Sa\u00fade Bel\u00e9m Digital\u00a0 - FADESP","robots":{"index":"index","follow":"follow","max-snippet":"max-snippet:-1","max-image-preview":"max-image-preview:large","max-video-preview":"max-video-preview:-1"},"canonical":"https:\/\/portalfadesp.org.br\/?p=47084","og_locale":"pt_BR","og_type":"article","og_title":"Facilidade de uso \u00e9 ponto forte do Sa\u00fade Bel\u00e9m Digital\u00a0 - FADESP","og_description":"Teleorienta\u00e7\u00e3o e telemedicina s\u00e3o op\u00e7\u00f5es surpreendentes para boa parte dos brasileiros. Da mesma forma como fazer transi\u00e7\u00f5es banc\u00e1rias e solicitar transporte na tela do celular eram tarefas impens\u00e1veis antes da populariza\u00e7\u00e3o dos aplicativos.&nbsp; Em Bel\u00e9m, a popula\u00e7\u00e3o j\u00e1 conta com tecnologia inovadora que traz as facilidades da tecnologia m\u00f3vel para complementar a Aten\u00e7\u00e3o B\u00e1sica.&nbsp; Agentes [&hellip;]","og_url":"https:\/\/portalfadesp.org.br\/?p=47084","og_site_name":"FADESP","article_publisher":"https:\/\/www.facebook.com\/Fadesp-138351949524662\/","article_published_time":"2024-09-19T14:41:42+00:00","article_modified_time":"2024-09-19T14:42:34+00:00","og_image":[{"width":1600,"height":475,"url":"https:\/\/portalfadesp.org.br\/wp-content\/uploads\/2024\/09\/WhatsApp-Image-2024-09-19-at-11.28.12.jpeg","type":"image\/jpeg"}],"author":"Brena Marques","twitter_card":"summary_large_image","twitter_creator":"@Fadesp","twitter_site":"@Fadesp","twitter_misc":{"Escrito por":"Brena Marques","Est. tempo de leitura":"4 minutos"},"schema":{"@context":"https:\/\/schema.org","@graph":[{"@type":"Article","@id":"https:\/\/portalfadesp.org.br\/?p=47084#article","isPartOf":{"@id":"https:\/\/portalfadesp.org.br\/?p=47084"},"author":{"name":"Brena Marques","@id":"https:\/\/portalfadesp.org.br\/#\/schema\/person\/31709c4c8ec92d6bbdd2c1da60cf8d66"},"headline":"Facilidade de uso \u00e9 ponto forte do Sa\u00fade Bel\u00e9m Digital\u00a0","datePublished":"2024-09-19T14:41:42+00:00","dateModified":"2024-09-19T14:42:34+00:00","mainEntityOfPage":{"@id":"https:\/\/portalfadesp.org.br\/?p=47084"},"wordCount":592,"publisher":{"@id":"https:\/\/portalfadesp.org.br\/#organization"},"image":{"@id":"https:\/\/portalfadesp.org.br\/?p=47084#primaryimage"},"thumbnailUrl":"https:\/\/portalfadesp.org.br\/wp-content\/uploads\/2024\/09\/WhatsApp-Image-2024-09-19-at-11.28.12.jpeg","articleSection":["Destaque","Geral"],"inLanguage":"pt-BR"},{"@type":"WebPage","@id":"https:\/\/portalfadesp.org.br\/?p=47084","url":"https:\/\/portalfadesp.org.br\/?p=47084","name":"Facilidade de uso \u00e9 ponto forte do Sa\u00fade Bel\u00e9m Digital\u00a0 - FADESP","isPartOf":{"@id":"https:\/\/portalfadesp.org.br\/#website"},"primaryImageOfPage":{"@id":"https:\/\/portalfadesp.org.br\/?p=47084#primaryimage"},"image":{"@id":"https:\/\/portalfadesp.org.br\/?p=47084#primaryimage"},"thumbnailUrl":"https:\/\/portalfadesp.org.br\/wp-content\/uploads\/2024\/09\/WhatsApp-Image-2024-09-19-at-11.28.12.jpeg","datePublished":"2024-09-19T14:41:42+00:00","dateModified":"2024-09-19T14:42:34+00:00","breadcrumb":{"@id":"https:\/\/portalfadesp.org.br\/?p=47084#breadcrumb"},"inLanguage":"pt-BR","potentialAction":[{"@type":"ReadAction","target":["https:\/\/portalfadesp.org.br\/?p=47084"]}]},{"@type":"ImageObject","inLanguage":"pt-BR","@id":"https:\/\/portalfadesp.org.br\/?p=47084#primaryimage","url":"https:\/\/portalfadesp.org.br\/wp-content\/uploads\/2024\/09\/WhatsApp-Image-2024-09-19-at-11.28.12.jpeg","contentUrl":"https:\/\/portalfadesp.org.br\/wp-content\/uploads\/2024\/09\/WhatsApp-Image-2024-09-19-at-11.28.12.jpeg","width":1600,"height":475},{"@type":"BreadcrumbList","@id":"https:\/\/portalfadesp.org.br\/?p=47084#breadcrumb","itemListElement":[{"@type":"ListItem","position":1,"name":"In\u00edcio","item":"https:\/\/portalfadesp.org.br\/"},{"@type":"ListItem","position":2,"name":"Facilidade de uso \u00e9 ponto forte do Sa\u00fade Bel\u00e9m Digital\u00a0"}]},{"@type":"WebSite","@id":"https:\/\/portalfadesp.org.br\/#website","url":"https:\/\/portalfadesp.org.br\/","name":"FADESP","description":"Funda\u00e7\u00e3o de Amparo e Desenvolvimento da Pesquisa","publisher":{"@id":"https:\/\/portalfadesp.org.br\/#organization"},"potentialAction":[{"@type":"SearchAction","target":{"@type":"EntryPoint","urlTemplate":"https:\/\/portalfadesp.org.br\/?s={search_term_string}"},"query-input":{"@type":"PropertyValueSpecification","valueRequired":true,"valueName":"search_term_string"}}],"inLanguage":"pt-BR"},{"@type":"Organization","@id":"https:\/\/portalfadesp.org.br\/#organization","name":"FADESP","url":"https:\/\/portalfadesp.org.br\/","logo":{"@type":"ImageObject","inLanguage":"pt-BR","@id":"https:\/\/portalfadesp.org.br\/#\/schema\/logo\/image\/","url":"https:\/\/portalfadesp.org.br\/wp-content\/uploads\/2024\/01\/NOVOLOGOFADESPlaranjaH.png","contentUrl":"https:\/\/portalfadesp.org.br\/wp-content\/uploads\/2024\/01\/NOVOLOGOFADESPlaranjaH.png","width":2742,"height":839,"caption":"FADESP"},"image":{"@id":"https:\/\/portalfadesp.org.br\/#\/schema\/logo\/image\/"},"sameAs":["https:\/\/www.facebook.com\/Fadesp-138351949524662\/","https:\/\/x.com\/Fadesp","https:\/\/www.instagram.com\/fadesp_ufpa\/","https:\/\/www.youtube.com\/@fundacaodeamparoedesenvolv1903","https:\/\/www.threads.net\/@fadesp_ufpa"]},{"@type":"Person","@id":"https:\/\/portalfadesp.org.br\/#\/schema\/person\/31709c4c8ec92d6bbdd2c1da60cf8d66","name":"Brena Marques","image":{"@type":"ImageObject","inLanguage":"pt-BR","@id":"https:\/\/portalfadesp.org.br\/#\/schema\/person\/image\/","url":"https:\/\/secure.gravatar.com\/avatar\/d8709cd0de324fbec018b6878350216726d26c3436f44ebee8f3db75e29728f3?s=96&d=mm&r=g","contentUrl":"https:\/\/secure.gravatar.com\/avatar\/d8709cd0de324fbec018b6878350216726d26c3436f44ebee8f3db75e29728f3?s=96&d=mm&r=g","caption":"Brena Marques"},"url":"https:\/\/portalfadesp.org.br\/?author=12"}]}},"_links":{"self":[{"href":"https:\/\/portalfadesp.org.br\/index.php?rest_route=\/wp\/v2\/posts\/47084","targetHints":{"allow":["GET"]}}],"collection":[{"href":"https:\/\/portalfadesp.org.br\/index.php?rest_route=\/wp\/v2\/posts"}],"about":[{"href":"https:\/\/portalfadesp.org.br\/index.php?rest_route=\/wp\/v2\/types\/post"}],"author":[{"embeddable":true,"href":"https:\/\/portalfadesp.org.br\/index.php?rest_route=\/wp\/v2\/users\/12"}],"replies":[{"embeddable":true,"href":"https:\/\/portalfadesp.org.br\/index.php?rest_route=%2Fwp%2Fv2%2Fcomments&post=47084"}],"version-history":[{"count":3,"href":"https:\/\/portalfadesp.org.br\/index.php?rest_route=\/wp\/v2\/posts\/47084\/revisions"}],"predecessor-version":[{"id":47089,"href":"https:\/\/portalfadesp.org.br\/index.php?rest_route=\/wp\/v2\/posts\/47084\/revisions\/47089"}],"wp:featuredmedia":[{"embeddable":true,"href":"https:\/\/portalfadesp.org.br\/index.php?rest_route=\/wp\/v2\/media\/47087"}],"wp:attachment":[{"href":"https:\/\/portalfadesp.org.br\/index.php?rest_route=%2Fwp%2Fv2%2Fmedia&parent=47084"}],"wp:term":[{"taxonomy":"category","embeddable":true,"href":"https:\/\/portalfadesp.org.br\/index.php?rest_route=%2Fwp%2Fv2%2Fcategories&post=47084"},{"taxonomy":"post_tag","embeddable":true,"href":"https:\/\/portalfadesp.org.br\/index.php?rest_route=%2Fwp%2Fv2%2Ftags&post=47084"}],"curies":[{"name":"wp","href":"https:\/\/api.w.org\/{rel}","templated":true}]}}