{"id":46971,"date":"2024-09-16T16:42:41","date_gmt":"2024-09-16T19:42:41","guid":{"rendered":"https:\/\/portalfadesp.org.br\/?p=46971"},"modified":"2024-09-16T16:54:35","modified_gmt":"2024-09-16T19:54:35","slug":"agentes-iniciam-cadastro-de-usuarios-no-saude-belem-digital","status":"publish","type":"post","link":"https:\/\/portalfadesp.org.br\/?p=46971","title":{"rendered":"Agentes iniciam cadastro de usu\u00e1rios no Sa\u00fade Bel\u00e9m Digital"},"content":{"rendered":"\n<p>Fundamentais na promo\u00e7\u00e3o da sa\u00fade p\u00fablica, os Agentes de Combate \u00e0s Endemias e Agentes Comunit\u00e1rios de Sa\u00fade abra\u00e7am a partir desta semana uma nova miss\u00e3o. Eles ir\u00e3o ajudar os moradores de suas \u00e1reas de abrang\u00eancia a baixar e utilizar o Sa\u00fade Bel\u00e9m Digital, nova ferramenta da Aten\u00e7\u00e3o B\u00e1sica na capital.&nbsp;<\/p>\n\n\n\n<figure class=\"wp-block-image size-large\"><img fetchpriority=\"high\" decoding=\"async\" width=\"1024\" height=\"576\" src=\"https:\/\/portalfadesp.org.br\/wp-content\/uploads\/2024\/09\/IMG_20240916_101111-1024x576.jpg\" alt=\"\" class=\"wp-image-46972\" srcset=\"https:\/\/portalfadesp.org.br\/wp-content\/uploads\/2024\/09\/IMG_20240916_101111-1024x576.jpg 1024w, https:\/\/portalfadesp.org.br\/wp-content\/uploads\/2024\/09\/IMG_20240916_101111-300x169.jpg 300w, https:\/\/portalfadesp.org.br\/wp-content\/uploads\/2024\/09\/IMG_20240916_101111-768x432.jpg 768w, https:\/\/portalfadesp.org.br\/wp-content\/uploads\/2024\/09\/IMG_20240916_101111-1536x864.jpg 1536w, https:\/\/portalfadesp.org.br\/wp-content\/uploads\/2024\/09\/IMG_20240916_101111-800x450.jpg 800w, https:\/\/portalfadesp.org.br\/wp-content\/uploads\/2024\/09\/IMG_20240916_101111.jpg 1920w\" sizes=\"(max-width: 1024px) 100vw, 1024px\" \/><\/figure>\n\n\n\n<div style=\"height:40px\" aria-hidden=\"true\" class=\"wp-block-spacer\"><\/div>\n\n\n\n<p>Cerca de 2.700 profissionais participam desde a semana passada da capacita\u00e7\u00e3o oferecida pela Secretaria Municipal de Sa\u00fade (Sesma). Realizada em turmas no audit\u00f3rio do Centro Universit\u00e1rio da Amaz\u00f4nia (Uniesamaz) e tamb\u00e9m nos distritos de Bel\u00e9m, a atividade esclarece d\u00favidas dos agentes sobre o funcionamento do aplicativo.<\/p>\n\n\n\n<div style=\"height:40px\" aria-hidden=\"true\" class=\"wp-block-spacer\"><\/div>\n\n\n\n<p>Al\u00e9m disso, os agentes visualizaram o potencial da ferramenta para impactar a Aten\u00e7\u00e3o B\u00e1sica ao permitir que, a partir do celular, os usu\u00e1rios interajam com m\u00e9dicos, psic\u00f3logos, educadores f\u00edsicos e nutricionistas de segunda a segunda.&nbsp;<\/p>\n\n\n\n<div style=\"height:40px\" aria-hidden=\"true\" class=\"wp-block-spacer\"><\/div>\n\n\n\n<p>Ministrante da capacita\u00e7\u00e3o, o agente comunit\u00e1rio de sa\u00fade Dener Mendon\u00e7a enfatizou que os agentes precisam adquirir confian\u00e7a no uso do aplicativo para virarem multiplicadores. Ele ressaltou que a plataforma n\u00e3o substitui os servi\u00e7os de sa\u00fade p\u00fablica atuais, vindo para complementar atrav\u00e9s da inova\u00e7\u00e3o digital.&nbsp;<\/p>\n\n\n\n<div style=\"height:40px\" aria-hidden=\"true\" class=\"wp-block-spacer\"><\/div>\n\n\n\n<p>Com base em levantamentos da Companhia de Tecnologia da Informa\u00e7\u00e3o de Bel\u00e9m (Cinbesa), ele apontou que 70% do p\u00fablico que procura servi\u00e7os de urg\u00eancia e emerg\u00eancia poderia ser atendido na Aten\u00e7\u00e3o B\u00e1sica. Por\u00e9m, fomentando uma nova cultura de atendimento, \u00e9 poss\u00edvel desafogar filas das Unidades de Pronto Atendimento (UPAs) e prontos-socorros.<\/p>\n\n\n\n<div style=\"height:42px\" aria-hidden=\"true\" class=\"wp-block-spacer\"><\/div>\n\n\n\n<div style=\"height:0px\" aria-hidden=\"true\" class=\"wp-block-spacer\"><\/div>\n\n\n\n<p>O ministrante ressalta que a ferramenta traz um sistema intuitivo, semelhante aos aplicativos de mensagem, facilitando a compreens\u00e3o de uso. Na capacita\u00e7\u00e3o, os agentes antecipam poss\u00edveis d\u00favidas dos usu\u00e1rios. \u201cA import\u00e2ncia disso \u00e9 poder sentir na pele como se usa um sistema novo para poder replicar ele de uma forma mais s\u00f3lida\u201d, afirma.&nbsp;&nbsp;<\/p>\n\n\n\n<div style=\"height:40px\" aria-hidden=\"true\" class=\"wp-block-spacer\"><\/div>\n\n\n\n<p>O agente de sa\u00fade Glauber Val\u00e9rio v\u00ea com otimismo a divulga\u00e7\u00e3o da ferramenta na \u00e1rea onde atua, no bairro da Campina. Ele conta que, especialmente os comerciantes, afirmam n\u00e3o ter tempo para ir aos postos de sa\u00fade, por causa da rotina de trabalho. \u201cEles v\u00e3o ficar muito felizes em saber que ter\u00e3o o atendimento na palma da m\u00e3o. Fica muito mais din\u00e2mico para eles\u201d, comemora.<\/p>\n\n\n\n<div style=\"height:40px\" aria-hidden=\"true\" class=\"wp-block-spacer\"><\/div>\n\n\n\n<p><strong><mark style=\"background-color:rgba(0, 0, 0, 0)\" class=\"has-inline-color has-luminous-vivid-orange-color\">Facilidade<\/mark><\/strong><\/p>\n\n\n\n<p>Dispon\u00edvel atualmente na vers\u00e3o Android e web, o Sa\u00fade Bel\u00e9m Digital \u00e9 uma parceria da Sesma com Funda\u00e7\u00e3o de Amparo e Desenvolvimento da Pesquisa (FADESP), Cinbesa e Sistema \u00danico de Sa\u00fade (SUS).&nbsp;<\/p>\n\n\n\n<div style=\"height:40px\" aria-hidden=\"true\" class=\"wp-block-spacer\"><\/div>\n\n\n\n<p>O servi\u00e7o disponibiliza atendimento remoto com m\u00e9dicos generalistas e pediatras, 24h por dia, e com nutricionistas, educadores f\u00edsicos e psic\u00f3logos de 8h \u00e0s 12h e 14h \u00e0s 18h. Os atendimentos s\u00e3o gratuitos e, pelo aplicativo, n\u00e3o consomem dados do pacote de dados do usu\u00e1rio. Em caso de dificuldades no uso do app, est\u00e1 dispon\u00edvel SAC no hor\u00e1rio de 8h \u00e0s 17h.<\/p>\n\n\n\n<div style=\"height:40px\" aria-hidden=\"true\" class=\"wp-block-spacer\"><\/div>\n\n\n\n<p><strong><em>Texto: Marta Cardoso<\/em><\/strong><\/p>\n\n\n\n<p><\/p>\n","protected":false},"excerpt":{"rendered":"<p>Fundamentais na promo\u00e7\u00e3o da sa\u00fade p\u00fablica, os Agentes de Combate \u00e0s Endemias e Agentes Comunit\u00e1rios de Sa\u00fade abra\u00e7am a partir desta semana uma nova miss\u00e3o. Eles ir\u00e3o ajudar os moradores de suas \u00e1reas de abrang\u00eancia a baixar e utilizar o Sa\u00fade Bel\u00e9m Digital, nova ferramenta da Aten\u00e7\u00e3o B\u00e1sica na capital.&nbsp; Cerca de 2.700 profissionais participam [&hellip;]<\/p>\n","protected":false},"author":12,"featured_media":46975,"comment_status":"closed","ping_status":"closed","sticky":false,"template":"","format":"standard","meta":{"_monsterinsights_skip_tracking":false,"_monsterinsights_sitenote_active":false,"_monsterinsights_sitenote_note":"","_monsterinsights_sitenote_category":0,"footnotes":""},"categories":[60,1],"tags":[],"class_list":["post-46971","post","type-post","status-publish","format-standard","has-post-thumbnail","hentry","category-destaque","category-geral","entry","has-media"],"yoast_head":"<!-- This site is optimized with the Yoast SEO plugin v25.1 - https:\/\/yoast.com\/wordpress\/plugins\/seo\/ -->\n<title>Agentes iniciam cadastro de usu\u00e1rios no Sa\u00fade Bel\u00e9m Digital - FADESP<\/title>\n<meta name=\"robots\" content=\"index, follow, max-snippet:-1, max-image-preview:large, max-video-preview:-1\" \/>\n<link rel=\"canonical\" href=\"https:\/\/portalfadesp.org.br\/?p=46971\" \/>\n<meta property=\"og:locale\" content=\"pt_BR\" \/>\n<meta property=\"og:type\" content=\"article\" \/>\n<meta property=\"og:title\" content=\"Agentes iniciam cadastro de usu\u00e1rios no Sa\u00fade Bel\u00e9m Digital - FADESP\" \/>\n<meta property=\"og:description\" content=\"Fundamentais na promo\u00e7\u00e3o da sa\u00fade p\u00fablica, os Agentes de Combate \u00e0s Endemias e Agentes Comunit\u00e1rios de Sa\u00fade abra\u00e7am a partir desta semana uma nova miss\u00e3o. Eles ir\u00e3o ajudar os moradores de suas \u00e1reas de abrang\u00eancia a baixar e utilizar o Sa\u00fade Bel\u00e9m Digital, nova ferramenta da Aten\u00e7\u00e3o B\u00e1sica na capital.&nbsp; Cerca de 2.700 profissionais participam [&hellip;]\" \/>\n<meta property=\"og:url\" content=\"https:\/\/portalfadesp.org.br\/?p=46971\" \/>\n<meta property=\"og:site_name\" content=\"FADESP\" \/>\n<meta property=\"article:publisher\" content=\"https:\/\/www.facebook.com\/Fadesp-138351949524662\/\" \/>\n<meta property=\"article:published_time\" content=\"2024-09-16T19:42:41+00:00\" \/>\n<meta property=\"article:modified_time\" content=\"2024-09-16T19:54:35+00:00\" \/>\n<meta property=\"og:image\" content=\"https:\/\/portalfadesp.org.br\/wp-content\/uploads\/2024\/09\/WhatsApp-Image-2024-09-16-at-16.54.11.jpeg\" \/>\n\t<meta property=\"og:image:width\" content=\"1600\" \/>\n\t<meta property=\"og:image:height\" content=\"475\" \/>\n\t<meta property=\"og:image:type\" content=\"image\/jpeg\" \/>\n<meta name=\"author\" content=\"Brena Marques\" \/>\n<meta name=\"twitter:card\" content=\"summary_large_image\" \/>\n<meta name=\"twitter:creator\" content=\"@Fadesp\" \/>\n<meta name=\"twitter:site\" content=\"@Fadesp\" \/>\n<meta name=\"twitter:label1\" content=\"Escrito por\" \/>\n\t<meta name=\"twitter:data1\" content=\"Brena Marques\" \/>\n\t<meta name=\"twitter:label2\" content=\"Est. tempo de leitura\" \/>\n\t<meta name=\"twitter:data2\" content=\"3 minutos\" \/>\n<script type=\"application\/ld+json\" class=\"yoast-schema-graph\">{\"@context\":\"https:\/\/schema.org\",\"@graph\":[{\"@type\":\"Article\",\"@id\":\"https:\/\/portalfadesp.org.br\/?p=46971#article\",\"isPartOf\":{\"@id\":\"https:\/\/portalfadesp.org.br\/?p=46971\"},\"author\":{\"name\":\"Brena Marques\",\"@id\":\"https:\/\/portalfadesp.org.br\/#\/schema\/person\/31709c4c8ec92d6bbdd2c1da60cf8d66\"},\"headline\":\"Agentes iniciam cadastro de usu\u00e1rios no Sa\u00fade Bel\u00e9m Digital\",\"datePublished\":\"2024-09-16T19:42:41+00:00\",\"dateModified\":\"2024-09-16T19:54:35+00:00\",\"mainEntityOfPage\":{\"@id\":\"https:\/\/portalfadesp.org.br\/?p=46971\"},\"wordCount\":534,\"publisher\":{\"@id\":\"https:\/\/portalfadesp.org.br\/#organization\"},\"image\":{\"@id\":\"https:\/\/portalfadesp.org.br\/?p=46971#primaryimage\"},\"thumbnailUrl\":\"https:\/\/portalfadesp.org.br\/wp-content\/uploads\/2024\/09\/WhatsApp-Image-2024-09-16-at-16.54.11.jpeg\",\"articleSection\":[\"Destaque\",\"Geral\"],\"inLanguage\":\"pt-BR\"},{\"@type\":\"WebPage\",\"@id\":\"https:\/\/portalfadesp.org.br\/?p=46971\",\"url\":\"https:\/\/portalfadesp.org.br\/?p=46971\",\"name\":\"Agentes iniciam cadastro de usu\u00e1rios no Sa\u00fade Bel\u00e9m Digital - FADESP\",\"isPartOf\":{\"@id\":\"https:\/\/portalfadesp.org.br\/#website\"},\"primaryImageOfPage\":{\"@id\":\"https:\/\/portalfadesp.org.br\/?p=46971#primaryimage\"},\"image\":{\"@id\":\"https:\/\/portalfadesp.org.br\/?p=46971#primaryimage\"},\"thumbnailUrl\":\"https:\/\/portalfadesp.org.br\/wp-content\/uploads\/2024\/09\/WhatsApp-Image-2024-09-16-at-16.54.11.jpeg\",\"datePublished\":\"2024-09-16T19:42:41+00:00\",\"dateModified\":\"2024-09-16T19:54:35+00:00\",\"breadcrumb\":{\"@id\":\"https:\/\/portalfadesp.org.br\/?p=46971#breadcrumb\"},\"inLanguage\":\"pt-BR\",\"potentialAction\":[{\"@type\":\"ReadAction\",\"target\":[\"https:\/\/portalfadesp.org.br\/?p=46971\"]}]},{\"@type\":\"ImageObject\",\"inLanguage\":\"pt-BR\",\"@id\":\"https:\/\/portalfadesp.org.br\/?p=46971#primaryimage\",\"url\":\"https:\/\/portalfadesp.org.br\/wp-content\/uploads\/2024\/09\/WhatsApp-Image-2024-09-16-at-16.54.11.jpeg\",\"contentUrl\":\"https:\/\/portalfadesp.org.br\/wp-content\/uploads\/2024\/09\/WhatsApp-Image-2024-09-16-at-16.54.11.jpeg\",\"width\":1600,\"height\":475},{\"@type\":\"BreadcrumbList\",\"@id\":\"https:\/\/portalfadesp.org.br\/?p=46971#breadcrumb\",\"itemListElement\":[{\"@type\":\"ListItem\",\"position\":1,\"name\":\"In\u00edcio\",\"item\":\"https:\/\/portalfadesp.org.br\/\"},{\"@type\":\"ListItem\",\"position\":2,\"name\":\"Agentes iniciam cadastro de usu\u00e1rios no Sa\u00fade Bel\u00e9m Digital\"}]},{\"@type\":\"WebSite\",\"@id\":\"https:\/\/portalfadesp.org.br\/#website\",\"url\":\"https:\/\/portalfadesp.org.br\/\",\"name\":\"FADESP\",\"description\":\"Funda\u00e7\u00e3o de Amparo e Desenvolvimento da Pesquisa\",\"publisher\":{\"@id\":\"https:\/\/portalfadesp.org.br\/#organization\"},\"potentialAction\":[{\"@type\":\"SearchAction\",\"target\":{\"@type\":\"EntryPoint\",\"urlTemplate\":\"https:\/\/portalfadesp.org.br\/?s={search_term_string}\"},\"query-input\":{\"@type\":\"PropertyValueSpecification\",\"valueRequired\":true,\"valueName\":\"search_term_string\"}}],\"inLanguage\":\"pt-BR\"},{\"@type\":\"Organization\",\"@id\":\"https:\/\/portalfadesp.org.br\/#organization\",\"name\":\"FADESP\",\"url\":\"https:\/\/portalfadesp.org.br\/\",\"logo\":{\"@type\":\"ImageObject\",\"inLanguage\":\"pt-BR\",\"@id\":\"https:\/\/portalfadesp.org.br\/#\/schema\/logo\/image\/\",\"url\":\"https:\/\/portalfadesp.org.br\/wp-content\/uploads\/2024\/01\/NOVOLOGOFADESPlaranjaH.png\",\"contentUrl\":\"https:\/\/portalfadesp.org.br\/wp-content\/uploads\/2024\/01\/NOVOLOGOFADESPlaranjaH.png\",\"width\":2742,\"height\":839,\"caption\":\"FADESP\"},\"image\":{\"@id\":\"https:\/\/portalfadesp.org.br\/#\/schema\/logo\/image\/\"},\"sameAs\":[\"https:\/\/www.facebook.com\/Fadesp-138351949524662\/\",\"https:\/\/x.com\/Fadesp\",\"https:\/\/www.instagram.com\/fadesp_ufpa\/\",\"https:\/\/www.youtube.com\/@fundacaodeamparoedesenvolv1903\",\"https:\/\/www.threads.net\/@fadesp_ufpa\"]},{\"@type\":\"Person\",\"@id\":\"https:\/\/portalfadesp.org.br\/#\/schema\/person\/31709c4c8ec92d6bbdd2c1da60cf8d66\",\"name\":\"Brena Marques\",\"image\":{\"@type\":\"ImageObject\",\"inLanguage\":\"pt-BR\",\"@id\":\"https:\/\/portalfadesp.org.br\/#\/schema\/person\/image\/\",\"url\":\"https:\/\/secure.gravatar.com\/avatar\/d8709cd0de324fbec018b6878350216726d26c3436f44ebee8f3db75e29728f3?s=96&d=mm&r=g\",\"contentUrl\":\"https:\/\/secure.gravatar.com\/avatar\/d8709cd0de324fbec018b6878350216726d26c3436f44ebee8f3db75e29728f3?s=96&d=mm&r=g\",\"caption\":\"Brena Marques\"},\"url\":\"https:\/\/portalfadesp.org.br\/?author=12\"}]}<\/script>\n<!-- \/ Yoast SEO plugin. -->","yoast_head_json":{"title":"Agentes iniciam cadastro de usu\u00e1rios no Sa\u00fade Bel\u00e9m Digital - FADESP","robots":{"index":"index","follow":"follow","max-snippet":"max-snippet:-1","max-image-preview":"max-image-preview:large","max-video-preview":"max-video-preview:-1"},"canonical":"https:\/\/portalfadesp.org.br\/?p=46971","og_locale":"pt_BR","og_type":"article","og_title":"Agentes iniciam cadastro de usu\u00e1rios no Sa\u00fade Bel\u00e9m Digital - FADESP","og_description":"Fundamentais na promo\u00e7\u00e3o da sa\u00fade p\u00fablica, os Agentes de Combate \u00e0s Endemias e Agentes Comunit\u00e1rios de Sa\u00fade abra\u00e7am a partir desta semana uma nova miss\u00e3o. Eles ir\u00e3o ajudar os moradores de suas \u00e1reas de abrang\u00eancia a baixar e utilizar o Sa\u00fade Bel\u00e9m Digital, nova ferramenta da Aten\u00e7\u00e3o B\u00e1sica na capital.&nbsp; Cerca de 2.700 profissionais participam [&hellip;]","og_url":"https:\/\/portalfadesp.org.br\/?p=46971","og_site_name":"FADESP","article_publisher":"https:\/\/www.facebook.com\/Fadesp-138351949524662\/","article_published_time":"2024-09-16T19:42:41+00:00","article_modified_time":"2024-09-16T19:54:35+00:00","og_image":[{"width":1600,"height":475,"url":"https:\/\/portalfadesp.org.br\/wp-content\/uploads\/2024\/09\/WhatsApp-Image-2024-09-16-at-16.54.11.jpeg","type":"image\/jpeg"}],"author":"Brena Marques","twitter_card":"summary_large_image","twitter_creator":"@Fadesp","twitter_site":"@Fadesp","twitter_misc":{"Escrito por":"Brena Marques","Est. tempo de leitura":"3 minutos"},"schema":{"@context":"https:\/\/schema.org","@graph":[{"@type":"Article","@id":"https:\/\/portalfadesp.org.br\/?p=46971#article","isPartOf":{"@id":"https:\/\/portalfadesp.org.br\/?p=46971"},"author":{"name":"Brena Marques","@id":"https:\/\/portalfadesp.org.br\/#\/schema\/person\/31709c4c8ec92d6bbdd2c1da60cf8d66"},"headline":"Agentes iniciam cadastro de usu\u00e1rios no Sa\u00fade Bel\u00e9m Digital","datePublished":"2024-09-16T19:42:41+00:00","dateModified":"2024-09-16T19:54:35+00:00","mainEntityOfPage":{"@id":"https:\/\/portalfadesp.org.br\/?p=46971"},"wordCount":534,"publisher":{"@id":"https:\/\/portalfadesp.org.br\/#organization"},"image":{"@id":"https:\/\/portalfadesp.org.br\/?p=46971#primaryimage"},"thumbnailUrl":"https:\/\/portalfadesp.org.br\/wp-content\/uploads\/2024\/09\/WhatsApp-Image-2024-09-16-at-16.54.11.jpeg","articleSection":["Destaque","Geral"],"inLanguage":"pt-BR"},{"@type":"WebPage","@id":"https:\/\/portalfadesp.org.br\/?p=46971","url":"https:\/\/portalfadesp.org.br\/?p=46971","name":"Agentes iniciam cadastro de usu\u00e1rios no Sa\u00fade Bel\u00e9m Digital - FADESP","isPartOf":{"@id":"https:\/\/portalfadesp.org.br\/#website"},"primaryImageOfPage":{"@id":"https:\/\/portalfadesp.org.br\/?p=46971#primaryimage"},"image":{"@id":"https:\/\/portalfadesp.org.br\/?p=46971#primaryimage"},"thumbnailUrl":"https:\/\/portalfadesp.org.br\/wp-content\/uploads\/2024\/09\/WhatsApp-Image-2024-09-16-at-16.54.11.jpeg","datePublished":"2024-09-16T19:42:41+00:00","dateModified":"2024-09-16T19:54:35+00:00","breadcrumb":{"@id":"https:\/\/portalfadesp.org.br\/?p=46971#breadcrumb"},"inLanguage":"pt-BR","potentialAction":[{"@type":"ReadAction","target":["https:\/\/portalfadesp.org.br\/?p=46971"]}]},{"@type":"ImageObject","inLanguage":"pt-BR","@id":"https:\/\/portalfadesp.org.br\/?p=46971#primaryimage","url":"https:\/\/portalfadesp.org.br\/wp-content\/uploads\/2024\/09\/WhatsApp-Image-2024-09-16-at-16.54.11.jpeg","contentUrl":"https:\/\/portalfadesp.org.br\/wp-content\/uploads\/2024\/09\/WhatsApp-Image-2024-09-16-at-16.54.11.jpeg","width":1600,"height":475},{"@type":"BreadcrumbList","@id":"https:\/\/portalfadesp.org.br\/?p=46971#breadcrumb","itemListElement":[{"@type":"ListItem","position":1,"name":"In\u00edcio","item":"https:\/\/portalfadesp.org.br\/"},{"@type":"ListItem","position":2,"name":"Agentes iniciam cadastro de usu\u00e1rios no Sa\u00fade Bel\u00e9m Digital"}]},{"@type":"WebSite","@id":"https:\/\/portalfadesp.org.br\/#website","url":"https:\/\/portalfadesp.org.br\/","name":"FADESP","description":"Funda\u00e7\u00e3o de Amparo e Desenvolvimento da Pesquisa","publisher":{"@id":"https:\/\/portalfadesp.org.br\/#organization"},"potentialAction":[{"@type":"SearchAction","target":{"@type":"EntryPoint","urlTemplate":"https:\/\/portalfadesp.org.br\/?s={search_term_string}"},"query-input":{"@type":"PropertyValueSpecification","valueRequired":true,"valueName":"search_term_string"}}],"inLanguage":"pt-BR"},{"@type":"Organization","@id":"https:\/\/portalfadesp.org.br\/#organization","name":"FADESP","url":"https:\/\/portalfadesp.org.br\/","logo":{"@type":"ImageObject","inLanguage":"pt-BR","@id":"https:\/\/portalfadesp.org.br\/#\/schema\/logo\/image\/","url":"https:\/\/portalfadesp.org.br\/wp-content\/uploads\/2024\/01\/NOVOLOGOFADESPlaranjaH.png","contentUrl":"https:\/\/portalfadesp.org.br\/wp-content\/uploads\/2024\/01\/NOVOLOGOFADESPlaranjaH.png","width":2742,"height":839,"caption":"FADESP"},"image":{"@id":"https:\/\/portalfadesp.org.br\/#\/schema\/logo\/image\/"},"sameAs":["https:\/\/www.facebook.com\/Fadesp-138351949524662\/","https:\/\/x.com\/Fadesp","https:\/\/www.instagram.com\/fadesp_ufpa\/","https:\/\/www.youtube.com\/@fundacaodeamparoedesenvolv1903","https:\/\/www.threads.net\/@fadesp_ufpa"]},{"@type":"Person","@id":"https:\/\/portalfadesp.org.br\/#\/schema\/person\/31709c4c8ec92d6bbdd2c1da60cf8d66","name":"Brena Marques","image":{"@type":"ImageObject","inLanguage":"pt-BR","@id":"https:\/\/portalfadesp.org.br\/#\/schema\/person\/image\/","url":"https:\/\/secure.gravatar.com\/avatar\/d8709cd0de324fbec018b6878350216726d26c3436f44ebee8f3db75e29728f3?s=96&d=mm&r=g","contentUrl":"https:\/\/secure.gravatar.com\/avatar\/d8709cd0de324fbec018b6878350216726d26c3436f44ebee8f3db75e29728f3?s=96&d=mm&r=g","caption":"Brena Marques"},"url":"https:\/\/portalfadesp.org.br\/?author=12"}]}},"_links":{"self":[{"href":"https:\/\/portalfadesp.org.br\/index.php?rest_route=\/wp\/v2\/posts\/46971","targetHints":{"allow":["GET"]}}],"collection":[{"href":"https:\/\/portalfadesp.org.br\/index.php?rest_route=\/wp\/v2\/posts"}],"about":[{"href":"https:\/\/portalfadesp.org.br\/index.php?rest_route=\/wp\/v2\/types\/post"}],"author":[{"embeddable":true,"href":"https:\/\/portalfadesp.org.br\/index.php?rest_route=\/wp\/v2\/users\/12"}],"replies":[{"embeddable":true,"href":"https:\/\/portalfadesp.org.br\/index.php?rest_route=%2Fwp%2Fv2%2Fcomments&post=46971"}],"version-history":[{"count":1,"href":"https:\/\/portalfadesp.org.br\/index.php?rest_route=\/wp\/v2\/posts\/46971\/revisions"}],"predecessor-version":[{"id":46973,"href":"https:\/\/portalfadesp.org.br\/index.php?rest_route=\/wp\/v2\/posts\/46971\/revisions\/46973"}],"wp:featuredmedia":[{"embeddable":true,"href":"https:\/\/portalfadesp.org.br\/index.php?rest_route=\/wp\/v2\/media\/46975"}],"wp:attachment":[{"href":"https:\/\/portalfadesp.org.br\/index.php?rest_route=%2Fwp%2Fv2%2Fmedia&parent=46971"}],"wp:term":[{"taxonomy":"category","embeddable":true,"href":"https:\/\/portalfadesp.org.br\/index.php?rest_route=%2Fwp%2Fv2%2Fcategories&post=46971"},{"taxonomy":"post_tag","embeddable":true,"href":"https:\/\/portalfadesp.org.br\/index.php?rest_route=%2Fwp%2Fv2%2Ftags&post=46971"}],"curies":[{"name":"wp","href":"https:\/\/api.w.org\/{rel}","templated":true}]}}