{"id":46962,"date":"2024-09-12T09:15:25","date_gmt":"2024-09-12T12:15:25","guid":{"rendered":"https:\/\/portalfadesp.org.br\/?p=46962"},"modified":"2024-09-12T09:18:12","modified_gmt":"2024-09-12T12:18:12","slug":"ufpa-recebe-leonardo-padura","status":"publish","type":"post","link":"https:\/\/portalfadesp.org.br\/?p=46962","title":{"rendered":"UFPA RECEBE LEONARDO PADURA"},"content":{"rendered":"\n<p><\/p>\n\n\n\n<p><strong><em>Com informa\u00e7\u00f5es ASCOM UFPA<\/em><\/strong><\/p>\n\n\n\n<p><strong><em>FOTOS:\u00a0Divulga\u00e7\u00e3o Editora Boitempo<\/em><\/strong><\/p>\n\n\n\n<div style=\"height:40px\" aria-hidden=\"true\" class=\"wp-block-spacer\"><\/div>\n\n\n\n<p>No dia 13 de setembro, \u00e0s 17h, a Universidade Federal do Par\u00e1 (UFPA) recebe o escritor cubano Leonardo Padura para uma conversa com a comunidade universit\u00e1ria e o p\u00fablico paraense na palestra intitulada \u201cLeonardo Padura por ele mesmo: trajet\u00f3ria liter\u00e1ria\u201d, com apresenta\u00e7\u00e3o de Emmanuel Zagury Tourinho, reitor da UFPA, e modera\u00e7\u00e3o de Ivana Jinkings, fundadora e editora da Boitempo.<\/p>\n\n\n\n<div style=\"height:40px\" aria-hidden=\"true\" class=\"wp-block-spacer\"><\/div>\n\n\n\n<p>Padura retorna ao Brasil ap\u00f3s cinco anos, a convite do Clube de Leitura do Centro Cultural Banco do Brasil, do Rio de Janeiro. O evento em Bel\u00e9m \u00e9 uma realiza\u00e7\u00e3o da Reitoria da Universidade Federal do Par\u00e1, por meio da Editora da UFPA (ed.ufpa), com apoio da Editora Boitempo e da Funda\u00e7\u00e3o de Amparo e Desenvolvimento da Pesquisa (Fadesp).<\/p>\n\n\n\n<figure class=\"wp-block-image\"><img decoding=\"async\" src=\"https:\/\/ufpa.br\/wp-content\/uploads\/2024\/09\/Imagem-Padura-Portal-UFPA-FOTO-INTERNA.jpg\" alt=\"Fotografia do escritor Leonardo Padura. Ele \u00e9 pardo, tem barba e bigode de cabelos brancos. Ele veste uma blusa jeans e possui um \u00f3culos pendurado no pesco\u00e7o.\" class=\"wp-image-72499\"\/><\/figure>\n\n\n\n<p>Escritor de maior sucesso internacional entre seus conterr\u00e2neos e considerado um dos principais romancistas do mundo atualmente, Leonardo Padura come\u00e7ou sua carreira no jornalismo trabalhando nos principais peri\u00f3dicos de Havana. A partir da d\u00e9cada de 1990, decidiu dedicar-se inteiramente \u00e0 literatura, tendo seus livros publicados em mais de trinta idiomas. Observador atento \u00e0s transforma\u00e7\u00f5es sociais dentro e fora de Cuba, Padura aborda variados temas em seus escritos, que transitam entre amizade, paix\u00e3o, medo, repress\u00e3o e, especialmente, mem\u00f3ria e hist\u00f3ria, em uma constante busca de se conectar a cada leitor por meio da \u201ccondi\u00e7\u00e3o humana universal\u201d, tocando sua ess\u00eancia e seus conflitos. Seu prof\u00edcuo trabalho liter\u00e1rio rendeu-lhe diversas honrarias, como o Pr\u00eamio Nacional de Literatura de Cuba, em 2012.&nbsp;<\/p>\n\n\n\n<div style=\"height:39px\" aria-hidden=\"true\" class=\"wp-block-spacer\"><\/div>\n\n\n\n<p>Em 2015, Padura foi agraciado com o Pr\u00eamio Princesa de Ast\u00farias, na categoria Letras, destacando-se seu papel de \u201cinquiridor do culto e do popular; um intelectual independente, com um temperamento \u00e9tico firme\u201d, al\u00e9m de sua vasta obra, que abrange todos os g\u00eaneros da prosa e revela \u201cum recurso que caracteriza sua vontade liter\u00e1ria: o interesse em ouvir vozes populares e as hist\u00f3rias perdidas de outros\u201d. Em 2018, recebeu o Pr\u00eamio Internacional de Novela Hist\u00f3rica Barcino, entregue pela Prefeitura de Barcelona, na Catalunha. Em 2016, na obra&nbsp;<em>Passado Perfeito<\/em>, Padura deu vida ao investigador Mario Conde, que passou a protagonizar seus romances policiais e virou personagem da s\u00e9rie de&nbsp;<em>Streaming&nbsp;<\/em><em>Quatro Esta\u00e7\u00f5es em Havana<\/em>.<\/p>\n\n\n\n<div style=\"height:42px\" aria-hidden=\"true\" class=\"wp-block-spacer\"><\/div>\n\n\n\n<p>A Boitempo publica em territ\u00f3rio nacional os livros de Leonardo Padura, que est\u00e3o dispon\u00edveis para compra na Livraria da Editora da UFPA:&nbsp;<em>O homem que amava os cachorros<\/em>&nbsp;(2015);&nbsp;<em>Hereges<\/em>&nbsp;(2015);&nbsp;<em>Paisagem de outono<\/em>&nbsp;(2016);&nbsp;<em>Passado perfeito<\/em>&nbsp;(2016);&nbsp;<em>M\u00e1scaras<\/em>&nbsp;(2016);&nbsp;<em>Ventos de quaresma<\/em>&nbsp;(2016);&nbsp;<em>A transpar\u00eancia do tempo<\/em>&nbsp;(2018);&nbsp;<em>O romance da minha vida<\/em>&nbsp;(2019);&nbsp;<em>\u00c1gua por todos os lados<\/em>&nbsp;(2020);&nbsp;<em>Como poeira ao vento<\/em>&nbsp;(2021);&nbsp;<em>Febre de cavalos<\/em>&nbsp;(2022) e&nbsp;<em>Pessoas decentes<\/em>&nbsp;(2023). Ap\u00f3s a palestra, o escritor estar\u00e1 \u00e0 disposi\u00e7\u00e3o do p\u00fablico em sess\u00e3o de aut\u00f3grafos, no&nbsp;<em>hall<\/em>&nbsp;do Centro de Eventos Benedito Nunes, em que os livros do escritor poder\u00e3o ser adquiridos no estande da ed.ufpa.<\/p>\n\n\n\n<div style=\"height:40px\" aria-hidden=\"true\" class=\"wp-block-spacer\"><\/div>\n\n\n\n<p><strong>Servi\u00e7o:<\/strong><\/p>\n\n\n\n<p>Palestra \u201cLeonardo Padura por ele mesmo: trajet\u00f3ria liter\u00e1ria\u201d, com o escritor Leonardo Padura.<\/p>\n\n\n\n<p>Data: 13 de setembro (sexta-feira).<\/p>\n\n\n\n<p>Hor\u00e1rio: 17h.<\/p>\n\n\n\n<p>Local: Audit\u00f3rio do Centro de Eventos Benedito Nunes (CEBN), no&nbsp;<em>campus<\/em>&nbsp;da UFPA em Bel\u00e9m.<\/p>\n\n\n\n<p>N\u00e3o \u00e9 necess\u00e1rio inscri\u00e7\u00e3o pr\u00e9via. Entrada franca at\u00e9 a lota\u00e7\u00e3o do audit\u00f3rio.<\/p>\n\n\n\n<figure class=\"wp-block-image size-full\"><img fetchpriority=\"high\" decoding=\"async\" width=\"890\" height=\"505\" src=\"https:\/\/portalfadesp.org.br\/wp-content\/uploads\/2024\/09\/image-1.png\" alt=\"\" class=\"wp-image-46966\" srcset=\"https:\/\/portalfadesp.org.br\/wp-content\/uploads\/2024\/09\/image-1.png 890w, https:\/\/portalfadesp.org.br\/wp-content\/uploads\/2024\/09\/image-1-300x170.png 300w, https:\/\/portalfadesp.org.br\/wp-content\/uploads\/2024\/09\/image-1-768x436.png 768w\" sizes=\"(max-width: 890px) 100vw, 890px\" \/><\/figure>\n\n\n\n<p><\/p>\n","protected":false},"excerpt":{"rendered":"<p>Com informa\u00e7\u00f5es ASCOM UFPA FOTOS:\u00a0Divulga\u00e7\u00e3o Editora Boitempo No dia 13 de setembro, \u00e0s 17h, a Universidade Federal do Par\u00e1 (UFPA) recebe o escritor cubano Leonardo Padura para uma conversa com a comunidade universit\u00e1ria e o p\u00fablico paraense na palestra intitulada \u201cLeonardo Padura por ele mesmo: trajet\u00f3ria liter\u00e1ria\u201d, com apresenta\u00e7\u00e3o de Emmanuel Zagury Tourinho, reitor da [&hellip;]<\/p>\n","protected":false},"author":12,"featured_media":46968,"comment_status":"closed","ping_status":"closed","sticky":false,"template":"","format":"standard","meta":{"_monsterinsights_skip_tracking":false,"_monsterinsights_sitenote_active":false,"_monsterinsights_sitenote_note":"","_monsterinsights_sitenote_category":0,"footnotes":""},"categories":[60,1],"tags":[],"class_list":["post-46962","post","type-post","status-publish","format-standard","has-post-thumbnail","hentry","category-destaque","category-geral","entry","has-media"],"yoast_head":"<!-- This site is optimized with the Yoast SEO plugin v25.1 - https:\/\/yoast.com\/wordpress\/plugins\/seo\/ -->\n<title>UFPA RECEBE LEONARDO PADURA - FADESP<\/title>\n<meta name=\"robots\" content=\"index, follow, max-snippet:-1, max-image-preview:large, max-video-preview:-1\" \/>\n<link rel=\"canonical\" href=\"https:\/\/portalfadesp.org.br\/?p=46962\" \/>\n<meta property=\"og:locale\" content=\"pt_BR\" \/>\n<meta property=\"og:type\" content=\"article\" \/>\n<meta property=\"og:title\" content=\"UFPA RECEBE LEONARDO PADURA - FADESP\" \/>\n<meta property=\"og:description\" content=\"Com informa\u00e7\u00f5es ASCOM UFPA FOTOS:\u00a0Divulga\u00e7\u00e3o Editora Boitempo No dia 13 de setembro, \u00e0s 17h, a Universidade Federal do Par\u00e1 (UFPA) recebe o escritor cubano Leonardo Padura para uma conversa com a comunidade universit\u00e1ria e o p\u00fablico paraense na palestra intitulada \u201cLeonardo Padura por ele mesmo: trajet\u00f3ria liter\u00e1ria\u201d, com apresenta\u00e7\u00e3o de Emmanuel Zagury Tourinho, reitor da [&hellip;]\" \/>\n<meta property=\"og:url\" content=\"https:\/\/portalfadesp.org.br\/?p=46962\" \/>\n<meta property=\"og:site_name\" content=\"FADESP\" \/>\n<meta property=\"article:publisher\" content=\"https:\/\/www.facebook.com\/Fadesp-138351949524662\/\" \/>\n<meta property=\"article:published_time\" content=\"2024-09-12T12:15:25+00:00\" \/>\n<meta property=\"article:modified_time\" content=\"2024-09-12T12:18:12+00:00\" \/>\n<meta property=\"og:image\" content=\"https:\/\/portalfadesp.org.br\/wp-content\/uploads\/2024\/09\/WhatsApp-Image-2024-09-12-at-09.13.41.jpeg\" \/>\n\t<meta property=\"og:image:width\" content=\"1600\" \/>\n\t<meta property=\"og:image:height\" content=\"475\" \/>\n\t<meta property=\"og:image:type\" content=\"image\/jpeg\" \/>\n<meta name=\"author\" content=\"Brena Marques\" \/>\n<meta name=\"twitter:card\" content=\"summary_large_image\" \/>\n<meta name=\"twitter:creator\" content=\"@Fadesp\" \/>\n<meta name=\"twitter:site\" content=\"@Fadesp\" \/>\n<meta name=\"twitter:label1\" content=\"Escrito por\" \/>\n\t<meta name=\"twitter:data1\" content=\"Brena Marques\" \/>\n\t<meta name=\"twitter:label2\" content=\"Est. tempo de leitura\" \/>\n\t<meta name=\"twitter:data2\" content=\"4 minutos\" \/>\n<script type=\"application\/ld+json\" class=\"yoast-schema-graph\">{\"@context\":\"https:\/\/schema.org\",\"@graph\":[{\"@type\":\"Article\",\"@id\":\"https:\/\/portalfadesp.org.br\/?p=46962#article\",\"isPartOf\":{\"@id\":\"https:\/\/portalfadesp.org.br\/?p=46962\"},\"author\":{\"name\":\"Brena Marques\",\"@id\":\"https:\/\/portalfadesp.org.br\/#\/schema\/person\/31709c4c8ec92d6bbdd2c1da60cf8d66\"},\"headline\":\"UFPA RECEBE LEONARDO PADURA\",\"datePublished\":\"2024-09-12T12:15:25+00:00\",\"dateModified\":\"2024-09-12T12:18:12+00:00\",\"mainEntityOfPage\":{\"@id\":\"https:\/\/portalfadesp.org.br\/?p=46962\"},\"wordCount\":588,\"publisher\":{\"@id\":\"https:\/\/portalfadesp.org.br\/#organization\"},\"image\":{\"@id\":\"https:\/\/portalfadesp.org.br\/?p=46962#primaryimage\"},\"thumbnailUrl\":\"https:\/\/portalfadesp.org.br\/wp-content\/uploads\/2024\/09\/WhatsApp-Image-2024-09-12-at-09.13.41.jpeg\",\"articleSection\":[\"Destaque\",\"Geral\"],\"inLanguage\":\"pt-BR\"},{\"@type\":\"WebPage\",\"@id\":\"https:\/\/portalfadesp.org.br\/?p=46962\",\"url\":\"https:\/\/portalfadesp.org.br\/?p=46962\",\"name\":\"UFPA RECEBE LEONARDO PADURA - FADESP\",\"isPartOf\":{\"@id\":\"https:\/\/portalfadesp.org.br\/#website\"},\"primaryImageOfPage\":{\"@id\":\"https:\/\/portalfadesp.org.br\/?p=46962#primaryimage\"},\"image\":{\"@id\":\"https:\/\/portalfadesp.org.br\/?p=46962#primaryimage\"},\"thumbnailUrl\":\"https:\/\/portalfadesp.org.br\/wp-content\/uploads\/2024\/09\/WhatsApp-Image-2024-09-12-at-09.13.41.jpeg\",\"datePublished\":\"2024-09-12T12:15:25+00:00\",\"dateModified\":\"2024-09-12T12:18:12+00:00\",\"breadcrumb\":{\"@id\":\"https:\/\/portalfadesp.org.br\/?p=46962#breadcrumb\"},\"inLanguage\":\"pt-BR\",\"potentialAction\":[{\"@type\":\"ReadAction\",\"target\":[\"https:\/\/portalfadesp.org.br\/?p=46962\"]}]},{\"@type\":\"ImageObject\",\"inLanguage\":\"pt-BR\",\"@id\":\"https:\/\/portalfadesp.org.br\/?p=46962#primaryimage\",\"url\":\"https:\/\/portalfadesp.org.br\/wp-content\/uploads\/2024\/09\/WhatsApp-Image-2024-09-12-at-09.13.41.jpeg\",\"contentUrl\":\"https:\/\/portalfadesp.org.br\/wp-content\/uploads\/2024\/09\/WhatsApp-Image-2024-09-12-at-09.13.41.jpeg\",\"width\":1600,\"height\":475},{\"@type\":\"BreadcrumbList\",\"@id\":\"https:\/\/portalfadesp.org.br\/?p=46962#breadcrumb\",\"itemListElement\":[{\"@type\":\"ListItem\",\"position\":1,\"name\":\"In\u00edcio\",\"item\":\"https:\/\/portalfadesp.org.br\/\"},{\"@type\":\"ListItem\",\"position\":2,\"name\":\"UFPA RECEBE LEONARDO PADURA\"}]},{\"@type\":\"WebSite\",\"@id\":\"https:\/\/portalfadesp.org.br\/#website\",\"url\":\"https:\/\/portalfadesp.org.br\/\",\"name\":\"FADESP\",\"description\":\"Funda\u00e7\u00e3o de Amparo e Desenvolvimento da Pesquisa\",\"publisher\":{\"@id\":\"https:\/\/portalfadesp.org.br\/#organization\"},\"potentialAction\":[{\"@type\":\"SearchAction\",\"target\":{\"@type\":\"EntryPoint\",\"urlTemplate\":\"https:\/\/portalfadesp.org.br\/?s={search_term_string}\"},\"query-input\":{\"@type\":\"PropertyValueSpecification\",\"valueRequired\":true,\"valueName\":\"search_term_string\"}}],\"inLanguage\":\"pt-BR\"},{\"@type\":\"Organization\",\"@id\":\"https:\/\/portalfadesp.org.br\/#organization\",\"name\":\"FADESP\",\"url\":\"https:\/\/portalfadesp.org.br\/\",\"logo\":{\"@type\":\"ImageObject\",\"inLanguage\":\"pt-BR\",\"@id\":\"https:\/\/portalfadesp.org.br\/#\/schema\/logo\/image\/\",\"url\":\"https:\/\/portalfadesp.org.br\/wp-content\/uploads\/2024\/01\/NOVOLOGOFADESPlaranjaH.png\",\"contentUrl\":\"https:\/\/portalfadesp.org.br\/wp-content\/uploads\/2024\/01\/NOVOLOGOFADESPlaranjaH.png\",\"width\":2742,\"height\":839,\"caption\":\"FADESP\"},\"image\":{\"@id\":\"https:\/\/portalfadesp.org.br\/#\/schema\/logo\/image\/\"},\"sameAs\":[\"https:\/\/www.facebook.com\/Fadesp-138351949524662\/\",\"https:\/\/x.com\/Fadesp\",\"https:\/\/www.instagram.com\/fadesp_ufpa\/\",\"https:\/\/www.youtube.com\/@fundacaodeamparoedesenvolv1903\",\"https:\/\/www.threads.net\/@fadesp_ufpa\"]},{\"@type\":\"Person\",\"@id\":\"https:\/\/portalfadesp.org.br\/#\/schema\/person\/31709c4c8ec92d6bbdd2c1da60cf8d66\",\"name\":\"Brena Marques\",\"image\":{\"@type\":\"ImageObject\",\"inLanguage\":\"pt-BR\",\"@id\":\"https:\/\/portalfadesp.org.br\/#\/schema\/person\/image\/\",\"url\":\"https:\/\/secure.gravatar.com\/avatar\/d8709cd0de324fbec018b6878350216726d26c3436f44ebee8f3db75e29728f3?s=96&d=mm&r=g\",\"contentUrl\":\"https:\/\/secure.gravatar.com\/avatar\/d8709cd0de324fbec018b6878350216726d26c3436f44ebee8f3db75e29728f3?s=96&d=mm&r=g\",\"caption\":\"Brena Marques\"},\"url\":\"https:\/\/portalfadesp.org.br\/?author=12\"}]}<\/script>\n<!-- \/ Yoast SEO plugin. -->","yoast_head_json":{"title":"UFPA RECEBE LEONARDO PADURA - FADESP","robots":{"index":"index","follow":"follow","max-snippet":"max-snippet:-1","max-image-preview":"max-image-preview:large","max-video-preview":"max-video-preview:-1"},"canonical":"https:\/\/portalfadesp.org.br\/?p=46962","og_locale":"pt_BR","og_type":"article","og_title":"UFPA RECEBE LEONARDO PADURA - FADESP","og_description":"Com informa\u00e7\u00f5es ASCOM UFPA FOTOS:\u00a0Divulga\u00e7\u00e3o Editora Boitempo No dia 13 de setembro, \u00e0s 17h, a Universidade Federal do Par\u00e1 (UFPA) recebe o escritor cubano Leonardo Padura para uma conversa com a comunidade universit\u00e1ria e o p\u00fablico paraense na palestra intitulada \u201cLeonardo Padura por ele mesmo: trajet\u00f3ria liter\u00e1ria\u201d, com apresenta\u00e7\u00e3o de Emmanuel Zagury Tourinho, reitor da [&hellip;]","og_url":"https:\/\/portalfadesp.org.br\/?p=46962","og_site_name":"FADESP","article_publisher":"https:\/\/www.facebook.com\/Fadesp-138351949524662\/","article_published_time":"2024-09-12T12:15:25+00:00","article_modified_time":"2024-09-12T12:18:12+00:00","og_image":[{"width":1600,"height":475,"url":"https:\/\/portalfadesp.org.br\/wp-content\/uploads\/2024\/09\/WhatsApp-Image-2024-09-12-at-09.13.41.jpeg","type":"image\/jpeg"}],"author":"Brena Marques","twitter_card":"summary_large_image","twitter_creator":"@Fadesp","twitter_site":"@Fadesp","twitter_misc":{"Escrito por":"Brena Marques","Est. tempo de leitura":"4 minutos"},"schema":{"@context":"https:\/\/schema.org","@graph":[{"@type":"Article","@id":"https:\/\/portalfadesp.org.br\/?p=46962#article","isPartOf":{"@id":"https:\/\/portalfadesp.org.br\/?p=46962"},"author":{"name":"Brena Marques","@id":"https:\/\/portalfadesp.org.br\/#\/schema\/person\/31709c4c8ec92d6bbdd2c1da60cf8d66"},"headline":"UFPA RECEBE LEONARDO PADURA","datePublished":"2024-09-12T12:15:25+00:00","dateModified":"2024-09-12T12:18:12+00:00","mainEntityOfPage":{"@id":"https:\/\/portalfadesp.org.br\/?p=46962"},"wordCount":588,"publisher":{"@id":"https:\/\/portalfadesp.org.br\/#organization"},"image":{"@id":"https:\/\/portalfadesp.org.br\/?p=46962#primaryimage"},"thumbnailUrl":"https:\/\/portalfadesp.org.br\/wp-content\/uploads\/2024\/09\/WhatsApp-Image-2024-09-12-at-09.13.41.jpeg","articleSection":["Destaque","Geral"],"inLanguage":"pt-BR"},{"@type":"WebPage","@id":"https:\/\/portalfadesp.org.br\/?p=46962","url":"https:\/\/portalfadesp.org.br\/?p=46962","name":"UFPA RECEBE LEONARDO PADURA - FADESP","isPartOf":{"@id":"https:\/\/portalfadesp.org.br\/#website"},"primaryImageOfPage":{"@id":"https:\/\/portalfadesp.org.br\/?p=46962#primaryimage"},"image":{"@id":"https:\/\/portalfadesp.org.br\/?p=46962#primaryimage"},"thumbnailUrl":"https:\/\/portalfadesp.org.br\/wp-content\/uploads\/2024\/09\/WhatsApp-Image-2024-09-12-at-09.13.41.jpeg","datePublished":"2024-09-12T12:15:25+00:00","dateModified":"2024-09-12T12:18:12+00:00","breadcrumb":{"@id":"https:\/\/portalfadesp.org.br\/?p=46962#breadcrumb"},"inLanguage":"pt-BR","potentialAction":[{"@type":"ReadAction","target":["https:\/\/portalfadesp.org.br\/?p=46962"]}]},{"@type":"ImageObject","inLanguage":"pt-BR","@id":"https:\/\/portalfadesp.org.br\/?p=46962#primaryimage","url":"https:\/\/portalfadesp.org.br\/wp-content\/uploads\/2024\/09\/WhatsApp-Image-2024-09-12-at-09.13.41.jpeg","contentUrl":"https:\/\/portalfadesp.org.br\/wp-content\/uploads\/2024\/09\/WhatsApp-Image-2024-09-12-at-09.13.41.jpeg","width":1600,"height":475},{"@type":"BreadcrumbList","@id":"https:\/\/portalfadesp.org.br\/?p=46962#breadcrumb","itemListElement":[{"@type":"ListItem","position":1,"name":"In\u00edcio","item":"https:\/\/portalfadesp.org.br\/"},{"@type":"ListItem","position":2,"name":"UFPA RECEBE LEONARDO PADURA"}]},{"@type":"WebSite","@id":"https:\/\/portalfadesp.org.br\/#website","url":"https:\/\/portalfadesp.org.br\/","name":"FADESP","description":"Funda\u00e7\u00e3o de Amparo e Desenvolvimento da Pesquisa","publisher":{"@id":"https:\/\/portalfadesp.org.br\/#organization"},"potentialAction":[{"@type":"SearchAction","target":{"@type":"EntryPoint","urlTemplate":"https:\/\/portalfadesp.org.br\/?s={search_term_string}"},"query-input":{"@type":"PropertyValueSpecification","valueRequired":true,"valueName":"search_term_string"}}],"inLanguage":"pt-BR"},{"@type":"Organization","@id":"https:\/\/portalfadesp.org.br\/#organization","name":"FADESP","url":"https:\/\/portalfadesp.org.br\/","logo":{"@type":"ImageObject","inLanguage":"pt-BR","@id":"https:\/\/portalfadesp.org.br\/#\/schema\/logo\/image\/","url":"https:\/\/portalfadesp.org.br\/wp-content\/uploads\/2024\/01\/NOVOLOGOFADESPlaranjaH.png","contentUrl":"https:\/\/portalfadesp.org.br\/wp-content\/uploads\/2024\/01\/NOVOLOGOFADESPlaranjaH.png","width":2742,"height":839,"caption":"FADESP"},"image":{"@id":"https:\/\/portalfadesp.org.br\/#\/schema\/logo\/image\/"},"sameAs":["https:\/\/www.facebook.com\/Fadesp-138351949524662\/","https:\/\/x.com\/Fadesp","https:\/\/www.instagram.com\/fadesp_ufpa\/","https:\/\/www.youtube.com\/@fundacaodeamparoedesenvolv1903","https:\/\/www.threads.net\/@fadesp_ufpa"]},{"@type":"Person","@id":"https:\/\/portalfadesp.org.br\/#\/schema\/person\/31709c4c8ec92d6bbdd2c1da60cf8d66","name":"Brena Marques","image":{"@type":"ImageObject","inLanguage":"pt-BR","@id":"https:\/\/portalfadesp.org.br\/#\/schema\/person\/image\/","url":"https:\/\/secure.gravatar.com\/avatar\/d8709cd0de324fbec018b6878350216726d26c3436f44ebee8f3db75e29728f3?s=96&d=mm&r=g","contentUrl":"https:\/\/secure.gravatar.com\/avatar\/d8709cd0de324fbec018b6878350216726d26c3436f44ebee8f3db75e29728f3?s=96&d=mm&r=g","caption":"Brena Marques"},"url":"https:\/\/portalfadesp.org.br\/?author=12"}]}},"_links":{"self":[{"href":"https:\/\/portalfadesp.org.br\/index.php?rest_route=\/wp\/v2\/posts\/46962","targetHints":{"allow":["GET"]}}],"collection":[{"href":"https:\/\/portalfadesp.org.br\/index.php?rest_route=\/wp\/v2\/posts"}],"about":[{"href":"https:\/\/portalfadesp.org.br\/index.php?rest_route=\/wp\/v2\/types\/post"}],"author":[{"embeddable":true,"href":"https:\/\/portalfadesp.org.br\/index.php?rest_route=\/wp\/v2\/users\/12"}],"replies":[{"embeddable":true,"href":"https:\/\/portalfadesp.org.br\/index.php?rest_route=%2Fwp%2Fv2%2Fcomments&post=46962"}],"version-history":[{"count":3,"href":"https:\/\/portalfadesp.org.br\/index.php?rest_route=\/wp\/v2\/posts\/46962\/revisions"}],"predecessor-version":[{"id":46967,"href":"https:\/\/portalfadesp.org.br\/index.php?rest_route=\/wp\/v2\/posts\/46962\/revisions\/46967"}],"wp:featuredmedia":[{"embeddable":true,"href":"https:\/\/portalfadesp.org.br\/index.php?rest_route=\/wp\/v2\/media\/46968"}],"wp:attachment":[{"href":"https:\/\/portalfadesp.org.br\/index.php?rest_route=%2Fwp%2Fv2%2Fmedia&parent=46962"}],"wp:term":[{"taxonomy":"category","embeddable":true,"href":"https:\/\/portalfadesp.org.br\/index.php?rest_route=%2Fwp%2Fv2%2Fcategories&post=46962"},{"taxonomy":"post_tag","embeddable":true,"href":"https:\/\/portalfadesp.org.br\/index.php?rest_route=%2Fwp%2Fv2%2Ftags&post=46962"}],"curies":[{"name":"wp","href":"https:\/\/api.w.org\/{rel}","templated":true}]}}