{"id":46879,"date":"2024-09-02T09:29:57","date_gmt":"2024-09-02T12:29:57","guid":{"rendered":"https:\/\/portalfadesp.org.br\/?p=46879"},"modified":"2024-09-02T09:30:02","modified_gmt":"2024-09-02T12:30:02","slug":"aplicativo-do-saude-belem-digital-esta-disponivel-para-android","status":"publish","type":"post","link":"https:\/\/portalfadesp.org.br\/?p=46879","title":{"rendered":"Aplicativo do Sa\u00fade Bel\u00e9m Digital est\u00e1 dispon\u00edvel para Android"},"content":{"rendered":"\n<p>Os usu\u00e1rios de dispositivos Android j\u00e1 podem acessar os servi\u00e7os do Sa\u00fade Bel\u00e9m Digital atrav\u00e9s de aplicativo dispon\u00edvel na\u00a0<a href=\"https:\/\/play.google.com\/store\/apps\/details?id=com.sol.saude.sdk&amp;pcampaignid=web_share\" target=\"_blank\" rel=\"noreferrer noopener\"><strong><em>Google Store.<\/em><\/strong><\/a>\u00a0A ferramenta est\u00e1 dispon\u00edvel para download desde esta sexta-feira (30). Gratuito, a plataforma n\u00e3o consome dados de internet dos usu\u00e1rios, al\u00e9m de ser compat\u00edvel com redes m\u00f3veis 3G, 4G e 5G.<\/p>\n\n\n\n<div style=\"height:40px\" aria-hidden=\"true\" class=\"wp-block-spacer\"><\/div>\n\n\n\n<p>Essa \u00e9 mais uma facilidade da estrat\u00e9gia digital promovida pela Secretaria Municipal de Sa\u00fade (Sesma), voltada para a Aten\u00e7\u00e3o Prim\u00e1ria da capital paraense. Ela permite que os usu\u00e1rios do Sistema \u00danico de Sa\u00fade (SUS) tenham atendimentos remotos atrav\u00e9s de tecnologia intuitiva, semelhante aos aplicativos de mensagem.\u00a0 <\/p>\n\n\n\n<div style=\"height:40px\" aria-hidden=\"true\" class=\"wp-block-spacer\"><\/div>\n\n\n\n<p>Lan\u00e7ado no \u00faltimo dia 27, o servi\u00e7o digital virou realidade a partir da parceria com a Funda\u00e7\u00e3o de Amparo e Desenvolvimento da Pesquisa (FADESP) e Companhia de Tecnologia da Informa\u00e7\u00e3o de Bel\u00e9m (Cinbesa), com apoio do Minist\u00e9rio da Sa\u00fade. Entre os objetivos est\u00e3o ampliar os cuidados de sa\u00fade, diminuir as filas de urg\u00eancia e emerg\u00eancia e aproximar os usu\u00e1rios da Estrat\u00e9gia Sa\u00fade da Fam\u00edlia (ESF).&nbsp;<\/p>\n\n\n\n<div style=\"height:40px\" aria-hidden=\"true\" class=\"wp-block-spacer\"><\/div>\n\n\n\n<p>Para isso, a tecnologia m\u00f3vel vira uma ferramenta estrat\u00e9gica que permite intera\u00e7\u00e3o por texto, \u00e1udios, v\u00eddeos gravados ou em tempo real. Do outro lado, est\u00e3o m\u00e9dicos generalistas e pediatras da rede p\u00fablica de sa\u00fade, aptos a atender situa\u00e7\u00f5es de baixa complexidade. Refor\u00e7am a equipe os profissionais de Nutri\u00e7\u00e3o, Psicologia e Educa\u00e7\u00e3o F\u00edsica.&nbsp;<\/p>\n\n\n\n<div style=\"height:40px\" aria-hidden=\"true\" class=\"wp-block-spacer\"><\/div>\n\n\n\n<p><strong><mark style=\"background-color:rgba(0, 0, 0, 0)\" class=\"has-inline-color has-luminous-vivid-orange-color\">Na palma da m\u00e3o<\/mark><\/strong><\/p>\n\n\n\n<p>O Sa\u00fade Bel\u00e9m Digital \u00e9 destinado aos residentes de Bel\u00e9m cadastrados pelas equipes do Programa Fam\u00edlia Mais Saud\u00e1vel. Quem acessar o aplicativo, sem ter o cadastro na rede p\u00fablica, poder\u00e1 utilizar a teleorienta\u00e7\u00e3o durante 90 dias. Ap\u00f3s esse prazo, ser\u00e1 necess\u00e1rio procurar uma unidade de sa\u00fade para continuar usando a tecnologia.<\/p>\n\n\n\n<div style=\"height:40px\" aria-hidden=\"true\" class=\"wp-block-spacer\"><\/div>\n\n\n\n<p>Ap\u00f3s baixar o aplicativo, o usu\u00e1rio deve preencher os campos com CPF, data de nascimento, nome completo da m\u00e3e e n\u00famero de celular. Em seguida, deve digitar o c\u00f3digo enviado por SMS. Com o login feito, \u00e9 hora de escolher um dos profissionais dispon\u00edveis no \u00edcone \u201cChat M\u00e9dico\u201d. Basta escolher a especialidade e aguardar o tempo m\u00e1ximo de 15 minutos para acontecer a primeira intera\u00e7\u00e3o.&nbsp;<\/p>\n\n\n\n<div style=\"height:40px\" aria-hidden=\"true\" class=\"wp-block-spacer\"><\/div>\n\n\n\n<p><strong><mark style=\"background-color:rgba(0, 0, 0, 0)\" class=\"has-inline-color has-luminous-vivid-orange-color\">Funcionalidades<\/mark><\/strong><\/p>\n\n\n\n<p>Na se\u00e7\u00e3o \u201cHist\u00f3rico M\u00e9dico\u201d, usu\u00e1rios e profissionais de sa\u00fade podem incluir informa\u00e7\u00f5es que agilizam a consulta: alergias, hist\u00f3rico de doen\u00e7as e medica\u00e7\u00f5es em andamento. O servi\u00e7o garante a confidencialidade de todas as suas informa\u00e7\u00f5es m\u00e9dicas. Em breve, a ferramenta tamb\u00e9m estar\u00e1 dispon\u00edvel para dispositivos iOS.&nbsp;<\/p>\n\n\n\n<div style=\"height:40px\" aria-hidden=\"true\" class=\"wp-block-spacer\"><\/div>\n\n\n\n<p>Os servi\u00e7os atrav\u00e9s do aplicativo, voltados aos casos de baixa complexidade, s\u00e3o abrangentes, para atender de crian\u00e7as a idosos. A teleorienta\u00e7\u00e3o m\u00e9dica acontece 24 horas por dia, nos sete dias da semana. J\u00e1 o atendimento por nutricionistas, psic\u00f3logos e educadores f\u00edsicos acontece de 8h \u00e0s 12h e de 14h \u00e0s 18h, todos os dias da semana.&nbsp;<\/p>\n\n\n\n<div style=\"height:40px\" aria-hidden=\"true\" class=\"wp-block-spacer\"><\/div>\n\n\n\n<p><strong><em>Texto: Marta Cardoso<\/em><\/strong><\/p>\n\n\n\n<p><\/p>\n","protected":false},"excerpt":{"rendered":"<p>Os usu\u00e1rios de dispositivos Android j\u00e1 podem acessar os servi\u00e7os do Sa\u00fade Bel\u00e9m Digital atrav\u00e9s de aplicativo dispon\u00edvel na\u00a0Google Store.\u00a0A ferramenta est\u00e1 dispon\u00edvel para download desde esta sexta-feira (30). Gratuito, a plataforma n\u00e3o consome dados de internet dos usu\u00e1rios, al\u00e9m de ser compat\u00edvel com redes m\u00f3veis 3G, 4G e 5G. Essa \u00e9 mais uma facilidade [&hellip;]<\/p>\n","protected":false},"author":12,"featured_media":46881,"comment_status":"closed","ping_status":"closed","sticky":false,"template":"","format":"standard","meta":{"_monsterinsights_skip_tracking":false,"_monsterinsights_sitenote_active":false,"_monsterinsights_sitenote_note":"","_monsterinsights_sitenote_category":0,"footnotes":""},"categories":[60,1],"tags":[],"class_list":["post-46879","post","type-post","status-publish","format-standard","has-post-thumbnail","hentry","category-destaque","category-geral","entry","has-media"],"yoast_head":"<!-- This site is optimized with the Yoast SEO plugin v25.1 - https:\/\/yoast.com\/wordpress\/plugins\/seo\/ -->\n<title>Aplicativo do Sa\u00fade Bel\u00e9m Digital est\u00e1 dispon\u00edvel para Android - FADESP<\/title>\n<meta name=\"robots\" content=\"index, follow, max-snippet:-1, max-image-preview:large, max-video-preview:-1\" \/>\n<link rel=\"canonical\" href=\"https:\/\/portalfadesp.org.br\/?p=46879\" \/>\n<meta property=\"og:locale\" content=\"pt_BR\" \/>\n<meta property=\"og:type\" content=\"article\" \/>\n<meta property=\"og:title\" content=\"Aplicativo do Sa\u00fade Bel\u00e9m Digital est\u00e1 dispon\u00edvel para Android - FADESP\" \/>\n<meta property=\"og:description\" content=\"Os usu\u00e1rios de dispositivos Android j\u00e1 podem acessar os servi\u00e7os do Sa\u00fade Bel\u00e9m Digital atrav\u00e9s de aplicativo dispon\u00edvel na\u00a0Google Store.\u00a0A ferramenta est\u00e1 dispon\u00edvel para download desde esta sexta-feira (30). Gratuito, a plataforma n\u00e3o consome dados de internet dos usu\u00e1rios, al\u00e9m de ser compat\u00edvel com redes m\u00f3veis 3G, 4G e 5G. Essa \u00e9 mais uma facilidade [&hellip;]\" \/>\n<meta property=\"og:url\" content=\"https:\/\/portalfadesp.org.br\/?p=46879\" \/>\n<meta property=\"og:site_name\" content=\"FADESP\" \/>\n<meta property=\"article:publisher\" content=\"https:\/\/www.facebook.com\/Fadesp-138351949524662\/\" \/>\n<meta property=\"article:published_time\" content=\"2024-09-02T12:29:57+00:00\" \/>\n<meta property=\"article:modified_time\" content=\"2024-09-02T12:30:02+00:00\" \/>\n<meta property=\"og:image\" content=\"https:\/\/portalfadesp.org.br\/wp-content\/uploads\/2024\/09\/WhatsApp-Image-2024-09-02-at-09.20.21.jpeg\" \/>\n\t<meta property=\"og:image:width\" content=\"1600\" \/>\n\t<meta property=\"og:image:height\" content=\"475\" \/>\n\t<meta property=\"og:image:type\" content=\"image\/jpeg\" \/>\n<meta name=\"author\" content=\"Brena Marques\" \/>\n<meta name=\"twitter:card\" content=\"summary_large_image\" \/>\n<meta name=\"twitter:creator\" content=\"@Fadesp\" \/>\n<meta name=\"twitter:site\" content=\"@Fadesp\" \/>\n<meta name=\"twitter:label1\" content=\"Escrito por\" \/>\n\t<meta name=\"twitter:data1\" content=\"Brena Marques\" \/>\n\t<meta name=\"twitter:label2\" content=\"Est. tempo de leitura\" \/>\n\t<meta name=\"twitter:data2\" content=\"3 minutos\" \/>\n<script type=\"application\/ld+json\" class=\"yoast-schema-graph\">{\"@context\":\"https:\/\/schema.org\",\"@graph\":[{\"@type\":\"Article\",\"@id\":\"https:\/\/portalfadesp.org.br\/?p=46879#article\",\"isPartOf\":{\"@id\":\"https:\/\/portalfadesp.org.br\/?p=46879\"},\"author\":{\"name\":\"Brena Marques\",\"@id\":\"https:\/\/portalfadesp.org.br\/#\/schema\/person\/31709c4c8ec92d6bbdd2c1da60cf8d66\"},\"headline\":\"Aplicativo do Sa\u00fade Bel\u00e9m Digital est\u00e1 dispon\u00edvel para Android\",\"datePublished\":\"2024-09-02T12:29:57+00:00\",\"dateModified\":\"2024-09-02T12:30:02+00:00\",\"mainEntityOfPage\":{\"@id\":\"https:\/\/portalfadesp.org.br\/?p=46879\"},\"wordCount\":538,\"publisher\":{\"@id\":\"https:\/\/portalfadesp.org.br\/#organization\"},\"image\":{\"@id\":\"https:\/\/portalfadesp.org.br\/?p=46879#primaryimage\"},\"thumbnailUrl\":\"https:\/\/portalfadesp.org.br\/wp-content\/uploads\/2024\/09\/WhatsApp-Image-2024-09-02-at-09.20.21.jpeg\",\"articleSection\":[\"Destaque\",\"Geral\"],\"inLanguage\":\"pt-BR\"},{\"@type\":\"WebPage\",\"@id\":\"https:\/\/portalfadesp.org.br\/?p=46879\",\"url\":\"https:\/\/portalfadesp.org.br\/?p=46879\",\"name\":\"Aplicativo do Sa\u00fade Bel\u00e9m Digital est\u00e1 dispon\u00edvel para Android - FADESP\",\"isPartOf\":{\"@id\":\"https:\/\/portalfadesp.org.br\/#website\"},\"primaryImageOfPage\":{\"@id\":\"https:\/\/portalfadesp.org.br\/?p=46879#primaryimage\"},\"image\":{\"@id\":\"https:\/\/portalfadesp.org.br\/?p=46879#primaryimage\"},\"thumbnailUrl\":\"https:\/\/portalfadesp.org.br\/wp-content\/uploads\/2024\/09\/WhatsApp-Image-2024-09-02-at-09.20.21.jpeg\",\"datePublished\":\"2024-09-02T12:29:57+00:00\",\"dateModified\":\"2024-09-02T12:30:02+00:00\",\"breadcrumb\":{\"@id\":\"https:\/\/portalfadesp.org.br\/?p=46879#breadcrumb\"},\"inLanguage\":\"pt-BR\",\"potentialAction\":[{\"@type\":\"ReadAction\",\"target\":[\"https:\/\/portalfadesp.org.br\/?p=46879\"]}]},{\"@type\":\"ImageObject\",\"inLanguage\":\"pt-BR\",\"@id\":\"https:\/\/portalfadesp.org.br\/?p=46879#primaryimage\",\"url\":\"https:\/\/portalfadesp.org.br\/wp-content\/uploads\/2024\/09\/WhatsApp-Image-2024-09-02-at-09.20.21.jpeg\",\"contentUrl\":\"https:\/\/portalfadesp.org.br\/wp-content\/uploads\/2024\/09\/WhatsApp-Image-2024-09-02-at-09.20.21.jpeg\",\"width\":1600,\"height\":475},{\"@type\":\"BreadcrumbList\",\"@id\":\"https:\/\/portalfadesp.org.br\/?p=46879#breadcrumb\",\"itemListElement\":[{\"@type\":\"ListItem\",\"position\":1,\"name\":\"In\u00edcio\",\"item\":\"https:\/\/portalfadesp.org.br\/\"},{\"@type\":\"ListItem\",\"position\":2,\"name\":\"Aplicativo do Sa\u00fade Bel\u00e9m Digital est\u00e1 dispon\u00edvel para Android\"}]},{\"@type\":\"WebSite\",\"@id\":\"https:\/\/portalfadesp.org.br\/#website\",\"url\":\"https:\/\/portalfadesp.org.br\/\",\"name\":\"FADESP\",\"description\":\"Funda\u00e7\u00e3o de Amparo e Desenvolvimento da Pesquisa\",\"publisher\":{\"@id\":\"https:\/\/portalfadesp.org.br\/#organization\"},\"potentialAction\":[{\"@type\":\"SearchAction\",\"target\":{\"@type\":\"EntryPoint\",\"urlTemplate\":\"https:\/\/portalfadesp.org.br\/?s={search_term_string}\"},\"query-input\":{\"@type\":\"PropertyValueSpecification\",\"valueRequired\":true,\"valueName\":\"search_term_string\"}}],\"inLanguage\":\"pt-BR\"},{\"@type\":\"Organization\",\"@id\":\"https:\/\/portalfadesp.org.br\/#organization\",\"name\":\"FADESP\",\"url\":\"https:\/\/portalfadesp.org.br\/\",\"logo\":{\"@type\":\"ImageObject\",\"inLanguage\":\"pt-BR\",\"@id\":\"https:\/\/portalfadesp.org.br\/#\/schema\/logo\/image\/\",\"url\":\"https:\/\/portalfadesp.org.br\/wp-content\/uploads\/2024\/01\/NOVOLOGOFADESPlaranjaH.png\",\"contentUrl\":\"https:\/\/portalfadesp.org.br\/wp-content\/uploads\/2024\/01\/NOVOLOGOFADESPlaranjaH.png\",\"width\":2742,\"height\":839,\"caption\":\"FADESP\"},\"image\":{\"@id\":\"https:\/\/portalfadesp.org.br\/#\/schema\/logo\/image\/\"},\"sameAs\":[\"https:\/\/www.facebook.com\/Fadesp-138351949524662\/\",\"https:\/\/x.com\/Fadesp\",\"https:\/\/www.instagram.com\/fadesp_ufpa\/\",\"https:\/\/www.youtube.com\/@fundacaodeamparoedesenvolv1903\",\"https:\/\/www.threads.net\/@fadesp_ufpa\"]},{\"@type\":\"Person\",\"@id\":\"https:\/\/portalfadesp.org.br\/#\/schema\/person\/31709c4c8ec92d6bbdd2c1da60cf8d66\",\"name\":\"Brena Marques\",\"image\":{\"@type\":\"ImageObject\",\"inLanguage\":\"pt-BR\",\"@id\":\"https:\/\/portalfadesp.org.br\/#\/schema\/person\/image\/\",\"url\":\"https:\/\/secure.gravatar.com\/avatar\/d8709cd0de324fbec018b6878350216726d26c3436f44ebee8f3db75e29728f3?s=96&d=mm&r=g\",\"contentUrl\":\"https:\/\/secure.gravatar.com\/avatar\/d8709cd0de324fbec018b6878350216726d26c3436f44ebee8f3db75e29728f3?s=96&d=mm&r=g\",\"caption\":\"Brena Marques\"},\"url\":\"https:\/\/portalfadesp.org.br\/?author=12\"}]}<\/script>\n<!-- \/ Yoast SEO plugin. -->","yoast_head_json":{"title":"Aplicativo do Sa\u00fade Bel\u00e9m Digital est\u00e1 dispon\u00edvel para Android - FADESP","robots":{"index":"index","follow":"follow","max-snippet":"max-snippet:-1","max-image-preview":"max-image-preview:large","max-video-preview":"max-video-preview:-1"},"canonical":"https:\/\/portalfadesp.org.br\/?p=46879","og_locale":"pt_BR","og_type":"article","og_title":"Aplicativo do Sa\u00fade Bel\u00e9m Digital est\u00e1 dispon\u00edvel para Android - FADESP","og_description":"Os usu\u00e1rios de dispositivos Android j\u00e1 podem acessar os servi\u00e7os do Sa\u00fade Bel\u00e9m Digital atrav\u00e9s de aplicativo dispon\u00edvel na\u00a0Google Store.\u00a0A ferramenta est\u00e1 dispon\u00edvel para download desde esta sexta-feira (30). Gratuito, a plataforma n\u00e3o consome dados de internet dos usu\u00e1rios, al\u00e9m de ser compat\u00edvel com redes m\u00f3veis 3G, 4G e 5G. Essa \u00e9 mais uma facilidade [&hellip;]","og_url":"https:\/\/portalfadesp.org.br\/?p=46879","og_site_name":"FADESP","article_publisher":"https:\/\/www.facebook.com\/Fadesp-138351949524662\/","article_published_time":"2024-09-02T12:29:57+00:00","article_modified_time":"2024-09-02T12:30:02+00:00","og_image":[{"width":1600,"height":475,"url":"https:\/\/portalfadesp.org.br\/wp-content\/uploads\/2024\/09\/WhatsApp-Image-2024-09-02-at-09.20.21.jpeg","type":"image\/jpeg"}],"author":"Brena Marques","twitter_card":"summary_large_image","twitter_creator":"@Fadesp","twitter_site":"@Fadesp","twitter_misc":{"Escrito por":"Brena Marques","Est. tempo de leitura":"3 minutos"},"schema":{"@context":"https:\/\/schema.org","@graph":[{"@type":"Article","@id":"https:\/\/portalfadesp.org.br\/?p=46879#article","isPartOf":{"@id":"https:\/\/portalfadesp.org.br\/?p=46879"},"author":{"name":"Brena Marques","@id":"https:\/\/portalfadesp.org.br\/#\/schema\/person\/31709c4c8ec92d6bbdd2c1da60cf8d66"},"headline":"Aplicativo do Sa\u00fade Bel\u00e9m Digital est\u00e1 dispon\u00edvel para Android","datePublished":"2024-09-02T12:29:57+00:00","dateModified":"2024-09-02T12:30:02+00:00","mainEntityOfPage":{"@id":"https:\/\/portalfadesp.org.br\/?p=46879"},"wordCount":538,"publisher":{"@id":"https:\/\/portalfadesp.org.br\/#organization"},"image":{"@id":"https:\/\/portalfadesp.org.br\/?p=46879#primaryimage"},"thumbnailUrl":"https:\/\/portalfadesp.org.br\/wp-content\/uploads\/2024\/09\/WhatsApp-Image-2024-09-02-at-09.20.21.jpeg","articleSection":["Destaque","Geral"],"inLanguage":"pt-BR"},{"@type":"WebPage","@id":"https:\/\/portalfadesp.org.br\/?p=46879","url":"https:\/\/portalfadesp.org.br\/?p=46879","name":"Aplicativo do Sa\u00fade Bel\u00e9m Digital est\u00e1 dispon\u00edvel para Android - FADESP","isPartOf":{"@id":"https:\/\/portalfadesp.org.br\/#website"},"primaryImageOfPage":{"@id":"https:\/\/portalfadesp.org.br\/?p=46879#primaryimage"},"image":{"@id":"https:\/\/portalfadesp.org.br\/?p=46879#primaryimage"},"thumbnailUrl":"https:\/\/portalfadesp.org.br\/wp-content\/uploads\/2024\/09\/WhatsApp-Image-2024-09-02-at-09.20.21.jpeg","datePublished":"2024-09-02T12:29:57+00:00","dateModified":"2024-09-02T12:30:02+00:00","breadcrumb":{"@id":"https:\/\/portalfadesp.org.br\/?p=46879#breadcrumb"},"inLanguage":"pt-BR","potentialAction":[{"@type":"ReadAction","target":["https:\/\/portalfadesp.org.br\/?p=46879"]}]},{"@type":"ImageObject","inLanguage":"pt-BR","@id":"https:\/\/portalfadesp.org.br\/?p=46879#primaryimage","url":"https:\/\/portalfadesp.org.br\/wp-content\/uploads\/2024\/09\/WhatsApp-Image-2024-09-02-at-09.20.21.jpeg","contentUrl":"https:\/\/portalfadesp.org.br\/wp-content\/uploads\/2024\/09\/WhatsApp-Image-2024-09-02-at-09.20.21.jpeg","width":1600,"height":475},{"@type":"BreadcrumbList","@id":"https:\/\/portalfadesp.org.br\/?p=46879#breadcrumb","itemListElement":[{"@type":"ListItem","position":1,"name":"In\u00edcio","item":"https:\/\/portalfadesp.org.br\/"},{"@type":"ListItem","position":2,"name":"Aplicativo do Sa\u00fade Bel\u00e9m Digital est\u00e1 dispon\u00edvel para Android"}]},{"@type":"WebSite","@id":"https:\/\/portalfadesp.org.br\/#website","url":"https:\/\/portalfadesp.org.br\/","name":"FADESP","description":"Funda\u00e7\u00e3o de Amparo e Desenvolvimento da Pesquisa","publisher":{"@id":"https:\/\/portalfadesp.org.br\/#organization"},"potentialAction":[{"@type":"SearchAction","target":{"@type":"EntryPoint","urlTemplate":"https:\/\/portalfadesp.org.br\/?s={search_term_string}"},"query-input":{"@type":"PropertyValueSpecification","valueRequired":true,"valueName":"search_term_string"}}],"inLanguage":"pt-BR"},{"@type":"Organization","@id":"https:\/\/portalfadesp.org.br\/#organization","name":"FADESP","url":"https:\/\/portalfadesp.org.br\/","logo":{"@type":"ImageObject","inLanguage":"pt-BR","@id":"https:\/\/portalfadesp.org.br\/#\/schema\/logo\/image\/","url":"https:\/\/portalfadesp.org.br\/wp-content\/uploads\/2024\/01\/NOVOLOGOFADESPlaranjaH.png","contentUrl":"https:\/\/portalfadesp.org.br\/wp-content\/uploads\/2024\/01\/NOVOLOGOFADESPlaranjaH.png","width":2742,"height":839,"caption":"FADESP"},"image":{"@id":"https:\/\/portalfadesp.org.br\/#\/schema\/logo\/image\/"},"sameAs":["https:\/\/www.facebook.com\/Fadesp-138351949524662\/","https:\/\/x.com\/Fadesp","https:\/\/www.instagram.com\/fadesp_ufpa\/","https:\/\/www.youtube.com\/@fundacaodeamparoedesenvolv1903","https:\/\/www.threads.net\/@fadesp_ufpa"]},{"@type":"Person","@id":"https:\/\/portalfadesp.org.br\/#\/schema\/person\/31709c4c8ec92d6bbdd2c1da60cf8d66","name":"Brena Marques","image":{"@type":"ImageObject","inLanguage":"pt-BR","@id":"https:\/\/portalfadesp.org.br\/#\/schema\/person\/image\/","url":"https:\/\/secure.gravatar.com\/avatar\/d8709cd0de324fbec018b6878350216726d26c3436f44ebee8f3db75e29728f3?s=96&d=mm&r=g","contentUrl":"https:\/\/secure.gravatar.com\/avatar\/d8709cd0de324fbec018b6878350216726d26c3436f44ebee8f3db75e29728f3?s=96&d=mm&r=g","caption":"Brena Marques"},"url":"https:\/\/portalfadesp.org.br\/?author=12"}]}},"_links":{"self":[{"href":"https:\/\/portalfadesp.org.br\/index.php?rest_route=\/wp\/v2\/posts\/46879","targetHints":{"allow":["GET"]}}],"collection":[{"href":"https:\/\/portalfadesp.org.br\/index.php?rest_route=\/wp\/v2\/posts"}],"about":[{"href":"https:\/\/portalfadesp.org.br\/index.php?rest_route=\/wp\/v2\/types\/post"}],"author":[{"embeddable":true,"href":"https:\/\/portalfadesp.org.br\/index.php?rest_route=\/wp\/v2\/users\/12"}],"replies":[{"embeddable":true,"href":"https:\/\/portalfadesp.org.br\/index.php?rest_route=%2Fwp%2Fv2%2Fcomments&post=46879"}],"version-history":[{"count":2,"href":"https:\/\/portalfadesp.org.br\/index.php?rest_route=\/wp\/v2\/posts\/46879\/revisions"}],"predecessor-version":[{"id":46882,"href":"https:\/\/portalfadesp.org.br\/index.php?rest_route=\/wp\/v2\/posts\/46879\/revisions\/46882"}],"wp:featuredmedia":[{"embeddable":true,"href":"https:\/\/portalfadesp.org.br\/index.php?rest_route=\/wp\/v2\/media\/46881"}],"wp:attachment":[{"href":"https:\/\/portalfadesp.org.br\/index.php?rest_route=%2Fwp%2Fv2%2Fmedia&parent=46879"}],"wp:term":[{"taxonomy":"category","embeddable":true,"href":"https:\/\/portalfadesp.org.br\/index.php?rest_route=%2Fwp%2Fv2%2Fcategories&post=46879"},{"taxonomy":"post_tag","embeddable":true,"href":"https:\/\/portalfadesp.org.br\/index.php?rest_route=%2Fwp%2Fv2%2Ftags&post=46879"}],"curies":[{"name":"wp","href":"https:\/\/api.w.org\/{rel}","templated":true}]}}