{"id":46778,"date":"2024-08-21T09:27:49","date_gmt":"2024-08-21T12:27:49","guid":{"rendered":"https:\/\/portalfadesp.org.br\/?p=46778"},"modified":"2024-08-23T11:38:35","modified_gmt":"2024-08-23T14:38:35","slug":"capacitacao-testa-as-funcionalidades-do-app-saude-belem-digital","status":"publish","type":"post","link":"https:\/\/portalfadesp.org.br\/?p=46778","title":{"rendered":"Capacita\u00e7\u00e3o testa as funcionalidades do app Sa\u00fade Bel\u00e9m Digital\u00a0"},"content":{"rendered":"\n<p>Acessar servi\u00e7os de sa\u00fade atrav\u00e9s do celular \u00e9 uma realidade cada vez mais pr\u00f3xima da popula\u00e7\u00e3o de Bel\u00e9m. Na \u00faltima ter\u00e7a-feira (20), profissionais da Aten\u00e7\u00e3o Prim\u00e1ria da Prefeitura de Bel\u00e9m tiveram o primeiro contato com a plataforma Sa\u00fade Bel\u00e9m Digital. Na capacita\u00e7\u00e3o, cerca de dois mil servidores conheceram os recursos da ferramenta que permite interagir com m\u00e9dicos em atendimentos de teleorienta\u00e7\u00e3o e teleconsulta.<\/p>\n\n\n\n<div style=\"height:40px\" aria-hidden=\"true\" class=\"wp-block-spacer\"><\/div>\n\n\n\n<figure class=\"wp-block-image size-large is-resized\"><img fetchpriority=\"high\" decoding=\"async\" width=\"1024\" height=\"683\" src=\"https:\/\/portalfadesp.org.br\/wp-content\/uploads\/2024\/08\/WhatsApp-Image-2024-08-20-at-14.22.34-1024x683.jpeg\" alt=\"\" class=\"wp-image-46783\" style=\"width:840px;height:auto\" srcset=\"https:\/\/portalfadesp.org.br\/wp-content\/uploads\/2024\/08\/WhatsApp-Image-2024-08-20-at-14.22.34-1024x683.jpeg 1024w, https:\/\/portalfadesp.org.br\/wp-content\/uploads\/2024\/08\/WhatsApp-Image-2024-08-20-at-14.22.34-300x200.jpeg 300w, https:\/\/portalfadesp.org.br\/wp-content\/uploads\/2024\/08\/WhatsApp-Image-2024-08-20-at-14.22.34-768x512.jpeg 768w, https:\/\/portalfadesp.org.br\/wp-content\/uploads\/2024\/08\/WhatsApp-Image-2024-08-20-at-14.22.34-1536x1024.jpeg 1536w, https:\/\/portalfadesp.org.br\/wp-content\/uploads\/2024\/08\/WhatsApp-Image-2024-08-20-at-14.22.34.jpeg 1599w\" sizes=\"(max-width: 1024px) 100vw, 1024px\" \/><\/figure>\n\n\n\n<p class=\"has-text-align-center\"><em>Foto: M\u00e1cio Ferreira<\/em><\/p>\n\n\n\n<p>Durante o evento, realizado na Catedral da Fam\u00edlia do Guam\u00e1, Agentes de Combate \u00e0s Endemias (ACEs), Agentes Comunit\u00e1rios de Sa\u00fade (ACSs), m\u00e9dicos e demais profissionais da Aten\u00e7\u00e3o Prim\u00e1ria em Sa\u00fade acessaram o QR Code de teste. Ap\u00f3s o tutorial da din\u00e2mica da tecnologia, foi feita uma intera\u00e7\u00e3o ao vivo com uma das m\u00e9dicas do servi\u00e7o, que saudou o p\u00fablico e celebrou a novidade.<\/p>\n\n\n\n<div style=\"height:40px\" aria-hidden=\"true\" class=\"wp-block-spacer\"><\/div>\n\n\n\n<p>Ao longo do dia foram feitos mais de cem atendimentos, todos com retorno positivo dos usu\u00e1rios. Com os testes feitos, a expectativa \u00e9 de disponibilizar nos pr\u00f3ximos dias o aplicativo nas vers\u00f5es Android e IOS.&nbsp;<\/p>\n\n\n\n<div style=\"height:40px\" aria-hidden=\"true\" class=\"wp-block-spacer\"><\/div>\n\n\n\n<p>Pensada para aprimorar o acesso \u00e0 sa\u00fade p\u00fablica em Bel\u00e9m, a tecnologia digital traz uma interface semelhante aos aplicativos de mensagem. Essa \u00e9 uma forma de facilitar a experi\u00eancia do usu\u00e1rio atrav\u00e9s de um manuseio intuitivo com recursos conhecidos, como envio de texto, v\u00eddeos e \u00e1udios.&nbsp;<\/p>\n\n\n\n<div style=\"height:40px\" aria-hidden=\"true\" class=\"wp-block-spacer\"><\/div>\n\n\n\n<p>Os m\u00e9dicos ir\u00e3o atender p\u00fablico amplo: de crian\u00e7as a idosos. As equipes de sa\u00fade tamb\u00e9m incluem nutricionistas, psic\u00f3logos e educadores f\u00edsicos. Est\u00e3o aptos para usar o aplicativo usu\u00e1rios de Bel\u00e9m, a partir de 18 anos e seus dependentes. Ser\u00e1 necess\u00e1rio estar cadastrado no Sistema \u00danico de Sa\u00fade (SUS) atrav\u00e9s de cadastros feitos pelos Agente Comunit\u00e1rios de Sa\u00fade.&nbsp;<\/p>\n\n\n\n<div style=\"height:40px\" aria-hidden=\"true\" class=\"wp-block-spacer\"><\/div>\n\n\n\n<p>A utiliza\u00e7\u00e3o do aplicativo inicia com digita\u00e7\u00e3o do CPF. Dados como data de nascimento e nome da m\u00e3e s\u00e3o pedidos na sequ\u00eancia. Ap\u00f3s a confirma\u00e7\u00e3o do processo atrav\u00e9s de c\u00f3digo via SMS, o usu\u00e1rio poder\u00e1 escolher um dos profissionais on-line, sem media\u00e7\u00e3o de rob\u00f4s, com primeira intera\u00e7\u00e3o em at\u00e9 15 minutos.&nbsp;<\/p>\n\n\n\n<div style=\"height:40px\" aria-hidden=\"true\" class=\"wp-block-spacer\"><\/div>\n\n\n\n<p>O Sa\u00fade Bel\u00e9m Digital \u00e9 uma estrat\u00e9gia inovadora para ampliar a Estrat\u00e9gia Sa\u00fade da Fam\u00edlia em Bel\u00e9m. Na fase inicial a proje\u00e7\u00e3o da Secretaria Municipal de Sa\u00fade (Sesma) \u00e9 cadastrar 680 mil moradores da capital paraense. At\u00e9 2025, a meta \u00e9 cadastrar toda a popula\u00e7\u00e3o de Bel\u00e9m do servi\u00e7o que \u00e9 gratuito e n\u00e3o consome dados de internet dos usu\u00e1rios.&nbsp;<\/p>\n\n\n\n<div style=\"height:40px\" aria-hidden=\"true\" class=\"wp-block-spacer\"><\/div>\n\n\n\n<p>Bel\u00e9m ser\u00e1 a primeira cidade brasileira a disponibilizar o servi\u00e7o de teleorienta\u00e7\u00e3o e teleconsulta no servi\u00e7o de sa\u00fade p\u00fablica. O titular da Sesma, Pedro Anaisse destacou que o aplicativo \u00e9 uma ferramenta que ajudar\u00e1 a otimizar o atendimento, desafogando filas, por exemplo. O secret\u00e1rio pontuou ainda que, a tecnologia n\u00e3o deve ser confundida com atendimento de urg\u00eancia e emerg\u00eancia. O foco do servi\u00e7o \u00e9 atender casos de baixa complexidade. \u201c\u00c9 um projeto que n\u00f3s desenvolvemos com absoluta certeza de ser um aplicativo que vai trazer amplia\u00e7\u00e3o do acesso e protagonismo para o usu\u00e1rio\u201d, ressaltou o secret\u00e1rio.<\/p>\n\n\n\n<div style=\"height:40px\" aria-hidden=\"true\" class=\"wp-block-spacer\"><\/div>\n\n\n\n<p><strong>Inova\u00e7\u00e3o<\/strong><\/p>\n\n\n\n<p>A tecnologia \u00e9 resultado da parceria entre Prefeitura de Bel\u00e9m e Funda\u00e7\u00e3o de Amparo e Desenvolvimento da Pesquisa (Fadesp). O diretor executivo Roberto Ferraz afirmou que o aplicativo \u00e9 um projeto vision\u00e1rio e ousado. \u201cA gente est\u00e1 falando de futuro\u201d. Ele destacou que a capital paraense sediar\u00e1 no pr\u00f3ximo ano a 30\u00aa Confer\u00eancia da ONU sobre Mudan\u00e7as Clim\u00e1ticas (COP-30). Assim, a porta de entrada da Amaz\u00f4nia\u00a0\u201c\u00e9 tamb\u00e9m uma cidade em que seus cidad\u00e3os passar\u00e3o a dialogar mais intensamente com a telemedicina, em um programa de aten\u00e7\u00e3o b\u00e1sica \u00e0 sa\u00fade pautada em telemedicina&#8221;, celebrou.<\/p>\n\n\n\n<div style=\"height:39px\" aria-hidden=\"true\" class=\"wp-block-spacer\"><\/div>\n\n\n\n<p class=\"has-text-align-center\"><\/p>\n\n\n\n<p>Os usu\u00e1rios do Sa\u00fade Bel\u00e9m Digital ir\u00e3o contar com atendimento de m\u00e9dicos 24 horas por dia, nos sete dias por semana. J\u00e1 o atendimento pelos psic\u00f3logos, nutricionistas e educadores f\u00edsicos poder\u00e3o ser acessados de 8h \u00e0s 12h e de 14h \u00e0s 18h nos sete dias da semana. A tecnologia \u00e9 compat\u00edvel com dispositivos 3G, 4G e 5G.<\/p>\n\n\n\n<figure class=\"wp-block-image size-large is-resized is-style-default\"><img decoding=\"async\" width=\"1024\" height=\"648\" src=\"https:\/\/portalfadesp.org.br\/wp-content\/uploads\/2024\/08\/WhatsApp-Image-2024-08-20-at-14.21.08-1024x648.jpeg\" alt=\"Foto: M\u00e1cio Ferreira\" class=\"wp-image-46781\" style=\"width:840px;height:auto\" srcset=\"https:\/\/portalfadesp.org.br\/wp-content\/uploads\/2024\/08\/WhatsApp-Image-2024-08-20-at-14.21.08-1024x648.jpeg 1024w, https:\/\/portalfadesp.org.br\/wp-content\/uploads\/2024\/08\/WhatsApp-Image-2024-08-20-at-14.21.08-300x190.jpeg 300w, https:\/\/portalfadesp.org.br\/wp-content\/uploads\/2024\/08\/WhatsApp-Image-2024-08-20-at-14.21.08-768x486.jpeg 768w, https:\/\/portalfadesp.org.br\/wp-content\/uploads\/2024\/08\/WhatsApp-Image-2024-08-20-at-14.21.08-1536x972.jpeg 1536w, https:\/\/portalfadesp.org.br\/wp-content\/uploads\/2024\/08\/WhatsApp-Image-2024-08-20-at-14.21.08.jpeg 1600w\" sizes=\"(max-width: 1024px) 100vw, 1024px\" \/><\/figure>\n","protected":false},"excerpt":{"rendered":"<p>Acessar servi\u00e7os de sa\u00fade atrav\u00e9s do celular \u00e9 uma realidade cada vez mais pr\u00f3xima da popula\u00e7\u00e3o de Bel\u00e9m. Na \u00faltima ter\u00e7a-feira (20), profissionais da Aten\u00e7\u00e3o Prim\u00e1ria da Prefeitura de Bel\u00e9m tiveram o primeiro contato com a plataforma Sa\u00fade Bel\u00e9m Digital. Na capacita\u00e7\u00e3o, cerca de dois mil servidores conheceram os recursos da ferramenta que permite interagir [&hellip;]<\/p>\n","protected":false},"author":12,"featured_media":46779,"comment_status":"closed","ping_status":"closed","sticky":false,"template":"","format":"standard","meta":{"_monsterinsights_skip_tracking":false,"_monsterinsights_sitenote_active":false,"_monsterinsights_sitenote_note":"","_monsterinsights_sitenote_category":0,"footnotes":""},"categories":[60],"tags":[],"class_list":["post-46778","post","type-post","status-publish","format-standard","has-post-thumbnail","hentry","category-destaque","entry","has-media"],"yoast_head":"<!-- This site is optimized with the Yoast SEO plugin v25.1 - https:\/\/yoast.com\/wordpress\/plugins\/seo\/ -->\n<title>Capacita\u00e7\u00e3o testa as funcionalidades do app Sa\u00fade Bel\u00e9m Digital\u00a0 - FADESP<\/title>\n<meta name=\"robots\" content=\"index, follow, max-snippet:-1, max-image-preview:large, max-video-preview:-1\" \/>\n<link rel=\"canonical\" href=\"https:\/\/portalfadesp.org.br\/?p=46778\" \/>\n<meta property=\"og:locale\" content=\"pt_BR\" \/>\n<meta property=\"og:type\" content=\"article\" \/>\n<meta property=\"og:title\" content=\"Capacita\u00e7\u00e3o testa as funcionalidades do app Sa\u00fade Bel\u00e9m Digital\u00a0 - FADESP\" \/>\n<meta property=\"og:description\" content=\"Acessar servi\u00e7os de sa\u00fade atrav\u00e9s do celular \u00e9 uma realidade cada vez mais pr\u00f3xima da popula\u00e7\u00e3o de Bel\u00e9m. Na \u00faltima ter\u00e7a-feira (20), profissionais da Aten\u00e7\u00e3o Prim\u00e1ria da Prefeitura de Bel\u00e9m tiveram o primeiro contato com a plataforma Sa\u00fade Bel\u00e9m Digital. Na capacita\u00e7\u00e3o, cerca de dois mil servidores conheceram os recursos da ferramenta que permite interagir [&hellip;]\" \/>\n<meta property=\"og:url\" content=\"https:\/\/portalfadesp.org.br\/?p=46778\" \/>\n<meta property=\"og:site_name\" content=\"FADESP\" \/>\n<meta property=\"article:publisher\" content=\"https:\/\/www.facebook.com\/Fadesp-138351949524662\/\" \/>\n<meta property=\"article:published_time\" content=\"2024-08-21T12:27:49+00:00\" \/>\n<meta property=\"article:modified_time\" content=\"2024-08-23T14:38:35+00:00\" \/>\n<meta property=\"og:image\" content=\"https:\/\/portalfadesp.org.br\/wp-content\/uploads\/2024\/08\/WhatsApp-Image-2024-08-21-at-09.23.34.jpeg\" \/>\n\t<meta property=\"og:image:width\" content=\"1600\" \/>\n\t<meta property=\"og:image:height\" content=\"475\" \/>\n\t<meta property=\"og:image:type\" content=\"image\/jpeg\" \/>\n<meta name=\"author\" content=\"Brena Marques\" \/>\n<meta name=\"twitter:card\" content=\"summary_large_image\" \/>\n<meta name=\"twitter:creator\" content=\"@Fadesp\" \/>\n<meta name=\"twitter:site\" content=\"@Fadesp\" \/>\n<meta name=\"twitter:label1\" content=\"Escrito por\" \/>\n\t<meta name=\"twitter:data1\" content=\"Brena Marques\" \/>\n\t<meta name=\"twitter:label2\" content=\"Est. tempo de leitura\" \/>\n\t<meta name=\"twitter:data2\" content=\"5 minutos\" \/>\n<script type=\"application\/ld+json\" class=\"yoast-schema-graph\">{\"@context\":\"https:\/\/schema.org\",\"@graph\":[{\"@type\":\"Article\",\"@id\":\"https:\/\/portalfadesp.org.br\/?p=46778#article\",\"isPartOf\":{\"@id\":\"https:\/\/portalfadesp.org.br\/?p=46778\"},\"author\":{\"name\":\"Brena Marques\",\"@id\":\"https:\/\/portalfadesp.org.br\/#\/schema\/person\/31709c4c8ec92d6bbdd2c1da60cf8d66\"},\"headline\":\"Capacita\u00e7\u00e3o testa as funcionalidades do app Sa\u00fade Bel\u00e9m Digital\u00a0\",\"datePublished\":\"2024-08-21T12:27:49+00:00\",\"dateModified\":\"2024-08-23T14:38:35+00:00\",\"mainEntityOfPage\":{\"@id\":\"https:\/\/portalfadesp.org.br\/?p=46778\"},\"wordCount\":741,\"publisher\":{\"@id\":\"https:\/\/portalfadesp.org.br\/#organization\"},\"image\":{\"@id\":\"https:\/\/portalfadesp.org.br\/?p=46778#primaryimage\"},\"thumbnailUrl\":\"https:\/\/portalfadesp.org.br\/wp-content\/uploads\/2024\/08\/WhatsApp-Image-2024-08-21-at-09.23.34.jpeg\",\"articleSection\":[\"Destaque\"],\"inLanguage\":\"pt-BR\"},{\"@type\":\"WebPage\",\"@id\":\"https:\/\/portalfadesp.org.br\/?p=46778\",\"url\":\"https:\/\/portalfadesp.org.br\/?p=46778\",\"name\":\"Capacita\u00e7\u00e3o testa as funcionalidades do app Sa\u00fade Bel\u00e9m Digital\u00a0 - FADESP\",\"isPartOf\":{\"@id\":\"https:\/\/portalfadesp.org.br\/#website\"},\"primaryImageOfPage\":{\"@id\":\"https:\/\/portalfadesp.org.br\/?p=46778#primaryimage\"},\"image\":{\"@id\":\"https:\/\/portalfadesp.org.br\/?p=46778#primaryimage\"},\"thumbnailUrl\":\"https:\/\/portalfadesp.org.br\/wp-content\/uploads\/2024\/08\/WhatsApp-Image-2024-08-21-at-09.23.34.jpeg\",\"datePublished\":\"2024-08-21T12:27:49+00:00\",\"dateModified\":\"2024-08-23T14:38:35+00:00\",\"breadcrumb\":{\"@id\":\"https:\/\/portalfadesp.org.br\/?p=46778#breadcrumb\"},\"inLanguage\":\"pt-BR\",\"potentialAction\":[{\"@type\":\"ReadAction\",\"target\":[\"https:\/\/portalfadesp.org.br\/?p=46778\"]}]},{\"@type\":\"ImageObject\",\"inLanguage\":\"pt-BR\",\"@id\":\"https:\/\/portalfadesp.org.br\/?p=46778#primaryimage\",\"url\":\"https:\/\/portalfadesp.org.br\/wp-content\/uploads\/2024\/08\/WhatsApp-Image-2024-08-21-at-09.23.34.jpeg\",\"contentUrl\":\"https:\/\/portalfadesp.org.br\/wp-content\/uploads\/2024\/08\/WhatsApp-Image-2024-08-21-at-09.23.34.jpeg\",\"width\":1600,\"height\":475},{\"@type\":\"BreadcrumbList\",\"@id\":\"https:\/\/portalfadesp.org.br\/?p=46778#breadcrumb\",\"itemListElement\":[{\"@type\":\"ListItem\",\"position\":1,\"name\":\"In\u00edcio\",\"item\":\"https:\/\/portalfadesp.org.br\/\"},{\"@type\":\"ListItem\",\"position\":2,\"name\":\"Capacita\u00e7\u00e3o testa as funcionalidades do app Sa\u00fade Bel\u00e9m Digital\u00a0\"}]},{\"@type\":\"WebSite\",\"@id\":\"https:\/\/portalfadesp.org.br\/#website\",\"url\":\"https:\/\/portalfadesp.org.br\/\",\"name\":\"FADESP\",\"description\":\"Funda\u00e7\u00e3o de Amparo e Desenvolvimento da Pesquisa\",\"publisher\":{\"@id\":\"https:\/\/portalfadesp.org.br\/#organization\"},\"potentialAction\":[{\"@type\":\"SearchAction\",\"target\":{\"@type\":\"EntryPoint\",\"urlTemplate\":\"https:\/\/portalfadesp.org.br\/?s={search_term_string}\"},\"query-input\":{\"@type\":\"PropertyValueSpecification\",\"valueRequired\":true,\"valueName\":\"search_term_string\"}}],\"inLanguage\":\"pt-BR\"},{\"@type\":\"Organization\",\"@id\":\"https:\/\/portalfadesp.org.br\/#organization\",\"name\":\"FADESP\",\"url\":\"https:\/\/portalfadesp.org.br\/\",\"logo\":{\"@type\":\"ImageObject\",\"inLanguage\":\"pt-BR\",\"@id\":\"https:\/\/portalfadesp.org.br\/#\/schema\/logo\/image\/\",\"url\":\"https:\/\/portalfadesp.org.br\/wp-content\/uploads\/2024\/01\/NOVOLOGOFADESPlaranjaH.png\",\"contentUrl\":\"https:\/\/portalfadesp.org.br\/wp-content\/uploads\/2024\/01\/NOVOLOGOFADESPlaranjaH.png\",\"width\":2742,\"height\":839,\"caption\":\"FADESP\"},\"image\":{\"@id\":\"https:\/\/portalfadesp.org.br\/#\/schema\/logo\/image\/\"},\"sameAs\":[\"https:\/\/www.facebook.com\/Fadesp-138351949524662\/\",\"https:\/\/x.com\/Fadesp\",\"https:\/\/www.instagram.com\/fadesp_ufpa\/\",\"https:\/\/www.youtube.com\/@fundacaodeamparoedesenvolv1903\",\"https:\/\/www.threads.net\/@fadesp_ufpa\"]},{\"@type\":\"Person\",\"@id\":\"https:\/\/portalfadesp.org.br\/#\/schema\/person\/31709c4c8ec92d6bbdd2c1da60cf8d66\",\"name\":\"Brena Marques\",\"image\":{\"@type\":\"ImageObject\",\"inLanguage\":\"pt-BR\",\"@id\":\"https:\/\/portalfadesp.org.br\/#\/schema\/person\/image\/\",\"url\":\"https:\/\/secure.gravatar.com\/avatar\/d8709cd0de324fbec018b6878350216726d26c3436f44ebee8f3db75e29728f3?s=96&d=mm&r=g\",\"contentUrl\":\"https:\/\/secure.gravatar.com\/avatar\/d8709cd0de324fbec018b6878350216726d26c3436f44ebee8f3db75e29728f3?s=96&d=mm&r=g\",\"caption\":\"Brena Marques\"},\"url\":\"https:\/\/portalfadesp.org.br\/?author=12\"}]}<\/script>\n<!-- \/ Yoast SEO plugin. -->","yoast_head_json":{"title":"Capacita\u00e7\u00e3o testa as funcionalidades do app Sa\u00fade Bel\u00e9m Digital\u00a0 - FADESP","robots":{"index":"index","follow":"follow","max-snippet":"max-snippet:-1","max-image-preview":"max-image-preview:large","max-video-preview":"max-video-preview:-1"},"canonical":"https:\/\/portalfadesp.org.br\/?p=46778","og_locale":"pt_BR","og_type":"article","og_title":"Capacita\u00e7\u00e3o testa as funcionalidades do app Sa\u00fade Bel\u00e9m Digital\u00a0 - FADESP","og_description":"Acessar servi\u00e7os de sa\u00fade atrav\u00e9s do celular \u00e9 uma realidade cada vez mais pr\u00f3xima da popula\u00e7\u00e3o de Bel\u00e9m. Na \u00faltima ter\u00e7a-feira (20), profissionais da Aten\u00e7\u00e3o Prim\u00e1ria da Prefeitura de Bel\u00e9m tiveram o primeiro contato com a plataforma Sa\u00fade Bel\u00e9m Digital. Na capacita\u00e7\u00e3o, cerca de dois mil servidores conheceram os recursos da ferramenta que permite interagir [&hellip;]","og_url":"https:\/\/portalfadesp.org.br\/?p=46778","og_site_name":"FADESP","article_publisher":"https:\/\/www.facebook.com\/Fadesp-138351949524662\/","article_published_time":"2024-08-21T12:27:49+00:00","article_modified_time":"2024-08-23T14:38:35+00:00","og_image":[{"width":1600,"height":475,"url":"https:\/\/portalfadesp.org.br\/wp-content\/uploads\/2024\/08\/WhatsApp-Image-2024-08-21-at-09.23.34.jpeg","type":"image\/jpeg"}],"author":"Brena Marques","twitter_card":"summary_large_image","twitter_creator":"@Fadesp","twitter_site":"@Fadesp","twitter_misc":{"Escrito por":"Brena Marques","Est. tempo de leitura":"5 minutos"},"schema":{"@context":"https:\/\/schema.org","@graph":[{"@type":"Article","@id":"https:\/\/portalfadesp.org.br\/?p=46778#article","isPartOf":{"@id":"https:\/\/portalfadesp.org.br\/?p=46778"},"author":{"name":"Brena Marques","@id":"https:\/\/portalfadesp.org.br\/#\/schema\/person\/31709c4c8ec92d6bbdd2c1da60cf8d66"},"headline":"Capacita\u00e7\u00e3o testa as funcionalidades do app Sa\u00fade Bel\u00e9m Digital\u00a0","datePublished":"2024-08-21T12:27:49+00:00","dateModified":"2024-08-23T14:38:35+00:00","mainEntityOfPage":{"@id":"https:\/\/portalfadesp.org.br\/?p=46778"},"wordCount":741,"publisher":{"@id":"https:\/\/portalfadesp.org.br\/#organization"},"image":{"@id":"https:\/\/portalfadesp.org.br\/?p=46778#primaryimage"},"thumbnailUrl":"https:\/\/portalfadesp.org.br\/wp-content\/uploads\/2024\/08\/WhatsApp-Image-2024-08-21-at-09.23.34.jpeg","articleSection":["Destaque"],"inLanguage":"pt-BR"},{"@type":"WebPage","@id":"https:\/\/portalfadesp.org.br\/?p=46778","url":"https:\/\/portalfadesp.org.br\/?p=46778","name":"Capacita\u00e7\u00e3o testa as funcionalidades do app Sa\u00fade Bel\u00e9m Digital\u00a0 - FADESP","isPartOf":{"@id":"https:\/\/portalfadesp.org.br\/#website"},"primaryImageOfPage":{"@id":"https:\/\/portalfadesp.org.br\/?p=46778#primaryimage"},"image":{"@id":"https:\/\/portalfadesp.org.br\/?p=46778#primaryimage"},"thumbnailUrl":"https:\/\/portalfadesp.org.br\/wp-content\/uploads\/2024\/08\/WhatsApp-Image-2024-08-21-at-09.23.34.jpeg","datePublished":"2024-08-21T12:27:49+00:00","dateModified":"2024-08-23T14:38:35+00:00","breadcrumb":{"@id":"https:\/\/portalfadesp.org.br\/?p=46778#breadcrumb"},"inLanguage":"pt-BR","potentialAction":[{"@type":"ReadAction","target":["https:\/\/portalfadesp.org.br\/?p=46778"]}]},{"@type":"ImageObject","inLanguage":"pt-BR","@id":"https:\/\/portalfadesp.org.br\/?p=46778#primaryimage","url":"https:\/\/portalfadesp.org.br\/wp-content\/uploads\/2024\/08\/WhatsApp-Image-2024-08-21-at-09.23.34.jpeg","contentUrl":"https:\/\/portalfadesp.org.br\/wp-content\/uploads\/2024\/08\/WhatsApp-Image-2024-08-21-at-09.23.34.jpeg","width":1600,"height":475},{"@type":"BreadcrumbList","@id":"https:\/\/portalfadesp.org.br\/?p=46778#breadcrumb","itemListElement":[{"@type":"ListItem","position":1,"name":"In\u00edcio","item":"https:\/\/portalfadesp.org.br\/"},{"@type":"ListItem","position":2,"name":"Capacita\u00e7\u00e3o testa as funcionalidades do app Sa\u00fade Bel\u00e9m Digital\u00a0"}]},{"@type":"WebSite","@id":"https:\/\/portalfadesp.org.br\/#website","url":"https:\/\/portalfadesp.org.br\/","name":"FADESP","description":"Funda\u00e7\u00e3o de Amparo e Desenvolvimento da Pesquisa","publisher":{"@id":"https:\/\/portalfadesp.org.br\/#organization"},"potentialAction":[{"@type":"SearchAction","target":{"@type":"EntryPoint","urlTemplate":"https:\/\/portalfadesp.org.br\/?s={search_term_string}"},"query-input":{"@type":"PropertyValueSpecification","valueRequired":true,"valueName":"search_term_string"}}],"inLanguage":"pt-BR"},{"@type":"Organization","@id":"https:\/\/portalfadesp.org.br\/#organization","name":"FADESP","url":"https:\/\/portalfadesp.org.br\/","logo":{"@type":"ImageObject","inLanguage":"pt-BR","@id":"https:\/\/portalfadesp.org.br\/#\/schema\/logo\/image\/","url":"https:\/\/portalfadesp.org.br\/wp-content\/uploads\/2024\/01\/NOVOLOGOFADESPlaranjaH.png","contentUrl":"https:\/\/portalfadesp.org.br\/wp-content\/uploads\/2024\/01\/NOVOLOGOFADESPlaranjaH.png","width":2742,"height":839,"caption":"FADESP"},"image":{"@id":"https:\/\/portalfadesp.org.br\/#\/schema\/logo\/image\/"},"sameAs":["https:\/\/www.facebook.com\/Fadesp-138351949524662\/","https:\/\/x.com\/Fadesp","https:\/\/www.instagram.com\/fadesp_ufpa\/","https:\/\/www.youtube.com\/@fundacaodeamparoedesenvolv1903","https:\/\/www.threads.net\/@fadesp_ufpa"]},{"@type":"Person","@id":"https:\/\/portalfadesp.org.br\/#\/schema\/person\/31709c4c8ec92d6bbdd2c1da60cf8d66","name":"Brena Marques","image":{"@type":"ImageObject","inLanguage":"pt-BR","@id":"https:\/\/portalfadesp.org.br\/#\/schema\/person\/image\/","url":"https:\/\/secure.gravatar.com\/avatar\/d8709cd0de324fbec018b6878350216726d26c3436f44ebee8f3db75e29728f3?s=96&d=mm&r=g","contentUrl":"https:\/\/secure.gravatar.com\/avatar\/d8709cd0de324fbec018b6878350216726d26c3436f44ebee8f3db75e29728f3?s=96&d=mm&r=g","caption":"Brena Marques"},"url":"https:\/\/portalfadesp.org.br\/?author=12"}]}},"_links":{"self":[{"href":"https:\/\/portalfadesp.org.br\/index.php?rest_route=\/wp\/v2\/posts\/46778","targetHints":{"allow":["GET"]}}],"collection":[{"href":"https:\/\/portalfadesp.org.br\/index.php?rest_route=\/wp\/v2\/posts"}],"about":[{"href":"https:\/\/portalfadesp.org.br\/index.php?rest_route=\/wp\/v2\/types\/post"}],"author":[{"embeddable":true,"href":"https:\/\/portalfadesp.org.br\/index.php?rest_route=\/wp\/v2\/users\/12"}],"replies":[{"embeddable":true,"href":"https:\/\/portalfadesp.org.br\/index.php?rest_route=%2Fwp%2Fv2%2Fcomments&post=46778"}],"version-history":[{"count":4,"href":"https:\/\/portalfadesp.org.br\/index.php?rest_route=\/wp\/v2\/posts\/46778\/revisions"}],"predecessor-version":[{"id":46810,"href":"https:\/\/portalfadesp.org.br\/index.php?rest_route=\/wp\/v2\/posts\/46778\/revisions\/46810"}],"wp:featuredmedia":[{"embeddable":true,"href":"https:\/\/portalfadesp.org.br\/index.php?rest_route=\/wp\/v2\/media\/46779"}],"wp:attachment":[{"href":"https:\/\/portalfadesp.org.br\/index.php?rest_route=%2Fwp%2Fv2%2Fmedia&parent=46778"}],"wp:term":[{"taxonomy":"category","embeddable":true,"href":"https:\/\/portalfadesp.org.br\/index.php?rest_route=%2Fwp%2Fv2%2Fcategories&post=46778"},{"taxonomy":"post_tag","embeddable":true,"href":"https:\/\/portalfadesp.org.br\/index.php?rest_route=%2Fwp%2Fv2%2Ftags&post=46778"}],"curies":[{"name":"wp","href":"https:\/\/api.w.org\/{rel}","templated":true}]}}