{"id":46534,"date":"2024-07-18T14:56:15","date_gmt":"2024-07-18T17:56:15","guid":{"rendered":"https:\/\/portalfadesp.org.br\/?p=46534"},"modified":"2024-07-18T14:56:20","modified_gmt":"2024-07-18T17:56:20","slug":"nova-edicao-revista-fadesp-entrevista-a-ministra-da-ciencia-tecnologia-e-inovacao-luciana-santos","status":"publish","type":"post","link":"https:\/\/portalfadesp.org.br\/?p=46534","title":{"rendered":"Nova edi\u00e7\u00e3o: Revista FADESP entrevista a Ministra da Ci\u00eancia, Tecnologia e Inova\u00e7\u00e3o, Luciana Santos."},"content":{"rendered":"\n<p>Na capa, uma entrevista exclusiva com a Ministra da Ci\u00eancia, Tecnologia e Inova\u00e7\u00e3o, Luciana Santos. Com uma extensa hist\u00f3ria de engajamento pol\u00edtico, iniciada no movimento estudantil, a ministra compartilha conosco as estrat\u00e9gias adotadas pelo minist\u00e9rio para promover a igualdade de g\u00eanero entre as mulheres cientistas. Al\u00e9m disso, ela apresenta um panorama atual da gest\u00e3o e suas realiza\u00e7\u00f5es, como a recomposi\u00e7\u00e3o dos recursos do Fundo Nacional de Desenvolvimento Cient\u00edfico e Tecnol\u00f3gico (FNDCT) e o aumento das bolsas do CNPq. A ministra tamb\u00e9m aborda seu trabalho em prol da redu\u00e7\u00e3o das disparidades regionais hist\u00f3ricas na \u00e1rea de Ci\u00eancia e Tecnologia.<\/p>\n\n\n\n<p>Al\u00e9m disso, voc\u00ea encontrar\u00e1 mat\u00e9rias sobre projetos gerenciados pela FADESP, como o estudo que acelera o crescimento de \u00e1rvores nativas na Amaz\u00f4nia, reduzindo em at\u00e9 duas d\u00e9cadas o per\u00edodo necess\u00e1rio para a matura\u00e7\u00e3o, realizado pela Universidade Federal do Par\u00e1 (UFPA) em parceria com a Universidade Federal Rural da Amaz\u00f4nia (UFRA). H\u00e1 tamb\u00e9m informa\u00e7\u00f5es sobre a digitaliza\u00e7\u00e3o de documentos do s\u00e9culo XIX da Comarca de \u00d3bidos, conduzida pela Universidade Federal do Oeste do Par\u00e1 (UFOPA) e financiada pela British Library. Outro destaque \u00e9 o aplicativo Sa\u00fade Bel\u00e9m Digital, uma parceria com o poder p\u00fablico municipal que beneficiar\u00e1 milhares de cidad\u00e3os na assist\u00eancia b\u00e1sica \u00e0 sa\u00fade de forma virtual. Al\u00e9m disso, a edi\u00e7\u00e3o traz uma mat\u00e9ria sobre a realiza\u00e7\u00e3o da 76\u00aa Reuni\u00e3o Anual da SBPC, que ocorreu no in\u00edcio de julho na UFPA, em Bel\u00e9m do Par\u00e1, onde a FADESP foi patrocinadora deste que \u00e9 o maior evento cient\u00edfico da Am\u00e9rica Latina.<\/p>\n\n\n\n<p>Garanta seu exemplar ou leia on-line.\u00a0<strong><em><a href=\"https:\/\/www.flipsnack.com\/9967FEAA9F7\/revista-fadesp-14-edi-o-2024\/full-view.html\">Clique aqui.<\/a><\/em><\/strong><\/p>\n","protected":false},"excerpt":{"rendered":"<p>Na capa, uma entrevista exclusiva com a Ministra da Ci\u00eancia, Tecnologia e Inova\u00e7\u00e3o, Luciana Santos. Com uma extensa hist\u00f3ria de engajamento pol\u00edtico, iniciada no movimento estudantil, a ministra compartilha conosco as estrat\u00e9gias adotadas pelo minist\u00e9rio para promover a igualdade de g\u00eanero entre as mulheres cientistas. Al\u00e9m disso, ela apresenta um panorama atual da gest\u00e3o e [&hellip;]<\/p>\n","protected":false},"author":12,"featured_media":46535,"comment_status":"closed","ping_status":"closed","sticky":false,"template":"","format":"standard","meta":{"_monsterinsights_skip_tracking":false,"_monsterinsights_sitenote_active":false,"_monsterinsights_sitenote_note":"","_monsterinsights_sitenote_category":0,"footnotes":""},"categories":[60,196],"tags":[],"class_list":["post-46534","post","type-post","status-publish","format-standard","has-post-thumbnail","hentry","category-destaque","category-revista-fadesp","entry","has-media"],"yoast_head":"<!-- This site is optimized with the Yoast SEO plugin v25.1 - https:\/\/yoast.com\/wordpress\/plugins\/seo\/ -->\n<title>Nova edi\u00e7\u00e3o: Revista FADESP entrevista a Ministra da Ci\u00eancia, Tecnologia e Inova\u00e7\u00e3o, Luciana Santos. - FADESP<\/title>\n<meta name=\"robots\" content=\"index, follow, max-snippet:-1, max-image-preview:large, max-video-preview:-1\" \/>\n<link rel=\"canonical\" href=\"https:\/\/portalfadesp.org.br\/?p=46534\" \/>\n<meta property=\"og:locale\" content=\"pt_BR\" \/>\n<meta property=\"og:type\" content=\"article\" \/>\n<meta property=\"og:title\" content=\"Nova edi\u00e7\u00e3o: Revista FADESP entrevista a Ministra da Ci\u00eancia, Tecnologia e Inova\u00e7\u00e3o, Luciana Santos. - FADESP\" \/>\n<meta property=\"og:description\" content=\"Na capa, uma entrevista exclusiva com a Ministra da Ci\u00eancia, Tecnologia e Inova\u00e7\u00e3o, Luciana Santos. Com uma extensa hist\u00f3ria de engajamento pol\u00edtico, iniciada no movimento estudantil, a ministra compartilha conosco as estrat\u00e9gias adotadas pelo minist\u00e9rio para promover a igualdade de g\u00eanero entre as mulheres cientistas. Al\u00e9m disso, ela apresenta um panorama atual da gest\u00e3o e [&hellip;]\" \/>\n<meta property=\"og:url\" content=\"https:\/\/portalfadesp.org.br\/?p=46534\" \/>\n<meta property=\"og:site_name\" content=\"FADESP\" \/>\n<meta property=\"article:publisher\" content=\"https:\/\/www.facebook.com\/Fadesp-138351949524662\/\" \/>\n<meta property=\"article:published_time\" content=\"2024-07-18T17:56:15+00:00\" \/>\n<meta property=\"article:modified_time\" content=\"2024-07-18T17:56:20+00:00\" \/>\n<meta property=\"og:image\" content=\"https:\/\/portalfadesp.org.br\/wp-content\/uploads\/2024\/07\/WhatsApp-Image-2024-07-17-at-15.39.51.jpeg\" \/>\n\t<meta property=\"og:image:width\" content=\"1600\" \/>\n\t<meta property=\"og:image:height\" content=\"475\" \/>\n\t<meta property=\"og:image:type\" content=\"image\/jpeg\" \/>\n<meta name=\"author\" content=\"Brena Marques\" \/>\n<meta name=\"twitter:card\" content=\"summary_large_image\" \/>\n<meta name=\"twitter:creator\" content=\"@Fadesp\" \/>\n<meta name=\"twitter:site\" content=\"@Fadesp\" \/>\n<meta name=\"twitter:label1\" content=\"Escrito por\" \/>\n\t<meta name=\"twitter:data1\" content=\"Brena Marques\" \/>\n\t<meta name=\"twitter:label2\" content=\"Est. tempo de leitura\" \/>\n\t<meta name=\"twitter:data2\" content=\"2 minutos\" \/>\n<script type=\"application\/ld+json\" class=\"yoast-schema-graph\">{\"@context\":\"https:\/\/schema.org\",\"@graph\":[{\"@type\":\"Article\",\"@id\":\"https:\/\/portalfadesp.org.br\/?p=46534#article\",\"isPartOf\":{\"@id\":\"https:\/\/portalfadesp.org.br\/?p=46534\"},\"author\":{\"name\":\"Brena Marques\",\"@id\":\"https:\/\/portalfadesp.org.br\/#\/schema\/person\/31709c4c8ec92d6bbdd2c1da60cf8d66\"},\"headline\":\"Nova edi\u00e7\u00e3o: Revista FADESP entrevista a Ministra da Ci\u00eancia, Tecnologia e Inova\u00e7\u00e3o, Luciana Santos.\",\"datePublished\":\"2024-07-18T17:56:15+00:00\",\"dateModified\":\"2024-07-18T17:56:20+00:00\",\"mainEntityOfPage\":{\"@id\":\"https:\/\/portalfadesp.org.br\/?p=46534\"},\"wordCount\":314,\"publisher\":{\"@id\":\"https:\/\/portalfadesp.org.br\/#organization\"},\"image\":{\"@id\":\"https:\/\/portalfadesp.org.br\/?p=46534#primaryimage\"},\"thumbnailUrl\":\"https:\/\/portalfadesp.org.br\/wp-content\/uploads\/2024\/07\/WhatsApp-Image-2024-07-17-at-15.39.51.jpeg\",\"articleSection\":[\"Destaque\",\"Revista FADESP\"],\"inLanguage\":\"pt-BR\"},{\"@type\":\"WebPage\",\"@id\":\"https:\/\/portalfadesp.org.br\/?p=46534\",\"url\":\"https:\/\/portalfadesp.org.br\/?p=46534\",\"name\":\"Nova edi\u00e7\u00e3o: Revista FADESP entrevista a Ministra da Ci\u00eancia, Tecnologia e Inova\u00e7\u00e3o, Luciana Santos. - FADESP\",\"isPartOf\":{\"@id\":\"https:\/\/portalfadesp.org.br\/#website\"},\"primaryImageOfPage\":{\"@id\":\"https:\/\/portalfadesp.org.br\/?p=46534#primaryimage\"},\"image\":{\"@id\":\"https:\/\/portalfadesp.org.br\/?p=46534#primaryimage\"},\"thumbnailUrl\":\"https:\/\/portalfadesp.org.br\/wp-content\/uploads\/2024\/07\/WhatsApp-Image-2024-07-17-at-15.39.51.jpeg\",\"datePublished\":\"2024-07-18T17:56:15+00:00\",\"dateModified\":\"2024-07-18T17:56:20+00:00\",\"breadcrumb\":{\"@id\":\"https:\/\/portalfadesp.org.br\/?p=46534#breadcrumb\"},\"inLanguage\":\"pt-BR\",\"potentialAction\":[{\"@type\":\"ReadAction\",\"target\":[\"https:\/\/portalfadesp.org.br\/?p=46534\"]}]},{\"@type\":\"ImageObject\",\"inLanguage\":\"pt-BR\",\"@id\":\"https:\/\/portalfadesp.org.br\/?p=46534#primaryimage\",\"url\":\"https:\/\/portalfadesp.org.br\/wp-content\/uploads\/2024\/07\/WhatsApp-Image-2024-07-17-at-15.39.51.jpeg\",\"contentUrl\":\"https:\/\/portalfadesp.org.br\/wp-content\/uploads\/2024\/07\/WhatsApp-Image-2024-07-17-at-15.39.51.jpeg\",\"width\":1600,\"height\":475},{\"@type\":\"BreadcrumbList\",\"@id\":\"https:\/\/portalfadesp.org.br\/?p=46534#breadcrumb\",\"itemListElement\":[{\"@type\":\"ListItem\",\"position\":1,\"name\":\"In\u00edcio\",\"item\":\"https:\/\/portalfadesp.org.br\/\"},{\"@type\":\"ListItem\",\"position\":2,\"name\":\"Nova edi\u00e7\u00e3o: Revista FADESP entrevista a Ministra da Ci\u00eancia, Tecnologia e Inova\u00e7\u00e3o, Luciana Santos.\"}]},{\"@type\":\"WebSite\",\"@id\":\"https:\/\/portalfadesp.org.br\/#website\",\"url\":\"https:\/\/portalfadesp.org.br\/\",\"name\":\"FADESP\",\"description\":\"Funda\u00e7\u00e3o de Amparo e Desenvolvimento da Pesquisa\",\"publisher\":{\"@id\":\"https:\/\/portalfadesp.org.br\/#organization\"},\"potentialAction\":[{\"@type\":\"SearchAction\",\"target\":{\"@type\":\"EntryPoint\",\"urlTemplate\":\"https:\/\/portalfadesp.org.br\/?s={search_term_string}\"},\"query-input\":{\"@type\":\"PropertyValueSpecification\",\"valueRequired\":true,\"valueName\":\"search_term_string\"}}],\"inLanguage\":\"pt-BR\"},{\"@type\":\"Organization\",\"@id\":\"https:\/\/portalfadesp.org.br\/#organization\",\"name\":\"FADESP\",\"url\":\"https:\/\/portalfadesp.org.br\/\",\"logo\":{\"@type\":\"ImageObject\",\"inLanguage\":\"pt-BR\",\"@id\":\"https:\/\/portalfadesp.org.br\/#\/schema\/logo\/image\/\",\"url\":\"https:\/\/portalfadesp.org.br\/wp-content\/uploads\/2024\/01\/NOVOLOGOFADESPlaranjaH.png\",\"contentUrl\":\"https:\/\/portalfadesp.org.br\/wp-content\/uploads\/2024\/01\/NOVOLOGOFADESPlaranjaH.png\",\"width\":2742,\"height\":839,\"caption\":\"FADESP\"},\"image\":{\"@id\":\"https:\/\/portalfadesp.org.br\/#\/schema\/logo\/image\/\"},\"sameAs\":[\"https:\/\/www.facebook.com\/Fadesp-138351949524662\/\",\"https:\/\/x.com\/Fadesp\",\"https:\/\/www.instagram.com\/fadesp_ufpa\/\",\"https:\/\/www.youtube.com\/@fundacaodeamparoedesenvolv1903\",\"https:\/\/www.threads.net\/@fadesp_ufpa\"]},{\"@type\":\"Person\",\"@id\":\"https:\/\/portalfadesp.org.br\/#\/schema\/person\/31709c4c8ec92d6bbdd2c1da60cf8d66\",\"name\":\"Brena Marques\",\"image\":{\"@type\":\"ImageObject\",\"inLanguage\":\"pt-BR\",\"@id\":\"https:\/\/portalfadesp.org.br\/#\/schema\/person\/image\/\",\"url\":\"https:\/\/secure.gravatar.com\/avatar\/d8709cd0de324fbec018b6878350216726d26c3436f44ebee8f3db75e29728f3?s=96&d=mm&r=g\",\"contentUrl\":\"https:\/\/secure.gravatar.com\/avatar\/d8709cd0de324fbec018b6878350216726d26c3436f44ebee8f3db75e29728f3?s=96&d=mm&r=g\",\"caption\":\"Brena Marques\"},\"url\":\"https:\/\/portalfadesp.org.br\/?author=12\"}]}<\/script>\n<!-- \/ Yoast SEO plugin. -->","yoast_head_json":{"title":"Nova edi\u00e7\u00e3o: Revista FADESP entrevista a Ministra da Ci\u00eancia, Tecnologia e Inova\u00e7\u00e3o, Luciana Santos. - FADESP","robots":{"index":"index","follow":"follow","max-snippet":"max-snippet:-1","max-image-preview":"max-image-preview:large","max-video-preview":"max-video-preview:-1"},"canonical":"https:\/\/portalfadesp.org.br\/?p=46534","og_locale":"pt_BR","og_type":"article","og_title":"Nova edi\u00e7\u00e3o: Revista FADESP entrevista a Ministra da Ci\u00eancia, Tecnologia e Inova\u00e7\u00e3o, Luciana Santos. - FADESP","og_description":"Na capa, uma entrevista exclusiva com a Ministra da Ci\u00eancia, Tecnologia e Inova\u00e7\u00e3o, Luciana Santos. Com uma extensa hist\u00f3ria de engajamento pol\u00edtico, iniciada no movimento estudantil, a ministra compartilha conosco as estrat\u00e9gias adotadas pelo minist\u00e9rio para promover a igualdade de g\u00eanero entre as mulheres cientistas. Al\u00e9m disso, ela apresenta um panorama atual da gest\u00e3o e [&hellip;]","og_url":"https:\/\/portalfadesp.org.br\/?p=46534","og_site_name":"FADESP","article_publisher":"https:\/\/www.facebook.com\/Fadesp-138351949524662\/","article_published_time":"2024-07-18T17:56:15+00:00","article_modified_time":"2024-07-18T17:56:20+00:00","og_image":[{"width":1600,"height":475,"url":"https:\/\/portalfadesp.org.br\/wp-content\/uploads\/2024\/07\/WhatsApp-Image-2024-07-17-at-15.39.51.jpeg","type":"image\/jpeg"}],"author":"Brena Marques","twitter_card":"summary_large_image","twitter_creator":"@Fadesp","twitter_site":"@Fadesp","twitter_misc":{"Escrito por":"Brena Marques","Est. tempo de leitura":"2 minutos"},"schema":{"@context":"https:\/\/schema.org","@graph":[{"@type":"Article","@id":"https:\/\/portalfadesp.org.br\/?p=46534#article","isPartOf":{"@id":"https:\/\/portalfadesp.org.br\/?p=46534"},"author":{"name":"Brena Marques","@id":"https:\/\/portalfadesp.org.br\/#\/schema\/person\/31709c4c8ec92d6bbdd2c1da60cf8d66"},"headline":"Nova edi\u00e7\u00e3o: Revista FADESP entrevista a Ministra da Ci\u00eancia, Tecnologia e Inova\u00e7\u00e3o, Luciana Santos.","datePublished":"2024-07-18T17:56:15+00:00","dateModified":"2024-07-18T17:56:20+00:00","mainEntityOfPage":{"@id":"https:\/\/portalfadesp.org.br\/?p=46534"},"wordCount":314,"publisher":{"@id":"https:\/\/portalfadesp.org.br\/#organization"},"image":{"@id":"https:\/\/portalfadesp.org.br\/?p=46534#primaryimage"},"thumbnailUrl":"https:\/\/portalfadesp.org.br\/wp-content\/uploads\/2024\/07\/WhatsApp-Image-2024-07-17-at-15.39.51.jpeg","articleSection":["Destaque","Revista FADESP"],"inLanguage":"pt-BR"},{"@type":"WebPage","@id":"https:\/\/portalfadesp.org.br\/?p=46534","url":"https:\/\/portalfadesp.org.br\/?p=46534","name":"Nova edi\u00e7\u00e3o: Revista FADESP entrevista a Ministra da Ci\u00eancia, Tecnologia e Inova\u00e7\u00e3o, Luciana Santos. - FADESP","isPartOf":{"@id":"https:\/\/portalfadesp.org.br\/#website"},"primaryImageOfPage":{"@id":"https:\/\/portalfadesp.org.br\/?p=46534#primaryimage"},"image":{"@id":"https:\/\/portalfadesp.org.br\/?p=46534#primaryimage"},"thumbnailUrl":"https:\/\/portalfadesp.org.br\/wp-content\/uploads\/2024\/07\/WhatsApp-Image-2024-07-17-at-15.39.51.jpeg","datePublished":"2024-07-18T17:56:15+00:00","dateModified":"2024-07-18T17:56:20+00:00","breadcrumb":{"@id":"https:\/\/portalfadesp.org.br\/?p=46534#breadcrumb"},"inLanguage":"pt-BR","potentialAction":[{"@type":"ReadAction","target":["https:\/\/portalfadesp.org.br\/?p=46534"]}]},{"@type":"ImageObject","inLanguage":"pt-BR","@id":"https:\/\/portalfadesp.org.br\/?p=46534#primaryimage","url":"https:\/\/portalfadesp.org.br\/wp-content\/uploads\/2024\/07\/WhatsApp-Image-2024-07-17-at-15.39.51.jpeg","contentUrl":"https:\/\/portalfadesp.org.br\/wp-content\/uploads\/2024\/07\/WhatsApp-Image-2024-07-17-at-15.39.51.jpeg","width":1600,"height":475},{"@type":"BreadcrumbList","@id":"https:\/\/portalfadesp.org.br\/?p=46534#breadcrumb","itemListElement":[{"@type":"ListItem","position":1,"name":"In\u00edcio","item":"https:\/\/portalfadesp.org.br\/"},{"@type":"ListItem","position":2,"name":"Nova edi\u00e7\u00e3o: Revista FADESP entrevista a Ministra da Ci\u00eancia, Tecnologia e Inova\u00e7\u00e3o, Luciana Santos."}]},{"@type":"WebSite","@id":"https:\/\/portalfadesp.org.br\/#website","url":"https:\/\/portalfadesp.org.br\/","name":"FADESP","description":"Funda\u00e7\u00e3o de Amparo e Desenvolvimento da Pesquisa","publisher":{"@id":"https:\/\/portalfadesp.org.br\/#organization"},"potentialAction":[{"@type":"SearchAction","target":{"@type":"EntryPoint","urlTemplate":"https:\/\/portalfadesp.org.br\/?s={search_term_string}"},"query-input":{"@type":"PropertyValueSpecification","valueRequired":true,"valueName":"search_term_string"}}],"inLanguage":"pt-BR"},{"@type":"Organization","@id":"https:\/\/portalfadesp.org.br\/#organization","name":"FADESP","url":"https:\/\/portalfadesp.org.br\/","logo":{"@type":"ImageObject","inLanguage":"pt-BR","@id":"https:\/\/portalfadesp.org.br\/#\/schema\/logo\/image\/","url":"https:\/\/portalfadesp.org.br\/wp-content\/uploads\/2024\/01\/NOVOLOGOFADESPlaranjaH.png","contentUrl":"https:\/\/portalfadesp.org.br\/wp-content\/uploads\/2024\/01\/NOVOLOGOFADESPlaranjaH.png","width":2742,"height":839,"caption":"FADESP"},"image":{"@id":"https:\/\/portalfadesp.org.br\/#\/schema\/logo\/image\/"},"sameAs":["https:\/\/www.facebook.com\/Fadesp-138351949524662\/","https:\/\/x.com\/Fadesp","https:\/\/www.instagram.com\/fadesp_ufpa\/","https:\/\/www.youtube.com\/@fundacaodeamparoedesenvolv1903","https:\/\/www.threads.net\/@fadesp_ufpa"]},{"@type":"Person","@id":"https:\/\/portalfadesp.org.br\/#\/schema\/person\/31709c4c8ec92d6bbdd2c1da60cf8d66","name":"Brena Marques","image":{"@type":"ImageObject","inLanguage":"pt-BR","@id":"https:\/\/portalfadesp.org.br\/#\/schema\/person\/image\/","url":"https:\/\/secure.gravatar.com\/avatar\/d8709cd0de324fbec018b6878350216726d26c3436f44ebee8f3db75e29728f3?s=96&d=mm&r=g","contentUrl":"https:\/\/secure.gravatar.com\/avatar\/d8709cd0de324fbec018b6878350216726d26c3436f44ebee8f3db75e29728f3?s=96&d=mm&r=g","caption":"Brena Marques"},"url":"https:\/\/portalfadesp.org.br\/?author=12"}]}},"_links":{"self":[{"href":"https:\/\/portalfadesp.org.br\/index.php?rest_route=\/wp\/v2\/posts\/46534","targetHints":{"allow":["GET"]}}],"collection":[{"href":"https:\/\/portalfadesp.org.br\/index.php?rest_route=\/wp\/v2\/posts"}],"about":[{"href":"https:\/\/portalfadesp.org.br\/index.php?rest_route=\/wp\/v2\/types\/post"}],"author":[{"embeddable":true,"href":"https:\/\/portalfadesp.org.br\/index.php?rest_route=\/wp\/v2\/users\/12"}],"replies":[{"embeddable":true,"href":"https:\/\/portalfadesp.org.br\/index.php?rest_route=%2Fwp%2Fv2%2Fcomments&post=46534"}],"version-history":[{"count":1,"href":"https:\/\/portalfadesp.org.br\/index.php?rest_route=\/wp\/v2\/posts\/46534\/revisions"}],"predecessor-version":[{"id":46536,"href":"https:\/\/portalfadesp.org.br\/index.php?rest_route=\/wp\/v2\/posts\/46534\/revisions\/46536"}],"wp:featuredmedia":[{"embeddable":true,"href":"https:\/\/portalfadesp.org.br\/index.php?rest_route=\/wp\/v2\/media\/46535"}],"wp:attachment":[{"href":"https:\/\/portalfadesp.org.br\/index.php?rest_route=%2Fwp%2Fv2%2Fmedia&parent=46534"}],"wp:term":[{"taxonomy":"category","embeddable":true,"href":"https:\/\/portalfadesp.org.br\/index.php?rest_route=%2Fwp%2Fv2%2Fcategories&post=46534"},{"taxonomy":"post_tag","embeddable":true,"href":"https:\/\/portalfadesp.org.br\/index.php?rest_route=%2Fwp%2Fv2%2Ftags&post=46534"}],"curies":[{"name":"wp","href":"https:\/\/api.w.org\/{rel}","templated":true}]}}