{"id":46510,"date":"2024-07-11T21:12:32","date_gmt":"2024-07-12T00:12:32","guid":{"rendered":"https:\/\/portalfadesp.org.br\/?p=46510"},"modified":"2024-07-11T21:12:36","modified_gmt":"2024-07-12T00:12:36","slug":"painel-da-fadesp-na-sbpc-aborda-governanca-e-responsabilidade-socioambiental-das-fundacoes-de-apoio","status":"publish","type":"post","link":"https:\/\/portalfadesp.org.br\/?p=46510","title":{"rendered":"Painel da FADESP na SBPC aborda governan\u00e7a e responsabilidade socioambiental das funda\u00e7\u00f5es de apoio"},"content":{"rendered":"\n<p><strong>Painel da FADESP na SBPC aborda governan\u00e7a e responsabilidade socioambiental das funda\u00e7\u00f5es de apoio<\/strong><\/p>\n\n\n\n<p>Durante a 76\u00aa Reuni\u00e3o Anual da Sociedade Brasileira para o Progresso da Ci\u00eancia (SBPC), a Funda\u00e7\u00e3o de Amparo e Desenvolvimento da Pesquisa (FADESP) promoveu o painel &#8220;Funda\u00e7\u00f5es de apoio: governan\u00e7a e responsabilidade socioambiental&#8221;, que ocorreu no audit\u00f3rio do Instituto de Ci\u00eancias Exatas e Naturais (ICEN) no campus da UFPA. O evento reuniu colaboradores da Funda\u00e7\u00e3o, convidados e duas das maiores autoridades&nbsp;em Governan\u00e7a Fundacional do pa\u00eds:&nbsp;Jos\u00e9 Eduardo Sabo Paes, procurador dos Direitos do Cidad\u00e3o (DF), e Flaviane Barros, advogada e especialista em Compliance. A media\u00e7\u00e3o do painel&nbsp;foi feita por L\u00edvia&nbsp;Condur\u00fa, presidente&nbsp;do Centro Cultural Bienal das Amaz\u00f4nias.&nbsp;&nbsp;<\/p>\n\n\n\n<p>Durante pouco mais de uma hora,&nbsp;os convidados falaram&nbsp;sobre as&nbsp;pr\u00e1ticas de governan\u00e7a aplic\u00e1veis \u00e0s funda\u00e7\u00f5es de apoio, destacando a import\u00e2ncia de estruturas transparentes e respons\u00e1veis para fortalecer as institui\u00e7\u00f5es de ensino e pesquisa no pa\u00eds.<\/p>\n\n\n\n<p>&#8220;A governan\u00e7a eficaz \u00e9 essencial para garantir que as funda\u00e7\u00f5es de apoio operem com transpar\u00eancia e responsabilidade&#8221;, afirmou a Dra. Flaviane Barros durante o evento. &#8220;Essas organiza\u00e7\u00f5es desempenham um papel fundamental,&nbsp;n\u00e3o apenas no suporte financeiro \u00e0s institui\u00e7\u00f5es acad\u00eamicas,&nbsp;mas tamb\u00e9m na promo\u00e7\u00e3o de pr\u00e1ticas sustent\u00e1veis e socialmente respons\u00e1veis.&#8221;<\/p>\n\n\n\n<p>Jos\u00e9 Eduardo Sabo Paes, autor do livro &#8220;Funda\u00e7\u00f5es, associa\u00e7\u00f5es e entidades de interesse social&#8221;, enfatizou a complexidade jur\u00eddica e administrativa&nbsp;de tais&nbsp;entidades. &#8220;\u00c9 fundamental compreender os aspectos jur\u00eddicos e cont\u00e1beis envolvidos para assegurar a conformidade legal e maximizar o impacto positivo das&nbsp;funda\u00e7\u00f5es de apoio&#8221;, disse Sabo.<\/p>\n\n\n\n<p>O painel tamb\u00e9m abordou o terceiro setor, seus desafios complexos e os processos&nbsp;jur\u00eddicos envolvidos, destacando a nova pessoa jur\u00eddica aut\u00f4noma, com direitos e obriga\u00e7\u00f5es definidos, reputa\u00e7\u00e3o e credibilidade. Discutiu-se o papel crucial do estatuto como preceito orientador&nbsp;ao bom funcionamento das entidades e transpar\u00eancia de&nbsp;seus resultados, al\u00e9m dos \u00f3rg\u00e3os respons\u00e1veis pela gest\u00e3o e fixa\u00e7\u00e3o de diretrizes, bem como pelo controle interno.<\/p>\n\n\n\n<p>&#8220;As funda\u00e7\u00f5es de apoio precisam compreender seu papel fundamental no desenvolvimento da ci\u00eancia e tecnologia, atuando como ponte entre a universidade e a comunidade em que est\u00e3o inseridas. Primeiramente, devem considerar a territorialidade, especialmente na Amaz\u00f4nia, onde a diversidade cultural \u00e9 preponderante. Em segundo lugar, devem equilibrar suas a\u00e7\u00f5es com&nbsp;respeito ao ambiente. Terceiro, todas as suas a\u00e7\u00f5es devem ser respons\u00e1veis, p\u00fablicas e transparentes, aproveitando as ferramentas oferecidas pela internet e tecnologia para garantir a fidelidade das informa\u00e7\u00f5es. Em quarto lugar, no que diz respeito ao compliance e \u00e0 integridade, \u00e9 crucial&nbsp;compreender como a universidade pode contribuir positivamente para as funda\u00e7\u00f5es e vice-versa, beneficiando os impactos sociais\u201d, pontuou&nbsp;Jos\u00e9 Eduardo Sabo Paes.&nbsp;<\/p>\n\n\n\n<p>Na ocasi\u00e3o,&nbsp;Flaviane Barros destacou formas de viabilizar e simplificar a capta\u00e7\u00e3o de recursos destinados \u00e0 educa\u00e7\u00e3o e ci\u00eancia, enfatizando sua especialidade em compliance para potencializar e fomentar movimentos socioambientais, al\u00e9m de mencionar o impacto do marco regulat\u00f3rio forte (Lei 8.598\/1994).<\/p>\n\n\n\n<p>&#8220;A grande quest\u00e3o \u00e9&nbsp;construir uma cultura de integridade, focando sempre no prop\u00f3sito da funda\u00e7\u00e3o, associa\u00e7\u00e3o ou entidade, mesmo que busquem fins lucrativos. \u00c9 essencial estruturar uma governan\u00e7a s\u00f3lida e desenvolver um programa passo a passo, identificando os maiores riscos&nbsp;e pontos cr\u00edticos para trat\u00e1-los o mais rapidamente poss\u00edvel.&#8221;<\/p>\n\n\n\n<p>O diretor executivo da FADESP,&nbsp;Roberto Ferraz&nbsp;Barreto destacou que a FADESP, aos&nbsp;seus 46 anos de exist\u00eancia, possui uma cultura institucional robusta e est\u00e1 cada vez mais se consolidando como refer\u00eancia na promo\u00e7\u00e3o de pesquisas e apoio. &#8220;Este momento proporcionado pela SBPC \u00e9 crucial para impactar a sociedade&nbsp;por meio de debates como estes&#8221;.<\/p>\n\n\n\n<p>O painel contou tamb\u00e9m com a presen\u00e7a de autoridades como o promotor de justi\u00e7a do Par\u00e1, S\u00e1vio Brabo, al\u00e9m de t\u00e9cnicos e colaboradores de diversas funda\u00e7\u00f5es e institui\u00e7\u00f5es e integrou uma s\u00e9rie&nbsp;de eventos organizados&nbsp;pela SBPC para fomentar o debate sobre temas relevantes para o avan\u00e7o da ci\u00eancia e da educa\u00e7\u00e3o no pa\u00eds.<\/p>\n\n\n\n<p><strong>Funda\u00e7\u00f5es de apoio na neoindus<\/strong><strong>trializa\u00e7\u00e3o<\/strong>&nbsp;&#8211; Este painel se segue ao primeiro,&nbsp;realizado&nbsp;no dia 08 de julho,&nbsp;pela Funda\u00e7\u00e3o de Amparo&nbsp;e&nbsp;Desenvolvimento&nbsp;da Pesquisa (FADESP) na 76\u00aa RA da SBPC. O painel inaugural, intitulado &#8220;O papel das funda\u00e7\u00f5es de apoio para acelera\u00e7\u00e3o e neoindustrializa\u00e7\u00e3o do Brasil&#8221;, contou com a participa\u00e7\u00e3o do Diretor Executivo da Institui\u00e7\u00e3o,&nbsp;Roberto Ferraz Barreto, e do Presidente do Conselho Nacional das Funda\u00e7\u00f5es de Apoio \u00e0s Institui\u00e7\u00f5es de Ensino Superior e Pesquisa Cient\u00edfica&nbsp;e Tecnol\u00f3gica (CONFIES),&nbsp;Ant\u00f4nio Fernando Queiroz.<\/p>\n\n\n\n<p>Durante o evento, que tamb\u00e9m teve a presen\u00e7a do vice-reitor da Universidade Federal do Par\u00e1 (UFPA), Gilmar Pereira, os participantes exploraram como as funda\u00e7\u00f5es de apoio desempenham um papel&nbsp;vital na promo\u00e7\u00e3o da pesquisa e da&nbsp;inova\u00e7\u00e3o no contexto nacional, impulsionando a economia e o desenvolvimento tecnol\u00f3g<a><\/a>ico do Brasil.<\/p>\n","protected":false},"excerpt":{"rendered":"<p>Painel da FADESP na SBPC aborda governan\u00e7a e responsabilidade socioambiental das funda\u00e7\u00f5es de apoio Durante a 76\u00aa Reuni\u00e3o Anual da Sociedade Brasileira para o Progresso da Ci\u00eancia (SBPC), a Funda\u00e7\u00e3o de Amparo e Desenvolvimento da Pesquisa (FADESP) promoveu o painel &#8220;Funda\u00e7\u00f5es de apoio: governan\u00e7a e responsabilidade socioambiental&#8221;, que ocorreu no audit\u00f3rio do Instituto de Ci\u00eancias [&hellip;]<\/p>\n","protected":false},"author":12,"featured_media":46511,"comment_status":"closed","ping_status":"closed","sticky":false,"template":"","format":"standard","meta":{"_monsterinsights_skip_tracking":false,"_monsterinsights_sitenote_active":false,"_monsterinsights_sitenote_note":"","_monsterinsights_sitenote_category":0,"footnotes":""},"categories":[60],"tags":[],"class_list":["post-46510","post","type-post","status-publish","format-standard","has-post-thumbnail","hentry","category-destaque","entry","has-media"],"yoast_head":"<!-- This site is optimized with the Yoast SEO plugin v25.1 - https:\/\/yoast.com\/wordpress\/plugins\/seo\/ -->\n<title>Painel da FADESP na SBPC aborda governan\u00e7a e responsabilidade socioambiental das funda\u00e7\u00f5es de apoio - FADESP<\/title>\n<meta name=\"robots\" content=\"index, follow, max-snippet:-1, max-image-preview:large, max-video-preview:-1\" \/>\n<link rel=\"canonical\" href=\"https:\/\/portalfadesp.org.br\/?p=46510\" \/>\n<meta property=\"og:locale\" content=\"pt_BR\" \/>\n<meta property=\"og:type\" content=\"article\" \/>\n<meta property=\"og:title\" content=\"Painel da FADESP na SBPC aborda governan\u00e7a e responsabilidade socioambiental das funda\u00e7\u00f5es de apoio - FADESP\" \/>\n<meta property=\"og:description\" content=\"Painel da FADESP na SBPC aborda governan\u00e7a e responsabilidade socioambiental das funda\u00e7\u00f5es de apoio Durante a 76\u00aa Reuni\u00e3o Anual da Sociedade Brasileira para o Progresso da Ci\u00eancia (SBPC), a Funda\u00e7\u00e3o de Amparo e Desenvolvimento da Pesquisa (FADESP) promoveu o painel &#8220;Funda\u00e7\u00f5es de apoio: governan\u00e7a e responsabilidade socioambiental&#8221;, que ocorreu no audit\u00f3rio do Instituto de Ci\u00eancias [&hellip;]\" \/>\n<meta property=\"og:url\" content=\"https:\/\/portalfadesp.org.br\/?p=46510\" \/>\n<meta property=\"og:site_name\" content=\"FADESP\" \/>\n<meta property=\"article:publisher\" content=\"https:\/\/www.facebook.com\/Fadesp-138351949524662\/\" \/>\n<meta property=\"article:published_time\" content=\"2024-07-12T00:12:32+00:00\" \/>\n<meta property=\"article:modified_time\" content=\"2024-07-12T00:12:36+00:00\" \/>\n<meta property=\"og:image\" content=\"https:\/\/portalfadesp.org.br\/wp-content\/uploads\/2024\/07\/2334097f-dfe4-49c8-87e2-b428fd83836b.jpeg\" \/>\n\t<meta property=\"og:image:width\" content=\"1600\" \/>\n\t<meta property=\"og:image:height\" content=\"475\" \/>\n\t<meta property=\"og:image:type\" content=\"image\/jpeg\" \/>\n<meta name=\"author\" content=\"Brena Marques\" \/>\n<meta name=\"twitter:card\" content=\"summary_large_image\" \/>\n<meta name=\"twitter:creator\" content=\"@Fadesp\" \/>\n<meta name=\"twitter:site\" content=\"@Fadesp\" \/>\n<meta name=\"twitter:label1\" content=\"Escrito por\" \/>\n\t<meta name=\"twitter:data1\" content=\"Brena Marques\" \/>\n\t<meta name=\"twitter:label2\" content=\"Est. tempo de leitura\" \/>\n\t<meta name=\"twitter:data2\" content=\"5 minutos\" \/>\n<script type=\"application\/ld+json\" class=\"yoast-schema-graph\">{\"@context\":\"https:\/\/schema.org\",\"@graph\":[{\"@type\":\"Article\",\"@id\":\"https:\/\/portalfadesp.org.br\/?p=46510#article\",\"isPartOf\":{\"@id\":\"https:\/\/portalfadesp.org.br\/?p=46510\"},\"author\":{\"name\":\"Brena Marques\",\"@id\":\"https:\/\/portalfadesp.org.br\/#\/schema\/person\/31709c4c8ec92d6bbdd2c1da60cf8d66\"},\"headline\":\"Painel da FADESP na SBPC aborda governan\u00e7a e responsabilidade socioambiental das funda\u00e7\u00f5es de apoio\",\"datePublished\":\"2024-07-12T00:12:32+00:00\",\"dateModified\":\"2024-07-12T00:12:36+00:00\",\"mainEntityOfPage\":{\"@id\":\"https:\/\/portalfadesp.org.br\/?p=46510\"},\"wordCount\":917,\"publisher\":{\"@id\":\"https:\/\/portalfadesp.org.br\/#organization\"},\"image\":{\"@id\":\"https:\/\/portalfadesp.org.br\/?p=46510#primaryimage\"},\"thumbnailUrl\":\"https:\/\/portalfadesp.org.br\/wp-content\/uploads\/2024\/07\/2334097f-dfe4-49c8-87e2-b428fd83836b.jpeg\",\"articleSection\":[\"Destaque\"],\"inLanguage\":\"pt-BR\"},{\"@type\":\"WebPage\",\"@id\":\"https:\/\/portalfadesp.org.br\/?p=46510\",\"url\":\"https:\/\/portalfadesp.org.br\/?p=46510\",\"name\":\"Painel da FADESP na SBPC aborda governan\u00e7a e responsabilidade socioambiental das funda\u00e7\u00f5es de apoio - FADESP\",\"isPartOf\":{\"@id\":\"https:\/\/portalfadesp.org.br\/#website\"},\"primaryImageOfPage\":{\"@id\":\"https:\/\/portalfadesp.org.br\/?p=46510#primaryimage\"},\"image\":{\"@id\":\"https:\/\/portalfadesp.org.br\/?p=46510#primaryimage\"},\"thumbnailUrl\":\"https:\/\/portalfadesp.org.br\/wp-content\/uploads\/2024\/07\/2334097f-dfe4-49c8-87e2-b428fd83836b.jpeg\",\"datePublished\":\"2024-07-12T00:12:32+00:00\",\"dateModified\":\"2024-07-12T00:12:36+00:00\",\"breadcrumb\":{\"@id\":\"https:\/\/portalfadesp.org.br\/?p=46510#breadcrumb\"},\"inLanguage\":\"pt-BR\",\"potentialAction\":[{\"@type\":\"ReadAction\",\"target\":[\"https:\/\/portalfadesp.org.br\/?p=46510\"]}]},{\"@type\":\"ImageObject\",\"inLanguage\":\"pt-BR\",\"@id\":\"https:\/\/portalfadesp.org.br\/?p=46510#primaryimage\",\"url\":\"https:\/\/portalfadesp.org.br\/wp-content\/uploads\/2024\/07\/2334097f-dfe4-49c8-87e2-b428fd83836b.jpeg\",\"contentUrl\":\"https:\/\/portalfadesp.org.br\/wp-content\/uploads\/2024\/07\/2334097f-dfe4-49c8-87e2-b428fd83836b.jpeg\",\"width\":1600,\"height\":475},{\"@type\":\"BreadcrumbList\",\"@id\":\"https:\/\/portalfadesp.org.br\/?p=46510#breadcrumb\",\"itemListElement\":[{\"@type\":\"ListItem\",\"position\":1,\"name\":\"In\u00edcio\",\"item\":\"https:\/\/portalfadesp.org.br\/\"},{\"@type\":\"ListItem\",\"position\":2,\"name\":\"Painel da FADESP na SBPC aborda governan\u00e7a e responsabilidade socioambiental das funda\u00e7\u00f5es de apoio\"}]},{\"@type\":\"WebSite\",\"@id\":\"https:\/\/portalfadesp.org.br\/#website\",\"url\":\"https:\/\/portalfadesp.org.br\/\",\"name\":\"FADESP\",\"description\":\"Funda\u00e7\u00e3o de Amparo e Desenvolvimento da Pesquisa\",\"publisher\":{\"@id\":\"https:\/\/portalfadesp.org.br\/#organization\"},\"potentialAction\":[{\"@type\":\"SearchAction\",\"target\":{\"@type\":\"EntryPoint\",\"urlTemplate\":\"https:\/\/portalfadesp.org.br\/?s={search_term_string}\"},\"query-input\":{\"@type\":\"PropertyValueSpecification\",\"valueRequired\":true,\"valueName\":\"search_term_string\"}}],\"inLanguage\":\"pt-BR\"},{\"@type\":\"Organization\",\"@id\":\"https:\/\/portalfadesp.org.br\/#organization\",\"name\":\"FADESP\",\"url\":\"https:\/\/portalfadesp.org.br\/\",\"logo\":{\"@type\":\"ImageObject\",\"inLanguage\":\"pt-BR\",\"@id\":\"https:\/\/portalfadesp.org.br\/#\/schema\/logo\/image\/\",\"url\":\"https:\/\/portalfadesp.org.br\/wp-content\/uploads\/2024\/01\/NOVOLOGOFADESPlaranjaH.png\",\"contentUrl\":\"https:\/\/portalfadesp.org.br\/wp-content\/uploads\/2024\/01\/NOVOLOGOFADESPlaranjaH.png\",\"width\":2742,\"height\":839,\"caption\":\"FADESP\"},\"image\":{\"@id\":\"https:\/\/portalfadesp.org.br\/#\/schema\/logo\/image\/\"},\"sameAs\":[\"https:\/\/www.facebook.com\/Fadesp-138351949524662\/\",\"https:\/\/x.com\/Fadesp\",\"https:\/\/www.instagram.com\/fadesp_ufpa\/\",\"https:\/\/www.youtube.com\/@fundacaodeamparoedesenvolv1903\",\"https:\/\/www.threads.net\/@fadesp_ufpa\"]},{\"@type\":\"Person\",\"@id\":\"https:\/\/portalfadesp.org.br\/#\/schema\/person\/31709c4c8ec92d6bbdd2c1da60cf8d66\",\"name\":\"Brena Marques\",\"image\":{\"@type\":\"ImageObject\",\"inLanguage\":\"pt-BR\",\"@id\":\"https:\/\/portalfadesp.org.br\/#\/schema\/person\/image\/\",\"url\":\"https:\/\/secure.gravatar.com\/avatar\/d8709cd0de324fbec018b6878350216726d26c3436f44ebee8f3db75e29728f3?s=96&d=mm&r=g\",\"contentUrl\":\"https:\/\/secure.gravatar.com\/avatar\/d8709cd0de324fbec018b6878350216726d26c3436f44ebee8f3db75e29728f3?s=96&d=mm&r=g\",\"caption\":\"Brena Marques\"},\"url\":\"https:\/\/portalfadesp.org.br\/?author=12\"}]}<\/script>\n<!-- \/ Yoast SEO plugin. -->","yoast_head_json":{"title":"Painel da FADESP na SBPC aborda governan\u00e7a e responsabilidade socioambiental das funda\u00e7\u00f5es de apoio - FADESP","robots":{"index":"index","follow":"follow","max-snippet":"max-snippet:-1","max-image-preview":"max-image-preview:large","max-video-preview":"max-video-preview:-1"},"canonical":"https:\/\/portalfadesp.org.br\/?p=46510","og_locale":"pt_BR","og_type":"article","og_title":"Painel da FADESP na SBPC aborda governan\u00e7a e responsabilidade socioambiental das funda\u00e7\u00f5es de apoio - FADESP","og_description":"Painel da FADESP na SBPC aborda governan\u00e7a e responsabilidade socioambiental das funda\u00e7\u00f5es de apoio Durante a 76\u00aa Reuni\u00e3o Anual da Sociedade Brasileira para o Progresso da Ci\u00eancia (SBPC), a Funda\u00e7\u00e3o de Amparo e Desenvolvimento da Pesquisa (FADESP) promoveu o painel &#8220;Funda\u00e7\u00f5es de apoio: governan\u00e7a e responsabilidade socioambiental&#8221;, que ocorreu no audit\u00f3rio do Instituto de Ci\u00eancias [&hellip;]","og_url":"https:\/\/portalfadesp.org.br\/?p=46510","og_site_name":"FADESP","article_publisher":"https:\/\/www.facebook.com\/Fadesp-138351949524662\/","article_published_time":"2024-07-12T00:12:32+00:00","article_modified_time":"2024-07-12T00:12:36+00:00","og_image":[{"width":1600,"height":475,"url":"https:\/\/portalfadesp.org.br\/wp-content\/uploads\/2024\/07\/2334097f-dfe4-49c8-87e2-b428fd83836b.jpeg","type":"image\/jpeg"}],"author":"Brena Marques","twitter_card":"summary_large_image","twitter_creator":"@Fadesp","twitter_site":"@Fadesp","twitter_misc":{"Escrito por":"Brena Marques","Est. tempo de leitura":"5 minutos"},"schema":{"@context":"https:\/\/schema.org","@graph":[{"@type":"Article","@id":"https:\/\/portalfadesp.org.br\/?p=46510#article","isPartOf":{"@id":"https:\/\/portalfadesp.org.br\/?p=46510"},"author":{"name":"Brena Marques","@id":"https:\/\/portalfadesp.org.br\/#\/schema\/person\/31709c4c8ec92d6bbdd2c1da60cf8d66"},"headline":"Painel da FADESP na SBPC aborda governan\u00e7a e responsabilidade socioambiental das funda\u00e7\u00f5es de apoio","datePublished":"2024-07-12T00:12:32+00:00","dateModified":"2024-07-12T00:12:36+00:00","mainEntityOfPage":{"@id":"https:\/\/portalfadesp.org.br\/?p=46510"},"wordCount":917,"publisher":{"@id":"https:\/\/portalfadesp.org.br\/#organization"},"image":{"@id":"https:\/\/portalfadesp.org.br\/?p=46510#primaryimage"},"thumbnailUrl":"https:\/\/portalfadesp.org.br\/wp-content\/uploads\/2024\/07\/2334097f-dfe4-49c8-87e2-b428fd83836b.jpeg","articleSection":["Destaque"],"inLanguage":"pt-BR"},{"@type":"WebPage","@id":"https:\/\/portalfadesp.org.br\/?p=46510","url":"https:\/\/portalfadesp.org.br\/?p=46510","name":"Painel da FADESP na SBPC aborda governan\u00e7a e responsabilidade socioambiental das funda\u00e7\u00f5es de apoio - FADESP","isPartOf":{"@id":"https:\/\/portalfadesp.org.br\/#website"},"primaryImageOfPage":{"@id":"https:\/\/portalfadesp.org.br\/?p=46510#primaryimage"},"image":{"@id":"https:\/\/portalfadesp.org.br\/?p=46510#primaryimage"},"thumbnailUrl":"https:\/\/portalfadesp.org.br\/wp-content\/uploads\/2024\/07\/2334097f-dfe4-49c8-87e2-b428fd83836b.jpeg","datePublished":"2024-07-12T00:12:32+00:00","dateModified":"2024-07-12T00:12:36+00:00","breadcrumb":{"@id":"https:\/\/portalfadesp.org.br\/?p=46510#breadcrumb"},"inLanguage":"pt-BR","potentialAction":[{"@type":"ReadAction","target":["https:\/\/portalfadesp.org.br\/?p=46510"]}]},{"@type":"ImageObject","inLanguage":"pt-BR","@id":"https:\/\/portalfadesp.org.br\/?p=46510#primaryimage","url":"https:\/\/portalfadesp.org.br\/wp-content\/uploads\/2024\/07\/2334097f-dfe4-49c8-87e2-b428fd83836b.jpeg","contentUrl":"https:\/\/portalfadesp.org.br\/wp-content\/uploads\/2024\/07\/2334097f-dfe4-49c8-87e2-b428fd83836b.jpeg","width":1600,"height":475},{"@type":"BreadcrumbList","@id":"https:\/\/portalfadesp.org.br\/?p=46510#breadcrumb","itemListElement":[{"@type":"ListItem","position":1,"name":"In\u00edcio","item":"https:\/\/portalfadesp.org.br\/"},{"@type":"ListItem","position":2,"name":"Painel da FADESP na SBPC aborda governan\u00e7a e responsabilidade socioambiental das funda\u00e7\u00f5es de apoio"}]},{"@type":"WebSite","@id":"https:\/\/portalfadesp.org.br\/#website","url":"https:\/\/portalfadesp.org.br\/","name":"FADESP","description":"Funda\u00e7\u00e3o de Amparo e Desenvolvimento da Pesquisa","publisher":{"@id":"https:\/\/portalfadesp.org.br\/#organization"},"potentialAction":[{"@type":"SearchAction","target":{"@type":"EntryPoint","urlTemplate":"https:\/\/portalfadesp.org.br\/?s={search_term_string}"},"query-input":{"@type":"PropertyValueSpecification","valueRequired":true,"valueName":"search_term_string"}}],"inLanguage":"pt-BR"},{"@type":"Organization","@id":"https:\/\/portalfadesp.org.br\/#organization","name":"FADESP","url":"https:\/\/portalfadesp.org.br\/","logo":{"@type":"ImageObject","inLanguage":"pt-BR","@id":"https:\/\/portalfadesp.org.br\/#\/schema\/logo\/image\/","url":"https:\/\/portalfadesp.org.br\/wp-content\/uploads\/2024\/01\/NOVOLOGOFADESPlaranjaH.png","contentUrl":"https:\/\/portalfadesp.org.br\/wp-content\/uploads\/2024\/01\/NOVOLOGOFADESPlaranjaH.png","width":2742,"height":839,"caption":"FADESP"},"image":{"@id":"https:\/\/portalfadesp.org.br\/#\/schema\/logo\/image\/"},"sameAs":["https:\/\/www.facebook.com\/Fadesp-138351949524662\/","https:\/\/x.com\/Fadesp","https:\/\/www.instagram.com\/fadesp_ufpa\/","https:\/\/www.youtube.com\/@fundacaodeamparoedesenvolv1903","https:\/\/www.threads.net\/@fadesp_ufpa"]},{"@type":"Person","@id":"https:\/\/portalfadesp.org.br\/#\/schema\/person\/31709c4c8ec92d6bbdd2c1da60cf8d66","name":"Brena Marques","image":{"@type":"ImageObject","inLanguage":"pt-BR","@id":"https:\/\/portalfadesp.org.br\/#\/schema\/person\/image\/","url":"https:\/\/secure.gravatar.com\/avatar\/d8709cd0de324fbec018b6878350216726d26c3436f44ebee8f3db75e29728f3?s=96&d=mm&r=g","contentUrl":"https:\/\/secure.gravatar.com\/avatar\/d8709cd0de324fbec018b6878350216726d26c3436f44ebee8f3db75e29728f3?s=96&d=mm&r=g","caption":"Brena Marques"},"url":"https:\/\/portalfadesp.org.br\/?author=12"}]}},"_links":{"self":[{"href":"https:\/\/portalfadesp.org.br\/index.php?rest_route=\/wp\/v2\/posts\/46510","targetHints":{"allow":["GET"]}}],"collection":[{"href":"https:\/\/portalfadesp.org.br\/index.php?rest_route=\/wp\/v2\/posts"}],"about":[{"href":"https:\/\/portalfadesp.org.br\/index.php?rest_route=\/wp\/v2\/types\/post"}],"author":[{"embeddable":true,"href":"https:\/\/portalfadesp.org.br\/index.php?rest_route=\/wp\/v2\/users\/12"}],"replies":[{"embeddable":true,"href":"https:\/\/portalfadesp.org.br\/index.php?rest_route=%2Fwp%2Fv2%2Fcomments&post=46510"}],"version-history":[{"count":1,"href":"https:\/\/portalfadesp.org.br\/index.php?rest_route=\/wp\/v2\/posts\/46510\/revisions"}],"predecessor-version":[{"id":46512,"href":"https:\/\/portalfadesp.org.br\/index.php?rest_route=\/wp\/v2\/posts\/46510\/revisions\/46512"}],"wp:featuredmedia":[{"embeddable":true,"href":"https:\/\/portalfadesp.org.br\/index.php?rest_route=\/wp\/v2\/media\/46511"}],"wp:attachment":[{"href":"https:\/\/portalfadesp.org.br\/index.php?rest_route=%2Fwp%2Fv2%2Fmedia&parent=46510"}],"wp:term":[{"taxonomy":"category","embeddable":true,"href":"https:\/\/portalfadesp.org.br\/index.php?rest_route=%2Fwp%2Fv2%2Fcategories&post=46510"},{"taxonomy":"post_tag","embeddable":true,"href":"https:\/\/portalfadesp.org.br\/index.php?rest_route=%2Fwp%2Fv2%2Ftags&post=46510"}],"curies":[{"name":"wp","href":"https:\/\/api.w.org\/{rel}","templated":true}]}}