{"id":4644,"date":"2019-10-10T14:36:32","date_gmt":"2019-10-10T17:36:32","guid":{"rendered":"https:\/\/162.215.13.167?p=4644"},"modified":"2022-12-20T17:40:04","modified_gmt":"2022-12-20T20:40:04","slug":"candidatos-do-concurso-para-o-cpc-renato-chaves-sao-convocados-a-prova-de-titulos-e-a-fase-de-investigacao-criminal","status":"publish","type":"post","link":"https:\/\/portalfadesp.org.br\/?p=4644","title":{"rendered":"Candidatos do concurso para o CPC Renato Chaves s\u00e3o convocados \u00e0 prova de t\u00edtulos e \u00e0 fase de investiga\u00e7\u00e3o criminal."},"content":{"rendered":"\n<p>Os candidatos do concurso para o Centro de Per\u00edcias Cient\u00edficas Renato Chaves (CPC Renato Chaves) devem ficar atentos \u00e0s datas para a realiza\u00e7\u00e3o da quinta e da sexta fases. O prazo de envio de documentos para a prova de t\u00edtulos e para a investiga\u00e7\u00e3o social e criminal \u00e9 de 14 a 18 deste m\u00eas. Os editais de convoca\u00e7\u00e3o est\u00e3o dispon\u00edveis na <strong><a href=\"https:\/\/portalfadesp.org.br\/?page_id=1326\" target=\"_blank\" rel=\"noreferrer noopener\">p\u00e1gina oficial de acompanhamento<\/a><\/strong>. <\/p>\n\n\n\n<p>Os candidatos habilitados a essas duas fases j\u00e1 passaram pela prova de conhecimentos, exames m\u00e9dicos, prova de capacita\u00e7\u00e3o f\u00edsica e exame psicol\u00f3gico. Agora, eles devem enviar a documenta\u00e7\u00e3o exigida no edital para o endere\u00e7o da FADESP, por meio do Servi\u00e7o de Recebimento do Sedex.<\/p>\n\n\n\n<p>Na quinta fase, que \u00e9 eliminat\u00f3ria, todos ter\u00e3o avaliados fatos que abonem suas condutas e documenta\u00e7\u00f5es exigidas no edital. J\u00e1 a prova de t\u00edtulos atribuir\u00e1 pontua\u00e7\u00f5es extras aos candidatos que comprovarem a titula\u00e7\u00e3o.<\/p>\n\n\n\n<p>Os\ncandidatos aos cargos de n\u00edvel m\u00e9dio n\u00e3o eliminados na quinta etapa ser\u00e3o\nclassificados para a etapa do curso de capacita\u00e7\u00e3o a partir das notas obtidas\nnas provas objetivas e discursivas. J\u00e1 a classifica\u00e7\u00e3o dos candidatos aos\ncargos de n\u00edvel superior ser\u00e1 feita com base na soma das notas das provas\nobjetiva, discursiva e de t\u00edtulos.<\/p>\n\n\n\n<p><strong>Segunda etapa<\/strong> &#8211; A segunda etapa ser\u00e1 o curso t\u00e9cnico-profissional, de responsabilidade do CPCRC. Conforme o edital, os candidatos aprovados para os cargos de n\u00edvel M\u00e9dio ter\u00e3o sal\u00e1rio de R$ 5.210,05 e os de Superior, R$ 8.482,04 para cumprimento de jornada de 40 horas semanais.<\/p>\n\n\n\n<p>Todos os editais, avisos e demais informa\u00e7\u00f5es do concurso est\u00e3o na\u00a0<a href=\"https:\/\/portalfadesp.org.br\/?page_id=1326\" target=\"_blank\" rel=\"noreferrer noopener\"><strong>p\u00e1gina oficial de acompanhamento.<\/strong><\/a><\/p>\n","protected":false},"excerpt":{"rendered":"<p>Os candidatos do concurso para o Centro de Per\u00edcias Cient\u00edficas Renato Chaves (CPC Renato Chaves) devem ficar atentos \u00e0s datas para a realiza\u00e7\u00e3o da quinta e da sexta fases. O prazo de envio de documentos para a prova de t\u00edtulos e para a investiga\u00e7\u00e3o social e criminal \u00e9 de 14 a 18 deste m\u00eas. Os [&hellip;]<\/p>\n","protected":false},"author":11,"featured_media":2913,"comment_status":"open","ping_status":"open","sticky":false,"template":"","format":"standard","meta":{"_monsterinsights_skip_tracking":false,"_monsterinsights_sitenote_active":false,"_monsterinsights_sitenote_note":"","_monsterinsights_sitenote_category":0,"footnotes":""},"categories":[7],"tags":[62,23],"class_list":["post-4644","post","type-post","status-publish","format-standard","has-post-thumbnail","hentry","category-concurso","tag-concurso-publico","tag-oportunidade","entry","has-media"],"yoast_head":"<!-- This site is optimized with the Yoast SEO plugin v25.1 - https:\/\/yoast.com\/wordpress\/plugins\/seo\/ -->\n<title>Candidatos do concurso para o CPC Renato Chaves s\u00e3o convocados \u00e0 prova de t\u00edtulos e \u00e0 fase de investiga\u00e7\u00e3o criminal. - FADESP<\/title>\n<meta name=\"robots\" content=\"index, follow, max-snippet:-1, max-image-preview:large, max-video-preview:-1\" \/>\n<link rel=\"canonical\" href=\"https:\/\/portalfadesp.org.br\/?p=4644\" \/>\n<meta property=\"og:locale\" content=\"pt_BR\" \/>\n<meta property=\"og:type\" content=\"article\" \/>\n<meta property=\"og:title\" content=\"Candidatos do concurso para o CPC Renato Chaves s\u00e3o convocados \u00e0 prova de t\u00edtulos e \u00e0 fase de investiga\u00e7\u00e3o criminal. - FADESP\" \/>\n<meta property=\"og:description\" content=\"Os candidatos do concurso para o Centro de Per\u00edcias Cient\u00edficas Renato Chaves (CPC Renato Chaves) devem ficar atentos \u00e0s datas para a realiza\u00e7\u00e3o da quinta e da sexta fases. O prazo de envio de documentos para a prova de t\u00edtulos e para a investiga\u00e7\u00e3o social e criminal \u00e9 de 14 a 18 deste m\u00eas. Os [&hellip;]\" \/>\n<meta property=\"og:url\" content=\"https:\/\/portalfadesp.org.br\/?p=4644\" \/>\n<meta property=\"og:site_name\" content=\"FADESP\" \/>\n<meta property=\"article:publisher\" content=\"https:\/\/www.facebook.com\/Fadesp-138351949524662\/\" \/>\n<meta property=\"article:published_time\" content=\"2019-10-10T17:36:32+00:00\" \/>\n<meta property=\"article:modified_time\" content=\"2022-12-20T20:40:04+00:00\" \/>\n<meta property=\"og:image\" content=\"https:\/\/portalfadesp.org.br\/wp-content\/uploads\/2019\/07\/Renato-Chave-Ag\u00eancia-Par\u00e1-Cristino-Martins.jpg\" \/>\n\t<meta property=\"og:image:width\" content=\"3543\" \/>\n\t<meta property=\"og:image:height\" content=\"2362\" \/>\n\t<meta property=\"og:image:type\" content=\"image\/jpeg\" \/>\n<meta name=\"author\" content=\"Lorena Filgueiras\" \/>\n<meta name=\"twitter:card\" content=\"summary_large_image\" \/>\n<meta name=\"twitter:creator\" content=\"@Fadesp\" \/>\n<meta name=\"twitter:site\" content=\"@Fadesp\" \/>\n<meta name=\"twitter:label1\" content=\"Escrito por\" \/>\n\t<meta name=\"twitter:data1\" content=\"Lorena Filgueiras\" \/>\n\t<meta name=\"twitter:label2\" content=\"Est. tempo de leitura\" \/>\n\t<meta name=\"twitter:data2\" content=\"1 minuto\" \/>\n<script type=\"application\/ld+json\" class=\"yoast-schema-graph\">{\"@context\":\"https:\/\/schema.org\",\"@graph\":[{\"@type\":\"Article\",\"@id\":\"https:\/\/portalfadesp.org.br\/?p=4644#article\",\"isPartOf\":{\"@id\":\"https:\/\/portalfadesp.org.br\/?p=4644\"},\"author\":{\"name\":\"Lorena Filgueiras\",\"@id\":\"https:\/\/portalfadesp.org.br\/#\/schema\/person\/c1fa9db0c87dc412d1568e0e5e27be9c\"},\"headline\":\"Candidatos do concurso para o CPC Renato Chaves s\u00e3o convocados \u00e0 prova de t\u00edtulos e \u00e0 fase de investiga\u00e7\u00e3o criminal.\",\"datePublished\":\"2019-10-10T17:36:32+00:00\",\"dateModified\":\"2022-12-20T20:40:04+00:00\",\"mainEntityOfPage\":{\"@id\":\"https:\/\/portalfadesp.org.br\/?p=4644\"},\"wordCount\":311,\"commentCount\":0,\"publisher\":{\"@id\":\"https:\/\/portalfadesp.org.br\/#organization\"},\"image\":{\"@id\":\"https:\/\/portalfadesp.org.br\/?p=4644#primaryimage\"},\"thumbnailUrl\":\"https:\/\/portalfadesp.org.br\/wp-content\/uploads\/2019\/07\/Renato-Chave-Ag\u00eancia-Par\u00e1-Cristino-Martins.jpg\",\"keywords\":[\"concurso p\u00fablico\",\"oportunidade\"],\"articleSection\":[\"Concurso\"],\"inLanguage\":\"pt-BR\"},{\"@type\":\"WebPage\",\"@id\":\"https:\/\/portalfadesp.org.br\/?p=4644\",\"url\":\"https:\/\/portalfadesp.org.br\/?p=4644\",\"name\":\"Candidatos do concurso para o CPC Renato Chaves s\u00e3o convocados \u00e0 prova de t\u00edtulos e \u00e0 fase de investiga\u00e7\u00e3o criminal. - FADESP\",\"isPartOf\":{\"@id\":\"https:\/\/portalfadesp.org.br\/#website\"},\"primaryImageOfPage\":{\"@id\":\"https:\/\/portalfadesp.org.br\/?p=4644#primaryimage\"},\"image\":{\"@id\":\"https:\/\/portalfadesp.org.br\/?p=4644#primaryimage\"},\"thumbnailUrl\":\"https:\/\/portalfadesp.org.br\/wp-content\/uploads\/2019\/07\/Renato-Chave-Ag\u00eancia-Par\u00e1-Cristino-Martins.jpg\",\"datePublished\":\"2019-10-10T17:36:32+00:00\",\"dateModified\":\"2022-12-20T20:40:04+00:00\",\"breadcrumb\":{\"@id\":\"https:\/\/portalfadesp.org.br\/?p=4644#breadcrumb\"},\"inLanguage\":\"pt-BR\",\"potentialAction\":[{\"@type\":\"ReadAction\",\"target\":[\"https:\/\/portalfadesp.org.br\/?p=4644\"]}]},{\"@type\":\"ImageObject\",\"inLanguage\":\"pt-BR\",\"@id\":\"https:\/\/portalfadesp.org.br\/?p=4644#primaryimage\",\"url\":\"https:\/\/portalfadesp.org.br\/wp-content\/uploads\/2019\/07\/Renato-Chave-Ag\u00eancia-Par\u00e1-Cristino-Martins.jpg\",\"contentUrl\":\"https:\/\/portalfadesp.org.br\/wp-content\/uploads\/2019\/07\/Renato-Chave-Ag\u00eancia-Par\u00e1-Cristino-Martins.jpg\",\"width\":3543,\"height\":2362},{\"@type\":\"BreadcrumbList\",\"@id\":\"https:\/\/portalfadesp.org.br\/?p=4644#breadcrumb\",\"itemListElement\":[{\"@type\":\"ListItem\",\"position\":1,\"name\":\"In\u00edcio\",\"item\":\"https:\/\/portalfadesp.org.br\/\"},{\"@type\":\"ListItem\",\"position\":2,\"name\":\"Candidatos do concurso para o CPC Renato Chaves s\u00e3o convocados \u00e0 prova de t\u00edtulos e \u00e0 fase de investiga\u00e7\u00e3o criminal.\"}]},{\"@type\":\"WebSite\",\"@id\":\"https:\/\/portalfadesp.org.br\/#website\",\"url\":\"https:\/\/portalfadesp.org.br\/\",\"name\":\"FADESP\",\"description\":\"Funda\u00e7\u00e3o de Amparo e Desenvolvimento da Pesquisa\",\"publisher\":{\"@id\":\"https:\/\/portalfadesp.org.br\/#organization\"},\"potentialAction\":[{\"@type\":\"SearchAction\",\"target\":{\"@type\":\"EntryPoint\",\"urlTemplate\":\"https:\/\/portalfadesp.org.br\/?s={search_term_string}\"},\"query-input\":{\"@type\":\"PropertyValueSpecification\",\"valueRequired\":true,\"valueName\":\"search_term_string\"}}],\"inLanguage\":\"pt-BR\"},{\"@type\":\"Organization\",\"@id\":\"https:\/\/portalfadesp.org.br\/#organization\",\"name\":\"FADESP\",\"url\":\"https:\/\/portalfadesp.org.br\/\",\"logo\":{\"@type\":\"ImageObject\",\"inLanguage\":\"pt-BR\",\"@id\":\"https:\/\/portalfadesp.org.br\/#\/schema\/logo\/image\/\",\"url\":\"https:\/\/portalfadesp.org.br\/wp-content\/uploads\/2024\/01\/NOVOLOGOFADESPlaranjaH.png\",\"contentUrl\":\"https:\/\/portalfadesp.org.br\/wp-content\/uploads\/2024\/01\/NOVOLOGOFADESPlaranjaH.png\",\"width\":2742,\"height\":839,\"caption\":\"FADESP\"},\"image\":{\"@id\":\"https:\/\/portalfadesp.org.br\/#\/schema\/logo\/image\/\"},\"sameAs\":[\"https:\/\/www.facebook.com\/Fadesp-138351949524662\/\",\"https:\/\/x.com\/Fadesp\",\"https:\/\/www.instagram.com\/fadesp_ufpa\/\",\"https:\/\/www.youtube.com\/@fundacaodeamparoedesenvolv1903\",\"https:\/\/www.threads.net\/@fadesp_ufpa\"]},{\"@type\":\"Person\",\"@id\":\"https:\/\/portalfadesp.org.br\/#\/schema\/person\/c1fa9db0c87dc412d1568e0e5e27be9c\",\"name\":\"Lorena Filgueiras\",\"image\":{\"@type\":\"ImageObject\",\"inLanguage\":\"pt-BR\",\"@id\":\"https:\/\/portalfadesp.org.br\/#\/schema\/person\/image\/\",\"url\":\"https:\/\/secure.gravatar.com\/avatar\/37390a2dfe1325c2917fc5f6df471abe8ab753cf23b2d14690f57bd61ab4b7cf?s=96&d=mm&r=g\",\"contentUrl\":\"https:\/\/secure.gravatar.com\/avatar\/37390a2dfe1325c2917fc5f6df471abe8ab753cf23b2d14690f57bd61ab4b7cf?s=96&d=mm&r=g\",\"caption\":\"Lorena Filgueiras\"},\"url\":\"https:\/\/portalfadesp.org.br\/?author=11\"}]}<\/script>\n<!-- \/ Yoast SEO plugin. -->","yoast_head_json":{"title":"Candidatos do concurso para o CPC Renato Chaves s\u00e3o convocados \u00e0 prova de t\u00edtulos e \u00e0 fase de investiga\u00e7\u00e3o criminal. - FADESP","robots":{"index":"index","follow":"follow","max-snippet":"max-snippet:-1","max-image-preview":"max-image-preview:large","max-video-preview":"max-video-preview:-1"},"canonical":"https:\/\/portalfadesp.org.br\/?p=4644","og_locale":"pt_BR","og_type":"article","og_title":"Candidatos do concurso para o CPC Renato Chaves s\u00e3o convocados \u00e0 prova de t\u00edtulos e \u00e0 fase de investiga\u00e7\u00e3o criminal. - FADESP","og_description":"Os candidatos do concurso para o Centro de Per\u00edcias Cient\u00edficas Renato Chaves (CPC Renato Chaves) devem ficar atentos \u00e0s datas para a realiza\u00e7\u00e3o da quinta e da sexta fases. O prazo de envio de documentos para a prova de t\u00edtulos e para a investiga\u00e7\u00e3o social e criminal \u00e9 de 14 a 18 deste m\u00eas. Os [&hellip;]","og_url":"https:\/\/portalfadesp.org.br\/?p=4644","og_site_name":"FADESP","article_publisher":"https:\/\/www.facebook.com\/Fadesp-138351949524662\/","article_published_time":"2019-10-10T17:36:32+00:00","article_modified_time":"2022-12-20T20:40:04+00:00","og_image":[{"width":3543,"height":2362,"url":"https:\/\/portalfadesp.org.br\/wp-content\/uploads\/2019\/07\/Renato-Chave-Ag\u00eancia-Par\u00e1-Cristino-Martins.jpg","type":"image\/jpeg"}],"author":"Lorena Filgueiras","twitter_card":"summary_large_image","twitter_creator":"@Fadesp","twitter_site":"@Fadesp","twitter_misc":{"Escrito por":"Lorena Filgueiras","Est. tempo de leitura":"1 minuto"},"schema":{"@context":"https:\/\/schema.org","@graph":[{"@type":"Article","@id":"https:\/\/portalfadesp.org.br\/?p=4644#article","isPartOf":{"@id":"https:\/\/portalfadesp.org.br\/?p=4644"},"author":{"name":"Lorena Filgueiras","@id":"https:\/\/portalfadesp.org.br\/#\/schema\/person\/c1fa9db0c87dc412d1568e0e5e27be9c"},"headline":"Candidatos do concurso para o CPC Renato Chaves s\u00e3o convocados \u00e0 prova de t\u00edtulos e \u00e0 fase de investiga\u00e7\u00e3o criminal.","datePublished":"2019-10-10T17:36:32+00:00","dateModified":"2022-12-20T20:40:04+00:00","mainEntityOfPage":{"@id":"https:\/\/portalfadesp.org.br\/?p=4644"},"wordCount":311,"commentCount":0,"publisher":{"@id":"https:\/\/portalfadesp.org.br\/#organization"},"image":{"@id":"https:\/\/portalfadesp.org.br\/?p=4644#primaryimage"},"thumbnailUrl":"https:\/\/portalfadesp.org.br\/wp-content\/uploads\/2019\/07\/Renato-Chave-Ag\u00eancia-Par\u00e1-Cristino-Martins.jpg","keywords":["concurso p\u00fablico","oportunidade"],"articleSection":["Concurso"],"inLanguage":"pt-BR"},{"@type":"WebPage","@id":"https:\/\/portalfadesp.org.br\/?p=4644","url":"https:\/\/portalfadesp.org.br\/?p=4644","name":"Candidatos do concurso para o CPC Renato Chaves s\u00e3o convocados \u00e0 prova de t\u00edtulos e \u00e0 fase de investiga\u00e7\u00e3o criminal. - FADESP","isPartOf":{"@id":"https:\/\/portalfadesp.org.br\/#website"},"primaryImageOfPage":{"@id":"https:\/\/portalfadesp.org.br\/?p=4644#primaryimage"},"image":{"@id":"https:\/\/portalfadesp.org.br\/?p=4644#primaryimage"},"thumbnailUrl":"https:\/\/portalfadesp.org.br\/wp-content\/uploads\/2019\/07\/Renato-Chave-Ag\u00eancia-Par\u00e1-Cristino-Martins.jpg","datePublished":"2019-10-10T17:36:32+00:00","dateModified":"2022-12-20T20:40:04+00:00","breadcrumb":{"@id":"https:\/\/portalfadesp.org.br\/?p=4644#breadcrumb"},"inLanguage":"pt-BR","potentialAction":[{"@type":"ReadAction","target":["https:\/\/portalfadesp.org.br\/?p=4644"]}]},{"@type":"ImageObject","inLanguage":"pt-BR","@id":"https:\/\/portalfadesp.org.br\/?p=4644#primaryimage","url":"https:\/\/portalfadesp.org.br\/wp-content\/uploads\/2019\/07\/Renato-Chave-Ag\u00eancia-Par\u00e1-Cristino-Martins.jpg","contentUrl":"https:\/\/portalfadesp.org.br\/wp-content\/uploads\/2019\/07\/Renato-Chave-Ag\u00eancia-Par\u00e1-Cristino-Martins.jpg","width":3543,"height":2362},{"@type":"BreadcrumbList","@id":"https:\/\/portalfadesp.org.br\/?p=4644#breadcrumb","itemListElement":[{"@type":"ListItem","position":1,"name":"In\u00edcio","item":"https:\/\/portalfadesp.org.br\/"},{"@type":"ListItem","position":2,"name":"Candidatos do concurso para o CPC Renato Chaves s\u00e3o convocados \u00e0 prova de t\u00edtulos e \u00e0 fase de investiga\u00e7\u00e3o criminal."}]},{"@type":"WebSite","@id":"https:\/\/portalfadesp.org.br\/#website","url":"https:\/\/portalfadesp.org.br\/","name":"FADESP","description":"Funda\u00e7\u00e3o de Amparo e Desenvolvimento da Pesquisa","publisher":{"@id":"https:\/\/portalfadesp.org.br\/#organization"},"potentialAction":[{"@type":"SearchAction","target":{"@type":"EntryPoint","urlTemplate":"https:\/\/portalfadesp.org.br\/?s={search_term_string}"},"query-input":{"@type":"PropertyValueSpecification","valueRequired":true,"valueName":"search_term_string"}}],"inLanguage":"pt-BR"},{"@type":"Organization","@id":"https:\/\/portalfadesp.org.br\/#organization","name":"FADESP","url":"https:\/\/portalfadesp.org.br\/","logo":{"@type":"ImageObject","inLanguage":"pt-BR","@id":"https:\/\/portalfadesp.org.br\/#\/schema\/logo\/image\/","url":"https:\/\/portalfadesp.org.br\/wp-content\/uploads\/2024\/01\/NOVOLOGOFADESPlaranjaH.png","contentUrl":"https:\/\/portalfadesp.org.br\/wp-content\/uploads\/2024\/01\/NOVOLOGOFADESPlaranjaH.png","width":2742,"height":839,"caption":"FADESP"},"image":{"@id":"https:\/\/portalfadesp.org.br\/#\/schema\/logo\/image\/"},"sameAs":["https:\/\/www.facebook.com\/Fadesp-138351949524662\/","https:\/\/x.com\/Fadesp","https:\/\/www.instagram.com\/fadesp_ufpa\/","https:\/\/www.youtube.com\/@fundacaodeamparoedesenvolv1903","https:\/\/www.threads.net\/@fadesp_ufpa"]},{"@type":"Person","@id":"https:\/\/portalfadesp.org.br\/#\/schema\/person\/c1fa9db0c87dc412d1568e0e5e27be9c","name":"Lorena Filgueiras","image":{"@type":"ImageObject","inLanguage":"pt-BR","@id":"https:\/\/portalfadesp.org.br\/#\/schema\/person\/image\/","url":"https:\/\/secure.gravatar.com\/avatar\/37390a2dfe1325c2917fc5f6df471abe8ab753cf23b2d14690f57bd61ab4b7cf?s=96&d=mm&r=g","contentUrl":"https:\/\/secure.gravatar.com\/avatar\/37390a2dfe1325c2917fc5f6df471abe8ab753cf23b2d14690f57bd61ab4b7cf?s=96&d=mm&r=g","caption":"Lorena Filgueiras"},"url":"https:\/\/portalfadesp.org.br\/?author=11"}]}},"_links":{"self":[{"href":"https:\/\/portalfadesp.org.br\/index.php?rest_route=\/wp\/v2\/posts\/4644","targetHints":{"allow":["GET"]}}],"collection":[{"href":"https:\/\/portalfadesp.org.br\/index.php?rest_route=\/wp\/v2\/posts"}],"about":[{"href":"https:\/\/portalfadesp.org.br\/index.php?rest_route=\/wp\/v2\/types\/post"}],"author":[{"embeddable":true,"href":"https:\/\/portalfadesp.org.br\/index.php?rest_route=\/wp\/v2\/users\/11"}],"replies":[{"embeddable":true,"href":"https:\/\/portalfadesp.org.br\/index.php?rest_route=%2Fwp%2Fv2%2Fcomments&post=4644"}],"version-history":[{"count":3,"href":"https:\/\/portalfadesp.org.br\/index.php?rest_route=\/wp\/v2\/posts\/4644\/revisions"}],"predecessor-version":[{"id":37789,"href":"https:\/\/portalfadesp.org.br\/index.php?rest_route=\/wp\/v2\/posts\/4644\/revisions\/37789"}],"wp:featuredmedia":[{"embeddable":true,"href":"https:\/\/portalfadesp.org.br\/index.php?rest_route=\/wp\/v2\/media\/2913"}],"wp:attachment":[{"href":"https:\/\/portalfadesp.org.br\/index.php?rest_route=%2Fwp%2Fv2%2Fmedia&parent=4644"}],"wp:term":[{"taxonomy":"category","embeddable":true,"href":"https:\/\/portalfadesp.org.br\/index.php?rest_route=%2Fwp%2Fv2%2Fcategories&post=4644"},{"taxonomy":"post_tag","embeddable":true,"href":"https:\/\/portalfadesp.org.br\/index.php?rest_route=%2Fwp%2Fv2%2Ftags&post=4644"}],"curies":[{"name":"wp","href":"https:\/\/api.w.org\/{rel}","templated":true}]}}