{"id":4643,"date":"2019-10-25T14:59:17","date_gmt":"2019-10-25T17:59:17","guid":{"rendered":"https:\/\/162.215.13.167?p=4643"},"modified":"2022-12-20T17:34:37","modified_gmt":"2022-12-20T20:34:37","slug":"aviso-atendimento-na-fadesp-sede-sera-ate-as-11h-nesta-sexta-feira-na-segunda-feira-14-nao-havera-expediente","status":"publish","type":"post","link":"https:\/\/portalfadesp.org.br\/?p=4643","title":{"rendered":"AVISO: n\u00e3o haver\u00e1 expediente na FADESP, na segunda-feira, 28."},"content":{"rendered":"\t\t<div data-elementor-type=\"wp-post\" data-elementor-id=\"4643\" class=\"elementor elementor-4643\" data-elementor-post-type=\"post\">\n\t\t\t\t\t\t<section class=\"elementor-section elementor-top-section elementor-element elementor-element-5083c54 elementor-section-boxed elementor-section-height-default elementor-section-height-default\" data-id=\"5083c54\" data-element_type=\"section\">\n\t\t\t\t\t\t<div class=\"elementor-container elementor-column-gap-default\">\n\t\t\t\t\t<div class=\"elementor-column elementor-col-100 elementor-top-column elementor-element elementor-element-19b5cbc\" data-id=\"19b5cbc\" data-element_type=\"column\">\n\t\t\t<div class=\"elementor-widget-wrap elementor-element-populated\">\n\t\t\t\t\t\t<div class=\"elementor-element elementor-element-18564e51 elementor-widget elementor-widget-text-editor\" data-id=\"18564e51\" data-element_type=\"widget\" data-widget_type=\"text-editor.default\">\n\t\t\t\t<div class=\"elementor-widget-container\">\n\t\t\t\t\t\t\t\t\t<p><img decoding=\"async\" class=\"alignright wp-image-1961 size-full\" src=\"https:\/\/portalfadesp.org.br\/wp-content\/uploads\/2019\/06\/up_ag_29513_rotativo.jpg\" alt=\"\" width=\"250\" height=\"195\" \/>Na segunda-feira, 28, n\u00e3o haver\u00e1 expediente, na FADESP, em fun\u00e7\u00e3o do feriado pelo Dia do Servidor. O servi\u00e7o volta ao hor\u00e1rio normal na ter\u00e7a-feira.\u00a0<\/p>\n\n<p>\u00a0<\/p>\n\t\t\t\t\t\t\t\t<\/div>\n\t\t\t\t<\/div>\n\t\t\t\t\t<\/div>\n\t\t<\/div>\n\t\t\t\t\t<\/div>\n\t\t<\/section>\n\t\t\t\t<\/div>\n\t\t","protected":false},"excerpt":{"rendered":"<p>Na segunda-feira, 28, n\u00e3o haver\u00e1 expediente, na FADESP, em fun\u00e7\u00e3o do feriado pelo Dia do Servidor. O servi\u00e7o volta ao hor\u00e1rio normal na ter\u00e7a-feira.\u00a0 \u00a0<\/p>\n","protected":false},"author":11,"featured_media":1961,"comment_status":"open","ping_status":"open","sticky":false,"template":"","format":"standard","meta":{"_monsterinsights_skip_tracking":false,"_monsterinsights_sitenote_active":false,"_monsterinsights_sitenote_note":"","_monsterinsights_sitenote_category":0,"footnotes":""},"categories":[1],"tags":[],"class_list":["post-4643","post","type-post","status-publish","format-standard","has-post-thumbnail","hentry","category-geral","entry","has-media"],"yoast_head":"<!-- This site is optimized with the Yoast SEO plugin v25.1 - https:\/\/yoast.com\/wordpress\/plugins\/seo\/ -->\n<title>AVISO: n\u00e3o haver\u00e1 expediente na FADESP, na segunda-feira, 28. - FADESP<\/title>\n<meta name=\"robots\" content=\"index, follow, max-snippet:-1, max-image-preview:large, max-video-preview:-1\" \/>\n<link rel=\"canonical\" href=\"https:\/\/portalfadesp.org.br\/?p=4643\" \/>\n<meta property=\"og:locale\" content=\"pt_BR\" \/>\n<meta property=\"og:type\" content=\"article\" \/>\n<meta property=\"og:title\" content=\"AVISO: n\u00e3o haver\u00e1 expediente na FADESP, na segunda-feira, 28. - FADESP\" \/>\n<meta property=\"og:description\" content=\"Na segunda-feira, 28, n\u00e3o haver\u00e1 expediente, na FADESP, em fun\u00e7\u00e3o do feriado pelo Dia do Servidor. O servi\u00e7o volta ao hor\u00e1rio normal na ter\u00e7a-feira.\u00a0 \u00a0\" \/>\n<meta property=\"og:url\" content=\"https:\/\/portalfadesp.org.br\/?p=4643\" \/>\n<meta property=\"og:site_name\" content=\"FADESP\" \/>\n<meta property=\"article:publisher\" content=\"https:\/\/www.facebook.com\/Fadesp-138351949524662\/\" \/>\n<meta property=\"article:published_time\" content=\"2019-10-25T17:59:17+00:00\" \/>\n<meta property=\"article:modified_time\" content=\"2022-12-20T20:34:37+00:00\" \/>\n<meta property=\"og:image\" content=\"https:\/\/portalfadesp.org.br\/wp-content\/uploads\/2019\/06\/up_ag_29513_rotativo.jpg\" \/>\n\t<meta property=\"og:image:width\" content=\"250\" \/>\n\t<meta property=\"og:image:height\" content=\"195\" \/>\n\t<meta property=\"og:image:type\" content=\"image\/jpeg\" \/>\n<meta name=\"author\" content=\"Lorena Filgueiras\" \/>\n<meta name=\"twitter:card\" content=\"summary_large_image\" \/>\n<meta name=\"twitter:creator\" content=\"@Fadesp\" \/>\n<meta name=\"twitter:site\" content=\"@Fadesp\" \/>\n<meta name=\"twitter:label1\" content=\"Escrito por\" \/>\n\t<meta name=\"twitter:data1\" content=\"Lorena Filgueiras\" \/>\n<script type=\"application\/ld+json\" class=\"yoast-schema-graph\">{\"@context\":\"https:\/\/schema.org\",\"@graph\":[{\"@type\":\"Article\",\"@id\":\"https:\/\/portalfadesp.org.br\/?p=4643#article\",\"isPartOf\":{\"@id\":\"https:\/\/portalfadesp.org.br\/?p=4643\"},\"author\":{\"name\":\"Lorena Filgueiras\",\"@id\":\"https:\/\/portalfadesp.org.br\/#\/schema\/person\/c1fa9db0c87dc412d1568e0e5e27be9c\"},\"headline\":\"AVISO: n\u00e3o haver\u00e1 expediente na FADESP, na segunda-feira, 28.\",\"datePublished\":\"2019-10-25T17:59:17+00:00\",\"dateModified\":\"2022-12-20T20:34:37+00:00\",\"mainEntityOfPage\":{\"@id\":\"https:\/\/portalfadesp.org.br\/?p=4643\"},\"wordCount\":37,\"commentCount\":0,\"publisher\":{\"@id\":\"https:\/\/portalfadesp.org.br\/#organization\"},\"image\":{\"@id\":\"https:\/\/portalfadesp.org.br\/?p=4643#primaryimage\"},\"thumbnailUrl\":\"https:\/\/portalfadesp.org.br\/wp-content\/uploads\/2019\/06\/up_ag_29513_rotativo.jpg\",\"articleSection\":[\"Geral\"],\"inLanguage\":\"pt-BR\"},{\"@type\":\"WebPage\",\"@id\":\"https:\/\/portalfadesp.org.br\/?p=4643\",\"url\":\"https:\/\/portalfadesp.org.br\/?p=4643\",\"name\":\"AVISO: n\u00e3o haver\u00e1 expediente na FADESP, na segunda-feira, 28. - FADESP\",\"isPartOf\":{\"@id\":\"https:\/\/portalfadesp.org.br\/#website\"},\"primaryImageOfPage\":{\"@id\":\"https:\/\/portalfadesp.org.br\/?p=4643#primaryimage\"},\"image\":{\"@id\":\"https:\/\/portalfadesp.org.br\/?p=4643#primaryimage\"},\"thumbnailUrl\":\"https:\/\/portalfadesp.org.br\/wp-content\/uploads\/2019\/06\/up_ag_29513_rotativo.jpg\",\"datePublished\":\"2019-10-25T17:59:17+00:00\",\"dateModified\":\"2022-12-20T20:34:37+00:00\",\"breadcrumb\":{\"@id\":\"https:\/\/portalfadesp.org.br\/?p=4643#breadcrumb\"},\"inLanguage\":\"pt-BR\",\"potentialAction\":[{\"@type\":\"ReadAction\",\"target\":[\"https:\/\/portalfadesp.org.br\/?p=4643\"]}]},{\"@type\":\"ImageObject\",\"inLanguage\":\"pt-BR\",\"@id\":\"https:\/\/portalfadesp.org.br\/?p=4643#primaryimage\",\"url\":\"https:\/\/portalfadesp.org.br\/wp-content\/uploads\/2019\/06\/up_ag_29513_rotativo.jpg\",\"contentUrl\":\"https:\/\/portalfadesp.org.br\/wp-content\/uploads\/2019\/06\/up_ag_29513_rotativo.jpg\",\"width\":250,\"height\":195},{\"@type\":\"BreadcrumbList\",\"@id\":\"https:\/\/portalfadesp.org.br\/?p=4643#breadcrumb\",\"itemListElement\":[{\"@type\":\"ListItem\",\"position\":1,\"name\":\"In\u00edcio\",\"item\":\"https:\/\/portalfadesp.org.br\/\"},{\"@type\":\"ListItem\",\"position\":2,\"name\":\"AVISO: n\u00e3o haver\u00e1 expediente na FADESP, na segunda-feira, 28.\"}]},{\"@type\":\"WebSite\",\"@id\":\"https:\/\/portalfadesp.org.br\/#website\",\"url\":\"https:\/\/portalfadesp.org.br\/\",\"name\":\"FADESP\",\"description\":\"Funda\u00e7\u00e3o de Amparo e Desenvolvimento da Pesquisa\",\"publisher\":{\"@id\":\"https:\/\/portalfadesp.org.br\/#organization\"},\"potentialAction\":[{\"@type\":\"SearchAction\",\"target\":{\"@type\":\"EntryPoint\",\"urlTemplate\":\"https:\/\/portalfadesp.org.br\/?s={search_term_string}\"},\"query-input\":{\"@type\":\"PropertyValueSpecification\",\"valueRequired\":true,\"valueName\":\"search_term_string\"}}],\"inLanguage\":\"pt-BR\"},{\"@type\":\"Organization\",\"@id\":\"https:\/\/portalfadesp.org.br\/#organization\",\"name\":\"FADESP\",\"url\":\"https:\/\/portalfadesp.org.br\/\",\"logo\":{\"@type\":\"ImageObject\",\"inLanguage\":\"pt-BR\",\"@id\":\"https:\/\/portalfadesp.org.br\/#\/schema\/logo\/image\/\",\"url\":\"https:\/\/portalfadesp.org.br\/wp-content\/uploads\/2024\/01\/NOVOLOGOFADESPlaranjaH.png\",\"contentUrl\":\"https:\/\/portalfadesp.org.br\/wp-content\/uploads\/2024\/01\/NOVOLOGOFADESPlaranjaH.png\",\"width\":2742,\"height\":839,\"caption\":\"FADESP\"},\"image\":{\"@id\":\"https:\/\/portalfadesp.org.br\/#\/schema\/logo\/image\/\"},\"sameAs\":[\"https:\/\/www.facebook.com\/Fadesp-138351949524662\/\",\"https:\/\/x.com\/Fadesp\",\"https:\/\/www.instagram.com\/fadesp_ufpa\/\",\"https:\/\/www.youtube.com\/@fundacaodeamparoedesenvolv1903\",\"https:\/\/www.threads.net\/@fadesp_ufpa\"]},{\"@type\":\"Person\",\"@id\":\"https:\/\/portalfadesp.org.br\/#\/schema\/person\/c1fa9db0c87dc412d1568e0e5e27be9c\",\"name\":\"Lorena Filgueiras\",\"image\":{\"@type\":\"ImageObject\",\"inLanguage\":\"pt-BR\",\"@id\":\"https:\/\/portalfadesp.org.br\/#\/schema\/person\/image\/\",\"url\":\"https:\/\/secure.gravatar.com\/avatar\/37390a2dfe1325c2917fc5f6df471abe8ab753cf23b2d14690f57bd61ab4b7cf?s=96&d=mm&r=g\",\"contentUrl\":\"https:\/\/secure.gravatar.com\/avatar\/37390a2dfe1325c2917fc5f6df471abe8ab753cf23b2d14690f57bd61ab4b7cf?s=96&d=mm&r=g\",\"caption\":\"Lorena Filgueiras\"},\"url\":\"https:\/\/portalfadesp.org.br\/?author=11\"}]}<\/script>\n<!-- \/ Yoast SEO plugin. -->","yoast_head_json":{"title":"AVISO: n\u00e3o haver\u00e1 expediente na FADESP, na segunda-feira, 28. - FADESP","robots":{"index":"index","follow":"follow","max-snippet":"max-snippet:-1","max-image-preview":"max-image-preview:large","max-video-preview":"max-video-preview:-1"},"canonical":"https:\/\/portalfadesp.org.br\/?p=4643","og_locale":"pt_BR","og_type":"article","og_title":"AVISO: n\u00e3o haver\u00e1 expediente na FADESP, na segunda-feira, 28. - FADESP","og_description":"Na segunda-feira, 28, n\u00e3o haver\u00e1 expediente, na FADESP, em fun\u00e7\u00e3o do feriado pelo Dia do Servidor. O servi\u00e7o volta ao hor\u00e1rio normal na ter\u00e7a-feira.\u00a0 \u00a0","og_url":"https:\/\/portalfadesp.org.br\/?p=4643","og_site_name":"FADESP","article_publisher":"https:\/\/www.facebook.com\/Fadesp-138351949524662\/","article_published_time":"2019-10-25T17:59:17+00:00","article_modified_time":"2022-12-20T20:34:37+00:00","og_image":[{"width":250,"height":195,"url":"https:\/\/portalfadesp.org.br\/wp-content\/uploads\/2019\/06\/up_ag_29513_rotativo.jpg","type":"image\/jpeg"}],"author":"Lorena Filgueiras","twitter_card":"summary_large_image","twitter_creator":"@Fadesp","twitter_site":"@Fadesp","twitter_misc":{"Escrito por":"Lorena Filgueiras"},"schema":{"@context":"https:\/\/schema.org","@graph":[{"@type":"Article","@id":"https:\/\/portalfadesp.org.br\/?p=4643#article","isPartOf":{"@id":"https:\/\/portalfadesp.org.br\/?p=4643"},"author":{"name":"Lorena Filgueiras","@id":"https:\/\/portalfadesp.org.br\/#\/schema\/person\/c1fa9db0c87dc412d1568e0e5e27be9c"},"headline":"AVISO: n\u00e3o haver\u00e1 expediente na FADESP, na segunda-feira, 28.","datePublished":"2019-10-25T17:59:17+00:00","dateModified":"2022-12-20T20:34:37+00:00","mainEntityOfPage":{"@id":"https:\/\/portalfadesp.org.br\/?p=4643"},"wordCount":37,"commentCount":0,"publisher":{"@id":"https:\/\/portalfadesp.org.br\/#organization"},"image":{"@id":"https:\/\/portalfadesp.org.br\/?p=4643#primaryimage"},"thumbnailUrl":"https:\/\/portalfadesp.org.br\/wp-content\/uploads\/2019\/06\/up_ag_29513_rotativo.jpg","articleSection":["Geral"],"inLanguage":"pt-BR"},{"@type":"WebPage","@id":"https:\/\/portalfadesp.org.br\/?p=4643","url":"https:\/\/portalfadesp.org.br\/?p=4643","name":"AVISO: n\u00e3o haver\u00e1 expediente na FADESP, na segunda-feira, 28. - FADESP","isPartOf":{"@id":"https:\/\/portalfadesp.org.br\/#website"},"primaryImageOfPage":{"@id":"https:\/\/portalfadesp.org.br\/?p=4643#primaryimage"},"image":{"@id":"https:\/\/portalfadesp.org.br\/?p=4643#primaryimage"},"thumbnailUrl":"https:\/\/portalfadesp.org.br\/wp-content\/uploads\/2019\/06\/up_ag_29513_rotativo.jpg","datePublished":"2019-10-25T17:59:17+00:00","dateModified":"2022-12-20T20:34:37+00:00","breadcrumb":{"@id":"https:\/\/portalfadesp.org.br\/?p=4643#breadcrumb"},"inLanguage":"pt-BR","potentialAction":[{"@type":"ReadAction","target":["https:\/\/portalfadesp.org.br\/?p=4643"]}]},{"@type":"ImageObject","inLanguage":"pt-BR","@id":"https:\/\/portalfadesp.org.br\/?p=4643#primaryimage","url":"https:\/\/portalfadesp.org.br\/wp-content\/uploads\/2019\/06\/up_ag_29513_rotativo.jpg","contentUrl":"https:\/\/portalfadesp.org.br\/wp-content\/uploads\/2019\/06\/up_ag_29513_rotativo.jpg","width":250,"height":195},{"@type":"BreadcrumbList","@id":"https:\/\/portalfadesp.org.br\/?p=4643#breadcrumb","itemListElement":[{"@type":"ListItem","position":1,"name":"In\u00edcio","item":"https:\/\/portalfadesp.org.br\/"},{"@type":"ListItem","position":2,"name":"AVISO: n\u00e3o haver\u00e1 expediente na FADESP, na segunda-feira, 28."}]},{"@type":"WebSite","@id":"https:\/\/portalfadesp.org.br\/#website","url":"https:\/\/portalfadesp.org.br\/","name":"FADESP","description":"Funda\u00e7\u00e3o de Amparo e Desenvolvimento da Pesquisa","publisher":{"@id":"https:\/\/portalfadesp.org.br\/#organization"},"potentialAction":[{"@type":"SearchAction","target":{"@type":"EntryPoint","urlTemplate":"https:\/\/portalfadesp.org.br\/?s={search_term_string}"},"query-input":{"@type":"PropertyValueSpecification","valueRequired":true,"valueName":"search_term_string"}}],"inLanguage":"pt-BR"},{"@type":"Organization","@id":"https:\/\/portalfadesp.org.br\/#organization","name":"FADESP","url":"https:\/\/portalfadesp.org.br\/","logo":{"@type":"ImageObject","inLanguage":"pt-BR","@id":"https:\/\/portalfadesp.org.br\/#\/schema\/logo\/image\/","url":"https:\/\/portalfadesp.org.br\/wp-content\/uploads\/2024\/01\/NOVOLOGOFADESPlaranjaH.png","contentUrl":"https:\/\/portalfadesp.org.br\/wp-content\/uploads\/2024\/01\/NOVOLOGOFADESPlaranjaH.png","width":2742,"height":839,"caption":"FADESP"},"image":{"@id":"https:\/\/portalfadesp.org.br\/#\/schema\/logo\/image\/"},"sameAs":["https:\/\/www.facebook.com\/Fadesp-138351949524662\/","https:\/\/x.com\/Fadesp","https:\/\/www.instagram.com\/fadesp_ufpa\/","https:\/\/www.youtube.com\/@fundacaodeamparoedesenvolv1903","https:\/\/www.threads.net\/@fadesp_ufpa"]},{"@type":"Person","@id":"https:\/\/portalfadesp.org.br\/#\/schema\/person\/c1fa9db0c87dc412d1568e0e5e27be9c","name":"Lorena Filgueiras","image":{"@type":"ImageObject","inLanguage":"pt-BR","@id":"https:\/\/portalfadesp.org.br\/#\/schema\/person\/image\/","url":"https:\/\/secure.gravatar.com\/avatar\/37390a2dfe1325c2917fc5f6df471abe8ab753cf23b2d14690f57bd61ab4b7cf?s=96&d=mm&r=g","contentUrl":"https:\/\/secure.gravatar.com\/avatar\/37390a2dfe1325c2917fc5f6df471abe8ab753cf23b2d14690f57bd61ab4b7cf?s=96&d=mm&r=g","caption":"Lorena Filgueiras"},"url":"https:\/\/portalfadesp.org.br\/?author=11"}]}},"_links":{"self":[{"href":"https:\/\/portalfadesp.org.br\/index.php?rest_route=\/wp\/v2\/posts\/4643","targetHints":{"allow":["GET"]}}],"collection":[{"href":"https:\/\/portalfadesp.org.br\/index.php?rest_route=\/wp\/v2\/posts"}],"about":[{"href":"https:\/\/portalfadesp.org.br\/index.php?rest_route=\/wp\/v2\/types\/post"}],"author":[{"embeddable":true,"href":"https:\/\/portalfadesp.org.br\/index.php?rest_route=\/wp\/v2\/users\/11"}],"replies":[{"embeddable":true,"href":"https:\/\/portalfadesp.org.br\/index.php?rest_route=%2Fwp%2Fv2%2Fcomments&post=4643"}],"version-history":[{"count":7,"href":"https:\/\/portalfadesp.org.br\/index.php?rest_route=\/wp\/v2\/posts\/4643\/revisions"}],"predecessor-version":[{"id":37773,"href":"https:\/\/portalfadesp.org.br\/index.php?rest_route=\/wp\/v2\/posts\/4643\/revisions\/37773"}],"wp:featuredmedia":[{"embeddable":true,"href":"https:\/\/portalfadesp.org.br\/index.php?rest_route=\/wp\/v2\/media\/1961"}],"wp:attachment":[{"href":"https:\/\/portalfadesp.org.br\/index.php?rest_route=%2Fwp%2Fv2%2Fmedia&parent=4643"}],"wp:term":[{"taxonomy":"category","embeddable":true,"href":"https:\/\/portalfadesp.org.br\/index.php?rest_route=%2Fwp%2Fv2%2Fcategories&post=4643"},{"taxonomy":"post_tag","embeddable":true,"href":"https:\/\/portalfadesp.org.br\/index.php?rest_route=%2Fwp%2Fv2%2Ftags&post=4643"}],"curies":[{"name":"wp","href":"https:\/\/api.w.org\/{rel}","templated":true}]}}