{"id":46320,"date":"2024-06-18T14:27:10","date_gmt":"2024-06-18T17:27:10","guid":{"rendered":"https:\/\/portalfadesp.org.br\/?p=46320"},"modified":"2024-06-19T11:10:00","modified_gmt":"2024-06-19T14:10:00","slug":"ufpa-sediara-o-maior-evento-cientifico-da-america-latina","status":"publish","type":"post","link":"https:\/\/portalfadesp.org.br\/?p=46320","title":{"rendered":"FADESP \u00e9 patrocinadora da 76\u00aa Reuni\u00e3o Anual da SBPC: de 07 a 13 de julho na UFPA!"},"content":{"rendered":"\n<p><\/p>\n\n\n\n<p class=\"has-text-align-left\">A Universidade Federal do Par\u00e1 (UFPA) ser\u00e1 a casa da ci\u00eancia nacional em julho de 2024. Ap\u00f3s 17 anos, a Universidade receber\u00e1 novamente uma Reuni\u00e3o Anual (RA) da Sociedade Brasileira para o Progresso da Ci\u00eancia (SBPC), o maior evento cient\u00edfico da Am\u00e9rica Latina e que, neste ano, chega \u00e0 76\u00aa edi\u00e7\u00e3o. A reuni\u00e3o ocorre de 07 a 13 de julho e todas as atividades estar\u00e3o concentradas no Setor B\u00e1sico do Campus Guam\u00e1 da UFPA, em Bel\u00e9m.<\/p>\n\n\n\n<div style=\"height:20px\" aria-hidden=\"true\" class=\"wp-block-spacer\"><\/div>\n\n\n\n<p>Realizadas desde 1949, de forma ininterrupta, as Reuni\u00f5es Anuais visam difundir os avan\u00e7os da ci\u00eancia produzida no pa\u00eds nas diversas \u00e1reas do conhecimento, assim como debater pol\u00edticas p\u00fablicas voltadas para a Tecnologia, Inova\u00e7\u00e3o e Educa\u00e7\u00e3o. Uma verdadeira celebra\u00e7\u00e3o da ci\u00eancia que, em 2024, ter\u00e1 como tema \u201cCi\u00eancia para um futuro sustent\u00e1vel e inclusivo: por um novo contrato social com a natureza\u201d.<\/p>\n\n\n\n<div style=\"height:20px\" aria-hidden=\"true\" class=\"wp-block-spacer\"><\/div>\n\n\n\n<p>O reitor da UFPA e presidente da comiss\u00e3o executiva local da 76\u00aa SBPC, professor Emmanuel Tourinho, destaca que o p\u00fablico pode esperar uma RA com intensa participa\u00e7\u00e3o da comunidade cient\u00edfica brasileira, rica programa\u00e7\u00e3o art\u00edstica e cultural e forte presen\u00e7a de representantes dos povos e comunidades amaz\u00f4nicas. \u201cUFPA e SBPC est\u00e3o trabalhando intensamente para que a Reuni\u00e3o Anual conte com uma infraestrutura confort\u00e1vel ao p\u00fablico e com uma programa\u00e7\u00e3o rica, com debates de temas centrais para a sociedade brasileira hoje\u201d, adianta. \u201cPara a composi\u00e7\u00e3o da programa\u00e7\u00e3o cien\u01a1fica, recebemos um n\u00famero muito expressivo de propostas, com uma participa\u00e7\u00e3o representativa do conjunto da comunidade cient\u00edfica nacional e um bom destaque para assuntos que se relacionam com o tema da RA, especialmente em suas conex\u00f5es com a realidade da Amaz\u00f4nia\u201d.<br><\/p>\n\n\n\n<div style=\"height:20px\" aria-hidden=\"true\" class=\"wp-block-spacer\"><\/div>\n\n\n\n<p>A Reuni\u00e3o Anual chega \u00e0 capital paraense quando a cidade se prepara para sediar a 30\u00aa Confer\u00eancia das Partes da Conven\u00e7\u00e3o-Quadro das Na\u00e7\u00f5es Unidas sobre Mudan\u00e7a do Clima (COP30), f\u00f3rum internacional que mobilizar\u00e1 chefes de Estado e de governo, pesquisadoras(es) e ambientalistas em busca de solu\u00e7\u00f5es efetivas para o enfrentamento das mudan\u00e7as clim\u00e1ticas.<\/p>\n\n\n\n<div style=\"height:19px\" aria-hidden=\"true\" class=\"wp-block-spacer\"><\/div>\n\n\n\n<p>O reitor Emmanuel Tourinho avalia que a tem\u00e1tica estar\u00e1 muito presente j\u00e1 na 76\u00aa Reuni\u00e3o Anual. Para ele, o agravamento da crise clim\u00e1tica e a import\u00e2ncia da Amaz\u00f4nia para conter o aquecimento global geram a oportunidade de uma maior aten\u00e7\u00e3o \u00e0 regi\u00e3o e ao que est\u00e3o produzindo as(os) cientistas amaz\u00f4nidas. \u201cLidamos, aqui, com problemas muito complexos e diversos, que impactam de modo dram\u00e1tico a vida cotidiana das popula\u00e7\u00f5es e a conserva\u00e7\u00e3o (ou n\u00e3o) do bioma. A ci\u00eancia \u00e9 essencial para a compreens\u00e3o dessa realidade e para subsidiar pol\u00edticas p\u00fablicas que possam propiciar um ciclo de desenvolvimento sustent\u00e1vel e inclusivo. A RA ser\u00e1 um momento importante de di\u00e1logo sobre o papel da ci\u00eancia nacional nesse cen\u00e1rio e de prepara\u00e7\u00e3o de nossa comunidade para a interven\u00e7\u00e3o na COP-30, que acontecer\u00e1 em Bel\u00e9m, em novembro de 2025\u201d.<\/p>\n\n\n\n<div style=\"height:20px\" aria-hidden=\"true\" class=\"wp-block-spacer\"><\/div>\n\n\n\n<p>Para o Presidente da SBPC, Professor Renato Janine Ribeiro, a realiza\u00e7\u00e3o da reuni\u00e3o anual em uma cidade amaz\u00f4nica faz lembrar a grande responsabilidade implicada no fato de a maior parte da Amaz\u00f4nia estar concentrada no territ\u00f3rio brasileiro. \u201cA SBPC se sente muito feliz e, ao mesmo tempo, orgulhosa de realizar sua reuni\u00e3o anual de 2024 em Bel\u00e9m do Par\u00e1, a maior cidade da Amaz\u00f4nia, a porta desta regi\u00e3o enorme que se espalha por v\u00e1rios pa\u00edses e da qual a maior parte \u00e9 brasileira\u201d, considera. \u201cO fato de que a Amaz\u00f4nia seja brasileira em t\u00e3o grande medida n\u00e3o nos d\u00e1 apenas direitos, d\u00e1 uma enorme responsabilidade. N\u00f3s devemos cuidar dela porque ela \u00e9 um patrim\u00f3nio simb\u00f3lico da humanidade\u201d.<\/p>\n\n\n\n<div style=\"height:20px\" aria-hidden=\"true\" class=\"wp-block-spacer\"><\/div>\n\n\n\n<p>O professor refor\u00e7a que esta percep\u00e7\u00e3o implica n\u00e3o apenas a ado\u00e7\u00e3o de medidas concretas, mas tamb\u00e9m de um novo entendimento acerca da regi\u00e3o. \u201cN\u00e3o s\u00f3 a Amaz\u00f4nia, como outras regi\u00f5es que t\u00eam muita biodiversidade, hoje, aparecem como uma possibilidade enorme de crescimento da humanidade rumo a um paradigma em que a natureza n\u00e3o seja mais algo a ser explorado, destru\u00eddo, mas algo que tenha conosco uma esp\u00e9cie de contrato, uma esp\u00e9cie de pacto. Por isso propusemos um novo contrato com a natureza como o tema dessa reuni\u00e3o anual que vamos fazer em Bel\u00e9m, na Universidade Federal do Par\u00e1 (UFPA)\u201d.<\/p>\n\n\n\n<div style=\"height:20px\" aria-hidden=\"true\" class=\"wp-block-spacer\"><\/div>\n\n\n\n<p>Dentro deste contexto, a Secret\u00e1ria-geral da SBPC, Cl\u00e1udia Linhares, tamb\u00e9m considera que as quest\u00f5es ligadas ao meio ambiente estar\u00e3o no centro dos debates da 76\u00aa Reuni\u00e3o Anual. \u201cA gente vive um momento em que a quest\u00e3o do meio ambiente se tornou vital, n\u00e3o s\u00f3 do ponto de vista de vidas humanas, mas do ponto de vista econ\u00f4mico tamb\u00e9m. A gente est\u00e1 vivendo a trag\u00e9dia do Rio Grande do Sul, que agora j\u00e1 se estende at\u00e9 Santa Catarina; n\u00f3s vimos as secas no ano passado na Regi\u00e3o Norte e esses fen\u00f4menos todos, de repente, se tornaram uma pauta comum e popular junto \u00e0s pessoas\u201d, avalia. \u201cE a Reuni\u00e3o Anual sendo realizada no Par\u00e1, que \u00e9<br>na regi\u00e3o amaz\u00f4nica, as pessoas esperam que isso d\u00ea mais visibilidade ainda para essas discuss\u00f5es, pela localiza\u00e7\u00e3o geogr\u00e1fica da Universidade Federal do Par\u00e1 (UFPA). Ent\u00e3o, temos essa pauta que se tornou urgente e que faz com que a reuni\u00e3o seja cercada de grandes expectativas\u201d.<\/p>\n\n\n\n<div style=\"height:20px\" aria-hidden=\"true\" class=\"wp-block-spacer\"><\/div>\n\n\n\n<p>Cl\u00e1udia lembra, ainda, que esta ser\u00e1 a maior reuni\u00e3o da SBPC depois da pandemia da Covid-19. Uma reuni\u00e3o anual no seu formato completo, a primeira em que ser\u00e3o retomados os minicursos presenciais. A Secret\u00e1ria-geral da SBPC destaca, tamb\u00e9m, que dever\u00e3o participar da 76\u00aa Reuni\u00e3o Anual pelo menos cinco ministras(os) de estado, as(os) titulares do Minist\u00e9rio da Ci\u00eancia, Tecnologia e Inova\u00e7\u00e3o, do Minist\u00e9rio da Sa\u00fade, do Minist\u00e9rio do Meio Ambiente e Mudan\u00e7a do Clima, do Minist\u00e9rio do Planejamento e Or\u00e7amento e do Minist\u00e9rio da Educa\u00e7\u00e3o.<\/p>\n\n\n\n<div style=\"height:20px\" aria-hidden=\"true\" class=\"wp-block-spacer\"><\/div>\n\n\n\n<p>Outros nomes confirmados entre os 81 conferencistas j\u00e1 anunciados s\u00e3o o Nobel da Paz, pelo Painel Intergovernamental para Mudan\u00e7as Clim\u00e1ticas (IPCC), Philip Martin Fearnside e a fil\u00f3sofa e escritora, Sueli Carneiro.<\/p>\n\n\n\n<div style=\"height:20px\" aria-hidden=\"true\" class=\"wp-block-spacer\"><\/div>\n\n\n\n<p class=\"has-luminous-vivid-orange-color has-text-color has-link-color wp-elements-0a5e1348629501fb5c9b24bd28e9f30d\"><strong>Programa\u00e7\u00e3o ter\u00e1 novidades<\/strong><\/p>\n\n\n\n<div style=\"height:10px\" aria-hidden=\"true\" class=\"wp-block-spacer\"><\/div>\n\n\n\n<p>Al\u00e9m do formato tradicional de confer\u00eancias e mesas-redondas, a reuni\u00e3o anual tamb\u00e9m contemplar\u00e1 outros espa\u00e7os de fomento e discuss\u00e3o da ci\u00eancia. Em parceria com a Secretaria Municipal de Educa\u00e7\u00e3o (Semec) de Bel\u00e9m, a 76\u00aa SBPC inova com a cria\u00e7\u00e3o do Espa\u00e7o \u2018Inf\u00e2ncias Mair\u00ed na SBPC\u2019, uma tenda de 100m\u00b2 que receber\u00e1 uma s\u00e9rie oficinas que dever\u00e3o promover a  inicia\u00e7\u00e3o ciet\u00edfica de crian\u00e7as menores de cinco anos de idade. No espa\u00e7o l\u00fadico, as crian\u00e7as poder\u00e3o trabalhar com elementos naturais e que contribuir\u00e3o com o despertar de consci\u00eancia sobre o meio ambiente neste novo contrato social com a natureza, que \u00e9 a proposta desta reuni\u00e3o anual. Durante toda a semana ser\u00e3o disponibilizadas quatro oficinas: \u201cUsina de pigmentos naturais\u201d; \u201cA transforma\u00e7\u00e3o da argila\u201d; \u201cBrinquedos de Equil\u00edbrios e Ventos\u201d e \u201cA qu\u00edmica das bolhas de sab\u00e3o\u201d.<\/p>\n\n\n\n<div style=\"height:20px\" aria-hidden=\"true\" class=\"wp-block-spacer\"><\/div>\n\n\n\n<p>Ainda voltado \u00e0quelas(es) que poder\u00e3o ser as(os) futuras(os) cientistas e pesquisadoras(es) brasileiras(os), a programa\u00e7\u00e3o da SBPC tamb\u00e9m acolher\u00e1 250 crian\u00e7as que chegar\u00e3o ao evento ciet\u00edfico diretamente da regi\u00e3o das ilhas, aportando no p\u00eder do Campus Guam\u00e1 da UFPA. Ao todo, 36 barcos escolares, em cortejo, trar\u00e3o alunas(os) e professoras(as) das ilhas e \u00e1reas ribeirinhas para abra\u00e7ar a SBPC e a Ci\u00eancia.<\/p>\n\n\n\n<div style=\"height:20px\" aria-hidden=\"true\" class=\"wp-block-spacer\"><\/div>\n\n\n\n<p class=\"has-luminous-vivid-orange-color has-text-color has-link-color wp-elements-4f07677d13814e96526ec25797346a79\"><strong>SBPC Jovem<\/strong><\/p>\n\n\n\n<p>Momento bastante esperado em todas as reuni\u00f5es anuais, a SBPC Jovem dever\u00e1 acolher 71 estandes na 76\u00aa edi\u00e7\u00e3o, estruturas que variam desde 9 metros quadrados a at\u00e9 320 metros quadrados. Ao todo, haver\u00e1 feiras de ci\u00eancias de 12 estados do Brasil e o espa\u00e7o integrar\u00e1 parceiros hist\u00f3ricos da SBPC Jovem, como o Minist\u00e9rio da Ci\u00eancia, Tecnologia e Inova\u00e7\u00e3o (MCTI), a Fiocruz, a Ag\u00eancia Espacial, o Circo da Ci\u00eancia e institui\u00e7\u00f5es que se far\u00e3o presentes no espa\u00e7o pela primeira vez, como \u00e9 o caso do Instituto Brasileiro de Geografia e Estat\u00edstica (IBGE).<\/p>\n\n\n\n<div style=\"height:20px\" aria-hidden=\"true\" class=\"wp-block-spacer\"><\/div>\n\n\n\n<p class=\"has-luminous-vivid-orange-color has-text-color has-link-color wp-elements-58a9917fbea7eb414b303a14a15cc3e3\"><strong>SBPC Afro e Ind\u00edgena<\/strong><\/p>\n\n\n\n<p>Destaque na programa\u00e7\u00e3o da SBPC desde 2014, o selo da SBPC Afro e Ind\u00edgena contemplar\u00e1 programa\u00e7\u00f5es cient\u00edficas que tratem de quest\u00f5es relacionadas \u00e0 cultura e \u00e0 trajet\u00f3ria afro e\/ou ind\u00edgena. O diferencial deste ano \u00e9 que, al\u00e9m das atividades cient\u00edficas tradicionais \u2013 confer\u00eancias, mesas redondas, minicursos, pain\u00e9is \u2013 a reuni\u00e3o anual que ser\u00e1 realizada na UFPA retomar\u00e1 a disponibiliza\u00e7\u00e3o de espa\u00e7os expositivos tamb\u00e9m voltadas para a tem\u00e1tica. A Maloca e uma tenda de 400 m\u00b2, montada em frente ao pr\u00e9dio da Reitoria, receber\u00e3o as exposi\u00e7\u00f5es da SBPC Afro e Ind\u00edgena.<\/p>\n\n\n\n<div style=\"height:20px\" aria-hidden=\"true\" class=\"wp-block-spacer\"><\/div>\n\n\n\n<p class=\"has-luminous-vivid-orange-color has-text-color has-link-color wp-elements-79fc1ce4771c54911617482bc8d2e2bd\"><strong>Cultura alimentar<\/strong><\/p>\n\n\n\n<p>O \u201cPaneiro: Espa\u00e7o da Cultura Alimentar\u201d dar\u00e1 destaque para a culin\u00e1ria t\u00edpica paraense. Na tenda montada pr\u00f3ximo ao Rio Guam\u00e1, as(os) participantes poder\u00e3o degustar os sabores da comida regional, mas tamb\u00e9m conhecer um pouco da hist\u00f3ria e das tradi\u00e7\u00f5es que est\u00e3o por tr\u00e1s de alguns preparos. Para isso, um palco ser\u00e1 montado para receber diversas apresenta\u00e7\u00f5es, incluindo demonstra\u00e7\u00f5es e aulas show de culin\u00e1ria.<\/p>\n\n\n\n<div style=\"height:20px\" aria-hidden=\"true\" class=\"wp-block-spacer\"><\/div>\n\n\n\n<p>A Feira da Economia Solid\u00e1ria e Diversidade reunir\u00e1 mais de 40 expositoras(es) de todo o pa\u00eds, pessoas que fazem parte de redes de coopera\u00e7\u00e3o e que atuam na perspectiva da economia solid\u00e1ria, expondo e comercializando produtos naturais, oriundos de empresas geralmente familiares ou iniciativas populares. Para que tais produtoras(es) fossem selecionadas(os) para participar do espa\u00e7o, uma curadoria nacional vem sendo feita desde o ano passado.<\/p>\n\n\n\n<div style=\"height:20px\" aria-hidden=\"true\" class=\"wp-block-spacer\"><\/div>\n\n\n\n<p>Sobre \u2013 A 76\u00aa Reuni\u00e3o Anual da Sociedade Brasileira para o Progresso da Ci\u00eancia (SBPC) ocorre entre os dias 07 a 13 de julho no Campus Guam\u00e1 da UFPA, em Bel\u00e9m. Todos os anos, o evento cient\u00edfico re\u00fane milhares de pessoas, entre cientistas, professoras(es), estudantes, profissionais liberais, autoridades e visitantes em geral. A programa\u00e7\u00e3o \u00e9 gratuita e aberta a todas(os) que desejem participar.<\/p>\n\n\n\n<p><br>A 76\u00aa SBPC \u00e9 uma realiza\u00e7\u00e3o da SBPC e da UFPA e tem como s\u00f3cios institucionais a Funda\u00e7\u00e3o Carlos Chagas Filho de Amparo \u00e0 Pesquisa do Estado do Rio de Janeiro (Faperj), a Financiadora de Estudos e Projetos (Finep) e a Funda\u00e7\u00e3o Oswaldo Cruz (Fiocruz). Os patrocinadores s\u00e3o a Funda\u00e7\u00e3o de Amparo e Desenvolvimento da Pesquisa (Fadesp), a Finep, Funda\u00e7\u00e3o Amaz\u00f4nia de Amparo a Estudos e Pesquisas (Fapespa) e a Funda\u00e7\u00e3o de Amparo \u00e0 Pesquisa do Estado de S\u00e3o Paulo (Fapesp).<\/p>\n\n\n\n<p>O evento tem como parceiros institucionais a Universidade do Estado do Par\u00e1 (Uepa), o Instituto Federal do Par\u00e1 (IFPA), a Universidade Federal do Oeste do Par\u00e1 (Ufopa), a Universidade Federal do Sul e Sudeste do Par\u00e1 (Unifesspa), a Universidade Federal Rural da Amaz\u00f4nia (Ufra) e o Museu Paraense Em\u00edlio Goeldi (MPEG).<\/p>\n\n\n\n<p>Conta, tamb\u00e9m, com o apoio da Prefeitura de Bel\u00e9m, da Semec, da Secretaria de Estado de Cultura-SECULT-PA, da Coordena\u00e7\u00e3o de Aperfei\u00e7oamento de Pessoal de N\u00edvel Superior (CAPES), do Conselho Nacional de Desenvolvimento Cien\u01a1fico e Tecnol\u00f3gico (CNPq), do Minist\u00e9rio da Educa\u00e7\u00e3o, do Minist\u00e9rio da Ci\u00eancia, Tecnologia e Inova\u00e7\u00e3o, Minist\u00e9rio de Desenvolvimento Social, Minist\u00e9rio de Desenvolvimento Agr\u00e1rio e do Governo Federal.<\/p>\n","protected":false},"excerpt":{"rendered":"<p>A Universidade Federal do Par\u00e1 (UFPA) ser\u00e1 a casa da ci\u00eancia nacional em julho de 2024. Ap\u00f3s 17 anos, a Universidade receber\u00e1 novamente uma Reuni\u00e3o Anual (RA) da Sociedade Brasileira para o Progresso da Ci\u00eancia (SBPC), o maior evento cient\u00edfico da Am\u00e9rica Latina e que, neste ano, chega \u00e0 76\u00aa edi\u00e7\u00e3o. A reuni\u00e3o ocorre de [&hellip;]<\/p>\n","protected":false},"author":12,"featured_media":46356,"comment_status":"closed","ping_status":"closed","sticky":false,"template":"","format":"standard","meta":{"_monsterinsights_skip_tracking":false,"_monsterinsights_sitenote_active":false,"_monsterinsights_sitenote_note":"","_monsterinsights_sitenote_category":0,"footnotes":""},"categories":[60,1],"tags":[],"class_list":["post-46320","post","type-post","status-publish","format-standard","has-post-thumbnail","hentry","category-destaque","category-geral","entry","has-media"],"yoast_head":"<!-- This site is optimized with the Yoast SEO plugin v25.1 - https:\/\/yoast.com\/wordpress\/plugins\/seo\/ -->\n<title>FADESP \u00e9 patrocinadora da 76\u00aa Reuni\u00e3o Anual da SBPC: de 07 a 13 de julho na UFPA! - FADESP<\/title>\n<meta name=\"robots\" content=\"index, follow, max-snippet:-1, max-image-preview:large, max-video-preview:-1\" \/>\n<link rel=\"canonical\" href=\"https:\/\/portalfadesp.org.br\/?p=46320\" \/>\n<meta property=\"og:locale\" content=\"pt_BR\" \/>\n<meta property=\"og:type\" content=\"article\" \/>\n<meta property=\"og:title\" content=\"FADESP \u00e9 patrocinadora da 76\u00aa Reuni\u00e3o Anual da SBPC: de 07 a 13 de julho na UFPA! - FADESP\" \/>\n<meta property=\"og:description\" content=\"A Universidade Federal do Par\u00e1 (UFPA) ser\u00e1 a casa da ci\u00eancia nacional em julho de 2024. Ap\u00f3s 17 anos, a Universidade receber\u00e1 novamente uma Reuni\u00e3o Anual (RA) da Sociedade Brasileira para o Progresso da Ci\u00eancia (SBPC), o maior evento cient\u00edfico da Am\u00e9rica Latina e que, neste ano, chega \u00e0 76\u00aa edi\u00e7\u00e3o. A reuni\u00e3o ocorre de [&hellip;]\" \/>\n<meta property=\"og:url\" content=\"https:\/\/portalfadesp.org.br\/?p=46320\" \/>\n<meta property=\"og:site_name\" content=\"FADESP\" \/>\n<meta property=\"article:publisher\" content=\"https:\/\/www.facebook.com\/Fadesp-138351949524662\/\" \/>\n<meta property=\"article:published_time\" content=\"2024-06-18T17:27:10+00:00\" \/>\n<meta property=\"article:modified_time\" content=\"2024-06-19T14:10:00+00:00\" \/>\n<meta property=\"og:image\" content=\"https:\/\/portalfadesp.org.br\/wp-content\/uploads\/2024\/06\/WhatsApp-Image-2024-06-19-at-10.59.43-1.jpeg\" \/>\n\t<meta property=\"og:image:width\" content=\"1600\" \/>\n\t<meta property=\"og:image:height\" content=\"475\" \/>\n\t<meta property=\"og:image:type\" content=\"image\/jpeg\" \/>\n<meta name=\"author\" content=\"Brena Marques\" \/>\n<meta name=\"twitter:card\" content=\"summary_large_image\" \/>\n<meta name=\"twitter:creator\" content=\"@Fadesp\" \/>\n<meta name=\"twitter:site\" content=\"@Fadesp\" \/>\n<meta name=\"twitter:label1\" content=\"Escrito por\" \/>\n\t<meta name=\"twitter:data1\" content=\"Brena Marques\" \/>\n\t<meta name=\"twitter:label2\" content=\"Est. tempo de leitura\" \/>\n\t<meta name=\"twitter:data2\" content=\"10 minutos\" \/>\n<script type=\"application\/ld+json\" class=\"yoast-schema-graph\">{\"@context\":\"https:\/\/schema.org\",\"@graph\":[{\"@type\":\"Article\",\"@id\":\"https:\/\/portalfadesp.org.br\/?p=46320#article\",\"isPartOf\":{\"@id\":\"https:\/\/portalfadesp.org.br\/?p=46320\"},\"author\":{\"name\":\"Brena Marques\",\"@id\":\"https:\/\/portalfadesp.org.br\/#\/schema\/person\/31709c4c8ec92d6bbdd2c1da60cf8d66\"},\"headline\":\"FADESP \u00e9 patrocinadora da 76\u00aa Reuni\u00e3o Anual da SBPC: de 07 a 13 de julho na UFPA!\",\"datePublished\":\"2024-06-18T17:27:10+00:00\",\"dateModified\":\"2024-06-19T14:10:00+00:00\",\"mainEntityOfPage\":{\"@id\":\"https:\/\/portalfadesp.org.br\/?p=46320\"},\"wordCount\":1971,\"publisher\":{\"@id\":\"https:\/\/portalfadesp.org.br\/#organization\"},\"image\":{\"@id\":\"https:\/\/portalfadesp.org.br\/?p=46320#primaryimage\"},\"thumbnailUrl\":\"https:\/\/portalfadesp.org.br\/wp-content\/uploads\/2024\/06\/WhatsApp-Image-2024-06-19-at-10.59.43-1.jpeg\",\"articleSection\":[\"Destaque\",\"Geral\"],\"inLanguage\":\"pt-BR\"},{\"@type\":\"WebPage\",\"@id\":\"https:\/\/portalfadesp.org.br\/?p=46320\",\"url\":\"https:\/\/portalfadesp.org.br\/?p=46320\",\"name\":\"FADESP \u00e9 patrocinadora da 76\u00aa Reuni\u00e3o Anual da SBPC: de 07 a 13 de julho na UFPA! - FADESP\",\"isPartOf\":{\"@id\":\"https:\/\/portalfadesp.org.br\/#website\"},\"primaryImageOfPage\":{\"@id\":\"https:\/\/portalfadesp.org.br\/?p=46320#primaryimage\"},\"image\":{\"@id\":\"https:\/\/portalfadesp.org.br\/?p=46320#primaryimage\"},\"thumbnailUrl\":\"https:\/\/portalfadesp.org.br\/wp-content\/uploads\/2024\/06\/WhatsApp-Image-2024-06-19-at-10.59.43-1.jpeg\",\"datePublished\":\"2024-06-18T17:27:10+00:00\",\"dateModified\":\"2024-06-19T14:10:00+00:00\",\"breadcrumb\":{\"@id\":\"https:\/\/portalfadesp.org.br\/?p=46320#breadcrumb\"},\"inLanguage\":\"pt-BR\",\"potentialAction\":[{\"@type\":\"ReadAction\",\"target\":[\"https:\/\/portalfadesp.org.br\/?p=46320\"]}]},{\"@type\":\"ImageObject\",\"inLanguage\":\"pt-BR\",\"@id\":\"https:\/\/portalfadesp.org.br\/?p=46320#primaryimage\",\"url\":\"https:\/\/portalfadesp.org.br\/wp-content\/uploads\/2024\/06\/WhatsApp-Image-2024-06-19-at-10.59.43-1.jpeg\",\"contentUrl\":\"https:\/\/portalfadesp.org.br\/wp-content\/uploads\/2024\/06\/WhatsApp-Image-2024-06-19-at-10.59.43-1.jpeg\",\"width\":1600,\"height\":475},{\"@type\":\"BreadcrumbList\",\"@id\":\"https:\/\/portalfadesp.org.br\/?p=46320#breadcrumb\",\"itemListElement\":[{\"@type\":\"ListItem\",\"position\":1,\"name\":\"In\u00edcio\",\"item\":\"https:\/\/portalfadesp.org.br\/\"},{\"@type\":\"ListItem\",\"position\":2,\"name\":\"FADESP \u00e9 patrocinadora da 76\u00aa Reuni\u00e3o Anual da SBPC: de 07 a 13 de julho na UFPA!\"}]},{\"@type\":\"WebSite\",\"@id\":\"https:\/\/portalfadesp.org.br\/#website\",\"url\":\"https:\/\/portalfadesp.org.br\/\",\"name\":\"FADESP\",\"description\":\"Funda\u00e7\u00e3o de Amparo e Desenvolvimento da Pesquisa\",\"publisher\":{\"@id\":\"https:\/\/portalfadesp.org.br\/#organization\"},\"potentialAction\":[{\"@type\":\"SearchAction\",\"target\":{\"@type\":\"EntryPoint\",\"urlTemplate\":\"https:\/\/portalfadesp.org.br\/?s={search_term_string}\"},\"query-input\":{\"@type\":\"PropertyValueSpecification\",\"valueRequired\":true,\"valueName\":\"search_term_string\"}}],\"inLanguage\":\"pt-BR\"},{\"@type\":\"Organization\",\"@id\":\"https:\/\/portalfadesp.org.br\/#organization\",\"name\":\"FADESP\",\"url\":\"https:\/\/portalfadesp.org.br\/\",\"logo\":{\"@type\":\"ImageObject\",\"inLanguage\":\"pt-BR\",\"@id\":\"https:\/\/portalfadesp.org.br\/#\/schema\/logo\/image\/\",\"url\":\"https:\/\/portalfadesp.org.br\/wp-content\/uploads\/2024\/01\/NOVOLOGOFADESPlaranjaH.png\",\"contentUrl\":\"https:\/\/portalfadesp.org.br\/wp-content\/uploads\/2024\/01\/NOVOLOGOFADESPlaranjaH.png\",\"width\":2742,\"height\":839,\"caption\":\"FADESP\"},\"image\":{\"@id\":\"https:\/\/portalfadesp.org.br\/#\/schema\/logo\/image\/\"},\"sameAs\":[\"https:\/\/www.facebook.com\/Fadesp-138351949524662\/\",\"https:\/\/x.com\/Fadesp\",\"https:\/\/www.instagram.com\/fadesp_ufpa\/\",\"https:\/\/www.youtube.com\/@fundacaodeamparoedesenvolv1903\",\"https:\/\/www.threads.net\/@fadesp_ufpa\"]},{\"@type\":\"Person\",\"@id\":\"https:\/\/portalfadesp.org.br\/#\/schema\/person\/31709c4c8ec92d6bbdd2c1da60cf8d66\",\"name\":\"Brena Marques\",\"image\":{\"@type\":\"ImageObject\",\"inLanguage\":\"pt-BR\",\"@id\":\"https:\/\/portalfadesp.org.br\/#\/schema\/person\/image\/\",\"url\":\"https:\/\/secure.gravatar.com\/avatar\/d8709cd0de324fbec018b6878350216726d26c3436f44ebee8f3db75e29728f3?s=96&d=mm&r=g\",\"contentUrl\":\"https:\/\/secure.gravatar.com\/avatar\/d8709cd0de324fbec018b6878350216726d26c3436f44ebee8f3db75e29728f3?s=96&d=mm&r=g\",\"caption\":\"Brena Marques\"},\"url\":\"https:\/\/portalfadesp.org.br\/?author=12\"}]}<\/script>\n<!-- \/ Yoast SEO plugin. -->","yoast_head_json":{"title":"FADESP \u00e9 patrocinadora da 76\u00aa Reuni\u00e3o Anual da SBPC: de 07 a 13 de julho na UFPA! - FADESP","robots":{"index":"index","follow":"follow","max-snippet":"max-snippet:-1","max-image-preview":"max-image-preview:large","max-video-preview":"max-video-preview:-1"},"canonical":"https:\/\/portalfadesp.org.br\/?p=46320","og_locale":"pt_BR","og_type":"article","og_title":"FADESP \u00e9 patrocinadora da 76\u00aa Reuni\u00e3o Anual da SBPC: de 07 a 13 de julho na UFPA! - FADESP","og_description":"A Universidade Federal do Par\u00e1 (UFPA) ser\u00e1 a casa da ci\u00eancia nacional em julho de 2024. Ap\u00f3s 17 anos, a Universidade receber\u00e1 novamente uma Reuni\u00e3o Anual (RA) da Sociedade Brasileira para o Progresso da Ci\u00eancia (SBPC), o maior evento cient\u00edfico da Am\u00e9rica Latina e que, neste ano, chega \u00e0 76\u00aa edi\u00e7\u00e3o. A reuni\u00e3o ocorre de [&hellip;]","og_url":"https:\/\/portalfadesp.org.br\/?p=46320","og_site_name":"FADESP","article_publisher":"https:\/\/www.facebook.com\/Fadesp-138351949524662\/","article_published_time":"2024-06-18T17:27:10+00:00","article_modified_time":"2024-06-19T14:10:00+00:00","og_image":[{"width":1600,"height":475,"url":"https:\/\/portalfadesp.org.br\/wp-content\/uploads\/2024\/06\/WhatsApp-Image-2024-06-19-at-10.59.43-1.jpeg","type":"image\/jpeg"}],"author":"Brena Marques","twitter_card":"summary_large_image","twitter_creator":"@Fadesp","twitter_site":"@Fadesp","twitter_misc":{"Escrito por":"Brena Marques","Est. tempo de leitura":"10 minutos"},"schema":{"@context":"https:\/\/schema.org","@graph":[{"@type":"Article","@id":"https:\/\/portalfadesp.org.br\/?p=46320#article","isPartOf":{"@id":"https:\/\/portalfadesp.org.br\/?p=46320"},"author":{"name":"Brena Marques","@id":"https:\/\/portalfadesp.org.br\/#\/schema\/person\/31709c4c8ec92d6bbdd2c1da60cf8d66"},"headline":"FADESP \u00e9 patrocinadora da 76\u00aa Reuni\u00e3o Anual da SBPC: de 07 a 13 de julho na UFPA!","datePublished":"2024-06-18T17:27:10+00:00","dateModified":"2024-06-19T14:10:00+00:00","mainEntityOfPage":{"@id":"https:\/\/portalfadesp.org.br\/?p=46320"},"wordCount":1971,"publisher":{"@id":"https:\/\/portalfadesp.org.br\/#organization"},"image":{"@id":"https:\/\/portalfadesp.org.br\/?p=46320#primaryimage"},"thumbnailUrl":"https:\/\/portalfadesp.org.br\/wp-content\/uploads\/2024\/06\/WhatsApp-Image-2024-06-19-at-10.59.43-1.jpeg","articleSection":["Destaque","Geral"],"inLanguage":"pt-BR"},{"@type":"WebPage","@id":"https:\/\/portalfadesp.org.br\/?p=46320","url":"https:\/\/portalfadesp.org.br\/?p=46320","name":"FADESP \u00e9 patrocinadora da 76\u00aa Reuni\u00e3o Anual da SBPC: de 07 a 13 de julho na UFPA! - FADESP","isPartOf":{"@id":"https:\/\/portalfadesp.org.br\/#website"},"primaryImageOfPage":{"@id":"https:\/\/portalfadesp.org.br\/?p=46320#primaryimage"},"image":{"@id":"https:\/\/portalfadesp.org.br\/?p=46320#primaryimage"},"thumbnailUrl":"https:\/\/portalfadesp.org.br\/wp-content\/uploads\/2024\/06\/WhatsApp-Image-2024-06-19-at-10.59.43-1.jpeg","datePublished":"2024-06-18T17:27:10+00:00","dateModified":"2024-06-19T14:10:00+00:00","breadcrumb":{"@id":"https:\/\/portalfadesp.org.br\/?p=46320#breadcrumb"},"inLanguage":"pt-BR","potentialAction":[{"@type":"ReadAction","target":["https:\/\/portalfadesp.org.br\/?p=46320"]}]},{"@type":"ImageObject","inLanguage":"pt-BR","@id":"https:\/\/portalfadesp.org.br\/?p=46320#primaryimage","url":"https:\/\/portalfadesp.org.br\/wp-content\/uploads\/2024\/06\/WhatsApp-Image-2024-06-19-at-10.59.43-1.jpeg","contentUrl":"https:\/\/portalfadesp.org.br\/wp-content\/uploads\/2024\/06\/WhatsApp-Image-2024-06-19-at-10.59.43-1.jpeg","width":1600,"height":475},{"@type":"BreadcrumbList","@id":"https:\/\/portalfadesp.org.br\/?p=46320#breadcrumb","itemListElement":[{"@type":"ListItem","position":1,"name":"In\u00edcio","item":"https:\/\/portalfadesp.org.br\/"},{"@type":"ListItem","position":2,"name":"FADESP \u00e9 patrocinadora da 76\u00aa Reuni\u00e3o Anual da SBPC: de 07 a 13 de julho na UFPA!"}]},{"@type":"WebSite","@id":"https:\/\/portalfadesp.org.br\/#website","url":"https:\/\/portalfadesp.org.br\/","name":"FADESP","description":"Funda\u00e7\u00e3o de Amparo e Desenvolvimento da Pesquisa","publisher":{"@id":"https:\/\/portalfadesp.org.br\/#organization"},"potentialAction":[{"@type":"SearchAction","target":{"@type":"EntryPoint","urlTemplate":"https:\/\/portalfadesp.org.br\/?s={search_term_string}"},"query-input":{"@type":"PropertyValueSpecification","valueRequired":true,"valueName":"search_term_string"}}],"inLanguage":"pt-BR"},{"@type":"Organization","@id":"https:\/\/portalfadesp.org.br\/#organization","name":"FADESP","url":"https:\/\/portalfadesp.org.br\/","logo":{"@type":"ImageObject","inLanguage":"pt-BR","@id":"https:\/\/portalfadesp.org.br\/#\/schema\/logo\/image\/","url":"https:\/\/portalfadesp.org.br\/wp-content\/uploads\/2024\/01\/NOVOLOGOFADESPlaranjaH.png","contentUrl":"https:\/\/portalfadesp.org.br\/wp-content\/uploads\/2024\/01\/NOVOLOGOFADESPlaranjaH.png","width":2742,"height":839,"caption":"FADESP"},"image":{"@id":"https:\/\/portalfadesp.org.br\/#\/schema\/logo\/image\/"},"sameAs":["https:\/\/www.facebook.com\/Fadesp-138351949524662\/","https:\/\/x.com\/Fadesp","https:\/\/www.instagram.com\/fadesp_ufpa\/","https:\/\/www.youtube.com\/@fundacaodeamparoedesenvolv1903","https:\/\/www.threads.net\/@fadesp_ufpa"]},{"@type":"Person","@id":"https:\/\/portalfadesp.org.br\/#\/schema\/person\/31709c4c8ec92d6bbdd2c1da60cf8d66","name":"Brena Marques","image":{"@type":"ImageObject","inLanguage":"pt-BR","@id":"https:\/\/portalfadesp.org.br\/#\/schema\/person\/image\/","url":"https:\/\/secure.gravatar.com\/avatar\/d8709cd0de324fbec018b6878350216726d26c3436f44ebee8f3db75e29728f3?s=96&d=mm&r=g","contentUrl":"https:\/\/secure.gravatar.com\/avatar\/d8709cd0de324fbec018b6878350216726d26c3436f44ebee8f3db75e29728f3?s=96&d=mm&r=g","caption":"Brena Marques"},"url":"https:\/\/portalfadesp.org.br\/?author=12"}]}},"_links":{"self":[{"href":"https:\/\/portalfadesp.org.br\/index.php?rest_route=\/wp\/v2\/posts\/46320","targetHints":{"allow":["GET"]}}],"collection":[{"href":"https:\/\/portalfadesp.org.br\/index.php?rest_route=\/wp\/v2\/posts"}],"about":[{"href":"https:\/\/portalfadesp.org.br\/index.php?rest_route=\/wp\/v2\/types\/post"}],"author":[{"embeddable":true,"href":"https:\/\/portalfadesp.org.br\/index.php?rest_route=\/wp\/v2\/users\/12"}],"replies":[{"embeddable":true,"href":"https:\/\/portalfadesp.org.br\/index.php?rest_route=%2Fwp%2Fv2%2Fcomments&post=46320"}],"version-history":[{"count":8,"href":"https:\/\/portalfadesp.org.br\/index.php?rest_route=\/wp\/v2\/posts\/46320\/revisions"}],"predecessor-version":[{"id":46357,"href":"https:\/\/portalfadesp.org.br\/index.php?rest_route=\/wp\/v2\/posts\/46320\/revisions\/46357"}],"wp:featuredmedia":[{"embeddable":true,"href":"https:\/\/portalfadesp.org.br\/index.php?rest_route=\/wp\/v2\/media\/46356"}],"wp:attachment":[{"href":"https:\/\/portalfadesp.org.br\/index.php?rest_route=%2Fwp%2Fv2%2Fmedia&parent=46320"}],"wp:term":[{"taxonomy":"category","embeddable":true,"href":"https:\/\/portalfadesp.org.br\/index.php?rest_route=%2Fwp%2Fv2%2Fcategories&post=46320"},{"taxonomy":"post_tag","embeddable":true,"href":"https:\/\/portalfadesp.org.br\/index.php?rest_route=%2Fwp%2Fv2%2Ftags&post=46320"}],"curies":[{"name":"wp","href":"https:\/\/api.w.org\/{rel}","templated":true}]}}