{"id":4589,"date":"2019-10-04T14:58:28","date_gmt":"2019-10-04T17:58:28","guid":{"rendered":"https:\/\/162.215.13.167?p=4589"},"modified":"2022-12-20T17:47:33","modified_gmt":"2022-12-20T20:47:33","slug":"4589","status":"publish","type":"post","link":"https:\/\/portalfadesp.org.br\/?p=4589","title":{"rendered":"Prefeitura de Marab\u00e1 (PA) lan\u00e7a edital de concurso p\u00fablico para Procurador Municipal. Inscri\u00e7\u00f5es a partir do dia 11."},"content":{"rendered":"\n<p>A prefeitura de Marab\u00e1 (PA) lan\u00e7ou edital de concurso p\u00fablico para o preenchimento de duas vagas para o cargo de Procurador Municipal. O sal\u00e1rio ofertado \u00e9 de R$ 3,3 mil mais cem por cento de adicional por escolaridade em n\u00edvel superior. As inscri\u00e7\u00f5es come\u00e7am no pr\u00f3ximo dia 11, <a href=\"https:\/\/portalfadesp.org.br\/?page_id=4525\" target=\"_blank\" rel=\"noreferrer noopener\"><strong>no site de concursos da FADESP (www.portalfadesp.org.br).<\/strong><\/a><strong> <\/strong><\/p>\n\n\n\n<p>Como organizadora do concurso, a FADESP orienta os candidatos a lerem atentamente o edital de abertura que define as regras para a participa\u00e7\u00e3o e para a classifica\u00e7\u00e3o final. Tamb\u00e9m refor\u00e7a que a <strong><a href=\"https:\/\/portalfadesp.org.br\/?page_id=4525\" target=\"_blank\" rel=\"noreferrer noopener\">p\u00e1gina oficial de acompanhamento<\/a><\/strong> deve ser acessada regularmente para que o candidato se mantenha informado sobre o andamento das etapas.<\/p>\n\n\n\n<p>Conforme o <a href=\"..\/wp-content\/uploads\/2019\/10\/Edital-n-01_2019_PMM-Procurador-Municipal-de-Marab%C3%A1.pdf\" target=\"_blank\" rel=\"noreferrer noopener\"><strong>edita<\/strong>l<\/a>, est\u00e3o sendo oferecidas duas vagas para Procurador Municipal, cargo de n\u00edvel superior exercido por bacharel em Direito. A jornada \u00e9 de 20 horas semanais e o servidor ter\u00e1, entre outras atribui\u00e7\u00f5es, que \u201cdefender, em ju\u00edzo ou fora dele, na forma da lei, os interesses do munic\u00edpio; emitir pareceres em processos administrativos e responder consultas sobre mat\u00e9rias de sua compet\u00eancia\u201d.<\/p>\n\n\n\n<p>A inscri\u00e7\u00e3o\nser\u00e1 realizada de 11 de outubro a 11 de novembro, na modalidade online. Ser\u00e1\ncobrada taxa de R$ 100,00, mas os candidatos que concorrerem como Pessoa com\nDefici\u00eancia (PcD) poder\u00e3o solicitar a isen\u00e7\u00e3o at\u00e9 o dia 25 de outubro. Aqueles\nque precisarem de atendimento especial tamb\u00e9m devem fazer a solicita\u00e7\u00e3o at\u00e9 11\nde novembro.<\/p>\n\n\n\n<p>A sele\u00e7\u00e3o\nser\u00e1 feita em tr\u00eas etapas, todas na cidade de Marab\u00e1, obedecendo o hor\u00e1rio local.\nNo dia 24 de novembro ser\u00e1 realizada a prova objetiva pela manh\u00e3 e a prova\npr\u00e1tica-profissional, \u00e0 tarde. Os classificados far\u00e3o, ainda, a prova de\nt\u00edtulos em data a ser definida.<\/p>\n\n\n\n<p><strong>Destaques<\/strong><br><strong>Inscri\u00e7\u00e3o online \u2013<a href=\"https:\/\/portalfadesp.org.br\/?page_id=4525\" target=\"_blank\" rel=\"noreferrer noopener\"> www.portalfadesp.org.br<\/a><\/strong><br><strong>Vagas \u2013\u00a0<\/strong>02<br><strong>Cargos \u2013\u00a0<\/strong>Procurador Municipal (N\u00edvel Superior)<br><strong>Remunera\u00e7\u00e3o \u2013\u00a0<\/strong>R$ 3.373,00 mais 100% de adicional de n\u00edvel superior.<br><strong>Per\u00edodo de inscri\u00e7\u00f5es \u2013\u00a0<\/strong>11\/10 a 11\/11\/2019.<br><strong>Taxa \u2013\u00a0<\/strong>R$ 100,00.<br><strong>Pedido de isen\u00e7\u00e3o por PcD<\/strong>\u00a0\u2013\u00a0 11\/10 a 25\/10\/2019.<br><strong>Pagamento da taxa de inscri\u00e7\u00e3o<\/strong>\u00a0\u2013 at\u00e9 12\/11\/2019.<br><strong>Solicita\u00e7\u00e3o de atendimento especial<\/strong>\u00a0\u2013 at\u00e9 11\/11\/2019.<br><strong>Impress\u00e3o do cart\u00e3o de confirma\u00e7\u00e3o<\/strong>\u00a0\u2013 14 a 24\/11\/2019.<br><strong>Data, hora e local da prova objetiva<\/strong>\u00a0\u2013 24\/11\/2019, das 8h \u00e0s 12h (hor\u00e1rio local), em Marab\u00e1.<br><strong>Data, hora e local da prova pr\u00e1tica-profissional<\/strong>\u00a0\u2013 24\/11\/2019, das 14h30 \u00e0s 18h30 (hor\u00e1rio local), em Marab\u00e1.<\/p>\n","protected":false},"excerpt":{"rendered":"<p>A prefeitura de Marab\u00e1 (PA) lan\u00e7ou edital de concurso p\u00fablico para o preenchimento de duas vagas para o cargo de Procurador Municipal. O sal\u00e1rio ofertado \u00e9 de R$ 3,3 mil mais cem por cento de adicional por escolaridade em n\u00edvel superior. As inscri\u00e7\u00f5es come\u00e7am no pr\u00f3ximo dia 11, no site de concursos da FADESP (www.portalfadesp.org.br). [&hellip;]<\/p>\n","protected":false},"author":11,"featured_media":1843,"comment_status":"open","ping_status":"open","sticky":false,"template":"","format":"standard","meta":{"_monsterinsights_skip_tracking":false,"_monsterinsights_sitenote_active":false,"_monsterinsights_sitenote_note":"","_monsterinsights_sitenote_category":0,"footnotes":""},"categories":[7],"tags":[62,23,25],"class_list":["post-4589","post","type-post","status-publish","format-standard","has-post-thumbnail","hentry","category-concurso","tag-concurso-publico","tag-oportunidade","tag-para","entry","has-media"],"yoast_head":"<!-- This site is optimized with the Yoast SEO plugin v25.1 - https:\/\/yoast.com\/wordpress\/plugins\/seo\/ -->\n<title>Prefeitura de Marab\u00e1 (PA) lan\u00e7a edital de concurso p\u00fablico para Procurador Municipal. Inscri\u00e7\u00f5es a partir do dia 11. - FADESP<\/title>\n<meta name=\"robots\" content=\"index, follow, max-snippet:-1, max-image-preview:large, max-video-preview:-1\" \/>\n<link rel=\"canonical\" href=\"https:\/\/portalfadesp.org.br\/?p=4589\" \/>\n<meta property=\"og:locale\" content=\"pt_BR\" \/>\n<meta property=\"og:type\" content=\"article\" \/>\n<meta property=\"og:title\" content=\"Prefeitura de Marab\u00e1 (PA) lan\u00e7a edital de concurso p\u00fablico para Procurador Municipal. Inscri\u00e7\u00f5es a partir do dia 11. - FADESP\" \/>\n<meta property=\"og:description\" content=\"A prefeitura de Marab\u00e1 (PA) lan\u00e7ou edital de concurso p\u00fablico para o preenchimento de duas vagas para o cargo de Procurador Municipal. O sal\u00e1rio ofertado \u00e9 de R$ 3,3 mil mais cem por cento de adicional por escolaridade em n\u00edvel superior. As inscri\u00e7\u00f5es come\u00e7am no pr\u00f3ximo dia 11, no site de concursos da FADESP (www.portalfadesp.org.br). [&hellip;]\" \/>\n<meta property=\"og:url\" content=\"https:\/\/portalfadesp.org.br\/?p=4589\" \/>\n<meta property=\"og:site_name\" content=\"FADESP\" \/>\n<meta property=\"article:publisher\" content=\"https:\/\/www.facebook.com\/Fadesp-138351949524662\/\" \/>\n<meta property=\"article:published_time\" content=\"2019-10-04T17:58:28+00:00\" \/>\n<meta property=\"article:modified_time\" content=\"2022-12-20T20:47:33+00:00\" \/>\n<meta property=\"og:image\" content=\"https:\/\/portalfadesp.org.br\/wp-content\/uploads\/2019\/06\/up_ag_29540_maraba.jpg\" \/>\n\t<meta property=\"og:image:width\" content=\"250\" \/>\n\t<meta property=\"og:image:height\" content=\"161\" \/>\n\t<meta property=\"og:image:type\" content=\"image\/jpeg\" \/>\n<meta name=\"author\" content=\"Lorena Filgueiras\" \/>\n<meta name=\"twitter:card\" content=\"summary_large_image\" \/>\n<meta name=\"twitter:creator\" content=\"@Fadesp\" \/>\n<meta name=\"twitter:site\" content=\"@Fadesp\" \/>\n<meta name=\"twitter:label1\" content=\"Escrito por\" \/>\n\t<meta name=\"twitter:data1\" content=\"Lorena Filgueiras\" \/>\n\t<meta name=\"twitter:label2\" content=\"Est. tempo de leitura\" \/>\n\t<meta name=\"twitter:data2\" content=\"2 minutos\" \/>\n<script type=\"application\/ld+json\" class=\"yoast-schema-graph\">{\"@context\":\"https:\/\/schema.org\",\"@graph\":[{\"@type\":\"Article\",\"@id\":\"https:\/\/portalfadesp.org.br\/?p=4589#article\",\"isPartOf\":{\"@id\":\"https:\/\/portalfadesp.org.br\/?p=4589\"},\"author\":{\"name\":\"Lorena Filgueiras\",\"@id\":\"https:\/\/portalfadesp.org.br\/#\/schema\/person\/c1fa9db0c87dc412d1568e0e5e27be9c\"},\"headline\":\"Prefeitura de Marab\u00e1 (PA) lan\u00e7a edital de concurso p\u00fablico para Procurador Municipal. Inscri\u00e7\u00f5es a partir do dia 11.\",\"datePublished\":\"2019-10-04T17:58:28+00:00\",\"dateModified\":\"2022-12-20T20:47:33+00:00\",\"mainEntityOfPage\":{\"@id\":\"https:\/\/portalfadesp.org.br\/?p=4589\"},\"wordCount\":409,\"commentCount\":0,\"publisher\":{\"@id\":\"https:\/\/portalfadesp.org.br\/#organization\"},\"image\":{\"@id\":\"https:\/\/portalfadesp.org.br\/?p=4589#primaryimage\"},\"thumbnailUrl\":\"https:\/\/portalfadesp.org.br\/wp-content\/uploads\/2019\/06\/up_ag_29540_maraba.jpg\",\"keywords\":[\"concurso p\u00fablico\",\"oportunidade\",\"Par\u00e1\"],\"articleSection\":[\"Concurso\"],\"inLanguage\":\"pt-BR\"},{\"@type\":\"WebPage\",\"@id\":\"https:\/\/portalfadesp.org.br\/?p=4589\",\"url\":\"https:\/\/portalfadesp.org.br\/?p=4589\",\"name\":\"Prefeitura de Marab\u00e1 (PA) lan\u00e7a edital de concurso p\u00fablico para Procurador Municipal. Inscri\u00e7\u00f5es a partir do dia 11. - FADESP\",\"isPartOf\":{\"@id\":\"https:\/\/portalfadesp.org.br\/#website\"},\"primaryImageOfPage\":{\"@id\":\"https:\/\/portalfadesp.org.br\/?p=4589#primaryimage\"},\"image\":{\"@id\":\"https:\/\/portalfadesp.org.br\/?p=4589#primaryimage\"},\"thumbnailUrl\":\"https:\/\/portalfadesp.org.br\/wp-content\/uploads\/2019\/06\/up_ag_29540_maraba.jpg\",\"datePublished\":\"2019-10-04T17:58:28+00:00\",\"dateModified\":\"2022-12-20T20:47:33+00:00\",\"breadcrumb\":{\"@id\":\"https:\/\/portalfadesp.org.br\/?p=4589#breadcrumb\"},\"inLanguage\":\"pt-BR\",\"potentialAction\":[{\"@type\":\"ReadAction\",\"target\":[\"https:\/\/portalfadesp.org.br\/?p=4589\"]}]},{\"@type\":\"ImageObject\",\"inLanguage\":\"pt-BR\",\"@id\":\"https:\/\/portalfadesp.org.br\/?p=4589#primaryimage\",\"url\":\"https:\/\/portalfadesp.org.br\/wp-content\/uploads\/2019\/06\/up_ag_29540_maraba.jpg\",\"contentUrl\":\"https:\/\/portalfadesp.org.br\/wp-content\/uploads\/2019\/06\/up_ag_29540_maraba.jpg\",\"width\":250,\"height\":161,\"caption\":\"A cidade de Marab\u00e1, localizada entre dois grandes rios, Itacai\u00fanas e Tocantins, no sudeste paraense, comemora nesta sexta-feira, dia 5 de abril, 100 anos de emancipa\u00e7\u00e3o pol\u00edtica e administrativa. Na foto: orla da cidade FOTO: ANTONIO SILVA\/AG. PAR\u00c1 DATA: 02.04.2013 BEL\u00c9M - PAR\u00c1\"},{\"@type\":\"BreadcrumbList\",\"@id\":\"https:\/\/portalfadesp.org.br\/?p=4589#breadcrumb\",\"itemListElement\":[{\"@type\":\"ListItem\",\"position\":1,\"name\":\"In\u00edcio\",\"item\":\"https:\/\/portalfadesp.org.br\/\"},{\"@type\":\"ListItem\",\"position\":2,\"name\":\"Prefeitura de Marab\u00e1 (PA) lan\u00e7a edital de concurso p\u00fablico para Procurador Municipal. Inscri\u00e7\u00f5es a partir do dia 11.\"}]},{\"@type\":\"WebSite\",\"@id\":\"https:\/\/portalfadesp.org.br\/#website\",\"url\":\"https:\/\/portalfadesp.org.br\/\",\"name\":\"FADESP\",\"description\":\"Funda\u00e7\u00e3o de Amparo e Desenvolvimento da Pesquisa\",\"publisher\":{\"@id\":\"https:\/\/portalfadesp.org.br\/#organization\"},\"potentialAction\":[{\"@type\":\"SearchAction\",\"target\":{\"@type\":\"EntryPoint\",\"urlTemplate\":\"https:\/\/portalfadesp.org.br\/?s={search_term_string}\"},\"query-input\":{\"@type\":\"PropertyValueSpecification\",\"valueRequired\":true,\"valueName\":\"search_term_string\"}}],\"inLanguage\":\"pt-BR\"},{\"@type\":\"Organization\",\"@id\":\"https:\/\/portalfadesp.org.br\/#organization\",\"name\":\"FADESP\",\"url\":\"https:\/\/portalfadesp.org.br\/\",\"logo\":{\"@type\":\"ImageObject\",\"inLanguage\":\"pt-BR\",\"@id\":\"https:\/\/portalfadesp.org.br\/#\/schema\/logo\/image\/\",\"url\":\"https:\/\/portalfadesp.org.br\/wp-content\/uploads\/2024\/01\/NOVOLOGOFADESPlaranjaH.png\",\"contentUrl\":\"https:\/\/portalfadesp.org.br\/wp-content\/uploads\/2024\/01\/NOVOLOGOFADESPlaranjaH.png\",\"width\":2742,\"height\":839,\"caption\":\"FADESP\"},\"image\":{\"@id\":\"https:\/\/portalfadesp.org.br\/#\/schema\/logo\/image\/\"},\"sameAs\":[\"https:\/\/www.facebook.com\/Fadesp-138351949524662\/\",\"https:\/\/x.com\/Fadesp\",\"https:\/\/www.instagram.com\/fadesp_ufpa\/\",\"https:\/\/www.youtube.com\/@fundacaodeamparoedesenvolv1903\",\"https:\/\/www.threads.net\/@fadesp_ufpa\"]},{\"@type\":\"Person\",\"@id\":\"https:\/\/portalfadesp.org.br\/#\/schema\/person\/c1fa9db0c87dc412d1568e0e5e27be9c\",\"name\":\"Lorena Filgueiras\",\"image\":{\"@type\":\"ImageObject\",\"inLanguage\":\"pt-BR\",\"@id\":\"https:\/\/portalfadesp.org.br\/#\/schema\/person\/image\/\",\"url\":\"https:\/\/secure.gravatar.com\/avatar\/37390a2dfe1325c2917fc5f6df471abe8ab753cf23b2d14690f57bd61ab4b7cf?s=96&d=mm&r=g\",\"contentUrl\":\"https:\/\/secure.gravatar.com\/avatar\/37390a2dfe1325c2917fc5f6df471abe8ab753cf23b2d14690f57bd61ab4b7cf?s=96&d=mm&r=g\",\"caption\":\"Lorena Filgueiras\"},\"url\":\"https:\/\/portalfadesp.org.br\/?author=11\"}]}<\/script>\n<!-- \/ Yoast SEO plugin. -->","yoast_head_json":{"title":"Prefeitura de Marab\u00e1 (PA) lan\u00e7a edital de concurso p\u00fablico para Procurador Municipal. Inscri\u00e7\u00f5es a partir do dia 11. - FADESP","robots":{"index":"index","follow":"follow","max-snippet":"max-snippet:-1","max-image-preview":"max-image-preview:large","max-video-preview":"max-video-preview:-1"},"canonical":"https:\/\/portalfadesp.org.br\/?p=4589","og_locale":"pt_BR","og_type":"article","og_title":"Prefeitura de Marab\u00e1 (PA) lan\u00e7a edital de concurso p\u00fablico para Procurador Municipal. Inscri\u00e7\u00f5es a partir do dia 11. - FADESP","og_description":"A prefeitura de Marab\u00e1 (PA) lan\u00e7ou edital de concurso p\u00fablico para o preenchimento de duas vagas para o cargo de Procurador Municipal. O sal\u00e1rio ofertado \u00e9 de R$ 3,3 mil mais cem por cento de adicional por escolaridade em n\u00edvel superior. As inscri\u00e7\u00f5es come\u00e7am no pr\u00f3ximo dia 11, no site de concursos da FADESP (www.portalfadesp.org.br). [&hellip;]","og_url":"https:\/\/portalfadesp.org.br\/?p=4589","og_site_name":"FADESP","article_publisher":"https:\/\/www.facebook.com\/Fadesp-138351949524662\/","article_published_time":"2019-10-04T17:58:28+00:00","article_modified_time":"2022-12-20T20:47:33+00:00","og_image":[{"width":250,"height":161,"url":"https:\/\/portalfadesp.org.br\/wp-content\/uploads\/2019\/06\/up_ag_29540_maraba.jpg","type":"image\/jpeg"}],"author":"Lorena Filgueiras","twitter_card":"summary_large_image","twitter_creator":"@Fadesp","twitter_site":"@Fadesp","twitter_misc":{"Escrito por":"Lorena Filgueiras","Est. tempo de leitura":"2 minutos"},"schema":{"@context":"https:\/\/schema.org","@graph":[{"@type":"Article","@id":"https:\/\/portalfadesp.org.br\/?p=4589#article","isPartOf":{"@id":"https:\/\/portalfadesp.org.br\/?p=4589"},"author":{"name":"Lorena Filgueiras","@id":"https:\/\/portalfadesp.org.br\/#\/schema\/person\/c1fa9db0c87dc412d1568e0e5e27be9c"},"headline":"Prefeitura de Marab\u00e1 (PA) lan\u00e7a edital de concurso p\u00fablico para Procurador Municipal. Inscri\u00e7\u00f5es a partir do dia 11.","datePublished":"2019-10-04T17:58:28+00:00","dateModified":"2022-12-20T20:47:33+00:00","mainEntityOfPage":{"@id":"https:\/\/portalfadesp.org.br\/?p=4589"},"wordCount":409,"commentCount":0,"publisher":{"@id":"https:\/\/portalfadesp.org.br\/#organization"},"image":{"@id":"https:\/\/portalfadesp.org.br\/?p=4589#primaryimage"},"thumbnailUrl":"https:\/\/portalfadesp.org.br\/wp-content\/uploads\/2019\/06\/up_ag_29540_maraba.jpg","keywords":["concurso p\u00fablico","oportunidade","Par\u00e1"],"articleSection":["Concurso"],"inLanguage":"pt-BR"},{"@type":"WebPage","@id":"https:\/\/portalfadesp.org.br\/?p=4589","url":"https:\/\/portalfadesp.org.br\/?p=4589","name":"Prefeitura de Marab\u00e1 (PA) lan\u00e7a edital de concurso p\u00fablico para Procurador Municipal. Inscri\u00e7\u00f5es a partir do dia 11. - FADESP","isPartOf":{"@id":"https:\/\/portalfadesp.org.br\/#website"},"primaryImageOfPage":{"@id":"https:\/\/portalfadesp.org.br\/?p=4589#primaryimage"},"image":{"@id":"https:\/\/portalfadesp.org.br\/?p=4589#primaryimage"},"thumbnailUrl":"https:\/\/portalfadesp.org.br\/wp-content\/uploads\/2019\/06\/up_ag_29540_maraba.jpg","datePublished":"2019-10-04T17:58:28+00:00","dateModified":"2022-12-20T20:47:33+00:00","breadcrumb":{"@id":"https:\/\/portalfadesp.org.br\/?p=4589#breadcrumb"},"inLanguage":"pt-BR","potentialAction":[{"@type":"ReadAction","target":["https:\/\/portalfadesp.org.br\/?p=4589"]}]},{"@type":"ImageObject","inLanguage":"pt-BR","@id":"https:\/\/portalfadesp.org.br\/?p=4589#primaryimage","url":"https:\/\/portalfadesp.org.br\/wp-content\/uploads\/2019\/06\/up_ag_29540_maraba.jpg","contentUrl":"https:\/\/portalfadesp.org.br\/wp-content\/uploads\/2019\/06\/up_ag_29540_maraba.jpg","width":250,"height":161,"caption":"A cidade de Marab\u00e1, localizada entre dois grandes rios, Itacai\u00fanas e Tocantins, no sudeste paraense, comemora nesta sexta-feira, dia 5 de abril, 100 anos de emancipa\u00e7\u00e3o pol\u00edtica e administrativa. Na foto: orla da cidade FOTO: ANTONIO SILVA\/AG. PAR\u00c1 DATA: 02.04.2013 BEL\u00c9M - PAR\u00c1"},{"@type":"BreadcrumbList","@id":"https:\/\/portalfadesp.org.br\/?p=4589#breadcrumb","itemListElement":[{"@type":"ListItem","position":1,"name":"In\u00edcio","item":"https:\/\/portalfadesp.org.br\/"},{"@type":"ListItem","position":2,"name":"Prefeitura de Marab\u00e1 (PA) lan\u00e7a edital de concurso p\u00fablico para Procurador Municipal. Inscri\u00e7\u00f5es a partir do dia 11."}]},{"@type":"WebSite","@id":"https:\/\/portalfadesp.org.br\/#website","url":"https:\/\/portalfadesp.org.br\/","name":"FADESP","description":"Funda\u00e7\u00e3o de Amparo e Desenvolvimento da Pesquisa","publisher":{"@id":"https:\/\/portalfadesp.org.br\/#organization"},"potentialAction":[{"@type":"SearchAction","target":{"@type":"EntryPoint","urlTemplate":"https:\/\/portalfadesp.org.br\/?s={search_term_string}"},"query-input":{"@type":"PropertyValueSpecification","valueRequired":true,"valueName":"search_term_string"}}],"inLanguage":"pt-BR"},{"@type":"Organization","@id":"https:\/\/portalfadesp.org.br\/#organization","name":"FADESP","url":"https:\/\/portalfadesp.org.br\/","logo":{"@type":"ImageObject","inLanguage":"pt-BR","@id":"https:\/\/portalfadesp.org.br\/#\/schema\/logo\/image\/","url":"https:\/\/portalfadesp.org.br\/wp-content\/uploads\/2024\/01\/NOVOLOGOFADESPlaranjaH.png","contentUrl":"https:\/\/portalfadesp.org.br\/wp-content\/uploads\/2024\/01\/NOVOLOGOFADESPlaranjaH.png","width":2742,"height":839,"caption":"FADESP"},"image":{"@id":"https:\/\/portalfadesp.org.br\/#\/schema\/logo\/image\/"},"sameAs":["https:\/\/www.facebook.com\/Fadesp-138351949524662\/","https:\/\/x.com\/Fadesp","https:\/\/www.instagram.com\/fadesp_ufpa\/","https:\/\/www.youtube.com\/@fundacaodeamparoedesenvolv1903","https:\/\/www.threads.net\/@fadesp_ufpa"]},{"@type":"Person","@id":"https:\/\/portalfadesp.org.br\/#\/schema\/person\/c1fa9db0c87dc412d1568e0e5e27be9c","name":"Lorena Filgueiras","image":{"@type":"ImageObject","inLanguage":"pt-BR","@id":"https:\/\/portalfadesp.org.br\/#\/schema\/person\/image\/","url":"https:\/\/secure.gravatar.com\/avatar\/37390a2dfe1325c2917fc5f6df471abe8ab753cf23b2d14690f57bd61ab4b7cf?s=96&d=mm&r=g","contentUrl":"https:\/\/secure.gravatar.com\/avatar\/37390a2dfe1325c2917fc5f6df471abe8ab753cf23b2d14690f57bd61ab4b7cf?s=96&d=mm&r=g","caption":"Lorena Filgueiras"},"url":"https:\/\/portalfadesp.org.br\/?author=11"}]}},"_links":{"self":[{"href":"https:\/\/portalfadesp.org.br\/index.php?rest_route=\/wp\/v2\/posts\/4589","targetHints":{"allow":["GET"]}}],"collection":[{"href":"https:\/\/portalfadesp.org.br\/index.php?rest_route=\/wp\/v2\/posts"}],"about":[{"href":"https:\/\/portalfadesp.org.br\/index.php?rest_route=\/wp\/v2\/types\/post"}],"author":[{"embeddable":true,"href":"https:\/\/portalfadesp.org.br\/index.php?rest_route=\/wp\/v2\/users\/11"}],"replies":[{"embeddable":true,"href":"https:\/\/portalfadesp.org.br\/index.php?rest_route=%2Fwp%2Fv2%2Fcomments&post=4589"}],"version-history":[{"count":5,"href":"https:\/\/portalfadesp.org.br\/index.php?rest_route=\/wp\/v2\/posts\/4589\/revisions"}],"predecessor-version":[{"id":37820,"href":"https:\/\/portalfadesp.org.br\/index.php?rest_route=\/wp\/v2\/posts\/4589\/revisions\/37820"}],"wp:featuredmedia":[{"embeddable":true,"href":"https:\/\/portalfadesp.org.br\/index.php?rest_route=\/wp\/v2\/media\/1843"}],"wp:attachment":[{"href":"https:\/\/portalfadesp.org.br\/index.php?rest_route=%2Fwp%2Fv2%2Fmedia&parent=4589"}],"wp:term":[{"taxonomy":"category","embeddable":true,"href":"https:\/\/portalfadesp.org.br\/index.php?rest_route=%2Fwp%2Fv2%2Fcategories&post=4589"},{"taxonomy":"post_tag","embeddable":true,"href":"https:\/\/portalfadesp.org.br\/index.php?rest_route=%2Fwp%2Fv2%2Ftags&post=4589"}],"curies":[{"name":"wp","href":"https:\/\/api.w.org\/{rel}","templated":true}]}}