{"id":45665,"date":"2024-03-04T16:35:20","date_gmt":"2024-03-04T19:35:20","guid":{"rendered":"https:\/\/portalfadesp.org.br\/?p=45665"},"modified":"2024-03-04T16:37:07","modified_gmt":"2024-03-04T19:37:07","slug":"atualizacao-nota-fadesp-ministerio-publico","status":"publish","type":"post","link":"https:\/\/portalfadesp.org.br\/?p=45665","title":{"rendered":"ATUALIZA\u00c7\u00c3O NOTA FADESP \/ MINIST\u00c9RIO P\u00daBLICO"},"content":{"rendered":"\n<p>Bel\u00e9m, 04 de mar\u00e7o de 2024<br>16:10h<\/p>\n\n\n\n<div style=\"height:38px\" aria-hidden=\"true\" class=\"wp-block-spacer\"><\/div>\n\n\n\n<p>Sobre a anula\u00e7\u00e3o do concurso p\u00fablico promovido pelo Munic\u00edpio de Parauapebas, a Funda\u00e7\u00e3o de Amparo e Desenvolvimento da Pesquisa (FADESP) refor\u00e7a que tem cumprido, rigorosamente, seu papel \u00e9tico e seus deveres contratuais de garantir a transpar\u00eancia e retid\u00e3o de todo o certame.<\/p>\n\n\n\n<div style=\"height:30px\" aria-hidden=\"true\" class=\"wp-block-spacer\"><\/div>\n\n\n\n<p><br>Diante da suspeita de fraude, foi a FADESP quem acionou as autoridades policiais locais, tendo acompanhado o desenrolar do inqu\u00e9rito, as dilig\u00eancias policiais e prestado informa\u00e7\u00f5es quando solicitada.<\/p>\n\n\n\n<div style=\"height:30px\" aria-hidden=\"true\" class=\"wp-block-spacer\"><\/div>\n\n\n\n<p><br>N\u00e3o cabe \u00e0 FADESP, como banca realizadora, determinar a continuidade do concurso ou definir sobre a reaplica\u00e7\u00e3o da prova. Ressaltamos que a decis\u00e3o pela anula\u00e7\u00e3o do concurso foi tomada unilateralmente pela Administra\u00e7\u00e3o Municipal, embora a FADESP tenha se colocado \u00e0 disposi\u00e7\u00e3o para reaplicar o certame.<\/p>\n\n\n\n<div style=\"height:30px\" aria-hidden=\"true\" class=\"wp-block-spacer\"><\/div>\n\n\n\n<p><br>Destacamos que o inqu\u00e9rito policial foi conduzido com compet\u00eancia pelas autoridades policiais. A respeito da den\u00fancia apresentada pelo Minist\u00e9rio P\u00fablico, a FADESP se irmana aos desejos de esclarecimentos, colocando-se, mais uma vez, \u00e0 disposi\u00e7\u00e3o para colaborar no que for necess\u00e1rio. Entendemos que \u00e9 muito importante que fraudes contra concursos p\u00fablicos sejam identificadas e combatidas, de modo a desestimular esse tipo de conduta contr\u00e1ria ao interesse p\u00fablico.<\/p>\n\n\n\n<div style=\"height:30px\" aria-hidden=\"true\" class=\"wp-block-spacer\"><\/div>\n\n\n\n<p><br>A FADESP, maior e mais antiga Funda\u00e7\u00e3o de Apoio do Norte do Brasil, ao longo dos 46 anos de exist\u00eancia, sempre se pautou pela transpar\u00eancia e seriedade em sua atua\u00e7\u00e3o, buscando exercer com excel\u00eancia a sociedade como um todo.<\/p>\n\n\n\n<p><\/p>\n\n\n\n<div style=\"height:30px\" aria-hidden=\"true\" class=\"wp-block-spacer\"><\/div>\n\n\n\n<p>FUNDA\u00c7\u00c3O DE AMPARO E DESENVOLVIMENTO DA PESQUISA \u2013 FADESP<\/p>\n","protected":false},"excerpt":{"rendered":"<p>Bel\u00e9m, 04 de mar\u00e7o de 202416:10h Sobre a anula\u00e7\u00e3o do concurso p\u00fablico promovido pelo Munic\u00edpio de Parauapebas, a Funda\u00e7\u00e3o de Amparo e Desenvolvimento da Pesquisa (FADESP) refor\u00e7a que tem cumprido, rigorosamente, seu papel \u00e9tico e seus deveres contratuais de garantir a transpar\u00eancia e retid\u00e3o de todo o certame. Diante da suspeita de fraude, foi a [&hellip;]<\/p>\n","protected":false},"author":12,"featured_media":45668,"comment_status":"closed","ping_status":"closed","sticky":false,"template":"","format":"standard","meta":{"_monsterinsights_skip_tracking":false,"_monsterinsights_sitenote_active":false,"_monsterinsights_sitenote_note":"","_monsterinsights_sitenote_category":0,"footnotes":""},"categories":[60,61,1],"tags":[],"class_list":["post-45665","post","type-post","status-publish","format-standard","has-post-thumbnail","hentry","category-destaque","category-destaque-concurso","category-geral","entry","has-media"],"yoast_head":"<!-- This site is optimized with the Yoast SEO plugin v25.1 - https:\/\/yoast.com\/wordpress\/plugins\/seo\/ -->\n<title>ATUALIZA\u00c7\u00c3O NOTA FADESP \/ MINIST\u00c9RIO P\u00daBLICO - FADESP<\/title>\n<meta name=\"robots\" content=\"index, follow, max-snippet:-1, max-image-preview:large, max-video-preview:-1\" \/>\n<link rel=\"canonical\" href=\"https:\/\/portalfadesp.org.br\/?p=45665\" \/>\n<meta property=\"og:locale\" content=\"pt_BR\" \/>\n<meta property=\"og:type\" content=\"article\" \/>\n<meta property=\"og:title\" content=\"ATUALIZA\u00c7\u00c3O NOTA FADESP \/ MINIST\u00c9RIO P\u00daBLICO - FADESP\" \/>\n<meta property=\"og:description\" content=\"Bel\u00e9m, 04 de mar\u00e7o de 202416:10h Sobre a anula\u00e7\u00e3o do concurso p\u00fablico promovido pelo Munic\u00edpio de Parauapebas, a Funda\u00e7\u00e3o de Amparo e Desenvolvimento da Pesquisa (FADESP) refor\u00e7a que tem cumprido, rigorosamente, seu papel \u00e9tico e seus deveres contratuais de garantir a transpar\u00eancia e retid\u00e3o de todo o certame. Diante da suspeita de fraude, foi a [&hellip;]\" \/>\n<meta property=\"og:url\" content=\"https:\/\/portalfadesp.org.br\/?p=45665\" \/>\n<meta property=\"og:site_name\" content=\"FADESP\" \/>\n<meta property=\"article:publisher\" content=\"https:\/\/www.facebook.com\/Fadesp-138351949524662\/\" \/>\n<meta property=\"article:published_time\" content=\"2024-03-04T19:35:20+00:00\" \/>\n<meta property=\"article:modified_time\" content=\"2024-03-04T19:37:07+00:00\" \/>\n<meta property=\"og:image\" content=\"https:\/\/portalfadesp.org.br\/wp-content\/uploads\/2024\/03\/WhatsApp-Image-2024-03-04-at-16.28.08.jpeg\" \/>\n\t<meta property=\"og:image:width\" content=\"1600\" \/>\n\t<meta property=\"og:image:height\" content=\"475\" \/>\n\t<meta property=\"og:image:type\" content=\"image\/jpeg\" \/>\n<meta name=\"author\" content=\"Brena Marques\" \/>\n<meta name=\"twitter:card\" content=\"summary_large_image\" \/>\n<meta name=\"twitter:creator\" content=\"@Fadesp\" \/>\n<meta name=\"twitter:site\" content=\"@Fadesp\" \/>\n<meta name=\"twitter:label1\" content=\"Escrito por\" \/>\n\t<meta name=\"twitter:data1\" content=\"Brena Marques\" \/>\n\t<meta name=\"twitter:label2\" content=\"Est. tempo de leitura\" \/>\n\t<meta name=\"twitter:data2\" content=\"2 minutos\" \/>\n<script type=\"application\/ld+json\" class=\"yoast-schema-graph\">{\"@context\":\"https:\/\/schema.org\",\"@graph\":[{\"@type\":\"Article\",\"@id\":\"https:\/\/portalfadesp.org.br\/?p=45665#article\",\"isPartOf\":{\"@id\":\"https:\/\/portalfadesp.org.br\/?p=45665\"},\"author\":{\"name\":\"Brena Marques\",\"@id\":\"https:\/\/portalfadesp.org.br\/#\/schema\/person\/31709c4c8ec92d6bbdd2c1da60cf8d66\"},\"headline\":\"ATUALIZA\u00c7\u00c3O NOTA FADESP \/ MINIST\u00c9RIO P\u00daBLICO\",\"datePublished\":\"2024-03-04T19:35:20+00:00\",\"dateModified\":\"2024-03-04T19:37:07+00:00\",\"mainEntityOfPage\":{\"@id\":\"https:\/\/portalfadesp.org.br\/?p=45665\"},\"wordCount\":270,\"publisher\":{\"@id\":\"https:\/\/portalfadesp.org.br\/#organization\"},\"image\":{\"@id\":\"https:\/\/portalfadesp.org.br\/?p=45665#primaryimage\"},\"thumbnailUrl\":\"https:\/\/portalfadesp.org.br\/wp-content\/uploads\/2024\/03\/WhatsApp-Image-2024-03-04-at-16.28.08.jpeg\",\"articleSection\":[\"Destaque\",\"Destaque Concurso\",\"Geral\"],\"inLanguage\":\"pt-BR\"},{\"@type\":\"WebPage\",\"@id\":\"https:\/\/portalfadesp.org.br\/?p=45665\",\"url\":\"https:\/\/portalfadesp.org.br\/?p=45665\",\"name\":\"ATUALIZA\u00c7\u00c3O NOTA FADESP \/ MINIST\u00c9RIO P\u00daBLICO - FADESP\",\"isPartOf\":{\"@id\":\"https:\/\/portalfadesp.org.br\/#website\"},\"primaryImageOfPage\":{\"@id\":\"https:\/\/portalfadesp.org.br\/?p=45665#primaryimage\"},\"image\":{\"@id\":\"https:\/\/portalfadesp.org.br\/?p=45665#primaryimage\"},\"thumbnailUrl\":\"https:\/\/portalfadesp.org.br\/wp-content\/uploads\/2024\/03\/WhatsApp-Image-2024-03-04-at-16.28.08.jpeg\",\"datePublished\":\"2024-03-04T19:35:20+00:00\",\"dateModified\":\"2024-03-04T19:37:07+00:00\",\"breadcrumb\":{\"@id\":\"https:\/\/portalfadesp.org.br\/?p=45665#breadcrumb\"},\"inLanguage\":\"pt-BR\",\"potentialAction\":[{\"@type\":\"ReadAction\",\"target\":[\"https:\/\/portalfadesp.org.br\/?p=45665\"]}]},{\"@type\":\"ImageObject\",\"inLanguage\":\"pt-BR\",\"@id\":\"https:\/\/portalfadesp.org.br\/?p=45665#primaryimage\",\"url\":\"https:\/\/portalfadesp.org.br\/wp-content\/uploads\/2024\/03\/WhatsApp-Image-2024-03-04-at-16.28.08.jpeg\",\"contentUrl\":\"https:\/\/portalfadesp.org.br\/wp-content\/uploads\/2024\/03\/WhatsApp-Image-2024-03-04-at-16.28.08.jpeg\",\"width\":1600,\"height\":475},{\"@type\":\"BreadcrumbList\",\"@id\":\"https:\/\/portalfadesp.org.br\/?p=45665#breadcrumb\",\"itemListElement\":[{\"@type\":\"ListItem\",\"position\":1,\"name\":\"In\u00edcio\",\"item\":\"https:\/\/portalfadesp.org.br\/\"},{\"@type\":\"ListItem\",\"position\":2,\"name\":\"ATUALIZA\u00c7\u00c3O NOTA FADESP \/ MINIST\u00c9RIO P\u00daBLICO\"}]},{\"@type\":\"WebSite\",\"@id\":\"https:\/\/portalfadesp.org.br\/#website\",\"url\":\"https:\/\/portalfadesp.org.br\/\",\"name\":\"FADESP\",\"description\":\"Funda\u00e7\u00e3o de Amparo e Desenvolvimento da Pesquisa\",\"publisher\":{\"@id\":\"https:\/\/portalfadesp.org.br\/#organization\"},\"potentialAction\":[{\"@type\":\"SearchAction\",\"target\":{\"@type\":\"EntryPoint\",\"urlTemplate\":\"https:\/\/portalfadesp.org.br\/?s={search_term_string}\"},\"query-input\":{\"@type\":\"PropertyValueSpecification\",\"valueRequired\":true,\"valueName\":\"search_term_string\"}}],\"inLanguage\":\"pt-BR\"},{\"@type\":\"Organization\",\"@id\":\"https:\/\/portalfadesp.org.br\/#organization\",\"name\":\"FADESP\",\"url\":\"https:\/\/portalfadesp.org.br\/\",\"logo\":{\"@type\":\"ImageObject\",\"inLanguage\":\"pt-BR\",\"@id\":\"https:\/\/portalfadesp.org.br\/#\/schema\/logo\/image\/\",\"url\":\"https:\/\/portalfadesp.org.br\/wp-content\/uploads\/2024\/01\/NOVOLOGOFADESPlaranjaH.png\",\"contentUrl\":\"https:\/\/portalfadesp.org.br\/wp-content\/uploads\/2024\/01\/NOVOLOGOFADESPlaranjaH.png\",\"width\":2742,\"height\":839,\"caption\":\"FADESP\"},\"image\":{\"@id\":\"https:\/\/portalfadesp.org.br\/#\/schema\/logo\/image\/\"},\"sameAs\":[\"https:\/\/www.facebook.com\/Fadesp-138351949524662\/\",\"https:\/\/x.com\/Fadesp\",\"https:\/\/www.instagram.com\/fadesp_ufpa\/\",\"https:\/\/www.youtube.com\/@fundacaodeamparoedesenvolv1903\",\"https:\/\/www.threads.net\/@fadesp_ufpa\"]},{\"@type\":\"Person\",\"@id\":\"https:\/\/portalfadesp.org.br\/#\/schema\/person\/31709c4c8ec92d6bbdd2c1da60cf8d66\",\"name\":\"Brena Marques\",\"image\":{\"@type\":\"ImageObject\",\"inLanguage\":\"pt-BR\",\"@id\":\"https:\/\/portalfadesp.org.br\/#\/schema\/person\/image\/\",\"url\":\"https:\/\/secure.gravatar.com\/avatar\/d8709cd0de324fbec018b6878350216726d26c3436f44ebee8f3db75e29728f3?s=96&d=mm&r=g\",\"contentUrl\":\"https:\/\/secure.gravatar.com\/avatar\/d8709cd0de324fbec018b6878350216726d26c3436f44ebee8f3db75e29728f3?s=96&d=mm&r=g\",\"caption\":\"Brena Marques\"},\"url\":\"https:\/\/portalfadesp.org.br\/?author=12\"}]}<\/script>\n<!-- \/ Yoast SEO plugin. -->","yoast_head_json":{"title":"ATUALIZA\u00c7\u00c3O NOTA FADESP \/ MINIST\u00c9RIO P\u00daBLICO - FADESP","robots":{"index":"index","follow":"follow","max-snippet":"max-snippet:-1","max-image-preview":"max-image-preview:large","max-video-preview":"max-video-preview:-1"},"canonical":"https:\/\/portalfadesp.org.br\/?p=45665","og_locale":"pt_BR","og_type":"article","og_title":"ATUALIZA\u00c7\u00c3O NOTA FADESP \/ MINIST\u00c9RIO P\u00daBLICO - FADESP","og_description":"Bel\u00e9m, 04 de mar\u00e7o de 202416:10h Sobre a anula\u00e7\u00e3o do concurso p\u00fablico promovido pelo Munic\u00edpio de Parauapebas, a Funda\u00e7\u00e3o de Amparo e Desenvolvimento da Pesquisa (FADESP) refor\u00e7a que tem cumprido, rigorosamente, seu papel \u00e9tico e seus deveres contratuais de garantir a transpar\u00eancia e retid\u00e3o de todo o certame. Diante da suspeita de fraude, foi a [&hellip;]","og_url":"https:\/\/portalfadesp.org.br\/?p=45665","og_site_name":"FADESP","article_publisher":"https:\/\/www.facebook.com\/Fadesp-138351949524662\/","article_published_time":"2024-03-04T19:35:20+00:00","article_modified_time":"2024-03-04T19:37:07+00:00","og_image":[{"width":1600,"height":475,"url":"https:\/\/portalfadesp.org.br\/wp-content\/uploads\/2024\/03\/WhatsApp-Image-2024-03-04-at-16.28.08.jpeg","type":"image\/jpeg"}],"author":"Brena Marques","twitter_card":"summary_large_image","twitter_creator":"@Fadesp","twitter_site":"@Fadesp","twitter_misc":{"Escrito por":"Brena Marques","Est. tempo de leitura":"2 minutos"},"schema":{"@context":"https:\/\/schema.org","@graph":[{"@type":"Article","@id":"https:\/\/portalfadesp.org.br\/?p=45665#article","isPartOf":{"@id":"https:\/\/portalfadesp.org.br\/?p=45665"},"author":{"name":"Brena Marques","@id":"https:\/\/portalfadesp.org.br\/#\/schema\/person\/31709c4c8ec92d6bbdd2c1da60cf8d66"},"headline":"ATUALIZA\u00c7\u00c3O NOTA FADESP \/ MINIST\u00c9RIO P\u00daBLICO","datePublished":"2024-03-04T19:35:20+00:00","dateModified":"2024-03-04T19:37:07+00:00","mainEntityOfPage":{"@id":"https:\/\/portalfadesp.org.br\/?p=45665"},"wordCount":270,"publisher":{"@id":"https:\/\/portalfadesp.org.br\/#organization"},"image":{"@id":"https:\/\/portalfadesp.org.br\/?p=45665#primaryimage"},"thumbnailUrl":"https:\/\/portalfadesp.org.br\/wp-content\/uploads\/2024\/03\/WhatsApp-Image-2024-03-04-at-16.28.08.jpeg","articleSection":["Destaque","Destaque Concurso","Geral"],"inLanguage":"pt-BR"},{"@type":"WebPage","@id":"https:\/\/portalfadesp.org.br\/?p=45665","url":"https:\/\/portalfadesp.org.br\/?p=45665","name":"ATUALIZA\u00c7\u00c3O NOTA FADESP \/ MINIST\u00c9RIO P\u00daBLICO - FADESP","isPartOf":{"@id":"https:\/\/portalfadesp.org.br\/#website"},"primaryImageOfPage":{"@id":"https:\/\/portalfadesp.org.br\/?p=45665#primaryimage"},"image":{"@id":"https:\/\/portalfadesp.org.br\/?p=45665#primaryimage"},"thumbnailUrl":"https:\/\/portalfadesp.org.br\/wp-content\/uploads\/2024\/03\/WhatsApp-Image-2024-03-04-at-16.28.08.jpeg","datePublished":"2024-03-04T19:35:20+00:00","dateModified":"2024-03-04T19:37:07+00:00","breadcrumb":{"@id":"https:\/\/portalfadesp.org.br\/?p=45665#breadcrumb"},"inLanguage":"pt-BR","potentialAction":[{"@type":"ReadAction","target":["https:\/\/portalfadesp.org.br\/?p=45665"]}]},{"@type":"ImageObject","inLanguage":"pt-BR","@id":"https:\/\/portalfadesp.org.br\/?p=45665#primaryimage","url":"https:\/\/portalfadesp.org.br\/wp-content\/uploads\/2024\/03\/WhatsApp-Image-2024-03-04-at-16.28.08.jpeg","contentUrl":"https:\/\/portalfadesp.org.br\/wp-content\/uploads\/2024\/03\/WhatsApp-Image-2024-03-04-at-16.28.08.jpeg","width":1600,"height":475},{"@type":"BreadcrumbList","@id":"https:\/\/portalfadesp.org.br\/?p=45665#breadcrumb","itemListElement":[{"@type":"ListItem","position":1,"name":"In\u00edcio","item":"https:\/\/portalfadesp.org.br\/"},{"@type":"ListItem","position":2,"name":"ATUALIZA\u00c7\u00c3O NOTA FADESP \/ MINIST\u00c9RIO P\u00daBLICO"}]},{"@type":"WebSite","@id":"https:\/\/portalfadesp.org.br\/#website","url":"https:\/\/portalfadesp.org.br\/","name":"FADESP","description":"Funda\u00e7\u00e3o de Amparo e Desenvolvimento da Pesquisa","publisher":{"@id":"https:\/\/portalfadesp.org.br\/#organization"},"potentialAction":[{"@type":"SearchAction","target":{"@type":"EntryPoint","urlTemplate":"https:\/\/portalfadesp.org.br\/?s={search_term_string}"},"query-input":{"@type":"PropertyValueSpecification","valueRequired":true,"valueName":"search_term_string"}}],"inLanguage":"pt-BR"},{"@type":"Organization","@id":"https:\/\/portalfadesp.org.br\/#organization","name":"FADESP","url":"https:\/\/portalfadesp.org.br\/","logo":{"@type":"ImageObject","inLanguage":"pt-BR","@id":"https:\/\/portalfadesp.org.br\/#\/schema\/logo\/image\/","url":"https:\/\/portalfadesp.org.br\/wp-content\/uploads\/2024\/01\/NOVOLOGOFADESPlaranjaH.png","contentUrl":"https:\/\/portalfadesp.org.br\/wp-content\/uploads\/2024\/01\/NOVOLOGOFADESPlaranjaH.png","width":2742,"height":839,"caption":"FADESP"},"image":{"@id":"https:\/\/portalfadesp.org.br\/#\/schema\/logo\/image\/"},"sameAs":["https:\/\/www.facebook.com\/Fadesp-138351949524662\/","https:\/\/x.com\/Fadesp","https:\/\/www.instagram.com\/fadesp_ufpa\/","https:\/\/www.youtube.com\/@fundacaodeamparoedesenvolv1903","https:\/\/www.threads.net\/@fadesp_ufpa"]},{"@type":"Person","@id":"https:\/\/portalfadesp.org.br\/#\/schema\/person\/31709c4c8ec92d6bbdd2c1da60cf8d66","name":"Brena Marques","image":{"@type":"ImageObject","inLanguage":"pt-BR","@id":"https:\/\/portalfadesp.org.br\/#\/schema\/person\/image\/","url":"https:\/\/secure.gravatar.com\/avatar\/d8709cd0de324fbec018b6878350216726d26c3436f44ebee8f3db75e29728f3?s=96&d=mm&r=g","contentUrl":"https:\/\/secure.gravatar.com\/avatar\/d8709cd0de324fbec018b6878350216726d26c3436f44ebee8f3db75e29728f3?s=96&d=mm&r=g","caption":"Brena Marques"},"url":"https:\/\/portalfadesp.org.br\/?author=12"}]}},"_links":{"self":[{"href":"https:\/\/portalfadesp.org.br\/index.php?rest_route=\/wp\/v2\/posts\/45665","targetHints":{"allow":["GET"]}}],"collection":[{"href":"https:\/\/portalfadesp.org.br\/index.php?rest_route=\/wp\/v2\/posts"}],"about":[{"href":"https:\/\/portalfadesp.org.br\/index.php?rest_route=\/wp\/v2\/types\/post"}],"author":[{"embeddable":true,"href":"https:\/\/portalfadesp.org.br\/index.php?rest_route=\/wp\/v2\/users\/12"}],"replies":[{"embeddable":true,"href":"https:\/\/portalfadesp.org.br\/index.php?rest_route=%2Fwp%2Fv2%2Fcomments&post=45665"}],"version-history":[{"count":3,"href":"https:\/\/portalfadesp.org.br\/index.php?rest_route=\/wp\/v2\/posts\/45665\/revisions"}],"predecessor-version":[{"id":45669,"href":"https:\/\/portalfadesp.org.br\/index.php?rest_route=\/wp\/v2\/posts\/45665\/revisions\/45669"}],"wp:featuredmedia":[{"embeddable":true,"href":"https:\/\/portalfadesp.org.br\/index.php?rest_route=\/wp\/v2\/media\/45668"}],"wp:attachment":[{"href":"https:\/\/portalfadesp.org.br\/index.php?rest_route=%2Fwp%2Fv2%2Fmedia&parent=45665"}],"wp:term":[{"taxonomy":"category","embeddable":true,"href":"https:\/\/portalfadesp.org.br\/index.php?rest_route=%2Fwp%2Fv2%2Fcategories&post=45665"},{"taxonomy":"post_tag","embeddable":true,"href":"https:\/\/portalfadesp.org.br\/index.php?rest_route=%2Fwp%2Fv2%2Ftags&post=45665"}],"curies":[{"name":"wp","href":"https:\/\/api.w.org\/{rel}","templated":true}]}}