{"id":44537,"date":"2023-12-01T20:47:13","date_gmt":"2023-12-01T23:47:13","guid":{"rendered":"https:\/\/portalfadesp.org.br\/?p=44537"},"modified":"2023-12-06T11:47:59","modified_gmt":"2023-12-06T14:47:59","slug":"nota-oficial","status":"publish","type":"post","link":"https:\/\/portalfadesp.org.br\/?p=44537","title":{"rendered":"Nota oficial"},"content":{"rendered":"\n<p><em>NOTA OFICIAL<\/em><\/p>\n\n\n\n<p>A Prefeitura Municipal de Parauapebas suspendeu o concurso p\u00fablico para provimento de cargos no quadro de servidores p\u00fablicos efetivos do Munic\u00edpio, objeto do edital n\u00b0 001\/2023, em decorr\u00eancia da pris\u00e3o de uma candidata por suspeita de fraude.<\/p>\n\n\n\n<div style=\"height:15px\" aria-hidden=\"true\" class=\"wp-block-spacer\"><\/div>\n\n\n\n<p>Conforme consta em nota oficial do dia 28 de novembro de 2023, a FADESP espera que a Pol\u00edcia investigue a fundo o caso, para que os criminosos sejam identificados e <strong>reafirma sua total confian\u00e7a nos protocolos de seguran\u00e7a adotados pela Institui\u00e7\u00e3o<\/strong><\/p>\n\n\n\n<div style=\"height:15px\" aria-hidden=\"true\" class=\"wp-block-spacer\"><\/div>\n\n\n\n<p>Ressaltamos, em rela\u00e7\u00e3o ao decreto, que n\u00e3o h\u00e1 perfeita correspond\u00eancia entre as anota\u00e7\u00f5es da candidata e o gabarito preliminar divulgado pela FADESP, que n\u00e3o h\u00e1 ind\u00edcios de que houve vazamento de quest\u00f5es da prova ou qualquer viola\u00e7\u00e3o do sigilo das mesmas, nem de que outras fraudes tenham ocorrido durante a realiza\u00e7\u00e3o do concurso.<\/p>\n\n\n\n<div style=\"height:15px\" aria-hidden=\"true\" class=\"wp-block-spacer\"><\/div>\n\n\n\n<p><strong>A FADESP lamenta n\u00e3o ter sido, at\u00e9 o momento, convocada para esclarecimentos, ao mesmo tempo em que se coloca \u00e0 disposi\u00e7\u00e3o das autoridades para colaborar com as dilig\u00eancias necess\u00e1rias \u00e0 elucida\u00e7\u00e3o dos fatos.<\/strong><\/p>\n\n\n\n<div style=\"height:15px\" aria-hidden=\"true\" class=\"wp-block-spacer\"><\/div>\n\n\n\n<p>Esperamos que a investiga\u00e7\u00e3o ocorra o mais rapidamente poss\u00edvel e que o concurso seja retomado, com a realiza\u00e7\u00e3o das demais etapas previstas em edital.<\/p>\n\n\n\n<div style=\"height:15px\" aria-hidden=\"true\" class=\"wp-block-spacer\"><\/div>\n\n\n\n<p>Bel\u00e9m, 01 de dezembro de 2023.<\/p>\n\n\n\n<p>FUNDA\u00c7\u00c3O DE AMPARO E DESENVOLVIMENTO DA PESQUISA<br>FADESP<\/p>\n\n\n\n<div style=\"height:58px\" aria-hidden=\"true\" class=\"wp-block-spacer\"><\/div>\n\n\n\n<p><strong>Para acessar o decreto de suspens\u00e3o do certame, decis\u00e3o da PMP e publicado no DOM<\/strong>,<a href=\"https:\/\/portalfadesp.org.br\/wp-content\/uploads\/2023\/12\/WhatsApp-Image-2023-12-06-at-11.11.10-1.jpeg\"> <strong>clique aqui.<\/strong><\/a><\/p>\n\n\n\n<p><\/p>\n","protected":false},"excerpt":{"rendered":"<p>NOTA OFICIAL A Prefeitura Municipal de Parauapebas suspendeu o concurso p\u00fablico para provimento de cargos no quadro de servidores p\u00fablicos efetivos do Munic\u00edpio, objeto do edital n\u00b0 001\/2023, em decorr\u00eancia da pris\u00e3o de uma candidata por suspeita de fraude. Conforme consta em nota oficial do dia 28 de novembro de 2023, a FADESP espera que [&hellip;]<\/p>\n","protected":false},"author":12,"featured_media":44538,"comment_status":"closed","ping_status":"closed","sticky":false,"template":"","format":"standard","meta":{"_monsterinsights_skip_tracking":false,"_monsterinsights_sitenote_active":false,"_monsterinsights_sitenote_note":"","_monsterinsights_sitenote_category":0,"footnotes":""},"categories":[60,61],"tags":[],"class_list":["post-44537","post","type-post","status-publish","format-standard","has-post-thumbnail","hentry","category-destaque","category-destaque-concurso","entry","has-media"],"yoast_head":"<!-- This site is optimized with the Yoast SEO plugin v25.1 - https:\/\/yoast.com\/wordpress\/plugins\/seo\/ -->\n<title>Nota oficial - FADESP<\/title>\n<meta name=\"robots\" content=\"index, follow, max-snippet:-1, max-image-preview:large, max-video-preview:-1\" \/>\n<link rel=\"canonical\" href=\"https:\/\/portalfadesp.org.br\/?p=44537\" \/>\n<meta property=\"og:locale\" content=\"pt_BR\" \/>\n<meta property=\"og:type\" content=\"article\" \/>\n<meta property=\"og:title\" content=\"Nota oficial - FADESP\" \/>\n<meta property=\"og:description\" content=\"NOTA OFICIAL A Prefeitura Municipal de Parauapebas suspendeu o concurso p\u00fablico para provimento de cargos no quadro de servidores p\u00fablicos efetivos do Munic\u00edpio, objeto do edital n\u00b0 001\/2023, em decorr\u00eancia da pris\u00e3o de uma candidata por suspeita de fraude. Conforme consta em nota oficial do dia 28 de novembro de 2023, a FADESP espera que [&hellip;]\" \/>\n<meta property=\"og:url\" content=\"https:\/\/portalfadesp.org.br\/?p=44537\" \/>\n<meta property=\"og:site_name\" content=\"FADESP\" \/>\n<meta property=\"article:publisher\" content=\"https:\/\/www.facebook.com\/Fadesp-138351949524662\/\" \/>\n<meta property=\"article:published_time\" content=\"2023-12-01T23:47:13+00:00\" \/>\n<meta property=\"article:modified_time\" content=\"2023-12-06T14:47:59+00:00\" \/>\n<meta property=\"og:image\" content=\"https:\/\/portalfadesp.org.br\/wp-content\/uploads\/2023\/12\/Secult-e-FADESP-informam-que-ofertarao-uma-terceira-turma-de-capacitacao-de-agentes-culturais-para-elaboracao-de-projetos-no-municipio-de-Belem-que-sera-anunciada-em-breve-em-todos-canais-oficia.png\" \/>\n\t<meta property=\"og:image:width\" content=\"1195\" \/>\n\t<meta property=\"og:image:height\" content=\"355\" \/>\n\t<meta property=\"og:image:type\" content=\"image\/png\" \/>\n<meta name=\"author\" content=\"Brena Marques\" \/>\n<meta name=\"twitter:card\" content=\"summary_large_image\" \/>\n<meta name=\"twitter:creator\" content=\"@Fadesp\" \/>\n<meta name=\"twitter:site\" content=\"@Fadesp\" \/>\n<meta name=\"twitter:label1\" content=\"Escrito por\" \/>\n\t<meta name=\"twitter:data1\" content=\"Brena Marques\" \/>\n\t<meta name=\"twitter:label2\" content=\"Est. tempo de leitura\" \/>\n\t<meta name=\"twitter:data2\" content=\"2 minutos\" \/>\n<script type=\"application\/ld+json\" class=\"yoast-schema-graph\">{\"@context\":\"https:\/\/schema.org\",\"@graph\":[{\"@type\":\"Article\",\"@id\":\"https:\/\/portalfadesp.org.br\/?p=44537#article\",\"isPartOf\":{\"@id\":\"https:\/\/portalfadesp.org.br\/?p=44537\"},\"author\":{\"name\":\"Brena Marques\",\"@id\":\"https:\/\/portalfadesp.org.br\/#\/schema\/person\/31709c4c8ec92d6bbdd2c1da60cf8d66\"},\"headline\":\"Nota oficial\",\"datePublished\":\"2023-12-01T23:47:13+00:00\",\"dateModified\":\"2023-12-06T14:47:59+00:00\",\"mainEntityOfPage\":{\"@id\":\"https:\/\/portalfadesp.org.br\/?p=44537\"},\"wordCount\":245,\"publisher\":{\"@id\":\"https:\/\/portalfadesp.org.br\/#organization\"},\"image\":{\"@id\":\"https:\/\/portalfadesp.org.br\/?p=44537#primaryimage\"},\"thumbnailUrl\":\"https:\/\/portalfadesp.org.br\/wp-content\/uploads\/2023\/12\/Secult-e-FADESP-informam-que-ofertarao-uma-terceira-turma-de-capacitacao-de-agentes-culturais-para-elaboracao-de-projetos-no-municipio-de-Belem-que-sera-anunciada-em-breve-em-todos-canais-oficia.png\",\"articleSection\":[\"Destaque\",\"Destaque Concurso\"],\"inLanguage\":\"pt-BR\"},{\"@type\":\"WebPage\",\"@id\":\"https:\/\/portalfadesp.org.br\/?p=44537\",\"url\":\"https:\/\/portalfadesp.org.br\/?p=44537\",\"name\":\"Nota oficial - FADESP\",\"isPartOf\":{\"@id\":\"https:\/\/portalfadesp.org.br\/#website\"},\"primaryImageOfPage\":{\"@id\":\"https:\/\/portalfadesp.org.br\/?p=44537#primaryimage\"},\"image\":{\"@id\":\"https:\/\/portalfadesp.org.br\/?p=44537#primaryimage\"},\"thumbnailUrl\":\"https:\/\/portalfadesp.org.br\/wp-content\/uploads\/2023\/12\/Secult-e-FADESP-informam-que-ofertarao-uma-terceira-turma-de-capacitacao-de-agentes-culturais-para-elaboracao-de-projetos-no-municipio-de-Belem-que-sera-anunciada-em-breve-em-todos-canais-oficia.png\",\"datePublished\":\"2023-12-01T23:47:13+00:00\",\"dateModified\":\"2023-12-06T14:47:59+00:00\",\"breadcrumb\":{\"@id\":\"https:\/\/portalfadesp.org.br\/?p=44537#breadcrumb\"},\"inLanguage\":\"pt-BR\",\"potentialAction\":[{\"@type\":\"ReadAction\",\"target\":[\"https:\/\/portalfadesp.org.br\/?p=44537\"]}]},{\"@type\":\"ImageObject\",\"inLanguage\":\"pt-BR\",\"@id\":\"https:\/\/portalfadesp.org.br\/?p=44537#primaryimage\",\"url\":\"https:\/\/portalfadesp.org.br\/wp-content\/uploads\/2023\/12\/Secult-e-FADESP-informam-que-ofertarao-uma-terceira-turma-de-capacitacao-de-agentes-culturais-para-elaboracao-de-projetos-no-municipio-de-Belem-que-sera-anunciada-em-breve-em-todos-canais-oficia.png\",\"contentUrl\":\"https:\/\/portalfadesp.org.br\/wp-content\/uploads\/2023\/12\/Secult-e-FADESP-informam-que-ofertarao-uma-terceira-turma-de-capacitacao-de-agentes-culturais-para-elaboracao-de-projetos-no-municipio-de-Belem-que-sera-anunciada-em-breve-em-todos-canais-oficia.png\",\"width\":1195,\"height\":355},{\"@type\":\"BreadcrumbList\",\"@id\":\"https:\/\/portalfadesp.org.br\/?p=44537#breadcrumb\",\"itemListElement\":[{\"@type\":\"ListItem\",\"position\":1,\"name\":\"In\u00edcio\",\"item\":\"https:\/\/portalfadesp.org.br\/\"},{\"@type\":\"ListItem\",\"position\":2,\"name\":\"Nota oficial\"}]},{\"@type\":\"WebSite\",\"@id\":\"https:\/\/portalfadesp.org.br\/#website\",\"url\":\"https:\/\/portalfadesp.org.br\/\",\"name\":\"FADESP\",\"description\":\"Funda\u00e7\u00e3o de Amparo e Desenvolvimento da Pesquisa\",\"publisher\":{\"@id\":\"https:\/\/portalfadesp.org.br\/#organization\"},\"potentialAction\":[{\"@type\":\"SearchAction\",\"target\":{\"@type\":\"EntryPoint\",\"urlTemplate\":\"https:\/\/portalfadesp.org.br\/?s={search_term_string}\"},\"query-input\":{\"@type\":\"PropertyValueSpecification\",\"valueRequired\":true,\"valueName\":\"search_term_string\"}}],\"inLanguage\":\"pt-BR\"},{\"@type\":\"Organization\",\"@id\":\"https:\/\/portalfadesp.org.br\/#organization\",\"name\":\"FADESP\",\"url\":\"https:\/\/portalfadesp.org.br\/\",\"logo\":{\"@type\":\"ImageObject\",\"inLanguage\":\"pt-BR\",\"@id\":\"https:\/\/portalfadesp.org.br\/#\/schema\/logo\/image\/\",\"url\":\"https:\/\/portalfadesp.org.br\/wp-content\/uploads\/2024\/01\/NOVOLOGOFADESPlaranjaH.png\",\"contentUrl\":\"https:\/\/portalfadesp.org.br\/wp-content\/uploads\/2024\/01\/NOVOLOGOFADESPlaranjaH.png\",\"width\":2742,\"height\":839,\"caption\":\"FADESP\"},\"image\":{\"@id\":\"https:\/\/portalfadesp.org.br\/#\/schema\/logo\/image\/\"},\"sameAs\":[\"https:\/\/www.facebook.com\/Fadesp-138351949524662\/\",\"https:\/\/x.com\/Fadesp\",\"https:\/\/www.instagram.com\/fadesp_ufpa\/\",\"https:\/\/www.youtube.com\/@fundacaodeamparoedesenvolv1903\",\"https:\/\/www.threads.net\/@fadesp_ufpa\"]},{\"@type\":\"Person\",\"@id\":\"https:\/\/portalfadesp.org.br\/#\/schema\/person\/31709c4c8ec92d6bbdd2c1da60cf8d66\",\"name\":\"Brena Marques\",\"image\":{\"@type\":\"ImageObject\",\"inLanguage\":\"pt-BR\",\"@id\":\"https:\/\/portalfadesp.org.br\/#\/schema\/person\/image\/\",\"url\":\"https:\/\/secure.gravatar.com\/avatar\/d8709cd0de324fbec018b6878350216726d26c3436f44ebee8f3db75e29728f3?s=96&d=mm&r=g\",\"contentUrl\":\"https:\/\/secure.gravatar.com\/avatar\/d8709cd0de324fbec018b6878350216726d26c3436f44ebee8f3db75e29728f3?s=96&d=mm&r=g\",\"caption\":\"Brena Marques\"},\"url\":\"https:\/\/portalfadesp.org.br\/?author=12\"}]}<\/script>\n<!-- \/ Yoast SEO plugin. -->","yoast_head_json":{"title":"Nota oficial - FADESP","robots":{"index":"index","follow":"follow","max-snippet":"max-snippet:-1","max-image-preview":"max-image-preview:large","max-video-preview":"max-video-preview:-1"},"canonical":"https:\/\/portalfadesp.org.br\/?p=44537","og_locale":"pt_BR","og_type":"article","og_title":"Nota oficial - FADESP","og_description":"NOTA OFICIAL A Prefeitura Municipal de Parauapebas suspendeu o concurso p\u00fablico para provimento de cargos no quadro de servidores p\u00fablicos efetivos do Munic\u00edpio, objeto do edital n\u00b0 001\/2023, em decorr\u00eancia da pris\u00e3o de uma candidata por suspeita de fraude. Conforme consta em nota oficial do dia 28 de novembro de 2023, a FADESP espera que [&hellip;]","og_url":"https:\/\/portalfadesp.org.br\/?p=44537","og_site_name":"FADESP","article_publisher":"https:\/\/www.facebook.com\/Fadesp-138351949524662\/","article_published_time":"2023-12-01T23:47:13+00:00","article_modified_time":"2023-12-06T14:47:59+00:00","og_image":[{"width":1195,"height":355,"url":"https:\/\/portalfadesp.org.br\/wp-content\/uploads\/2023\/12\/Secult-e-FADESP-informam-que-ofertarao-uma-terceira-turma-de-capacitacao-de-agentes-culturais-para-elaboracao-de-projetos-no-municipio-de-Belem-que-sera-anunciada-em-breve-em-todos-canais-oficia.png","type":"image\/png"}],"author":"Brena Marques","twitter_card":"summary_large_image","twitter_creator":"@Fadesp","twitter_site":"@Fadesp","twitter_misc":{"Escrito por":"Brena Marques","Est. tempo de leitura":"2 minutos"},"schema":{"@context":"https:\/\/schema.org","@graph":[{"@type":"Article","@id":"https:\/\/portalfadesp.org.br\/?p=44537#article","isPartOf":{"@id":"https:\/\/portalfadesp.org.br\/?p=44537"},"author":{"name":"Brena Marques","@id":"https:\/\/portalfadesp.org.br\/#\/schema\/person\/31709c4c8ec92d6bbdd2c1da60cf8d66"},"headline":"Nota oficial","datePublished":"2023-12-01T23:47:13+00:00","dateModified":"2023-12-06T14:47:59+00:00","mainEntityOfPage":{"@id":"https:\/\/portalfadesp.org.br\/?p=44537"},"wordCount":245,"publisher":{"@id":"https:\/\/portalfadesp.org.br\/#organization"},"image":{"@id":"https:\/\/portalfadesp.org.br\/?p=44537#primaryimage"},"thumbnailUrl":"https:\/\/portalfadesp.org.br\/wp-content\/uploads\/2023\/12\/Secult-e-FADESP-informam-que-ofertarao-uma-terceira-turma-de-capacitacao-de-agentes-culturais-para-elaboracao-de-projetos-no-municipio-de-Belem-que-sera-anunciada-em-breve-em-todos-canais-oficia.png","articleSection":["Destaque","Destaque Concurso"],"inLanguage":"pt-BR"},{"@type":"WebPage","@id":"https:\/\/portalfadesp.org.br\/?p=44537","url":"https:\/\/portalfadesp.org.br\/?p=44537","name":"Nota oficial - FADESP","isPartOf":{"@id":"https:\/\/portalfadesp.org.br\/#website"},"primaryImageOfPage":{"@id":"https:\/\/portalfadesp.org.br\/?p=44537#primaryimage"},"image":{"@id":"https:\/\/portalfadesp.org.br\/?p=44537#primaryimage"},"thumbnailUrl":"https:\/\/portalfadesp.org.br\/wp-content\/uploads\/2023\/12\/Secult-e-FADESP-informam-que-ofertarao-uma-terceira-turma-de-capacitacao-de-agentes-culturais-para-elaboracao-de-projetos-no-municipio-de-Belem-que-sera-anunciada-em-breve-em-todos-canais-oficia.png","datePublished":"2023-12-01T23:47:13+00:00","dateModified":"2023-12-06T14:47:59+00:00","breadcrumb":{"@id":"https:\/\/portalfadesp.org.br\/?p=44537#breadcrumb"},"inLanguage":"pt-BR","potentialAction":[{"@type":"ReadAction","target":["https:\/\/portalfadesp.org.br\/?p=44537"]}]},{"@type":"ImageObject","inLanguage":"pt-BR","@id":"https:\/\/portalfadesp.org.br\/?p=44537#primaryimage","url":"https:\/\/portalfadesp.org.br\/wp-content\/uploads\/2023\/12\/Secult-e-FADESP-informam-que-ofertarao-uma-terceira-turma-de-capacitacao-de-agentes-culturais-para-elaboracao-de-projetos-no-municipio-de-Belem-que-sera-anunciada-em-breve-em-todos-canais-oficia.png","contentUrl":"https:\/\/portalfadesp.org.br\/wp-content\/uploads\/2023\/12\/Secult-e-FADESP-informam-que-ofertarao-uma-terceira-turma-de-capacitacao-de-agentes-culturais-para-elaboracao-de-projetos-no-municipio-de-Belem-que-sera-anunciada-em-breve-em-todos-canais-oficia.png","width":1195,"height":355},{"@type":"BreadcrumbList","@id":"https:\/\/portalfadesp.org.br\/?p=44537#breadcrumb","itemListElement":[{"@type":"ListItem","position":1,"name":"In\u00edcio","item":"https:\/\/portalfadesp.org.br\/"},{"@type":"ListItem","position":2,"name":"Nota oficial"}]},{"@type":"WebSite","@id":"https:\/\/portalfadesp.org.br\/#website","url":"https:\/\/portalfadesp.org.br\/","name":"FADESP","description":"Funda\u00e7\u00e3o de Amparo e Desenvolvimento da Pesquisa","publisher":{"@id":"https:\/\/portalfadesp.org.br\/#organization"},"potentialAction":[{"@type":"SearchAction","target":{"@type":"EntryPoint","urlTemplate":"https:\/\/portalfadesp.org.br\/?s={search_term_string}"},"query-input":{"@type":"PropertyValueSpecification","valueRequired":true,"valueName":"search_term_string"}}],"inLanguage":"pt-BR"},{"@type":"Organization","@id":"https:\/\/portalfadesp.org.br\/#organization","name":"FADESP","url":"https:\/\/portalfadesp.org.br\/","logo":{"@type":"ImageObject","inLanguage":"pt-BR","@id":"https:\/\/portalfadesp.org.br\/#\/schema\/logo\/image\/","url":"https:\/\/portalfadesp.org.br\/wp-content\/uploads\/2024\/01\/NOVOLOGOFADESPlaranjaH.png","contentUrl":"https:\/\/portalfadesp.org.br\/wp-content\/uploads\/2024\/01\/NOVOLOGOFADESPlaranjaH.png","width":2742,"height":839,"caption":"FADESP"},"image":{"@id":"https:\/\/portalfadesp.org.br\/#\/schema\/logo\/image\/"},"sameAs":["https:\/\/www.facebook.com\/Fadesp-138351949524662\/","https:\/\/x.com\/Fadesp","https:\/\/www.instagram.com\/fadesp_ufpa\/","https:\/\/www.youtube.com\/@fundacaodeamparoedesenvolv1903","https:\/\/www.threads.net\/@fadesp_ufpa"]},{"@type":"Person","@id":"https:\/\/portalfadesp.org.br\/#\/schema\/person\/31709c4c8ec92d6bbdd2c1da60cf8d66","name":"Brena Marques","image":{"@type":"ImageObject","inLanguage":"pt-BR","@id":"https:\/\/portalfadesp.org.br\/#\/schema\/person\/image\/","url":"https:\/\/secure.gravatar.com\/avatar\/d8709cd0de324fbec018b6878350216726d26c3436f44ebee8f3db75e29728f3?s=96&d=mm&r=g","contentUrl":"https:\/\/secure.gravatar.com\/avatar\/d8709cd0de324fbec018b6878350216726d26c3436f44ebee8f3db75e29728f3?s=96&d=mm&r=g","caption":"Brena Marques"},"url":"https:\/\/portalfadesp.org.br\/?author=12"}]}},"_links":{"self":[{"href":"https:\/\/portalfadesp.org.br\/index.php?rest_route=\/wp\/v2\/posts\/44537","targetHints":{"allow":["GET"]}}],"collection":[{"href":"https:\/\/portalfadesp.org.br\/index.php?rest_route=\/wp\/v2\/posts"}],"about":[{"href":"https:\/\/portalfadesp.org.br\/index.php?rest_route=\/wp\/v2\/types\/post"}],"author":[{"embeddable":true,"href":"https:\/\/portalfadesp.org.br\/index.php?rest_route=\/wp\/v2\/users\/12"}],"replies":[{"embeddable":true,"href":"https:\/\/portalfadesp.org.br\/index.php?rest_route=%2Fwp%2Fv2%2Fcomments&post=44537"}],"version-history":[{"count":18,"href":"https:\/\/portalfadesp.org.br\/index.php?rest_route=\/wp\/v2\/posts\/44537\/revisions"}],"predecessor-version":[{"id":44641,"href":"https:\/\/portalfadesp.org.br\/index.php?rest_route=\/wp\/v2\/posts\/44537\/revisions\/44641"}],"wp:featuredmedia":[{"embeddable":true,"href":"https:\/\/portalfadesp.org.br\/index.php?rest_route=\/wp\/v2\/media\/44538"}],"wp:attachment":[{"href":"https:\/\/portalfadesp.org.br\/index.php?rest_route=%2Fwp%2Fv2%2Fmedia&parent=44537"}],"wp:term":[{"taxonomy":"category","embeddable":true,"href":"https:\/\/portalfadesp.org.br\/index.php?rest_route=%2Fwp%2Fv2%2Fcategories&post=44537"},{"taxonomy":"post_tag","embeddable":true,"href":"https:\/\/portalfadesp.org.br\/index.php?rest_route=%2Fwp%2Fv2%2Ftags&post=44537"}],"curies":[{"name":"wp","href":"https:\/\/api.w.org\/{rel}","templated":true}]}}