{"id":4450,"date":"2019-10-01T09:42:49","date_gmt":"2019-10-01T12:42:49","guid":{"rendered":"https:\/\/162.215.13.167?p=4450"},"modified":"2022-12-20T17:47:30","modified_gmt":"2022-12-20T20:47:30","slug":"candidatos-aos-cargos-de-nivel-superior-do-concurso-para-a-prefeitura-de-ruropolis-sao-convocados-a-prova-de-titulos-no-periodo-de-22-a-25-de-outubro","status":"publish","type":"post","link":"https:\/\/portalfadesp.org.br\/?p=4450","title":{"rendered":"Candidatos aos cargos de n\u00edvel superior do concurso para a prefeitura de Rur\u00f3polis s\u00e3o convocados \u00e0 prova de t\u00edtulos no per\u00edodo de 22 a 25 de outubro."},"content":{"rendered":"\n<p>Os candidatos aos cargos de n\u00edvel superior do <strong><a href=\"https:\/\/portalfadesp.org.br\/?page_id=1279\" target=\"_blank\" rel=\"noreferrer noopener\">concurso para a prefeitura de Rur\u00f3polis (PA) <\/a><\/strong>ter\u00e3o de 22 a 25 de outubro para enviar os documentos a serem utilizados na prova de t\u00edtulos. Somente nesse per\u00edodo ser\u00e1 disponibilizado link na <strong><a href=\"https:\/\/portalfadesp.org.br\/?page_id=1279\" target=\"_blank\" rel=\"noreferrer noopener\">p\u00e1gina oficial de acompanhamento<\/a><\/strong> para que a documenta\u00e7\u00e3o seja enviada de forma online.<\/p>\n\n\n\n<p>O <strong><a href=\"http:\/\/concursos.fadesp.org.br\/pmr2019\/arquivos\/Edital%20n%C2%B0%2003_2019_Convoca%C3%A7%C3%A3o%20a%20Prova%20de%20T%C3%ADtulos%20-%20Cargos%20de%20Professores.pdf\" target=\"_blank\" rel=\"noreferrer noopener\" aria-label=\"edital de convoca\u00e7\u00e3o (abre numa nova aba)\">edital de convoca\u00e7\u00e3o<\/a><\/strong> traz as listas de candidatos, por cargo, que foram aprovados na prova objetiva e se enquadram na quantidade de convoca\u00e7\u00f5es definida no edital. Para cargos com at\u00e9 dez vagas, foram convocados dez vezes esse n\u00famero. Para os com mais de dez vagas, foram convocados cinco vezes esse n\u00famero.<\/p>\n\n\n\n<p>Conforme o\nedital de abertura, o envio da documenta\u00e7\u00e3o ser\u00e1, exclusivamente, via internet.\nAl\u00e9m dos documentos que comprovam os t\u00edtulos apresentados para a pontua\u00e7\u00e3o, os\ncandidatos devem enviar, junto, o diploma de gradua\u00e7\u00e3o ou atestado de conclus\u00e3o\ndo ensino superior acompanhado de hist\u00f3rico escolar.<\/p>\n\n\n\n<p>Os\ncandidatos que n\u00e3o enviarem os documentos ou os enviarem foram do prazo n\u00e3o\npontuar\u00e3o. A lista de documentos necess\u00e1rios \u00e0 comprova\u00e7\u00e3o dos t\u00edtulos \u00e9 informada\nno edital de abertura do concurso.<\/p>\n\n\n\n<p>Os candidatos s\u00e3o orientados a acessar a <strong><a href=\"https:\/\/portalfadesp.org.br\/?page_id=1279\" target=\"_blank\" rel=\"noreferrer noopener\">p\u00e1gina oficial do concurso<\/a><\/strong> para acompanhar os avisos, as convoca\u00e7\u00f5es, os resultados e as demais informa\u00e7\u00f5es do certame.<\/p>\n","protected":false},"excerpt":{"rendered":"<p>Os candidatos aos cargos de n\u00edvel superior do concurso para a prefeitura de Rur\u00f3polis (PA) ter\u00e3o de 22 a 25 de outubro para enviar os documentos a serem utilizados na prova de t\u00edtulos. Somente nesse per\u00edodo ser\u00e1 disponibilizado link na p\u00e1gina oficial de acompanhamento para que a documenta\u00e7\u00e3o seja enviada de forma online. O edital [&hellip;]<\/p>\n","protected":false},"author":11,"featured_media":1913,"comment_status":"open","ping_status":"open","sticky":false,"template":"","format":"standard","meta":{"_monsterinsights_skip_tracking":false,"_monsterinsights_sitenote_active":false,"_monsterinsights_sitenote_note":"","_monsterinsights_sitenote_category":0,"footnotes":""},"categories":[7],"tags":[],"class_list":["post-4450","post","type-post","status-publish","format-standard","has-post-thumbnail","hentry","category-concurso","entry","has-media"],"yoast_head":"<!-- This site is optimized with the Yoast SEO plugin v25.1 - https:\/\/yoast.com\/wordpress\/plugins\/seo\/ -->\n<title>Candidatos aos cargos de n\u00edvel superior do concurso para a prefeitura de Rur\u00f3polis s\u00e3o convocados \u00e0 prova de t\u00edtulos no per\u00edodo de 22 a 25 de outubro. - FADESP<\/title>\n<meta name=\"robots\" content=\"index, follow, max-snippet:-1, max-image-preview:large, max-video-preview:-1\" \/>\n<link rel=\"canonical\" href=\"https:\/\/portalfadesp.org.br\/?p=4450\" \/>\n<meta property=\"og:locale\" content=\"pt_BR\" \/>\n<meta property=\"og:type\" content=\"article\" \/>\n<meta property=\"og:title\" content=\"Candidatos aos cargos de n\u00edvel superior do concurso para a prefeitura de Rur\u00f3polis s\u00e3o convocados \u00e0 prova de t\u00edtulos no per\u00edodo de 22 a 25 de outubro. - FADESP\" \/>\n<meta property=\"og:description\" content=\"Os candidatos aos cargos de n\u00edvel superior do concurso para a prefeitura de Rur\u00f3polis (PA) ter\u00e3o de 22 a 25 de outubro para enviar os documentos a serem utilizados na prova de t\u00edtulos. Somente nesse per\u00edodo ser\u00e1 disponibilizado link na p\u00e1gina oficial de acompanhamento para que a documenta\u00e7\u00e3o seja enviada de forma online. O edital [&hellip;]\" \/>\n<meta property=\"og:url\" content=\"https:\/\/portalfadesp.org.br\/?p=4450\" \/>\n<meta property=\"og:site_name\" content=\"FADESP\" \/>\n<meta property=\"article:publisher\" content=\"https:\/\/www.facebook.com\/Fadesp-138351949524662\/\" \/>\n<meta property=\"article:published_time\" content=\"2019-10-01T12:42:49+00:00\" \/>\n<meta property=\"article:modified_time\" content=\"2022-12-20T20:47:30+00:00\" \/>\n<meta property=\"og:image\" content=\"https:\/\/portalfadesp.org.br\/wp-content\/uploads\/2019\/06\/up_ag_29525_ruropolis.jpg\" \/>\n\t<meta property=\"og:image:width\" content=\"250\" \/>\n\t<meta property=\"og:image:height\" content=\"188\" \/>\n\t<meta property=\"og:image:type\" content=\"image\/jpeg\" \/>\n<meta name=\"author\" content=\"Lorena Filgueiras\" \/>\n<meta name=\"twitter:card\" content=\"summary_large_image\" \/>\n<meta name=\"twitter:creator\" content=\"@Fadesp\" \/>\n<meta name=\"twitter:site\" content=\"@Fadesp\" \/>\n<meta name=\"twitter:label1\" content=\"Escrito por\" \/>\n\t<meta name=\"twitter:data1\" content=\"Lorena Filgueiras\" \/>\n\t<meta name=\"twitter:label2\" content=\"Est. tempo de leitura\" \/>\n\t<meta name=\"twitter:data2\" content=\"1 minuto\" \/>\n<script type=\"application\/ld+json\" class=\"yoast-schema-graph\">{\"@context\":\"https:\/\/schema.org\",\"@graph\":[{\"@type\":\"Article\",\"@id\":\"https:\/\/portalfadesp.org.br\/?p=4450#article\",\"isPartOf\":{\"@id\":\"https:\/\/portalfadesp.org.br\/?p=4450\"},\"author\":{\"name\":\"Lorena Filgueiras\",\"@id\":\"https:\/\/portalfadesp.org.br\/#\/schema\/person\/c1fa9db0c87dc412d1568e0e5e27be9c\"},\"headline\":\"Candidatos aos cargos de n\u00edvel superior do concurso para a prefeitura de Rur\u00f3polis s\u00e3o convocados \u00e0 prova de t\u00edtulos no per\u00edodo de 22 a 25 de outubro.\",\"datePublished\":\"2019-10-01T12:42:49+00:00\",\"dateModified\":\"2022-12-20T20:47:30+00:00\",\"mainEntityOfPage\":{\"@id\":\"https:\/\/portalfadesp.org.br\/?p=4450\"},\"wordCount\":259,\"commentCount\":0,\"publisher\":{\"@id\":\"https:\/\/portalfadesp.org.br\/#organization\"},\"image\":{\"@id\":\"https:\/\/portalfadesp.org.br\/?p=4450#primaryimage\"},\"thumbnailUrl\":\"https:\/\/portalfadesp.org.br\/wp-content\/uploads\/2019\/06\/up_ag_29525_ruropolis.jpg\",\"articleSection\":[\"Concurso\"],\"inLanguage\":\"pt-BR\"},{\"@type\":\"WebPage\",\"@id\":\"https:\/\/portalfadesp.org.br\/?p=4450\",\"url\":\"https:\/\/portalfadesp.org.br\/?p=4450\",\"name\":\"Candidatos aos cargos de n\u00edvel superior do concurso para a prefeitura de Rur\u00f3polis s\u00e3o convocados \u00e0 prova de t\u00edtulos no per\u00edodo de 22 a 25 de outubro. - FADESP\",\"isPartOf\":{\"@id\":\"https:\/\/portalfadesp.org.br\/#website\"},\"primaryImageOfPage\":{\"@id\":\"https:\/\/portalfadesp.org.br\/?p=4450#primaryimage\"},\"image\":{\"@id\":\"https:\/\/portalfadesp.org.br\/?p=4450#primaryimage\"},\"thumbnailUrl\":\"https:\/\/portalfadesp.org.br\/wp-content\/uploads\/2019\/06\/up_ag_29525_ruropolis.jpg\",\"datePublished\":\"2019-10-01T12:42:49+00:00\",\"dateModified\":\"2022-12-20T20:47:30+00:00\",\"breadcrumb\":{\"@id\":\"https:\/\/portalfadesp.org.br\/?p=4450#breadcrumb\"},\"inLanguage\":\"pt-BR\",\"potentialAction\":[{\"@type\":\"ReadAction\",\"target\":[\"https:\/\/portalfadesp.org.br\/?p=4450\"]}]},{\"@type\":\"ImageObject\",\"inLanguage\":\"pt-BR\",\"@id\":\"https:\/\/portalfadesp.org.br\/?p=4450#primaryimage\",\"url\":\"https:\/\/portalfadesp.org.br\/wp-content\/uploads\/2019\/06\/up_ag_29525_ruropolis.jpg\",\"contentUrl\":\"https:\/\/portalfadesp.org.br\/wp-content\/uploads\/2019\/06\/up_ag_29525_ruropolis.jpg\",\"width\":250,\"height\":188},{\"@type\":\"BreadcrumbList\",\"@id\":\"https:\/\/portalfadesp.org.br\/?p=4450#breadcrumb\",\"itemListElement\":[{\"@type\":\"ListItem\",\"position\":1,\"name\":\"In\u00edcio\",\"item\":\"https:\/\/portalfadesp.org.br\/\"},{\"@type\":\"ListItem\",\"position\":2,\"name\":\"Candidatos aos cargos de n\u00edvel superior do concurso para a prefeitura de Rur\u00f3polis s\u00e3o convocados \u00e0 prova de t\u00edtulos no per\u00edodo de 22 a 25 de outubro.\"}]},{\"@type\":\"WebSite\",\"@id\":\"https:\/\/portalfadesp.org.br\/#website\",\"url\":\"https:\/\/portalfadesp.org.br\/\",\"name\":\"FADESP\",\"description\":\"Funda\u00e7\u00e3o de Amparo e Desenvolvimento da Pesquisa\",\"publisher\":{\"@id\":\"https:\/\/portalfadesp.org.br\/#organization\"},\"potentialAction\":[{\"@type\":\"SearchAction\",\"target\":{\"@type\":\"EntryPoint\",\"urlTemplate\":\"https:\/\/portalfadesp.org.br\/?s={search_term_string}\"},\"query-input\":{\"@type\":\"PropertyValueSpecification\",\"valueRequired\":true,\"valueName\":\"search_term_string\"}}],\"inLanguage\":\"pt-BR\"},{\"@type\":\"Organization\",\"@id\":\"https:\/\/portalfadesp.org.br\/#organization\",\"name\":\"FADESP\",\"url\":\"https:\/\/portalfadesp.org.br\/\",\"logo\":{\"@type\":\"ImageObject\",\"inLanguage\":\"pt-BR\",\"@id\":\"https:\/\/portalfadesp.org.br\/#\/schema\/logo\/image\/\",\"url\":\"https:\/\/portalfadesp.org.br\/wp-content\/uploads\/2024\/01\/NOVOLOGOFADESPlaranjaH.png\",\"contentUrl\":\"https:\/\/portalfadesp.org.br\/wp-content\/uploads\/2024\/01\/NOVOLOGOFADESPlaranjaH.png\",\"width\":2742,\"height\":839,\"caption\":\"FADESP\"},\"image\":{\"@id\":\"https:\/\/portalfadesp.org.br\/#\/schema\/logo\/image\/\"},\"sameAs\":[\"https:\/\/www.facebook.com\/Fadesp-138351949524662\/\",\"https:\/\/x.com\/Fadesp\",\"https:\/\/www.instagram.com\/fadesp_ufpa\/\",\"https:\/\/www.youtube.com\/@fundacaodeamparoedesenvolv1903\",\"https:\/\/www.threads.net\/@fadesp_ufpa\"]},{\"@type\":\"Person\",\"@id\":\"https:\/\/portalfadesp.org.br\/#\/schema\/person\/c1fa9db0c87dc412d1568e0e5e27be9c\",\"name\":\"Lorena Filgueiras\",\"image\":{\"@type\":\"ImageObject\",\"inLanguage\":\"pt-BR\",\"@id\":\"https:\/\/portalfadesp.org.br\/#\/schema\/person\/image\/\",\"url\":\"https:\/\/secure.gravatar.com\/avatar\/37390a2dfe1325c2917fc5f6df471abe8ab753cf23b2d14690f57bd61ab4b7cf?s=96&d=mm&r=g\",\"contentUrl\":\"https:\/\/secure.gravatar.com\/avatar\/37390a2dfe1325c2917fc5f6df471abe8ab753cf23b2d14690f57bd61ab4b7cf?s=96&d=mm&r=g\",\"caption\":\"Lorena Filgueiras\"},\"url\":\"https:\/\/portalfadesp.org.br\/?author=11\"}]}<\/script>\n<!-- \/ Yoast SEO plugin. -->","yoast_head_json":{"title":"Candidatos aos cargos de n\u00edvel superior do concurso para a prefeitura de Rur\u00f3polis s\u00e3o convocados \u00e0 prova de t\u00edtulos no per\u00edodo de 22 a 25 de outubro. - FADESP","robots":{"index":"index","follow":"follow","max-snippet":"max-snippet:-1","max-image-preview":"max-image-preview:large","max-video-preview":"max-video-preview:-1"},"canonical":"https:\/\/portalfadesp.org.br\/?p=4450","og_locale":"pt_BR","og_type":"article","og_title":"Candidatos aos cargos de n\u00edvel superior do concurso para a prefeitura de Rur\u00f3polis s\u00e3o convocados \u00e0 prova de t\u00edtulos no per\u00edodo de 22 a 25 de outubro. - FADESP","og_description":"Os candidatos aos cargos de n\u00edvel superior do concurso para a prefeitura de Rur\u00f3polis (PA) ter\u00e3o de 22 a 25 de outubro para enviar os documentos a serem utilizados na prova de t\u00edtulos. Somente nesse per\u00edodo ser\u00e1 disponibilizado link na p\u00e1gina oficial de acompanhamento para que a documenta\u00e7\u00e3o seja enviada de forma online. O edital [&hellip;]","og_url":"https:\/\/portalfadesp.org.br\/?p=4450","og_site_name":"FADESP","article_publisher":"https:\/\/www.facebook.com\/Fadesp-138351949524662\/","article_published_time":"2019-10-01T12:42:49+00:00","article_modified_time":"2022-12-20T20:47:30+00:00","og_image":[{"width":250,"height":188,"url":"https:\/\/portalfadesp.org.br\/wp-content\/uploads\/2019\/06\/up_ag_29525_ruropolis.jpg","type":"image\/jpeg"}],"author":"Lorena Filgueiras","twitter_card":"summary_large_image","twitter_creator":"@Fadesp","twitter_site":"@Fadesp","twitter_misc":{"Escrito por":"Lorena Filgueiras","Est. tempo de leitura":"1 minuto"},"schema":{"@context":"https:\/\/schema.org","@graph":[{"@type":"Article","@id":"https:\/\/portalfadesp.org.br\/?p=4450#article","isPartOf":{"@id":"https:\/\/portalfadesp.org.br\/?p=4450"},"author":{"name":"Lorena Filgueiras","@id":"https:\/\/portalfadesp.org.br\/#\/schema\/person\/c1fa9db0c87dc412d1568e0e5e27be9c"},"headline":"Candidatos aos cargos de n\u00edvel superior do concurso para a prefeitura de Rur\u00f3polis s\u00e3o convocados \u00e0 prova de t\u00edtulos no per\u00edodo de 22 a 25 de outubro.","datePublished":"2019-10-01T12:42:49+00:00","dateModified":"2022-12-20T20:47:30+00:00","mainEntityOfPage":{"@id":"https:\/\/portalfadesp.org.br\/?p=4450"},"wordCount":259,"commentCount":0,"publisher":{"@id":"https:\/\/portalfadesp.org.br\/#organization"},"image":{"@id":"https:\/\/portalfadesp.org.br\/?p=4450#primaryimage"},"thumbnailUrl":"https:\/\/portalfadesp.org.br\/wp-content\/uploads\/2019\/06\/up_ag_29525_ruropolis.jpg","articleSection":["Concurso"],"inLanguage":"pt-BR"},{"@type":"WebPage","@id":"https:\/\/portalfadesp.org.br\/?p=4450","url":"https:\/\/portalfadesp.org.br\/?p=4450","name":"Candidatos aos cargos de n\u00edvel superior do concurso para a prefeitura de Rur\u00f3polis s\u00e3o convocados \u00e0 prova de t\u00edtulos no per\u00edodo de 22 a 25 de outubro. - FADESP","isPartOf":{"@id":"https:\/\/portalfadesp.org.br\/#website"},"primaryImageOfPage":{"@id":"https:\/\/portalfadesp.org.br\/?p=4450#primaryimage"},"image":{"@id":"https:\/\/portalfadesp.org.br\/?p=4450#primaryimage"},"thumbnailUrl":"https:\/\/portalfadesp.org.br\/wp-content\/uploads\/2019\/06\/up_ag_29525_ruropolis.jpg","datePublished":"2019-10-01T12:42:49+00:00","dateModified":"2022-12-20T20:47:30+00:00","breadcrumb":{"@id":"https:\/\/portalfadesp.org.br\/?p=4450#breadcrumb"},"inLanguage":"pt-BR","potentialAction":[{"@type":"ReadAction","target":["https:\/\/portalfadesp.org.br\/?p=4450"]}]},{"@type":"ImageObject","inLanguage":"pt-BR","@id":"https:\/\/portalfadesp.org.br\/?p=4450#primaryimage","url":"https:\/\/portalfadesp.org.br\/wp-content\/uploads\/2019\/06\/up_ag_29525_ruropolis.jpg","contentUrl":"https:\/\/portalfadesp.org.br\/wp-content\/uploads\/2019\/06\/up_ag_29525_ruropolis.jpg","width":250,"height":188},{"@type":"BreadcrumbList","@id":"https:\/\/portalfadesp.org.br\/?p=4450#breadcrumb","itemListElement":[{"@type":"ListItem","position":1,"name":"In\u00edcio","item":"https:\/\/portalfadesp.org.br\/"},{"@type":"ListItem","position":2,"name":"Candidatos aos cargos de n\u00edvel superior do concurso para a prefeitura de Rur\u00f3polis s\u00e3o convocados \u00e0 prova de t\u00edtulos no per\u00edodo de 22 a 25 de outubro."}]},{"@type":"WebSite","@id":"https:\/\/portalfadesp.org.br\/#website","url":"https:\/\/portalfadesp.org.br\/","name":"FADESP","description":"Funda\u00e7\u00e3o de Amparo e Desenvolvimento da Pesquisa","publisher":{"@id":"https:\/\/portalfadesp.org.br\/#organization"},"potentialAction":[{"@type":"SearchAction","target":{"@type":"EntryPoint","urlTemplate":"https:\/\/portalfadesp.org.br\/?s={search_term_string}"},"query-input":{"@type":"PropertyValueSpecification","valueRequired":true,"valueName":"search_term_string"}}],"inLanguage":"pt-BR"},{"@type":"Organization","@id":"https:\/\/portalfadesp.org.br\/#organization","name":"FADESP","url":"https:\/\/portalfadesp.org.br\/","logo":{"@type":"ImageObject","inLanguage":"pt-BR","@id":"https:\/\/portalfadesp.org.br\/#\/schema\/logo\/image\/","url":"https:\/\/portalfadesp.org.br\/wp-content\/uploads\/2024\/01\/NOVOLOGOFADESPlaranjaH.png","contentUrl":"https:\/\/portalfadesp.org.br\/wp-content\/uploads\/2024\/01\/NOVOLOGOFADESPlaranjaH.png","width":2742,"height":839,"caption":"FADESP"},"image":{"@id":"https:\/\/portalfadesp.org.br\/#\/schema\/logo\/image\/"},"sameAs":["https:\/\/www.facebook.com\/Fadesp-138351949524662\/","https:\/\/x.com\/Fadesp","https:\/\/www.instagram.com\/fadesp_ufpa\/","https:\/\/www.youtube.com\/@fundacaodeamparoedesenvolv1903","https:\/\/www.threads.net\/@fadesp_ufpa"]},{"@type":"Person","@id":"https:\/\/portalfadesp.org.br\/#\/schema\/person\/c1fa9db0c87dc412d1568e0e5e27be9c","name":"Lorena Filgueiras","image":{"@type":"ImageObject","inLanguage":"pt-BR","@id":"https:\/\/portalfadesp.org.br\/#\/schema\/person\/image\/","url":"https:\/\/secure.gravatar.com\/avatar\/37390a2dfe1325c2917fc5f6df471abe8ab753cf23b2d14690f57bd61ab4b7cf?s=96&d=mm&r=g","contentUrl":"https:\/\/secure.gravatar.com\/avatar\/37390a2dfe1325c2917fc5f6df471abe8ab753cf23b2d14690f57bd61ab4b7cf?s=96&d=mm&r=g","caption":"Lorena Filgueiras"},"url":"https:\/\/portalfadesp.org.br\/?author=11"}]}},"_links":{"self":[{"href":"https:\/\/portalfadesp.org.br\/index.php?rest_route=\/wp\/v2\/posts\/4450","targetHints":{"allow":["GET"]}}],"collection":[{"href":"https:\/\/portalfadesp.org.br\/index.php?rest_route=\/wp\/v2\/posts"}],"about":[{"href":"https:\/\/portalfadesp.org.br\/index.php?rest_route=\/wp\/v2\/types\/post"}],"author":[{"embeddable":true,"href":"https:\/\/portalfadesp.org.br\/index.php?rest_route=\/wp\/v2\/users\/11"}],"replies":[{"embeddable":true,"href":"https:\/\/portalfadesp.org.br\/index.php?rest_route=%2Fwp%2Fv2%2Fcomments&post=4450"}],"version-history":[{"count":3,"href":"https:\/\/portalfadesp.org.br\/index.php?rest_route=\/wp\/v2\/posts\/4450\/revisions"}],"predecessor-version":[{"id":37818,"href":"https:\/\/portalfadesp.org.br\/index.php?rest_route=\/wp\/v2\/posts\/4450\/revisions\/37818"}],"wp:featuredmedia":[{"embeddable":true,"href":"https:\/\/portalfadesp.org.br\/index.php?rest_route=\/wp\/v2\/media\/1913"}],"wp:attachment":[{"href":"https:\/\/portalfadesp.org.br\/index.php?rest_route=%2Fwp%2Fv2%2Fmedia&parent=4450"}],"wp:term":[{"taxonomy":"category","embeddable":true,"href":"https:\/\/portalfadesp.org.br\/index.php?rest_route=%2Fwp%2Fv2%2Fcategories&post=4450"},{"taxonomy":"post_tag","embeddable":true,"href":"https:\/\/portalfadesp.org.br\/index.php?rest_route=%2Fwp%2Fv2%2Ftags&post=4450"}],"curies":[{"name":"wp","href":"https:\/\/api.w.org\/{rel}","templated":true}]}}