{"id":4178,"date":"2019-09-20T10:25:54","date_gmt":"2019-09-20T13:25:54","guid":{"rendered":"https:\/\/162.215.13.167?p=4178"},"modified":"2022-12-20T17:47:23","modified_gmt":"2022-12-20T20:47:23","slug":"faculdade-de-servico-social-da-ufpa-oferta-60-vagas-para-especializacao-em-politicas-publicas-e-sociedade-inscricoes-reabertas-de-23-de-setembro-e-a-23-de-outubro","status":"publish","type":"post","link":"https:\/\/portalfadesp.org.br\/?p=4178","title":{"rendered":"Faculdade de Servi\u00e7o Social da UFPA oferta 60 vagas para especializa\u00e7\u00e3o em Pol\u00edticas P\u00fablicas e Sociedade. Inscri\u00e7\u00f5es reabertas de 23 de setembro e a 23 de outubro."},"content":{"rendered":"\n<p>A Faculdade de Servi\u00e7o Social (FASS) da Universidade Federal do Par\u00e1 (UFPA) abriu sele\u00e7\u00e3o para a especializa\u00e7\u00e3o em Pol\u00edticas P\u00fablicas e Sociedade. Das 60 vagas ofertadas, 30% ser\u00e3o destinadas \u00e0 demanda social. As inscri\u00e7\u00f5es ser\u00e3o reabertas no per\u00edodo de 23 de setembro a 23 de outubro, na secretaria do Instituto de Ci\u00eancias Sociais Aplicadas, no campus da UFPA, em Bel\u00e9m. Todas as regras e formul\u00e1rios est\u00e3o no <strong><a href=\"..\/wp-content\/uploads\/2019\/09\/Selec\u0327a\u0303o-ao-Curso-de-Especializac\u0327a\u0303o-POLI\u0301TICAS-PU\u0301BLICAS-E-SOCIEDADE-prorroga\u00e7\u00e3o.pdf\" target=\"_blank\" rel=\"noreferrer noopener\">edital.<\/a><\/strong><\/p>\n\n\n\n<p>O curso \u00e9 destinado a profissionais das ci\u00eancias sociais aplicadas e \u00e1reas afins que atuam nas pol\u00edticas p\u00fablicas ou que desejam desempenhar atividades em programas e projetos desenvolvidos nas diferentes pol\u00edticas setoriais. A carga hor\u00e1ria de 360 horas ser\u00e1 cumprida em regime presencial, a partir de novembro de 2019.<\/p>\n\n\n\n<p>Os candidatos que concorrer\u00e3o \u00e0 demanda social devem comprovar\nrenda familiar de at\u00e9 dois sal\u00e1rios m\u00ednimos e ter pelo menos dois anos de\ngraduado. Tamb\u00e9m ser\u00e3o contemplados os que comprovarem ter recebido bolsa\nintegral ou parcial para cursar a gradua\u00e7\u00e3o.<\/p>\n\n\n\n<p>A documenta\u00e7\u00e3o exigida tanto para a demanda ampla quanto para a social \u00e9 detalhada no edital, assim como os formul\u00e1rios a serem preenchidos e entregues no ICSA. Em caso de d\u00favida, o candidato deve contactar a coordena\u00e7\u00e3o pelos telefones (91) 98895-4058 \/ 98296-7711.<\/p>\n\n\n\n<p>A sele\u00e7\u00e3o dos candidatos ser\u00e1 realizada atrav\u00e9s da an\u00e1lise da documenta\u00e7\u00e3o e do pr\u00e9-projeto, al\u00e9m de entrevista. Para a demanda social, o processo seletivo ser\u00e1 nos dias 24 e 25 de outubro, enquanto a ampla concorr\u00eancia far\u00e1 as etapas de 25 a 29. O resultado dever\u00e1 ser divulgado de 29 a 31 de outubro.<\/p>\n\n\n\n<p>Como\n\u00e9 autofinanciado, o curso exige investimento de R$ 6.500\npago em dezoito parcelas de R$ 350,00, mais taxa de matr\u00edcula, de R$ 200,00.<\/p>\n","protected":false},"excerpt":{"rendered":"<p>A Faculdade de Servi\u00e7o Social (FASS) da Universidade Federal do Par\u00e1 (UFPA) abriu sele\u00e7\u00e3o para a especializa\u00e7\u00e3o em Pol\u00edticas P\u00fablicas e Sociedade. Das 60 vagas ofertadas, 30% ser\u00e3o destinadas \u00e0 demanda social. As inscri\u00e7\u00f5es ser\u00e3o reabertas no per\u00edodo de 23 de setembro a 23 de outubro, na secretaria do Instituto de Ci\u00eancias Sociais Aplicadas, no [&hellip;]<\/p>\n","protected":false},"author":11,"featured_media":3639,"comment_status":"open","ping_status":"open","sticky":false,"template":"","format":"standard","meta":{"_monsterinsights_skip_tracking":false,"_monsterinsights_sitenote_active":false,"_monsterinsights_sitenote_note":"","_monsterinsights_sitenote_category":0,"footnotes":""},"categories":[83],"tags":[],"class_list":["post-4178","post","type-post","status-publish","format-standard","has-post-thumbnail","hentry","category-ufpa","entry","has-media"],"yoast_head":"<!-- This site is optimized with the Yoast SEO plugin v25.1 - https:\/\/yoast.com\/wordpress\/plugins\/seo\/ -->\n<title>Faculdade de Servi\u00e7o Social da UFPA oferta 60 vagas para especializa\u00e7\u00e3o em Pol\u00edticas P\u00fablicas e Sociedade. Inscri\u00e7\u00f5es reabertas de 23 de setembro e a 23 de outubro. - FADESP<\/title>\n<meta name=\"robots\" content=\"index, follow, max-snippet:-1, max-image-preview:large, max-video-preview:-1\" \/>\n<link rel=\"canonical\" href=\"https:\/\/portalfadesp.org.br\/?p=4178\" \/>\n<meta property=\"og:locale\" content=\"pt_BR\" \/>\n<meta property=\"og:type\" content=\"article\" \/>\n<meta property=\"og:title\" content=\"Faculdade de Servi\u00e7o Social da UFPA oferta 60 vagas para especializa\u00e7\u00e3o em Pol\u00edticas P\u00fablicas e Sociedade. Inscri\u00e7\u00f5es reabertas de 23 de setembro e a 23 de outubro. - FADESP\" \/>\n<meta property=\"og:description\" content=\"A Faculdade de Servi\u00e7o Social (FASS) da Universidade Federal do Par\u00e1 (UFPA) abriu sele\u00e7\u00e3o para a especializa\u00e7\u00e3o em Pol\u00edticas P\u00fablicas e Sociedade. Das 60 vagas ofertadas, 30% ser\u00e3o destinadas \u00e0 demanda social. As inscri\u00e7\u00f5es ser\u00e3o reabertas no per\u00edodo de 23 de setembro a 23 de outubro, na secretaria do Instituto de Ci\u00eancias Sociais Aplicadas, no [&hellip;]\" \/>\n<meta property=\"og:url\" content=\"https:\/\/portalfadesp.org.br\/?p=4178\" \/>\n<meta property=\"og:site_name\" content=\"FADESP\" \/>\n<meta property=\"article:publisher\" content=\"https:\/\/www.facebook.com\/Fadesp-138351949524662\/\" \/>\n<meta property=\"article:published_time\" content=\"2019-09-20T13:25:54+00:00\" \/>\n<meta property=\"article:modified_time\" content=\"2022-12-20T20:47:23+00:00\" \/>\n<meta property=\"og:image\" content=\"https:\/\/portalfadesp.org.br\/wp-content\/uploads\/2019\/08\/ICSA.jpg\" \/>\n\t<meta property=\"og:image:width\" content=\"816\" \/>\n\t<meta property=\"og:image:height\" content=\"612\" \/>\n\t<meta property=\"og:image:type\" content=\"image\/jpeg\" \/>\n<meta name=\"author\" content=\"Lorena Filgueiras\" \/>\n<meta name=\"twitter:card\" content=\"summary_large_image\" \/>\n<meta name=\"twitter:creator\" content=\"@Fadesp\" \/>\n<meta name=\"twitter:site\" content=\"@Fadesp\" \/>\n<meta name=\"twitter:label1\" content=\"Escrito por\" \/>\n\t<meta name=\"twitter:data1\" content=\"Lorena Filgueiras\" \/>\n\t<meta name=\"twitter:label2\" content=\"Est. tempo de leitura\" \/>\n\t<meta name=\"twitter:data2\" content=\"1 minuto\" \/>\n<script type=\"application\/ld+json\" class=\"yoast-schema-graph\">{\"@context\":\"https:\/\/schema.org\",\"@graph\":[{\"@type\":\"Article\",\"@id\":\"https:\/\/portalfadesp.org.br\/?p=4178#article\",\"isPartOf\":{\"@id\":\"https:\/\/portalfadesp.org.br\/?p=4178\"},\"author\":{\"name\":\"Lorena Filgueiras\",\"@id\":\"https:\/\/portalfadesp.org.br\/#\/schema\/person\/c1fa9db0c87dc412d1568e0e5e27be9c\"},\"headline\":\"Faculdade de Servi\u00e7o Social da UFPA oferta 60 vagas para especializa\u00e7\u00e3o em Pol\u00edticas P\u00fablicas e Sociedade. Inscri\u00e7\u00f5es reabertas de 23 de setembro e a 23 de outubro.\",\"datePublished\":\"2019-09-20T13:25:54+00:00\",\"dateModified\":\"2022-12-20T20:47:23+00:00\",\"mainEntityOfPage\":{\"@id\":\"https:\/\/portalfadesp.org.br\/?p=4178\"},\"wordCount\":321,\"commentCount\":0,\"publisher\":{\"@id\":\"https:\/\/portalfadesp.org.br\/#organization\"},\"image\":{\"@id\":\"https:\/\/portalfadesp.org.br\/?p=4178#primaryimage\"},\"thumbnailUrl\":\"https:\/\/portalfadesp.org.br\/wp-content\/uploads\/2019\/08\/ICSA.jpg\",\"articleSection\":[\"UFPA\"],\"inLanguage\":\"pt-BR\"},{\"@type\":\"WebPage\",\"@id\":\"https:\/\/portalfadesp.org.br\/?p=4178\",\"url\":\"https:\/\/portalfadesp.org.br\/?p=4178\",\"name\":\"Faculdade de Servi\u00e7o Social da UFPA oferta 60 vagas para especializa\u00e7\u00e3o em Pol\u00edticas P\u00fablicas e Sociedade. Inscri\u00e7\u00f5es reabertas de 23 de setembro e a 23 de outubro. - FADESP\",\"isPartOf\":{\"@id\":\"https:\/\/portalfadesp.org.br\/#website\"},\"primaryImageOfPage\":{\"@id\":\"https:\/\/portalfadesp.org.br\/?p=4178#primaryimage\"},\"image\":{\"@id\":\"https:\/\/portalfadesp.org.br\/?p=4178#primaryimage\"},\"thumbnailUrl\":\"https:\/\/portalfadesp.org.br\/wp-content\/uploads\/2019\/08\/ICSA.jpg\",\"datePublished\":\"2019-09-20T13:25:54+00:00\",\"dateModified\":\"2022-12-20T20:47:23+00:00\",\"breadcrumb\":{\"@id\":\"https:\/\/portalfadesp.org.br\/?p=4178#breadcrumb\"},\"inLanguage\":\"pt-BR\",\"potentialAction\":[{\"@type\":\"ReadAction\",\"target\":[\"https:\/\/portalfadesp.org.br\/?p=4178\"]}]},{\"@type\":\"ImageObject\",\"inLanguage\":\"pt-BR\",\"@id\":\"https:\/\/portalfadesp.org.br\/?p=4178#primaryimage\",\"url\":\"https:\/\/portalfadesp.org.br\/wp-content\/uploads\/2019\/08\/ICSA.jpg\",\"contentUrl\":\"https:\/\/portalfadesp.org.br\/wp-content\/uploads\/2019\/08\/ICSA.jpg\",\"width\":816,\"height\":612},{\"@type\":\"BreadcrumbList\",\"@id\":\"https:\/\/portalfadesp.org.br\/?p=4178#breadcrumb\",\"itemListElement\":[{\"@type\":\"ListItem\",\"position\":1,\"name\":\"In\u00edcio\",\"item\":\"https:\/\/portalfadesp.org.br\/\"},{\"@type\":\"ListItem\",\"position\":2,\"name\":\"Faculdade de Servi\u00e7o Social da UFPA oferta 60 vagas para especializa\u00e7\u00e3o em Pol\u00edticas P\u00fablicas e Sociedade. Inscri\u00e7\u00f5es reabertas de 23 de setembro e a 23 de outubro.\"}]},{\"@type\":\"WebSite\",\"@id\":\"https:\/\/portalfadesp.org.br\/#website\",\"url\":\"https:\/\/portalfadesp.org.br\/\",\"name\":\"FADESP\",\"description\":\"Funda\u00e7\u00e3o de Amparo e Desenvolvimento da Pesquisa\",\"publisher\":{\"@id\":\"https:\/\/portalfadesp.org.br\/#organization\"},\"potentialAction\":[{\"@type\":\"SearchAction\",\"target\":{\"@type\":\"EntryPoint\",\"urlTemplate\":\"https:\/\/portalfadesp.org.br\/?s={search_term_string}\"},\"query-input\":{\"@type\":\"PropertyValueSpecification\",\"valueRequired\":true,\"valueName\":\"search_term_string\"}}],\"inLanguage\":\"pt-BR\"},{\"@type\":\"Organization\",\"@id\":\"https:\/\/portalfadesp.org.br\/#organization\",\"name\":\"FADESP\",\"url\":\"https:\/\/portalfadesp.org.br\/\",\"logo\":{\"@type\":\"ImageObject\",\"inLanguage\":\"pt-BR\",\"@id\":\"https:\/\/portalfadesp.org.br\/#\/schema\/logo\/image\/\",\"url\":\"https:\/\/portalfadesp.org.br\/wp-content\/uploads\/2024\/01\/NOVOLOGOFADESPlaranjaH.png\",\"contentUrl\":\"https:\/\/portalfadesp.org.br\/wp-content\/uploads\/2024\/01\/NOVOLOGOFADESPlaranjaH.png\",\"width\":2742,\"height\":839,\"caption\":\"FADESP\"},\"image\":{\"@id\":\"https:\/\/portalfadesp.org.br\/#\/schema\/logo\/image\/\"},\"sameAs\":[\"https:\/\/www.facebook.com\/Fadesp-138351949524662\/\",\"https:\/\/x.com\/Fadesp\",\"https:\/\/www.instagram.com\/fadesp_ufpa\/\",\"https:\/\/www.youtube.com\/@fundacaodeamparoedesenvolv1903\",\"https:\/\/www.threads.net\/@fadesp_ufpa\"]},{\"@type\":\"Person\",\"@id\":\"https:\/\/portalfadesp.org.br\/#\/schema\/person\/c1fa9db0c87dc412d1568e0e5e27be9c\",\"name\":\"Lorena Filgueiras\",\"image\":{\"@type\":\"ImageObject\",\"inLanguage\":\"pt-BR\",\"@id\":\"https:\/\/portalfadesp.org.br\/#\/schema\/person\/image\/\",\"url\":\"https:\/\/secure.gravatar.com\/avatar\/37390a2dfe1325c2917fc5f6df471abe8ab753cf23b2d14690f57bd61ab4b7cf?s=96&d=mm&r=g\",\"contentUrl\":\"https:\/\/secure.gravatar.com\/avatar\/37390a2dfe1325c2917fc5f6df471abe8ab753cf23b2d14690f57bd61ab4b7cf?s=96&d=mm&r=g\",\"caption\":\"Lorena Filgueiras\"},\"url\":\"https:\/\/portalfadesp.org.br\/?author=11\"}]}<\/script>\n<!-- \/ Yoast SEO plugin. -->","yoast_head_json":{"title":"Faculdade de Servi\u00e7o Social da UFPA oferta 60 vagas para especializa\u00e7\u00e3o em Pol\u00edticas P\u00fablicas e Sociedade. Inscri\u00e7\u00f5es reabertas de 23 de setembro e a 23 de outubro. - FADESP","robots":{"index":"index","follow":"follow","max-snippet":"max-snippet:-1","max-image-preview":"max-image-preview:large","max-video-preview":"max-video-preview:-1"},"canonical":"https:\/\/portalfadesp.org.br\/?p=4178","og_locale":"pt_BR","og_type":"article","og_title":"Faculdade de Servi\u00e7o Social da UFPA oferta 60 vagas para especializa\u00e7\u00e3o em Pol\u00edticas P\u00fablicas e Sociedade. Inscri\u00e7\u00f5es reabertas de 23 de setembro e a 23 de outubro. - FADESP","og_description":"A Faculdade de Servi\u00e7o Social (FASS) da Universidade Federal do Par\u00e1 (UFPA) abriu sele\u00e7\u00e3o para a especializa\u00e7\u00e3o em Pol\u00edticas P\u00fablicas e Sociedade. Das 60 vagas ofertadas, 30% ser\u00e3o destinadas \u00e0 demanda social. As inscri\u00e7\u00f5es ser\u00e3o reabertas no per\u00edodo de 23 de setembro a 23 de outubro, na secretaria do Instituto de Ci\u00eancias Sociais Aplicadas, no [&hellip;]","og_url":"https:\/\/portalfadesp.org.br\/?p=4178","og_site_name":"FADESP","article_publisher":"https:\/\/www.facebook.com\/Fadesp-138351949524662\/","article_published_time":"2019-09-20T13:25:54+00:00","article_modified_time":"2022-12-20T20:47:23+00:00","og_image":[{"width":816,"height":612,"url":"https:\/\/portalfadesp.org.br\/wp-content\/uploads\/2019\/08\/ICSA.jpg","type":"image\/jpeg"}],"author":"Lorena Filgueiras","twitter_card":"summary_large_image","twitter_creator":"@Fadesp","twitter_site":"@Fadesp","twitter_misc":{"Escrito por":"Lorena Filgueiras","Est. tempo de leitura":"1 minuto"},"schema":{"@context":"https:\/\/schema.org","@graph":[{"@type":"Article","@id":"https:\/\/portalfadesp.org.br\/?p=4178#article","isPartOf":{"@id":"https:\/\/portalfadesp.org.br\/?p=4178"},"author":{"name":"Lorena Filgueiras","@id":"https:\/\/portalfadesp.org.br\/#\/schema\/person\/c1fa9db0c87dc412d1568e0e5e27be9c"},"headline":"Faculdade de Servi\u00e7o Social da UFPA oferta 60 vagas para especializa\u00e7\u00e3o em Pol\u00edticas P\u00fablicas e Sociedade. Inscri\u00e7\u00f5es reabertas de 23 de setembro e a 23 de outubro.","datePublished":"2019-09-20T13:25:54+00:00","dateModified":"2022-12-20T20:47:23+00:00","mainEntityOfPage":{"@id":"https:\/\/portalfadesp.org.br\/?p=4178"},"wordCount":321,"commentCount":0,"publisher":{"@id":"https:\/\/portalfadesp.org.br\/#organization"},"image":{"@id":"https:\/\/portalfadesp.org.br\/?p=4178#primaryimage"},"thumbnailUrl":"https:\/\/portalfadesp.org.br\/wp-content\/uploads\/2019\/08\/ICSA.jpg","articleSection":["UFPA"],"inLanguage":"pt-BR"},{"@type":"WebPage","@id":"https:\/\/portalfadesp.org.br\/?p=4178","url":"https:\/\/portalfadesp.org.br\/?p=4178","name":"Faculdade de Servi\u00e7o Social da UFPA oferta 60 vagas para especializa\u00e7\u00e3o em Pol\u00edticas P\u00fablicas e Sociedade. Inscri\u00e7\u00f5es reabertas de 23 de setembro e a 23 de outubro. - FADESP","isPartOf":{"@id":"https:\/\/portalfadesp.org.br\/#website"},"primaryImageOfPage":{"@id":"https:\/\/portalfadesp.org.br\/?p=4178#primaryimage"},"image":{"@id":"https:\/\/portalfadesp.org.br\/?p=4178#primaryimage"},"thumbnailUrl":"https:\/\/portalfadesp.org.br\/wp-content\/uploads\/2019\/08\/ICSA.jpg","datePublished":"2019-09-20T13:25:54+00:00","dateModified":"2022-12-20T20:47:23+00:00","breadcrumb":{"@id":"https:\/\/portalfadesp.org.br\/?p=4178#breadcrumb"},"inLanguage":"pt-BR","potentialAction":[{"@type":"ReadAction","target":["https:\/\/portalfadesp.org.br\/?p=4178"]}]},{"@type":"ImageObject","inLanguage":"pt-BR","@id":"https:\/\/portalfadesp.org.br\/?p=4178#primaryimage","url":"https:\/\/portalfadesp.org.br\/wp-content\/uploads\/2019\/08\/ICSA.jpg","contentUrl":"https:\/\/portalfadesp.org.br\/wp-content\/uploads\/2019\/08\/ICSA.jpg","width":816,"height":612},{"@type":"BreadcrumbList","@id":"https:\/\/portalfadesp.org.br\/?p=4178#breadcrumb","itemListElement":[{"@type":"ListItem","position":1,"name":"In\u00edcio","item":"https:\/\/portalfadesp.org.br\/"},{"@type":"ListItem","position":2,"name":"Faculdade de Servi\u00e7o Social da UFPA oferta 60 vagas para especializa\u00e7\u00e3o em Pol\u00edticas P\u00fablicas e Sociedade. Inscri\u00e7\u00f5es reabertas de 23 de setembro e a 23 de outubro."}]},{"@type":"WebSite","@id":"https:\/\/portalfadesp.org.br\/#website","url":"https:\/\/portalfadesp.org.br\/","name":"FADESP","description":"Funda\u00e7\u00e3o de Amparo e Desenvolvimento da Pesquisa","publisher":{"@id":"https:\/\/portalfadesp.org.br\/#organization"},"potentialAction":[{"@type":"SearchAction","target":{"@type":"EntryPoint","urlTemplate":"https:\/\/portalfadesp.org.br\/?s={search_term_string}"},"query-input":{"@type":"PropertyValueSpecification","valueRequired":true,"valueName":"search_term_string"}}],"inLanguage":"pt-BR"},{"@type":"Organization","@id":"https:\/\/portalfadesp.org.br\/#organization","name":"FADESP","url":"https:\/\/portalfadesp.org.br\/","logo":{"@type":"ImageObject","inLanguage":"pt-BR","@id":"https:\/\/portalfadesp.org.br\/#\/schema\/logo\/image\/","url":"https:\/\/portalfadesp.org.br\/wp-content\/uploads\/2024\/01\/NOVOLOGOFADESPlaranjaH.png","contentUrl":"https:\/\/portalfadesp.org.br\/wp-content\/uploads\/2024\/01\/NOVOLOGOFADESPlaranjaH.png","width":2742,"height":839,"caption":"FADESP"},"image":{"@id":"https:\/\/portalfadesp.org.br\/#\/schema\/logo\/image\/"},"sameAs":["https:\/\/www.facebook.com\/Fadesp-138351949524662\/","https:\/\/x.com\/Fadesp","https:\/\/www.instagram.com\/fadesp_ufpa\/","https:\/\/www.youtube.com\/@fundacaodeamparoedesenvolv1903","https:\/\/www.threads.net\/@fadesp_ufpa"]},{"@type":"Person","@id":"https:\/\/portalfadesp.org.br\/#\/schema\/person\/c1fa9db0c87dc412d1568e0e5e27be9c","name":"Lorena Filgueiras","image":{"@type":"ImageObject","inLanguage":"pt-BR","@id":"https:\/\/portalfadesp.org.br\/#\/schema\/person\/image\/","url":"https:\/\/secure.gravatar.com\/avatar\/37390a2dfe1325c2917fc5f6df471abe8ab753cf23b2d14690f57bd61ab4b7cf?s=96&d=mm&r=g","contentUrl":"https:\/\/secure.gravatar.com\/avatar\/37390a2dfe1325c2917fc5f6df471abe8ab753cf23b2d14690f57bd61ab4b7cf?s=96&d=mm&r=g","caption":"Lorena Filgueiras"},"url":"https:\/\/portalfadesp.org.br\/?author=11"}]}},"_links":{"self":[{"href":"https:\/\/portalfadesp.org.br\/index.php?rest_route=\/wp\/v2\/posts\/4178","targetHints":{"allow":["GET"]}}],"collection":[{"href":"https:\/\/portalfadesp.org.br\/index.php?rest_route=\/wp\/v2\/posts"}],"about":[{"href":"https:\/\/portalfadesp.org.br\/index.php?rest_route=\/wp\/v2\/types\/post"}],"author":[{"embeddable":true,"href":"https:\/\/portalfadesp.org.br\/index.php?rest_route=\/wp\/v2\/users\/11"}],"replies":[{"embeddable":true,"href":"https:\/\/portalfadesp.org.br\/index.php?rest_route=%2Fwp%2Fv2%2Fcomments&post=4178"}],"version-history":[{"count":4,"href":"https:\/\/portalfadesp.org.br\/index.php?rest_route=\/wp\/v2\/posts\/4178\/revisions"}],"predecessor-version":[{"id":37816,"href":"https:\/\/portalfadesp.org.br\/index.php?rest_route=\/wp\/v2\/posts\/4178\/revisions\/37816"}],"wp:featuredmedia":[{"embeddable":true,"href":"https:\/\/portalfadesp.org.br\/index.php?rest_route=\/wp\/v2\/media\/3639"}],"wp:attachment":[{"href":"https:\/\/portalfadesp.org.br\/index.php?rest_route=%2Fwp%2Fv2%2Fmedia&parent=4178"}],"wp:term":[{"taxonomy":"category","embeddable":true,"href":"https:\/\/portalfadesp.org.br\/index.php?rest_route=%2Fwp%2Fv2%2Fcategories&post=4178"},{"taxonomy":"post_tag","embeddable":true,"href":"https:\/\/portalfadesp.org.br\/index.php?rest_route=%2Fwp%2Fv2%2Ftags&post=4178"}],"curies":[{"name":"wp","href":"https:\/\/api.w.org\/{rel}","templated":true}]}}