{"id":4116,"date":"2019-09-10T14:45:11","date_gmt":"2019-09-10T17:45:11","guid":{"rendered":"https:\/\/162.215.13.167?p=4116"},"modified":"2020-12-30T12:45:54","modified_gmt":"2020-12-30T15:45:54","slug":"faculdade-de-odontologia-da-ufpa-tem-primeira-turma-de-capacitacao-para-tecnicos-e-auxiliares-em-saude-bucal-que-atendem-pessoas-com-deficiencia","status":"publish","type":"post","link":"https:\/\/portalfadesp.org.br\/?p=4116","title":{"rendered":"Faculdade de Odontologia da UFPA tem primeira turma de capacita\u00e7\u00e3o para t\u00e9cnicos e auxiliares em sa\u00fade bucal que atendem pessoas com defici\u00eancia."},"content":{"rendered":"\n<p>Trinta t\u00e9cnicos\ne auxiliares de sa\u00fade bucal que atuam em munic\u00edpios do Par\u00e1 integram a primeira\nturma do curso ofertado pela Faculdade de Odontologia da Universidade Federal\ndo Par\u00e1 (UFPA) para a capacita\u00e7\u00e3o em atendimento odontol\u00f3gico de pessoas com\ndefici\u00eancia. No Brasil, cerca de 45 milh\u00f5es de pessoas, o correspondente a 24%\nda popula\u00e7\u00e3o, apresentam algum tipo de defici\u00eancia, segundo dados do Instituto\nBrasileiro de Geografia e Estat\u00edstica (IBGE).<\/p>\n\n\n\n<p>O curso faz\nparte do Servi\u00e7o Integrado de Diagn\u00f3stico Oral e Atendimento Odontol\u00f3gico a\nPacientes Especiais (SIDOPE), projeto realizado pela Faculdade de Odontologia\nda UFPA com o apoio da FADESP para a preven\u00e7\u00e3o, o diagn\u00f3stico e o tratamento odontol\u00f3gico\nde pessoas que apresentam qualquer tipo de condi\u00e7\u00e3o de vida que os fa\u00e7am\nnecessitar de atendimento diferenciado por um per\u00edodo ou por toda a vida. Entre\nelas est\u00e3o os diab\u00e9ticos, os hipertensos, as gr\u00e1vidas e as pessoas com\ndefici\u00eancia mental.<\/p>\n\n\n\n<p>Segundo o\ncoordenador do projeto, professor Erick Pedreira, o curso foi criado diante da\nnecessidade de preparar toda a equipe de profissionais que atende essa\nclientela, tanto em n\u00edvel ambulatorial quanto hospitalar. Na UFPA, a\nqualifica\u00e7\u00e3o come\u00e7ou com a especializa\u00e7\u00e3o e agora se expande para a forma\u00e7\u00e3o t\u00e9cnica.<\/p>\n\n\n\n<p>Integrante\nda equipe respons\u00e1vel pelo curso, o odont\u00f3logo Michel Matos revelou a pr\u00f3pria\ndificuldade de ter um auxiliar preparado para atender os pacientes especiais.\nEle tamb\u00e9m observa que a forma\u00e7\u00e3o da segunda turma de especialistas pela UFPA\nexigir\u00e1 que mais auxiliares estejam habilitados daqui para a frente.<\/p>\n\n\n\n<p>Tamb\u00e9m\nmembro da equipe e do SIDOPE, Suzete Matos completou que parte da turma \u00e9\nformada por alunos vindos de cidades do interior, o que demonstra a demanda pelo\nservi\u00e7o especializado no Estado e n\u00e3o s\u00f3 na capital. Atrav\u00e9s da Pol\u00edtica\nNacional de Sa\u00fade Bucal implantada no pa\u00eds, os munic\u00edpios podem ter a ajuda\npara implantar os servi\u00e7os de aten\u00e7\u00e3o b\u00e1sica (Programa Sa\u00fade da Fam\u00edlia) e os\nespecializados (Centro de Especialidade Odontol\u00f3gica) que s\u00e3o compostos por\nprofissionais t\u00e9cnicos.<\/p>\n\n\n\n<p><strong>Turma iniciada<\/strong> &#8211; o curso ter\u00e1 120 horas de carga\nhor\u00e1ria, com aulas modulares mensais e atividades laboratoriais, ambulatoriais\ne hospitalares.&nbsp; Os alunos s\u00e3o T\u00e9cnicos\nde Sa\u00fade Bucal (TSB) e Auxiliares de Sa\u00fade Bucal (ASB). Muitos deles j\u00e1 atuam na\nrede de sa\u00fade p\u00fablica e particular.<\/p>\n\n\n\n<p>Um dos\nalunos \u00e9 Miguel Edvaldo Nascimento, de 21 anos. Ele atua h\u00e1 dois anos como\nauxiliar no Centro de Especialidade Odontol\u00f3gica (CEO) do munic\u00edpio de\nSalin\u00f3polis, na regi\u00e3o do Salgado, no Par\u00e1. Ele revela que a pr\u00e1tica o ensinou\na lidar com os problemas do dia-a-dia, mas a expectativa \u00e9 tornar o seu\ntrabalho mais t\u00e9cnico.<\/p>\n\n\n\n<p>A mesma\nexpectativa tem Valdenice Gomes, de 42 anos, que atua como t\u00e9cnica em cl\u00ednica\nparticular, no munic\u00edpio de Bragan\u00e7a, regi\u00e3o do Salgado, no Par\u00e1. \u201cAtendemos\nmuito pacientes que precisam de aten\u00e7\u00e3o especial. Tem pessoas com S\u00edndrome de\nDown, epilepsia, defici\u00eancia mental. Espero obter mais conhecimento pra\nmelhorar o atendimento\u201d, diz.<\/p>\n","protected":false},"excerpt":{"rendered":"<p>Trinta t\u00e9cnicos e auxiliares de sa\u00fade bucal que atuam em munic\u00edpios do Par\u00e1 integram a primeira turma do curso ofertado pela Faculdade de Odontologia da Universidade Federal do Par\u00e1 (UFPA) para a capacita\u00e7\u00e3o em atendimento odontol\u00f3gico de pessoas com defici\u00eancia. No Brasil, cerca de 45 milh\u00f5es de pessoas, o correspondente a 24% da popula\u00e7\u00e3o, apresentam [&hellip;]<\/p>\n","protected":false},"author":11,"featured_media":4119,"comment_status":"open","ping_status":"open","sticky":false,"template":"","format":"standard","meta":{"_monsterinsights_skip_tracking":false,"_monsterinsights_sitenote_active":false,"_monsterinsights_sitenote_note":"","_monsterinsights_sitenote_category":0,"footnotes":""},"categories":[83],"tags":[96,95,46,33],"class_list":["post-4116","post","type-post","status-publish","format-standard","has-post-thumbnail","hentry","category-ufpa","tag-inclusao","tag-qualificacao","tag-saude","tag-ufpa","entry","has-media"],"yoast_head":"<!-- This site is optimized with the Yoast SEO plugin v25.1 - https:\/\/yoast.com\/wordpress\/plugins\/seo\/ -->\n<title>Faculdade de Odontologia da UFPA tem primeira turma de capacita\u00e7\u00e3o para t\u00e9cnicos e auxiliares em sa\u00fade bucal que atendem pessoas com defici\u00eancia. - FADESP<\/title>\n<meta name=\"robots\" content=\"index, follow, max-snippet:-1, max-image-preview:large, max-video-preview:-1\" \/>\n<link rel=\"canonical\" href=\"https:\/\/portalfadesp.org.br\/?p=4116\" \/>\n<meta property=\"og:locale\" content=\"pt_BR\" \/>\n<meta property=\"og:type\" content=\"article\" \/>\n<meta property=\"og:title\" content=\"Faculdade de Odontologia da UFPA tem primeira turma de capacita\u00e7\u00e3o para t\u00e9cnicos e auxiliares em sa\u00fade bucal que atendem pessoas com defici\u00eancia. - FADESP\" \/>\n<meta property=\"og:description\" content=\"Trinta t\u00e9cnicos e auxiliares de sa\u00fade bucal que atuam em munic\u00edpios do Par\u00e1 integram a primeira turma do curso ofertado pela Faculdade de Odontologia da Universidade Federal do Par\u00e1 (UFPA) para a capacita\u00e7\u00e3o em atendimento odontol\u00f3gico de pessoas com defici\u00eancia. No Brasil, cerca de 45 milh\u00f5es de pessoas, o correspondente a 24% da popula\u00e7\u00e3o, apresentam [&hellip;]\" \/>\n<meta property=\"og:url\" content=\"https:\/\/portalfadesp.org.br\/?p=4116\" \/>\n<meta property=\"og:site_name\" content=\"FADESP\" \/>\n<meta property=\"article:publisher\" content=\"https:\/\/www.facebook.com\/Fadesp-138351949524662\/\" \/>\n<meta property=\"article:published_time\" content=\"2019-09-10T17:45:11+00:00\" \/>\n<meta property=\"article:modified_time\" content=\"2020-12-30T15:45:54+00:00\" \/>\n<meta property=\"og:image\" content=\"https:\/\/portalfadesp.org.br\/wp-content\/uploads\/2019\/09\/10.jpg\" \/>\n\t<meta property=\"og:image:width\" content=\"800\" \/>\n\t<meta property=\"og:image:height\" content=\"571\" \/>\n\t<meta property=\"og:image:type\" content=\"image\/jpeg\" \/>\n<meta name=\"author\" content=\"Lorena Filgueiras\" \/>\n<meta name=\"twitter:card\" content=\"summary_large_image\" \/>\n<meta name=\"twitter:creator\" content=\"@Fadesp\" \/>\n<meta name=\"twitter:site\" content=\"@Fadesp\" \/>\n<meta name=\"twitter:label1\" content=\"Escrito por\" \/>\n\t<meta name=\"twitter:data1\" content=\"Lorena Filgueiras\" \/>\n\t<meta name=\"twitter:label2\" content=\"Est. tempo de leitura\" \/>\n\t<meta name=\"twitter:data2\" content=\"3 minutos\" \/>\n<script type=\"application\/ld+json\" class=\"yoast-schema-graph\">{\"@context\":\"https:\/\/schema.org\",\"@graph\":[{\"@type\":\"Article\",\"@id\":\"https:\/\/portalfadesp.org.br\/?p=4116#article\",\"isPartOf\":{\"@id\":\"https:\/\/portalfadesp.org.br\/?p=4116\"},\"author\":{\"name\":\"Lorena Filgueiras\",\"@id\":\"https:\/\/portalfadesp.org.br\/#\/schema\/person\/c1fa9db0c87dc412d1568e0e5e27be9c\"},\"headline\":\"Faculdade de Odontologia da UFPA tem primeira turma de capacita\u00e7\u00e3o para t\u00e9cnicos e auxiliares em sa\u00fade bucal que atendem pessoas com defici\u00eancia.\",\"datePublished\":\"2019-09-10T17:45:11+00:00\",\"dateModified\":\"2020-12-30T15:45:54+00:00\",\"mainEntityOfPage\":{\"@id\":\"https:\/\/portalfadesp.org.br\/?p=4116\"},\"wordCount\":565,\"commentCount\":0,\"publisher\":{\"@id\":\"https:\/\/portalfadesp.org.br\/#organization\"},\"image\":{\"@id\":\"https:\/\/portalfadesp.org.br\/?p=4116#primaryimage\"},\"thumbnailUrl\":\"https:\/\/portalfadesp.org.br\/wp-content\/uploads\/2019\/09\/10.jpg\",\"keywords\":[\"inclus\u00e3o\",\"qualifica\u00e7\u00e3o\",\"Sa\u00fade\",\"UFPA\"],\"articleSection\":[\"UFPA\"],\"inLanguage\":\"pt-BR\"},{\"@type\":\"WebPage\",\"@id\":\"https:\/\/portalfadesp.org.br\/?p=4116\",\"url\":\"https:\/\/portalfadesp.org.br\/?p=4116\",\"name\":\"Faculdade de Odontologia da UFPA tem primeira turma de capacita\u00e7\u00e3o para t\u00e9cnicos e auxiliares em sa\u00fade bucal que atendem pessoas com defici\u00eancia. - FADESP\",\"isPartOf\":{\"@id\":\"https:\/\/portalfadesp.org.br\/#website\"},\"primaryImageOfPage\":{\"@id\":\"https:\/\/portalfadesp.org.br\/?p=4116#primaryimage\"},\"image\":{\"@id\":\"https:\/\/portalfadesp.org.br\/?p=4116#primaryimage\"},\"thumbnailUrl\":\"https:\/\/portalfadesp.org.br\/wp-content\/uploads\/2019\/09\/10.jpg\",\"datePublished\":\"2019-09-10T17:45:11+00:00\",\"dateModified\":\"2020-12-30T15:45:54+00:00\",\"breadcrumb\":{\"@id\":\"https:\/\/portalfadesp.org.br\/?p=4116#breadcrumb\"},\"inLanguage\":\"pt-BR\",\"potentialAction\":[{\"@type\":\"ReadAction\",\"target\":[\"https:\/\/portalfadesp.org.br\/?p=4116\"]}]},{\"@type\":\"ImageObject\",\"inLanguage\":\"pt-BR\",\"@id\":\"https:\/\/portalfadesp.org.br\/?p=4116#primaryimage\",\"url\":\"https:\/\/portalfadesp.org.br\/wp-content\/uploads\/2019\/09\/10.jpg\",\"contentUrl\":\"https:\/\/portalfadesp.org.br\/wp-content\/uploads\/2019\/09\/10.jpg\",\"width\":800,\"height\":571,\"caption\":\"?\"},{\"@type\":\"BreadcrumbList\",\"@id\":\"https:\/\/portalfadesp.org.br\/?p=4116#breadcrumb\",\"itemListElement\":[{\"@type\":\"ListItem\",\"position\":1,\"name\":\"In\u00edcio\",\"item\":\"https:\/\/portalfadesp.org.br\/\"},{\"@type\":\"ListItem\",\"position\":2,\"name\":\"Faculdade de Odontologia da UFPA tem primeira turma de capacita\u00e7\u00e3o para t\u00e9cnicos e auxiliares em sa\u00fade bucal que atendem pessoas com defici\u00eancia.\"}]},{\"@type\":\"WebSite\",\"@id\":\"https:\/\/portalfadesp.org.br\/#website\",\"url\":\"https:\/\/portalfadesp.org.br\/\",\"name\":\"FADESP\",\"description\":\"Funda\u00e7\u00e3o de Amparo e Desenvolvimento da Pesquisa\",\"publisher\":{\"@id\":\"https:\/\/portalfadesp.org.br\/#organization\"},\"potentialAction\":[{\"@type\":\"SearchAction\",\"target\":{\"@type\":\"EntryPoint\",\"urlTemplate\":\"https:\/\/portalfadesp.org.br\/?s={search_term_string}\"},\"query-input\":{\"@type\":\"PropertyValueSpecification\",\"valueRequired\":true,\"valueName\":\"search_term_string\"}}],\"inLanguage\":\"pt-BR\"},{\"@type\":\"Organization\",\"@id\":\"https:\/\/portalfadesp.org.br\/#organization\",\"name\":\"FADESP\",\"url\":\"https:\/\/portalfadesp.org.br\/\",\"logo\":{\"@type\":\"ImageObject\",\"inLanguage\":\"pt-BR\",\"@id\":\"https:\/\/portalfadesp.org.br\/#\/schema\/logo\/image\/\",\"url\":\"https:\/\/portalfadesp.org.br\/wp-content\/uploads\/2024\/01\/NOVOLOGOFADESPlaranjaH.png\",\"contentUrl\":\"https:\/\/portalfadesp.org.br\/wp-content\/uploads\/2024\/01\/NOVOLOGOFADESPlaranjaH.png\",\"width\":2742,\"height\":839,\"caption\":\"FADESP\"},\"image\":{\"@id\":\"https:\/\/portalfadesp.org.br\/#\/schema\/logo\/image\/\"},\"sameAs\":[\"https:\/\/www.facebook.com\/Fadesp-138351949524662\/\",\"https:\/\/x.com\/Fadesp\",\"https:\/\/www.instagram.com\/fadesp_ufpa\/\",\"https:\/\/www.youtube.com\/@fundacaodeamparoedesenvolv1903\",\"https:\/\/www.threads.net\/@fadesp_ufpa\"]},{\"@type\":\"Person\",\"@id\":\"https:\/\/portalfadesp.org.br\/#\/schema\/person\/c1fa9db0c87dc412d1568e0e5e27be9c\",\"name\":\"Lorena Filgueiras\",\"image\":{\"@type\":\"ImageObject\",\"inLanguage\":\"pt-BR\",\"@id\":\"https:\/\/portalfadesp.org.br\/#\/schema\/person\/image\/\",\"url\":\"https:\/\/secure.gravatar.com\/avatar\/37390a2dfe1325c2917fc5f6df471abe8ab753cf23b2d14690f57bd61ab4b7cf?s=96&d=mm&r=g\",\"contentUrl\":\"https:\/\/secure.gravatar.com\/avatar\/37390a2dfe1325c2917fc5f6df471abe8ab753cf23b2d14690f57bd61ab4b7cf?s=96&d=mm&r=g\",\"caption\":\"Lorena Filgueiras\"},\"url\":\"https:\/\/portalfadesp.org.br\/?author=11\"}]}<\/script>\n<!-- \/ Yoast SEO plugin. -->","yoast_head_json":{"title":"Faculdade de Odontologia da UFPA tem primeira turma de capacita\u00e7\u00e3o para t\u00e9cnicos e auxiliares em sa\u00fade bucal que atendem pessoas com defici\u00eancia. - FADESP","robots":{"index":"index","follow":"follow","max-snippet":"max-snippet:-1","max-image-preview":"max-image-preview:large","max-video-preview":"max-video-preview:-1"},"canonical":"https:\/\/portalfadesp.org.br\/?p=4116","og_locale":"pt_BR","og_type":"article","og_title":"Faculdade de Odontologia da UFPA tem primeira turma de capacita\u00e7\u00e3o para t\u00e9cnicos e auxiliares em sa\u00fade bucal que atendem pessoas com defici\u00eancia. - FADESP","og_description":"Trinta t\u00e9cnicos e auxiliares de sa\u00fade bucal que atuam em munic\u00edpios do Par\u00e1 integram a primeira turma do curso ofertado pela Faculdade de Odontologia da Universidade Federal do Par\u00e1 (UFPA) para a capacita\u00e7\u00e3o em atendimento odontol\u00f3gico de pessoas com defici\u00eancia. No Brasil, cerca de 45 milh\u00f5es de pessoas, o correspondente a 24% da popula\u00e7\u00e3o, apresentam [&hellip;]","og_url":"https:\/\/portalfadesp.org.br\/?p=4116","og_site_name":"FADESP","article_publisher":"https:\/\/www.facebook.com\/Fadesp-138351949524662\/","article_published_time":"2019-09-10T17:45:11+00:00","article_modified_time":"2020-12-30T15:45:54+00:00","og_image":[{"width":800,"height":571,"url":"https:\/\/portalfadesp.org.br\/wp-content\/uploads\/2019\/09\/10.jpg","type":"image\/jpeg"}],"author":"Lorena Filgueiras","twitter_card":"summary_large_image","twitter_creator":"@Fadesp","twitter_site":"@Fadesp","twitter_misc":{"Escrito por":"Lorena Filgueiras","Est. tempo de leitura":"3 minutos"},"schema":{"@context":"https:\/\/schema.org","@graph":[{"@type":"Article","@id":"https:\/\/portalfadesp.org.br\/?p=4116#article","isPartOf":{"@id":"https:\/\/portalfadesp.org.br\/?p=4116"},"author":{"name":"Lorena Filgueiras","@id":"https:\/\/portalfadesp.org.br\/#\/schema\/person\/c1fa9db0c87dc412d1568e0e5e27be9c"},"headline":"Faculdade de Odontologia da UFPA tem primeira turma de capacita\u00e7\u00e3o para t\u00e9cnicos e auxiliares em sa\u00fade bucal que atendem pessoas com defici\u00eancia.","datePublished":"2019-09-10T17:45:11+00:00","dateModified":"2020-12-30T15:45:54+00:00","mainEntityOfPage":{"@id":"https:\/\/portalfadesp.org.br\/?p=4116"},"wordCount":565,"commentCount":0,"publisher":{"@id":"https:\/\/portalfadesp.org.br\/#organization"},"image":{"@id":"https:\/\/portalfadesp.org.br\/?p=4116#primaryimage"},"thumbnailUrl":"https:\/\/portalfadesp.org.br\/wp-content\/uploads\/2019\/09\/10.jpg","keywords":["inclus\u00e3o","qualifica\u00e7\u00e3o","Sa\u00fade","UFPA"],"articleSection":["UFPA"],"inLanguage":"pt-BR"},{"@type":"WebPage","@id":"https:\/\/portalfadesp.org.br\/?p=4116","url":"https:\/\/portalfadesp.org.br\/?p=4116","name":"Faculdade de Odontologia da UFPA tem primeira turma de capacita\u00e7\u00e3o para t\u00e9cnicos e auxiliares em sa\u00fade bucal que atendem pessoas com defici\u00eancia. - FADESP","isPartOf":{"@id":"https:\/\/portalfadesp.org.br\/#website"},"primaryImageOfPage":{"@id":"https:\/\/portalfadesp.org.br\/?p=4116#primaryimage"},"image":{"@id":"https:\/\/portalfadesp.org.br\/?p=4116#primaryimage"},"thumbnailUrl":"https:\/\/portalfadesp.org.br\/wp-content\/uploads\/2019\/09\/10.jpg","datePublished":"2019-09-10T17:45:11+00:00","dateModified":"2020-12-30T15:45:54+00:00","breadcrumb":{"@id":"https:\/\/portalfadesp.org.br\/?p=4116#breadcrumb"},"inLanguage":"pt-BR","potentialAction":[{"@type":"ReadAction","target":["https:\/\/portalfadesp.org.br\/?p=4116"]}]},{"@type":"ImageObject","inLanguage":"pt-BR","@id":"https:\/\/portalfadesp.org.br\/?p=4116#primaryimage","url":"https:\/\/portalfadesp.org.br\/wp-content\/uploads\/2019\/09\/10.jpg","contentUrl":"https:\/\/portalfadesp.org.br\/wp-content\/uploads\/2019\/09\/10.jpg","width":800,"height":571,"caption":"?"},{"@type":"BreadcrumbList","@id":"https:\/\/portalfadesp.org.br\/?p=4116#breadcrumb","itemListElement":[{"@type":"ListItem","position":1,"name":"In\u00edcio","item":"https:\/\/portalfadesp.org.br\/"},{"@type":"ListItem","position":2,"name":"Faculdade de Odontologia da UFPA tem primeira turma de capacita\u00e7\u00e3o para t\u00e9cnicos e auxiliares em sa\u00fade bucal que atendem pessoas com defici\u00eancia."}]},{"@type":"WebSite","@id":"https:\/\/portalfadesp.org.br\/#website","url":"https:\/\/portalfadesp.org.br\/","name":"FADESP","description":"Funda\u00e7\u00e3o de Amparo e Desenvolvimento da Pesquisa","publisher":{"@id":"https:\/\/portalfadesp.org.br\/#organization"},"potentialAction":[{"@type":"SearchAction","target":{"@type":"EntryPoint","urlTemplate":"https:\/\/portalfadesp.org.br\/?s={search_term_string}"},"query-input":{"@type":"PropertyValueSpecification","valueRequired":true,"valueName":"search_term_string"}}],"inLanguage":"pt-BR"},{"@type":"Organization","@id":"https:\/\/portalfadesp.org.br\/#organization","name":"FADESP","url":"https:\/\/portalfadesp.org.br\/","logo":{"@type":"ImageObject","inLanguage":"pt-BR","@id":"https:\/\/portalfadesp.org.br\/#\/schema\/logo\/image\/","url":"https:\/\/portalfadesp.org.br\/wp-content\/uploads\/2024\/01\/NOVOLOGOFADESPlaranjaH.png","contentUrl":"https:\/\/portalfadesp.org.br\/wp-content\/uploads\/2024\/01\/NOVOLOGOFADESPlaranjaH.png","width":2742,"height":839,"caption":"FADESP"},"image":{"@id":"https:\/\/portalfadesp.org.br\/#\/schema\/logo\/image\/"},"sameAs":["https:\/\/www.facebook.com\/Fadesp-138351949524662\/","https:\/\/x.com\/Fadesp","https:\/\/www.instagram.com\/fadesp_ufpa\/","https:\/\/www.youtube.com\/@fundacaodeamparoedesenvolv1903","https:\/\/www.threads.net\/@fadesp_ufpa"]},{"@type":"Person","@id":"https:\/\/portalfadesp.org.br\/#\/schema\/person\/c1fa9db0c87dc412d1568e0e5e27be9c","name":"Lorena Filgueiras","image":{"@type":"ImageObject","inLanguage":"pt-BR","@id":"https:\/\/portalfadesp.org.br\/#\/schema\/person\/image\/","url":"https:\/\/secure.gravatar.com\/avatar\/37390a2dfe1325c2917fc5f6df471abe8ab753cf23b2d14690f57bd61ab4b7cf?s=96&d=mm&r=g","contentUrl":"https:\/\/secure.gravatar.com\/avatar\/37390a2dfe1325c2917fc5f6df471abe8ab753cf23b2d14690f57bd61ab4b7cf?s=96&d=mm&r=g","caption":"Lorena Filgueiras"},"url":"https:\/\/portalfadesp.org.br\/?author=11"}]}},"_links":{"self":[{"href":"https:\/\/portalfadesp.org.br\/index.php?rest_route=\/wp\/v2\/posts\/4116","targetHints":{"allow":["GET"]}}],"collection":[{"href":"https:\/\/portalfadesp.org.br\/index.php?rest_route=\/wp\/v2\/posts"}],"about":[{"href":"https:\/\/portalfadesp.org.br\/index.php?rest_route=\/wp\/v2\/types\/post"}],"author":[{"embeddable":true,"href":"https:\/\/portalfadesp.org.br\/index.php?rest_route=\/wp\/v2\/users\/11"}],"replies":[{"embeddable":true,"href":"https:\/\/portalfadesp.org.br\/index.php?rest_route=%2Fwp%2Fv2%2Fcomments&post=4116"}],"version-history":[{"count":1,"href":"https:\/\/portalfadesp.org.br\/index.php?rest_route=\/wp\/v2\/posts\/4116\/revisions"}],"predecessor-version":[{"id":4117,"href":"https:\/\/portalfadesp.org.br\/index.php?rest_route=\/wp\/v2\/posts\/4116\/revisions\/4117"}],"wp:featuredmedia":[{"embeddable":true,"href":"https:\/\/portalfadesp.org.br\/index.php?rest_route=\/wp\/v2\/media\/4119"}],"wp:attachment":[{"href":"https:\/\/portalfadesp.org.br\/index.php?rest_route=%2Fwp%2Fv2%2Fmedia&parent=4116"}],"wp:term":[{"taxonomy":"category","embeddable":true,"href":"https:\/\/portalfadesp.org.br\/index.php?rest_route=%2Fwp%2Fv2%2Fcategories&post=4116"},{"taxonomy":"post_tag","embeddable":true,"href":"https:\/\/portalfadesp.org.br\/index.php?rest_route=%2Fwp%2Fv2%2Ftags&post=4116"}],"curies":[{"name":"wp","href":"https:\/\/api.w.org\/{rel}","templated":true}]}}