{"id":4095,"date":"2019-09-09T14:04:58","date_gmt":"2019-09-09T17:04:58","guid":{"rendered":"https:\/\/162.215.13.167?p=4095"},"modified":"2022-10-21T11:01:05","modified_gmt":"2022-10-21T14:01:05","slug":"faculdade-de-letras-estrangeiras-modernas-da-ufpa-inscreve-para-profile-ate-dia-29-de-setembro","status":"publish","type":"post","link":"https:\/\/portalfadesp.org.br\/?p=4095","title":{"rendered":"Faculdade de Letras Estrangeiras Modernas da UFPA inscreve para Profile  at\u00e9 dia 29 de setembro."},"content":{"rendered":"\n<p>A Faculdade de Letras Estrangeiras Modernas (FALEM) da Universidade Federal do Par\u00e1 realizar\u00e1 prova de Profici\u00eancia em Leitura em L\u00ednguas Estrangeiras (Profile). As inscri\u00e7\u00f5es ser\u00e3o realizadas at\u00e9 29 de setembro, no site da FADESP (<a href=\"http:\/\/cursos.fadesp.org.br\/index_area.asp?tipo=C&amp;area=6.26\" target=\"_blank\" rel=\"noreferrer noopener\" aria-label=\" (abre numa nova aba)\">www.portalfadesp.org.br<\/a>). A certifica\u00e7\u00e3o \u00e9 exigida dos candidatos a programas de mestrado e doutorado. <\/p>\n\n\n\n<p>Conforme o edital, a prova ser\u00e1 realizada no dia 21 de outubro, no campus da UFPA, em Bel\u00e9m. Os hor\u00e1rios ser\u00e3o divulgados a partir das 18h do dia 16 de outubro, no site do Profile (<a href=\"http:\/\/www.profile.ufpa.br\" target=\"_blank\" rel=\"noreferrer noopener\" aria-label=\" (abre numa nova aba)\">www.profile.ufpa.br<\/a>).<\/p>\n\n\n\n<p>A inscri\u00e7\u00e3o\nser\u00e1 online e ter\u00e1 taxa de R$ 60,00. O candidato deve se cadastrar no site da\nFADESP, caso ainda n\u00e3o tenha cadastro, preencher o formul\u00e1rio e emitir o boleto\na ser pago em qualquer banco ou casa lot\u00e9rica.<\/p>\n\n\n\n<p>Os\ninteressados podem se inscrever em mais de uma l\u00edngua, mas ter\u00e3o somente as\ntr\u00eas horas regulamentares para fazer as provas, caso n\u00e3o seja poss\u00edvel conciliar\nos hor\u00e1rios de cada uma delas. Ao realizar a inscri\u00e7\u00e3o, ele tamb\u00e9m deve\nescolher a grande \u00e1rea de conhecimento.<\/p>\n\n\n\n<p>Os candidatos s\u00e3o orientados a verificar junto ao programa de\nP\u00f3s-Gradua\u00e7\u00e3o ou Institui\u00e7\u00e3o de Ensino Superior (IES) se o Profile ser\u00e1 aceito,\nqual a grande \u00e1rea do conhecimento e l\u00edngua ser\u00e3o aceitos no processo seletivo.\n<\/p>\n\n\n\n<p>A prova ter\u00e1\num texto na l\u00edngua escolhida pelo candidato para interpreta\u00e7\u00e3o e resposta em\nportugu\u00eas, sendo permitido o uso de dicion\u00e1rio. Ser\u00e1 considerado apto o\ncandidato que alcan\u00e7ar, no m\u00ednimo, cinco dos dez pontos totais.<\/p>\n\n\n\n<p>O resultado ser\u00e1 divulgado \u00e0s 18h do dia 8 de novembro, no site do\nProfile e no quadro de avisos da FALEM. Os certificados estar\u00e3o dispon\u00edveis para\nentrega a\npartir do dia 27 de novembro de 2019, das 10h \u00e0s 16h, na secretaria da FALEM.<\/p>\n","protected":false},"excerpt":{"rendered":"<p>A Faculdade de Letras Estrangeiras Modernas (FALEM) da Universidade Federal do Par\u00e1 realizar\u00e1 prova de Profici\u00eancia em Leitura em L\u00ednguas Estrangeiras (Profile). As inscri\u00e7\u00f5es ser\u00e3o realizadas at\u00e9 29 de setembro, no site da FADESP (www.portalfadesp.org.br). A certifica\u00e7\u00e3o \u00e9 exigida dos candidatos a programas de mestrado e doutorado. Conforme o edital, a prova ser\u00e1 realizada no [&hellip;]<\/p>\n","protected":false},"author":11,"featured_media":4099,"comment_status":"closed","ping_status":"closed","sticky":false,"template":"","format":"standard","meta":{"_monsterinsights_skip_tracking":false,"_monsterinsights_sitenote_active":false,"_monsterinsights_sitenote_note":"","_monsterinsights_sitenote_category":0,"footnotes":""},"categories":[11,12,83],"tags":[32,44,94,33],"class_list":["post-4095","post","type-post","status-publish","format-standard","has-post-thumbnail","hentry","category-cursos-livres","category-mestrado","category-ufpa","tag-linguas","tag-pos-graduacao","tag-proficiencia","tag-ufpa","entry","has-media"],"yoast_head":"<!-- This site is optimized with the Yoast SEO plugin v25.1 - https:\/\/yoast.com\/wordpress\/plugins\/seo\/ -->\n<title>Faculdade de Letras Estrangeiras Modernas da UFPA inscreve para Profile at\u00e9 dia 29 de setembro. - FADESP<\/title>\n<meta name=\"robots\" content=\"index, follow, max-snippet:-1, max-image-preview:large, max-video-preview:-1\" \/>\n<link rel=\"canonical\" href=\"https:\/\/portalfadesp.org.br\/?p=4095\" \/>\n<meta property=\"og:locale\" content=\"pt_BR\" \/>\n<meta property=\"og:type\" content=\"article\" \/>\n<meta property=\"og:title\" content=\"Faculdade de Letras Estrangeiras Modernas da UFPA inscreve para Profile at\u00e9 dia 29 de setembro. - FADESP\" \/>\n<meta property=\"og:description\" content=\"A Faculdade de Letras Estrangeiras Modernas (FALEM) da Universidade Federal do Par\u00e1 realizar\u00e1 prova de Profici\u00eancia em Leitura em L\u00ednguas Estrangeiras (Profile). As inscri\u00e7\u00f5es ser\u00e3o realizadas at\u00e9 29 de setembro, no site da FADESP (www.portalfadesp.org.br). A certifica\u00e7\u00e3o \u00e9 exigida dos candidatos a programas de mestrado e doutorado. Conforme o edital, a prova ser\u00e1 realizada no [&hellip;]\" \/>\n<meta property=\"og:url\" content=\"https:\/\/portalfadesp.org.br\/?p=4095\" \/>\n<meta property=\"og:site_name\" content=\"FADESP\" \/>\n<meta property=\"article:publisher\" content=\"https:\/\/www.facebook.com\/Fadesp-138351949524662\/\" \/>\n<meta property=\"article:published_time\" content=\"2019-09-09T17:04:58+00:00\" \/>\n<meta property=\"article:modified_time\" content=\"2022-10-21T14:01:05+00:00\" \/>\n<meta property=\"og:image\" content=\"https:\/\/portalfadesp.org.br\/wp-content\/uploads\/2019\/09\/ILC.jpg\" \/>\n\t<meta property=\"og:image:width\" content=\"1600\" \/>\n\t<meta property=\"og:image:height\" content=\"1200\" \/>\n\t<meta property=\"og:image:type\" content=\"image\/jpeg\" \/>\n<meta name=\"author\" content=\"Lorena Filgueiras\" \/>\n<meta name=\"twitter:card\" content=\"summary_large_image\" \/>\n<meta name=\"twitter:creator\" content=\"@Fadesp\" \/>\n<meta name=\"twitter:site\" content=\"@Fadesp\" \/>\n<meta name=\"twitter:label1\" content=\"Escrito por\" \/>\n\t<meta name=\"twitter:data1\" content=\"Lorena Filgueiras\" \/>\n\t<meta name=\"twitter:label2\" content=\"Est. tempo de leitura\" \/>\n\t<meta name=\"twitter:data2\" content=\"2 minutos\" \/>\n<script type=\"application\/ld+json\" class=\"yoast-schema-graph\">{\"@context\":\"https:\/\/schema.org\",\"@graph\":[{\"@type\":\"Article\",\"@id\":\"https:\/\/portalfadesp.org.br\/?p=4095#article\",\"isPartOf\":{\"@id\":\"https:\/\/portalfadesp.org.br\/?p=4095\"},\"author\":{\"name\":\"Lorena Filgueiras\",\"@id\":\"https:\/\/portalfadesp.org.br\/#\/schema\/person\/c1fa9db0c87dc412d1568e0e5e27be9c\"},\"headline\":\"Faculdade de Letras Estrangeiras Modernas da UFPA inscreve para Profile at\u00e9 dia 29 de setembro.\",\"datePublished\":\"2019-09-09T17:04:58+00:00\",\"dateModified\":\"2022-10-21T14:01:05+00:00\",\"mainEntityOfPage\":{\"@id\":\"https:\/\/portalfadesp.org.br\/?p=4095\"},\"wordCount\":330,\"publisher\":{\"@id\":\"https:\/\/portalfadesp.org.br\/#organization\"},\"image\":{\"@id\":\"https:\/\/portalfadesp.org.br\/?p=4095#primaryimage\"},\"thumbnailUrl\":\"https:\/\/portalfadesp.org.br\/wp-content\/uploads\/2019\/09\/ILC.jpg\",\"keywords\":[\"l\u00ednguas\",\"p\u00f3s-gradua\u00e7\u00e3o\",\"profici\u00eancia\",\"UFPA\"],\"articleSection\":[\"Cursos Livres\",\"Mestrado\",\"UFPA\"],\"inLanguage\":\"pt-BR\"},{\"@type\":\"WebPage\",\"@id\":\"https:\/\/portalfadesp.org.br\/?p=4095\",\"url\":\"https:\/\/portalfadesp.org.br\/?p=4095\",\"name\":\"Faculdade de Letras Estrangeiras Modernas da UFPA inscreve para Profile at\u00e9 dia 29 de setembro. - FADESP\",\"isPartOf\":{\"@id\":\"https:\/\/portalfadesp.org.br\/#website\"},\"primaryImageOfPage\":{\"@id\":\"https:\/\/portalfadesp.org.br\/?p=4095#primaryimage\"},\"image\":{\"@id\":\"https:\/\/portalfadesp.org.br\/?p=4095#primaryimage\"},\"thumbnailUrl\":\"https:\/\/portalfadesp.org.br\/wp-content\/uploads\/2019\/09\/ILC.jpg\",\"datePublished\":\"2019-09-09T17:04:58+00:00\",\"dateModified\":\"2022-10-21T14:01:05+00:00\",\"breadcrumb\":{\"@id\":\"https:\/\/portalfadesp.org.br\/?p=4095#breadcrumb\"},\"inLanguage\":\"pt-BR\",\"potentialAction\":[{\"@type\":\"ReadAction\",\"target\":[\"https:\/\/portalfadesp.org.br\/?p=4095\"]}]},{\"@type\":\"ImageObject\",\"inLanguage\":\"pt-BR\",\"@id\":\"https:\/\/portalfadesp.org.br\/?p=4095#primaryimage\",\"url\":\"https:\/\/portalfadesp.org.br\/wp-content\/uploads\/2019\/09\/ILC.jpg\",\"contentUrl\":\"https:\/\/portalfadesp.org.br\/wp-content\/uploads\/2019\/09\/ILC.jpg\",\"width\":1600,\"height\":1200},{\"@type\":\"BreadcrumbList\",\"@id\":\"https:\/\/portalfadesp.org.br\/?p=4095#breadcrumb\",\"itemListElement\":[{\"@type\":\"ListItem\",\"position\":1,\"name\":\"In\u00edcio\",\"item\":\"https:\/\/portalfadesp.org.br\/\"},{\"@type\":\"ListItem\",\"position\":2,\"name\":\"Faculdade de Letras Estrangeiras Modernas da UFPA inscreve para Profile at\u00e9 dia 29 de setembro.\"}]},{\"@type\":\"WebSite\",\"@id\":\"https:\/\/portalfadesp.org.br\/#website\",\"url\":\"https:\/\/portalfadesp.org.br\/\",\"name\":\"FADESP\",\"description\":\"Funda\u00e7\u00e3o de Amparo e Desenvolvimento da Pesquisa\",\"publisher\":{\"@id\":\"https:\/\/portalfadesp.org.br\/#organization\"},\"potentialAction\":[{\"@type\":\"SearchAction\",\"target\":{\"@type\":\"EntryPoint\",\"urlTemplate\":\"https:\/\/portalfadesp.org.br\/?s={search_term_string}\"},\"query-input\":{\"@type\":\"PropertyValueSpecification\",\"valueRequired\":true,\"valueName\":\"search_term_string\"}}],\"inLanguage\":\"pt-BR\"},{\"@type\":\"Organization\",\"@id\":\"https:\/\/portalfadesp.org.br\/#organization\",\"name\":\"FADESP\",\"url\":\"https:\/\/portalfadesp.org.br\/\",\"logo\":{\"@type\":\"ImageObject\",\"inLanguage\":\"pt-BR\",\"@id\":\"https:\/\/portalfadesp.org.br\/#\/schema\/logo\/image\/\",\"url\":\"https:\/\/portalfadesp.org.br\/wp-content\/uploads\/2024\/01\/NOVOLOGOFADESPlaranjaH.png\",\"contentUrl\":\"https:\/\/portalfadesp.org.br\/wp-content\/uploads\/2024\/01\/NOVOLOGOFADESPlaranjaH.png\",\"width\":2742,\"height\":839,\"caption\":\"FADESP\"},\"image\":{\"@id\":\"https:\/\/portalfadesp.org.br\/#\/schema\/logo\/image\/\"},\"sameAs\":[\"https:\/\/www.facebook.com\/Fadesp-138351949524662\/\",\"https:\/\/x.com\/Fadesp\",\"https:\/\/www.instagram.com\/fadesp_ufpa\/\",\"https:\/\/www.youtube.com\/@fundacaodeamparoedesenvolv1903\",\"https:\/\/www.threads.net\/@fadesp_ufpa\"]},{\"@type\":\"Person\",\"@id\":\"https:\/\/portalfadesp.org.br\/#\/schema\/person\/c1fa9db0c87dc412d1568e0e5e27be9c\",\"name\":\"Lorena Filgueiras\",\"image\":{\"@type\":\"ImageObject\",\"inLanguage\":\"pt-BR\",\"@id\":\"https:\/\/portalfadesp.org.br\/#\/schema\/person\/image\/\",\"url\":\"https:\/\/secure.gravatar.com\/avatar\/37390a2dfe1325c2917fc5f6df471abe8ab753cf23b2d14690f57bd61ab4b7cf?s=96&d=mm&r=g\",\"contentUrl\":\"https:\/\/secure.gravatar.com\/avatar\/37390a2dfe1325c2917fc5f6df471abe8ab753cf23b2d14690f57bd61ab4b7cf?s=96&d=mm&r=g\",\"caption\":\"Lorena Filgueiras\"},\"url\":\"https:\/\/portalfadesp.org.br\/?author=11\"}]}<\/script>\n<!-- \/ Yoast SEO plugin. -->","yoast_head_json":{"title":"Faculdade de Letras Estrangeiras Modernas da UFPA inscreve para Profile at\u00e9 dia 29 de setembro. - FADESP","robots":{"index":"index","follow":"follow","max-snippet":"max-snippet:-1","max-image-preview":"max-image-preview:large","max-video-preview":"max-video-preview:-1"},"canonical":"https:\/\/portalfadesp.org.br\/?p=4095","og_locale":"pt_BR","og_type":"article","og_title":"Faculdade de Letras Estrangeiras Modernas da UFPA inscreve para Profile at\u00e9 dia 29 de setembro. - FADESP","og_description":"A Faculdade de Letras Estrangeiras Modernas (FALEM) da Universidade Federal do Par\u00e1 realizar\u00e1 prova de Profici\u00eancia em Leitura em L\u00ednguas Estrangeiras (Profile). As inscri\u00e7\u00f5es ser\u00e3o realizadas at\u00e9 29 de setembro, no site da FADESP (www.portalfadesp.org.br). A certifica\u00e7\u00e3o \u00e9 exigida dos candidatos a programas de mestrado e doutorado. Conforme o edital, a prova ser\u00e1 realizada no [&hellip;]","og_url":"https:\/\/portalfadesp.org.br\/?p=4095","og_site_name":"FADESP","article_publisher":"https:\/\/www.facebook.com\/Fadesp-138351949524662\/","article_published_time":"2019-09-09T17:04:58+00:00","article_modified_time":"2022-10-21T14:01:05+00:00","og_image":[{"width":1600,"height":1200,"url":"https:\/\/portalfadesp.org.br\/wp-content\/uploads\/2019\/09\/ILC.jpg","type":"image\/jpeg"}],"author":"Lorena Filgueiras","twitter_card":"summary_large_image","twitter_creator":"@Fadesp","twitter_site":"@Fadesp","twitter_misc":{"Escrito por":"Lorena Filgueiras","Est. tempo de leitura":"2 minutos"},"schema":{"@context":"https:\/\/schema.org","@graph":[{"@type":"Article","@id":"https:\/\/portalfadesp.org.br\/?p=4095#article","isPartOf":{"@id":"https:\/\/portalfadesp.org.br\/?p=4095"},"author":{"name":"Lorena Filgueiras","@id":"https:\/\/portalfadesp.org.br\/#\/schema\/person\/c1fa9db0c87dc412d1568e0e5e27be9c"},"headline":"Faculdade de Letras Estrangeiras Modernas da UFPA inscreve para Profile at\u00e9 dia 29 de setembro.","datePublished":"2019-09-09T17:04:58+00:00","dateModified":"2022-10-21T14:01:05+00:00","mainEntityOfPage":{"@id":"https:\/\/portalfadesp.org.br\/?p=4095"},"wordCount":330,"publisher":{"@id":"https:\/\/portalfadesp.org.br\/#organization"},"image":{"@id":"https:\/\/portalfadesp.org.br\/?p=4095#primaryimage"},"thumbnailUrl":"https:\/\/portalfadesp.org.br\/wp-content\/uploads\/2019\/09\/ILC.jpg","keywords":["l\u00ednguas","p\u00f3s-gradua\u00e7\u00e3o","profici\u00eancia","UFPA"],"articleSection":["Cursos Livres","Mestrado","UFPA"],"inLanguage":"pt-BR"},{"@type":"WebPage","@id":"https:\/\/portalfadesp.org.br\/?p=4095","url":"https:\/\/portalfadesp.org.br\/?p=4095","name":"Faculdade de Letras Estrangeiras Modernas da UFPA inscreve para Profile at\u00e9 dia 29 de setembro. - FADESP","isPartOf":{"@id":"https:\/\/portalfadesp.org.br\/#website"},"primaryImageOfPage":{"@id":"https:\/\/portalfadesp.org.br\/?p=4095#primaryimage"},"image":{"@id":"https:\/\/portalfadesp.org.br\/?p=4095#primaryimage"},"thumbnailUrl":"https:\/\/portalfadesp.org.br\/wp-content\/uploads\/2019\/09\/ILC.jpg","datePublished":"2019-09-09T17:04:58+00:00","dateModified":"2022-10-21T14:01:05+00:00","breadcrumb":{"@id":"https:\/\/portalfadesp.org.br\/?p=4095#breadcrumb"},"inLanguage":"pt-BR","potentialAction":[{"@type":"ReadAction","target":["https:\/\/portalfadesp.org.br\/?p=4095"]}]},{"@type":"ImageObject","inLanguage":"pt-BR","@id":"https:\/\/portalfadesp.org.br\/?p=4095#primaryimage","url":"https:\/\/portalfadesp.org.br\/wp-content\/uploads\/2019\/09\/ILC.jpg","contentUrl":"https:\/\/portalfadesp.org.br\/wp-content\/uploads\/2019\/09\/ILC.jpg","width":1600,"height":1200},{"@type":"BreadcrumbList","@id":"https:\/\/portalfadesp.org.br\/?p=4095#breadcrumb","itemListElement":[{"@type":"ListItem","position":1,"name":"In\u00edcio","item":"https:\/\/portalfadesp.org.br\/"},{"@type":"ListItem","position":2,"name":"Faculdade de Letras Estrangeiras Modernas da UFPA inscreve para Profile at\u00e9 dia 29 de setembro."}]},{"@type":"WebSite","@id":"https:\/\/portalfadesp.org.br\/#website","url":"https:\/\/portalfadesp.org.br\/","name":"FADESP","description":"Funda\u00e7\u00e3o de Amparo e Desenvolvimento da Pesquisa","publisher":{"@id":"https:\/\/portalfadesp.org.br\/#organization"},"potentialAction":[{"@type":"SearchAction","target":{"@type":"EntryPoint","urlTemplate":"https:\/\/portalfadesp.org.br\/?s={search_term_string}"},"query-input":{"@type":"PropertyValueSpecification","valueRequired":true,"valueName":"search_term_string"}}],"inLanguage":"pt-BR"},{"@type":"Organization","@id":"https:\/\/portalfadesp.org.br\/#organization","name":"FADESP","url":"https:\/\/portalfadesp.org.br\/","logo":{"@type":"ImageObject","inLanguage":"pt-BR","@id":"https:\/\/portalfadesp.org.br\/#\/schema\/logo\/image\/","url":"https:\/\/portalfadesp.org.br\/wp-content\/uploads\/2024\/01\/NOVOLOGOFADESPlaranjaH.png","contentUrl":"https:\/\/portalfadesp.org.br\/wp-content\/uploads\/2024\/01\/NOVOLOGOFADESPlaranjaH.png","width":2742,"height":839,"caption":"FADESP"},"image":{"@id":"https:\/\/portalfadesp.org.br\/#\/schema\/logo\/image\/"},"sameAs":["https:\/\/www.facebook.com\/Fadesp-138351949524662\/","https:\/\/x.com\/Fadesp","https:\/\/www.instagram.com\/fadesp_ufpa\/","https:\/\/www.youtube.com\/@fundacaodeamparoedesenvolv1903","https:\/\/www.threads.net\/@fadesp_ufpa"]},{"@type":"Person","@id":"https:\/\/portalfadesp.org.br\/#\/schema\/person\/c1fa9db0c87dc412d1568e0e5e27be9c","name":"Lorena Filgueiras","image":{"@type":"ImageObject","inLanguage":"pt-BR","@id":"https:\/\/portalfadesp.org.br\/#\/schema\/person\/image\/","url":"https:\/\/secure.gravatar.com\/avatar\/37390a2dfe1325c2917fc5f6df471abe8ab753cf23b2d14690f57bd61ab4b7cf?s=96&d=mm&r=g","contentUrl":"https:\/\/secure.gravatar.com\/avatar\/37390a2dfe1325c2917fc5f6df471abe8ab753cf23b2d14690f57bd61ab4b7cf?s=96&d=mm&r=g","caption":"Lorena Filgueiras"},"url":"https:\/\/portalfadesp.org.br\/?author=11"}]}},"_links":{"self":[{"href":"https:\/\/portalfadesp.org.br\/index.php?rest_route=\/wp\/v2\/posts\/4095","targetHints":{"allow":["GET"]}}],"collection":[{"href":"https:\/\/portalfadesp.org.br\/index.php?rest_route=\/wp\/v2\/posts"}],"about":[{"href":"https:\/\/portalfadesp.org.br\/index.php?rest_route=\/wp\/v2\/types\/post"}],"author":[{"embeddable":true,"href":"https:\/\/portalfadesp.org.br\/index.php?rest_route=\/wp\/v2\/users\/11"}],"replies":[{"embeddable":true,"href":"https:\/\/portalfadesp.org.br\/index.php?rest_route=%2Fwp%2Fv2%2Fcomments&post=4095"}],"version-history":[{"count":2,"href":"https:\/\/portalfadesp.org.br\/index.php?rest_route=\/wp\/v2\/posts\/4095\/revisions"}],"predecessor-version":[{"id":4097,"href":"https:\/\/portalfadesp.org.br\/index.php?rest_route=\/wp\/v2\/posts\/4095\/revisions\/4097"}],"wp:featuredmedia":[{"embeddable":true,"href":"https:\/\/portalfadesp.org.br\/index.php?rest_route=\/wp\/v2\/media\/4099"}],"wp:attachment":[{"href":"https:\/\/portalfadesp.org.br\/index.php?rest_route=%2Fwp%2Fv2%2Fmedia&parent=4095"}],"wp:term":[{"taxonomy":"category","embeddable":true,"href":"https:\/\/portalfadesp.org.br\/index.php?rest_route=%2Fwp%2Fv2%2Fcategories&post=4095"},{"taxonomy":"post_tag","embeddable":true,"href":"https:\/\/portalfadesp.org.br\/index.php?rest_route=%2Fwp%2Fv2%2Ftags&post=4095"}],"curies":[{"name":"wp","href":"https:\/\/api.w.org\/{rel}","templated":true}]}}