{"id":4002,"date":"2019-09-03T10:04:29","date_gmt":"2019-09-03T13:04:29","guid":{"rendered":"https:\/\/162.215.13.167?p=4002"},"modified":"2022-12-20T17:47:19","modified_gmt":"2022-12-20T20:47:19","slug":"ufpa-sediara-3o-seminario-internacional-da-rede-tp3-turismo-patrimonio-e-politicas-publicas-inscricoes-abertas","status":"publish","type":"post","link":"https:\/\/portalfadesp.org.br\/?p=4002","title":{"rendered":"APOIO FADESP: UFPA sediar\u00e1 3\u00ba Semin\u00e1rio Internacional da Rede TP3 \u2013 Turismo, Patrim\u00f4nio e Pol\u00edticas P\u00fablicas. Inscri\u00e7\u00f5es abertas."},"content":{"rendered":"\n<p>A Universidade Federal do Par\u00e1 (UFPA) sediar\u00e1, entre os dias 6 e 9 de novembro deste ano, o <strong><a href=\"https:\/\/portalfadesp.org.br\/?page_id=2955\" target=\"_blank\" rel=\"noreferrer noopener\">3\u00ba Semin\u00e1rio Internacional da Rede TP3 \u2013 Turismo, Patrim\u00f4nio e Pol\u00edticas P\u00fablicas e a 9\u00aa Confer\u00eancia Internacional da AsTRES. <\/a><\/strong>O tema do evento ser\u00e1 \u201cDiversidades e perspectivas da pesquisa franco-brasileira\u201d. As <strong><a href=\"https:\/\/portalfadesp.org.br\/?page_id=2955\" target=\"_blank\" rel=\"noreferrer noopener\">inscri\u00e7\u00f5es<\/a><\/strong> j\u00e1 est\u00e3o abertas.<\/p>\n\n\n\n<p>Essa\nterceira edi\u00e7\u00e3o do evento \u00e9 coordenada pela UFPA. A primeira vers\u00e3o foi\norganizada pela Universidade Federal do Rio de Janeiro, em 2016, e serviu de\nbase para um movimento que come\u00e7ou a discutir os desafios para a pesquisa e as\npol\u00edticas p\u00fablicas em Turismo sustent\u00e1vel. Em 2018, novo encontro foi realizado\nem Paris, organizado pela Universit\u00e9 Panth\u00e9on-Sorbonne.<\/p>\n\n\n\n<p>A\nexpectativa \u00e9 que as reuni\u00f5es sejam bianuais,\nalternadas entre os dois pa\u00edses, numa perspectiva de sistematiza\u00e7\u00e3o dos\ntrabalhos a longo prazo. Conforme a organiza\u00e7\u00e3o, o objetivo da rede \u00e9\nfortalecer os v\u00ednculos para a pesquisa interdisciplinar e capacita\u00e7\u00e3o de\nrecursos humanos em p\u00f3s-gradua\u00e7\u00e3o.<\/p>\n\n\n\n<p>No Brasil, as principais institui\u00e7\u00f5es que\ncomp\u00f5em o n\u00facleo da Rede TP3 s\u00e3o a UFPA, a UFRJ, a Universidade de S\u00e3o Paulo\n(USP), a Universidade de Campinas (UNICAMP) e Universidade Federal Rural do Rio\nde Janeiro (UFRRJ). Na Fran\u00e7a, envolve a Paris 1 e demais institui\u00e7\u00f5es\narticuladas \u00e0 Rede AsTRES, uma rede de universidades e institui\u00e7\u00f5es de ensino\nsuperior, especializada em pesquisa e educa\u00e7\u00e3o na tem\u00e1tica do turismo.<\/p>\n\n\n\n<p>Nesta terceira edi\u00e7\u00e3o do Encontro, o objetivo\nprincipal \u00e9 discutir as pol\u00edticas p\u00fablicas de turismo e pol\u00edticas afins, em sua\narticula\u00e7\u00e3o com a tem\u00e1tica de patrim\u00f4nio entendido a partir da articula\u00e7\u00e3o\nentre natureza e cultura, patrim\u00f4nio tang\u00edvel e intang\u00edvel. E, ainda, \u201cpromover\ne fortalecer uma abordagem qualificada e interdisciplinar em pesquisa,\nplanejamento e capacita\u00e7\u00e3o em turismo\u201d.<\/p>\n\n\n\n<p>O evento ter\u00e1 mesas redondas, tr\u00eas grupos de\ntrabalho, reuni\u00f5es t\u00e9cnicas e debates entre os membros das redes em foco, para\na constru\u00e7\u00e3o de propostas de pesquisa e coopera\u00e7\u00e3o Fran\u00e7a-Brasil nessa\ntem\u00e1tica. O resultado da sele\u00e7\u00e3o de trabalhos ser\u00e1 divulgado no dia 1 de\nsetembro.<\/p>\n\n\n\n<p>Para al\u00e9m da economia \u2013 Os estudos realizados pela rede de\npesquisa consideram o turismo estrat\u00e9gico, mas ainda tratado de forma\nperif\u00e9rica tanto na pesquisa quanto nas pol\u00edticas p\u00fablicas. Em geral, o tema \u00e9\nanalisado sob o ponto de vista da economia, obedecendo a l\u00f3gica de mercado.<\/p>\n\n\n\n<p>A percep\u00e7\u00e3o tem\nmudado, influenciando novas abordagens que olhem o turismo sob a \u00f3tica do desenvolvimento\ne dos seus potenciais impactos sociais, culturais e ambientais. E a pesquisa \u00e9\numa das respons\u00e1veis por essa mudan\u00e7a de foco.<\/p>\n\n\n\n<p>\u201cUm esfor\u00e7o\nsignificativo tem sido empreendido por muitas institui\u00e7\u00f5es p\u00fablicas de pesquisa\nna Am\u00e9rica Latina e na Europa, para promover novas perspectivas de\ninterpreta\u00e7\u00e3o do turismo e a\u00e7\u00f5es com esse direcionamento, visando \u00e0 constru\u00e7\u00e3o\nde bases te\u00f3rico-metodol\u00f3gicas dirigidas ao denominado turismo sustent\u00e1vel\u201d,\nconstata a organiza\u00e7\u00e3o do evento.<\/p>\n\n\n\n<p><strong><a href=\"https:\/\/portalfadesp.org.br\/?page_id=2955\" target=\"_blank\" rel=\"noreferrer noopener\">Inscri\u00e7\u00f5es <\/a><\/strong>\u2013 A inscri\u00e7\u00e3o para participa\u00e7\u00e3o no evento ser\u00e1 realizada atrav\u00e9s do site da FADESP. At\u00e9 o dia 15 de setembro, haver\u00e1 pre\u00e7o promocional, com taxa de R$ 150,00 para pesquisadores e professores e de R$ 110,00 para alunos da p\u00f3s-gradua\u00e7\u00e3o e outros. Ap\u00f3s essa data, ser\u00e1 cobrada taxa de R$ 200,00 e R$ 150,00, respectivamente.<\/p>\n","protected":false},"excerpt":{"rendered":"<p>A Universidade Federal do Par\u00e1 (UFPA) sediar\u00e1, entre os dias 6 e 9 de novembro deste ano, o 3\u00ba Semin\u00e1rio Internacional da Rede TP3 \u2013 Turismo, Patrim\u00f4nio e Pol\u00edticas P\u00fablicas e a 9\u00aa Confer\u00eancia Internacional da AsTRES. O tema do evento ser\u00e1 \u201cDiversidades e perspectivas da pesquisa franco-brasileira\u201d. As inscri\u00e7\u00f5es j\u00e1 est\u00e3o abertas. Essa terceira [&hellip;]<\/p>\n","protected":false},"author":11,"featured_media":3764,"comment_status":"closed","ping_status":"closed","sticky":false,"template":"","format":"standard","meta":{"_monsterinsights_skip_tracking":false,"_monsterinsights_sitenote_active":false,"_monsterinsights_sitenote_note":"","_monsterinsights_sitenote_category":0,"footnotes":""},"categories":[83],"tags":[80,92,91,33],"class_list":["post-4002","post","type-post","status-publish","format-standard","has-post-thumbnail","hentry","category-ufpa","tag-pesquisa","tag-sustentabilidade","tag-turismo","tag-ufpa","entry","has-media"],"yoast_head":"<!-- This site is optimized with the Yoast SEO plugin v25.1 - https:\/\/yoast.com\/wordpress\/plugins\/seo\/ -->\n<title>APOIO FADESP: UFPA sediar\u00e1 3\u00ba Semin\u00e1rio Internacional da Rede TP3 \u2013 Turismo, Patrim\u00f4nio e Pol\u00edticas P\u00fablicas. Inscri\u00e7\u00f5es abertas. - FADESP<\/title>\n<meta name=\"robots\" content=\"index, follow, max-snippet:-1, max-image-preview:large, max-video-preview:-1\" \/>\n<link rel=\"canonical\" href=\"https:\/\/portalfadesp.org.br\/?p=4002\" \/>\n<meta property=\"og:locale\" content=\"pt_BR\" \/>\n<meta property=\"og:type\" content=\"article\" \/>\n<meta property=\"og:title\" content=\"APOIO FADESP: UFPA sediar\u00e1 3\u00ba Semin\u00e1rio Internacional da Rede TP3 \u2013 Turismo, Patrim\u00f4nio e Pol\u00edticas P\u00fablicas. Inscri\u00e7\u00f5es abertas. - FADESP\" \/>\n<meta property=\"og:description\" content=\"A Universidade Federal do Par\u00e1 (UFPA) sediar\u00e1, entre os dias 6 e 9 de novembro deste ano, o 3\u00ba Semin\u00e1rio Internacional da Rede TP3 \u2013 Turismo, Patrim\u00f4nio e Pol\u00edticas P\u00fablicas e a 9\u00aa Confer\u00eancia Internacional da AsTRES. O tema do evento ser\u00e1 \u201cDiversidades e perspectivas da pesquisa franco-brasileira\u201d. As inscri\u00e7\u00f5es j\u00e1 est\u00e3o abertas. Essa terceira [&hellip;]\" \/>\n<meta property=\"og:url\" content=\"https:\/\/portalfadesp.org.br\/?p=4002\" \/>\n<meta property=\"og:site_name\" content=\"FADESP\" \/>\n<meta property=\"article:publisher\" content=\"https:\/\/www.facebook.com\/Fadesp-138351949524662\/\" \/>\n<meta property=\"article:published_time\" content=\"2019-09-03T13:04:29+00:00\" \/>\n<meta property=\"article:modified_time\" content=\"2022-12-20T20:47:19+00:00\" \/>\n<meta property=\"og:image\" content=\"https:\/\/portalfadesp.org.br\/wp-content\/uploads\/2019\/08\/2019-agosto-banner-pro-site.jpg\" \/>\n\t<meta property=\"og:image:width\" content=\"300\" \/>\n\t<meta property=\"og:image:height\" content=\"301\" \/>\n\t<meta property=\"og:image:type\" content=\"image\/jpeg\" \/>\n<meta name=\"author\" content=\"Lorena Filgueiras\" \/>\n<meta name=\"twitter:card\" content=\"summary_large_image\" \/>\n<meta name=\"twitter:creator\" content=\"@Fadesp\" \/>\n<meta name=\"twitter:site\" content=\"@Fadesp\" \/>\n<meta name=\"twitter:label1\" content=\"Escrito por\" \/>\n\t<meta name=\"twitter:data1\" content=\"Lorena Filgueiras\" \/>\n\t<meta name=\"twitter:label2\" content=\"Est. tempo de leitura\" \/>\n\t<meta name=\"twitter:data2\" content=\"3 minutos\" \/>\n<script type=\"application\/ld+json\" class=\"yoast-schema-graph\">{\"@context\":\"https:\/\/schema.org\",\"@graph\":[{\"@type\":\"Article\",\"@id\":\"https:\/\/portalfadesp.org.br\/?p=4002#article\",\"isPartOf\":{\"@id\":\"https:\/\/portalfadesp.org.br\/?p=4002\"},\"author\":{\"name\":\"Lorena Filgueiras\",\"@id\":\"https:\/\/portalfadesp.org.br\/#\/schema\/person\/c1fa9db0c87dc412d1568e0e5e27be9c\"},\"headline\":\"APOIO FADESP: UFPA sediar\u00e1 3\u00ba Semin\u00e1rio Internacional da Rede TP3 \u2013 Turismo, Patrim\u00f4nio e Pol\u00edticas P\u00fablicas. Inscri\u00e7\u00f5es abertas.\",\"datePublished\":\"2019-09-03T13:04:29+00:00\",\"dateModified\":\"2022-12-20T20:47:19+00:00\",\"mainEntityOfPage\":{\"@id\":\"https:\/\/portalfadesp.org.br\/?p=4002\"},\"wordCount\":588,\"publisher\":{\"@id\":\"https:\/\/portalfadesp.org.br\/#organization\"},\"image\":{\"@id\":\"https:\/\/portalfadesp.org.br\/?p=4002#primaryimage\"},\"thumbnailUrl\":\"https:\/\/portalfadesp.org.br\/wp-content\/uploads\/2019\/08\/2019-agosto-banner-pro-site.jpg\",\"keywords\":[\"PESQUISA\",\"Sustentabilidade\",\"Turismo\",\"UFPA\"],\"articleSection\":[\"UFPA\"],\"inLanguage\":\"pt-BR\"},{\"@type\":\"WebPage\",\"@id\":\"https:\/\/portalfadesp.org.br\/?p=4002\",\"url\":\"https:\/\/portalfadesp.org.br\/?p=4002\",\"name\":\"APOIO FADESP: UFPA sediar\u00e1 3\u00ba Semin\u00e1rio Internacional da Rede TP3 \u2013 Turismo, Patrim\u00f4nio e Pol\u00edticas P\u00fablicas. Inscri\u00e7\u00f5es abertas. - FADESP\",\"isPartOf\":{\"@id\":\"https:\/\/portalfadesp.org.br\/#website\"},\"primaryImageOfPage\":{\"@id\":\"https:\/\/portalfadesp.org.br\/?p=4002#primaryimage\"},\"image\":{\"@id\":\"https:\/\/portalfadesp.org.br\/?p=4002#primaryimage\"},\"thumbnailUrl\":\"https:\/\/portalfadesp.org.br\/wp-content\/uploads\/2019\/08\/2019-agosto-banner-pro-site.jpg\",\"datePublished\":\"2019-09-03T13:04:29+00:00\",\"dateModified\":\"2022-12-20T20:47:19+00:00\",\"breadcrumb\":{\"@id\":\"https:\/\/portalfadesp.org.br\/?p=4002#breadcrumb\"},\"inLanguage\":\"pt-BR\",\"potentialAction\":[{\"@type\":\"ReadAction\",\"target\":[\"https:\/\/portalfadesp.org.br\/?p=4002\"]}]},{\"@type\":\"ImageObject\",\"inLanguage\":\"pt-BR\",\"@id\":\"https:\/\/portalfadesp.org.br\/?p=4002#primaryimage\",\"url\":\"https:\/\/portalfadesp.org.br\/wp-content\/uploads\/2019\/08\/2019-agosto-banner-pro-site.jpg\",\"contentUrl\":\"https:\/\/portalfadesp.org.br\/wp-content\/uploads\/2019\/08\/2019-agosto-banner-pro-site.jpg\",\"width\":300,\"height\":301},{\"@type\":\"BreadcrumbList\",\"@id\":\"https:\/\/portalfadesp.org.br\/?p=4002#breadcrumb\",\"itemListElement\":[{\"@type\":\"ListItem\",\"position\":1,\"name\":\"In\u00edcio\",\"item\":\"https:\/\/portalfadesp.org.br\/\"},{\"@type\":\"ListItem\",\"position\":2,\"name\":\"APOIO FADESP: UFPA sediar\u00e1 3\u00ba Semin\u00e1rio Internacional da Rede TP3 \u2013 Turismo, Patrim\u00f4nio e Pol\u00edticas P\u00fablicas. Inscri\u00e7\u00f5es abertas.\"}]},{\"@type\":\"WebSite\",\"@id\":\"https:\/\/portalfadesp.org.br\/#website\",\"url\":\"https:\/\/portalfadesp.org.br\/\",\"name\":\"FADESP\",\"description\":\"Funda\u00e7\u00e3o de Amparo e Desenvolvimento da Pesquisa\",\"publisher\":{\"@id\":\"https:\/\/portalfadesp.org.br\/#organization\"},\"potentialAction\":[{\"@type\":\"SearchAction\",\"target\":{\"@type\":\"EntryPoint\",\"urlTemplate\":\"https:\/\/portalfadesp.org.br\/?s={search_term_string}\"},\"query-input\":{\"@type\":\"PropertyValueSpecification\",\"valueRequired\":true,\"valueName\":\"search_term_string\"}}],\"inLanguage\":\"pt-BR\"},{\"@type\":\"Organization\",\"@id\":\"https:\/\/portalfadesp.org.br\/#organization\",\"name\":\"FADESP\",\"url\":\"https:\/\/portalfadesp.org.br\/\",\"logo\":{\"@type\":\"ImageObject\",\"inLanguage\":\"pt-BR\",\"@id\":\"https:\/\/portalfadesp.org.br\/#\/schema\/logo\/image\/\",\"url\":\"https:\/\/portalfadesp.org.br\/wp-content\/uploads\/2024\/01\/NOVOLOGOFADESPlaranjaH.png\",\"contentUrl\":\"https:\/\/portalfadesp.org.br\/wp-content\/uploads\/2024\/01\/NOVOLOGOFADESPlaranjaH.png\",\"width\":2742,\"height\":839,\"caption\":\"FADESP\"},\"image\":{\"@id\":\"https:\/\/portalfadesp.org.br\/#\/schema\/logo\/image\/\"},\"sameAs\":[\"https:\/\/www.facebook.com\/Fadesp-138351949524662\/\",\"https:\/\/x.com\/Fadesp\",\"https:\/\/www.instagram.com\/fadesp_ufpa\/\",\"https:\/\/www.youtube.com\/@fundacaodeamparoedesenvolv1903\",\"https:\/\/www.threads.net\/@fadesp_ufpa\"]},{\"@type\":\"Person\",\"@id\":\"https:\/\/portalfadesp.org.br\/#\/schema\/person\/c1fa9db0c87dc412d1568e0e5e27be9c\",\"name\":\"Lorena Filgueiras\",\"image\":{\"@type\":\"ImageObject\",\"inLanguage\":\"pt-BR\",\"@id\":\"https:\/\/portalfadesp.org.br\/#\/schema\/person\/image\/\",\"url\":\"https:\/\/secure.gravatar.com\/avatar\/37390a2dfe1325c2917fc5f6df471abe8ab753cf23b2d14690f57bd61ab4b7cf?s=96&d=mm&r=g\",\"contentUrl\":\"https:\/\/secure.gravatar.com\/avatar\/37390a2dfe1325c2917fc5f6df471abe8ab753cf23b2d14690f57bd61ab4b7cf?s=96&d=mm&r=g\",\"caption\":\"Lorena Filgueiras\"},\"url\":\"https:\/\/portalfadesp.org.br\/?author=11\"}]}<\/script>\n<!-- \/ Yoast SEO plugin. -->","yoast_head_json":{"title":"APOIO FADESP: UFPA sediar\u00e1 3\u00ba Semin\u00e1rio Internacional da Rede TP3 \u2013 Turismo, Patrim\u00f4nio e Pol\u00edticas P\u00fablicas. Inscri\u00e7\u00f5es abertas. - FADESP","robots":{"index":"index","follow":"follow","max-snippet":"max-snippet:-1","max-image-preview":"max-image-preview:large","max-video-preview":"max-video-preview:-1"},"canonical":"https:\/\/portalfadesp.org.br\/?p=4002","og_locale":"pt_BR","og_type":"article","og_title":"APOIO FADESP: UFPA sediar\u00e1 3\u00ba Semin\u00e1rio Internacional da Rede TP3 \u2013 Turismo, Patrim\u00f4nio e Pol\u00edticas P\u00fablicas. Inscri\u00e7\u00f5es abertas. - FADESP","og_description":"A Universidade Federal do Par\u00e1 (UFPA) sediar\u00e1, entre os dias 6 e 9 de novembro deste ano, o 3\u00ba Semin\u00e1rio Internacional da Rede TP3 \u2013 Turismo, Patrim\u00f4nio e Pol\u00edticas P\u00fablicas e a 9\u00aa Confer\u00eancia Internacional da AsTRES. O tema do evento ser\u00e1 \u201cDiversidades e perspectivas da pesquisa franco-brasileira\u201d. As inscri\u00e7\u00f5es j\u00e1 est\u00e3o abertas. Essa terceira [&hellip;]","og_url":"https:\/\/portalfadesp.org.br\/?p=4002","og_site_name":"FADESP","article_publisher":"https:\/\/www.facebook.com\/Fadesp-138351949524662\/","article_published_time":"2019-09-03T13:04:29+00:00","article_modified_time":"2022-12-20T20:47:19+00:00","og_image":[{"width":300,"height":301,"url":"https:\/\/portalfadesp.org.br\/wp-content\/uploads\/2019\/08\/2019-agosto-banner-pro-site.jpg","type":"image\/jpeg"}],"author":"Lorena Filgueiras","twitter_card":"summary_large_image","twitter_creator":"@Fadesp","twitter_site":"@Fadesp","twitter_misc":{"Escrito por":"Lorena Filgueiras","Est. tempo de leitura":"3 minutos"},"schema":{"@context":"https:\/\/schema.org","@graph":[{"@type":"Article","@id":"https:\/\/portalfadesp.org.br\/?p=4002#article","isPartOf":{"@id":"https:\/\/portalfadesp.org.br\/?p=4002"},"author":{"name":"Lorena Filgueiras","@id":"https:\/\/portalfadesp.org.br\/#\/schema\/person\/c1fa9db0c87dc412d1568e0e5e27be9c"},"headline":"APOIO FADESP: UFPA sediar\u00e1 3\u00ba Semin\u00e1rio Internacional da Rede TP3 \u2013 Turismo, Patrim\u00f4nio e Pol\u00edticas P\u00fablicas. Inscri\u00e7\u00f5es abertas.","datePublished":"2019-09-03T13:04:29+00:00","dateModified":"2022-12-20T20:47:19+00:00","mainEntityOfPage":{"@id":"https:\/\/portalfadesp.org.br\/?p=4002"},"wordCount":588,"publisher":{"@id":"https:\/\/portalfadesp.org.br\/#organization"},"image":{"@id":"https:\/\/portalfadesp.org.br\/?p=4002#primaryimage"},"thumbnailUrl":"https:\/\/portalfadesp.org.br\/wp-content\/uploads\/2019\/08\/2019-agosto-banner-pro-site.jpg","keywords":["PESQUISA","Sustentabilidade","Turismo","UFPA"],"articleSection":["UFPA"],"inLanguage":"pt-BR"},{"@type":"WebPage","@id":"https:\/\/portalfadesp.org.br\/?p=4002","url":"https:\/\/portalfadesp.org.br\/?p=4002","name":"APOIO FADESP: UFPA sediar\u00e1 3\u00ba Semin\u00e1rio Internacional da Rede TP3 \u2013 Turismo, Patrim\u00f4nio e Pol\u00edticas P\u00fablicas. Inscri\u00e7\u00f5es abertas. - FADESP","isPartOf":{"@id":"https:\/\/portalfadesp.org.br\/#website"},"primaryImageOfPage":{"@id":"https:\/\/portalfadesp.org.br\/?p=4002#primaryimage"},"image":{"@id":"https:\/\/portalfadesp.org.br\/?p=4002#primaryimage"},"thumbnailUrl":"https:\/\/portalfadesp.org.br\/wp-content\/uploads\/2019\/08\/2019-agosto-banner-pro-site.jpg","datePublished":"2019-09-03T13:04:29+00:00","dateModified":"2022-12-20T20:47:19+00:00","breadcrumb":{"@id":"https:\/\/portalfadesp.org.br\/?p=4002#breadcrumb"},"inLanguage":"pt-BR","potentialAction":[{"@type":"ReadAction","target":["https:\/\/portalfadesp.org.br\/?p=4002"]}]},{"@type":"ImageObject","inLanguage":"pt-BR","@id":"https:\/\/portalfadesp.org.br\/?p=4002#primaryimage","url":"https:\/\/portalfadesp.org.br\/wp-content\/uploads\/2019\/08\/2019-agosto-banner-pro-site.jpg","contentUrl":"https:\/\/portalfadesp.org.br\/wp-content\/uploads\/2019\/08\/2019-agosto-banner-pro-site.jpg","width":300,"height":301},{"@type":"BreadcrumbList","@id":"https:\/\/portalfadesp.org.br\/?p=4002#breadcrumb","itemListElement":[{"@type":"ListItem","position":1,"name":"In\u00edcio","item":"https:\/\/portalfadesp.org.br\/"},{"@type":"ListItem","position":2,"name":"APOIO FADESP: UFPA sediar\u00e1 3\u00ba Semin\u00e1rio Internacional da Rede TP3 \u2013 Turismo, Patrim\u00f4nio e Pol\u00edticas P\u00fablicas. Inscri\u00e7\u00f5es abertas."}]},{"@type":"WebSite","@id":"https:\/\/portalfadesp.org.br\/#website","url":"https:\/\/portalfadesp.org.br\/","name":"FADESP","description":"Funda\u00e7\u00e3o de Amparo e Desenvolvimento da Pesquisa","publisher":{"@id":"https:\/\/portalfadesp.org.br\/#organization"},"potentialAction":[{"@type":"SearchAction","target":{"@type":"EntryPoint","urlTemplate":"https:\/\/portalfadesp.org.br\/?s={search_term_string}"},"query-input":{"@type":"PropertyValueSpecification","valueRequired":true,"valueName":"search_term_string"}}],"inLanguage":"pt-BR"},{"@type":"Organization","@id":"https:\/\/portalfadesp.org.br\/#organization","name":"FADESP","url":"https:\/\/portalfadesp.org.br\/","logo":{"@type":"ImageObject","inLanguage":"pt-BR","@id":"https:\/\/portalfadesp.org.br\/#\/schema\/logo\/image\/","url":"https:\/\/portalfadesp.org.br\/wp-content\/uploads\/2024\/01\/NOVOLOGOFADESPlaranjaH.png","contentUrl":"https:\/\/portalfadesp.org.br\/wp-content\/uploads\/2024\/01\/NOVOLOGOFADESPlaranjaH.png","width":2742,"height":839,"caption":"FADESP"},"image":{"@id":"https:\/\/portalfadesp.org.br\/#\/schema\/logo\/image\/"},"sameAs":["https:\/\/www.facebook.com\/Fadesp-138351949524662\/","https:\/\/x.com\/Fadesp","https:\/\/www.instagram.com\/fadesp_ufpa\/","https:\/\/www.youtube.com\/@fundacaodeamparoedesenvolv1903","https:\/\/www.threads.net\/@fadesp_ufpa"]},{"@type":"Person","@id":"https:\/\/portalfadesp.org.br\/#\/schema\/person\/c1fa9db0c87dc412d1568e0e5e27be9c","name":"Lorena Filgueiras","image":{"@type":"ImageObject","inLanguage":"pt-BR","@id":"https:\/\/portalfadesp.org.br\/#\/schema\/person\/image\/","url":"https:\/\/secure.gravatar.com\/avatar\/37390a2dfe1325c2917fc5f6df471abe8ab753cf23b2d14690f57bd61ab4b7cf?s=96&d=mm&r=g","contentUrl":"https:\/\/secure.gravatar.com\/avatar\/37390a2dfe1325c2917fc5f6df471abe8ab753cf23b2d14690f57bd61ab4b7cf?s=96&d=mm&r=g","caption":"Lorena Filgueiras"},"url":"https:\/\/portalfadesp.org.br\/?author=11"}]}},"_links":{"self":[{"href":"https:\/\/portalfadesp.org.br\/index.php?rest_route=\/wp\/v2\/posts\/4002","targetHints":{"allow":["GET"]}}],"collection":[{"href":"https:\/\/portalfadesp.org.br\/index.php?rest_route=\/wp\/v2\/posts"}],"about":[{"href":"https:\/\/portalfadesp.org.br\/index.php?rest_route=\/wp\/v2\/types\/post"}],"author":[{"embeddable":true,"href":"https:\/\/portalfadesp.org.br\/index.php?rest_route=\/wp\/v2\/users\/11"}],"replies":[{"embeddable":true,"href":"https:\/\/portalfadesp.org.br\/index.php?rest_route=%2Fwp%2Fv2%2Fcomments&post=4002"}],"version-history":[{"count":3,"href":"https:\/\/portalfadesp.org.br\/index.php?rest_route=\/wp\/v2\/posts\/4002\/revisions"}],"predecessor-version":[{"id":37813,"href":"https:\/\/portalfadesp.org.br\/index.php?rest_route=\/wp\/v2\/posts\/4002\/revisions\/37813"}],"wp:featuredmedia":[{"embeddable":true,"href":"https:\/\/portalfadesp.org.br\/index.php?rest_route=\/wp\/v2\/media\/3764"}],"wp:attachment":[{"href":"https:\/\/portalfadesp.org.br\/index.php?rest_route=%2Fwp%2Fv2%2Fmedia&parent=4002"}],"wp:term":[{"taxonomy":"category","embeddable":true,"href":"https:\/\/portalfadesp.org.br\/index.php?rest_route=%2Fwp%2Fv2%2Fcategories&post=4002"},{"taxonomy":"post_tag","embeddable":true,"href":"https:\/\/portalfadesp.org.br\/index.php?rest_route=%2Fwp%2Fv2%2Ftags&post=4002"}],"curies":[{"name":"wp","href":"https:\/\/api.w.org\/{rel}","templated":true}]}}