{"id":3985,"date":"2019-09-02T10:03:19","date_gmt":"2019-09-02T13:03:19","guid":{"rendered":"https:\/\/162.215.13.167?p=3985"},"modified":"2020-12-30T12:46:01","modified_gmt":"2020-12-30T15:46:01","slug":"inscricoes-para-curso-livre-de-alemao-da-ufpa-sao-prorrogadas-ate-dia-06","status":"publish","type":"post","link":"https:\/\/portalfadesp.org.br\/?p=3985","title":{"rendered":"Inscri\u00e7\u00f5es para Curso Livre de Alem\u00e3o, da UFPA, s\u00e3o prorrogadas at\u00e9 dia 06."},"content":{"rendered":"\n<p>A coordena\u00e7\u00e3o do Curso Livre de Alem\u00e3o (CLA) da UFPA torna p\u00fablica a prorroga\u00e7\u00e3o das <strong><a rel=\"noreferrer noopener\" aria-label=\"inscri\u00e7\u00f5es  (abre numa nova aba)\" href=\"http:\/\/cursos.fadesp.org.br\/index_area.asp?tipo=C&amp;area=6.18\" target=\"_blank\">INSCRI\u00c7\u00d5ES<\/a><\/strong><a rel=\"noreferrer noopener\" aria-label=\"inscri\u00e7\u00f5es  (abre numa nova aba)\" href=\"http:\/\/cursos.fadesp.org.br\/index_area.asp?tipo=C&amp;area=6.18\" target=\"_blank\"> <\/a>para os cursos de l\u00edngua alem\u00e3 no 2\u00b0 Semestre de 2019, ofertados pela Faculdade de Letras Estrangeiras Modernas (FALEM\/ILC).<br>As inscri\u00e7\u00f5es ser\u00e3o realizadas exclusivamente no <strong><a rel=\"noreferrer noopener\" aria-label=\"site da FADESP (abre numa nova aba)\" href=\"http:\/\/cursos.fadesp.org.br\/index_area.asp?tipo=C&amp;area=6.18\" target=\"_blank\">site da FADESP<\/a><\/strong>. Quem ainda n\u00e3o possui cadastro no site da Funda\u00e7\u00e3o, deve faz\u00ea-lo como primeiro passo da inscri\u00e7\u00e3o. Na sequ\u00eancia, deve fazer login para entrar em sua p\u00e1gina e escolher a turma para se inscrever.<br> Para esse semestre s\u00e3o ofertadas 18 turmas de alem\u00e3o distribu\u00eddas entre os seis n\u00edveis de forma\u00e7\u00e3o lingu\u00edstica e sociocultural. Os cursos ter\u00e3o, no m\u00ednimo, 10 alunos e, no m\u00e1ximo, 25 alunos, sendo que o n\u00famero de vagas ofertadas compreende a totalidade de 375.<br> O per\u00edodo das aulas \u00e9 de 03 de setembro a 18 de dezembro, no Campus Universit\u00e1rio do Guam\u00e1\/UFPA, Setor Profissional, Pavilh\u00e3o G (altos). A dura\u00e7\u00e3o de um curso compreende a carga hor\u00e1ria total de 60 horas\/aula para cada turma, sendo que essas horas ser\u00e3o distribu\u00eddas em encontros de 4 horas semanais.<br> S\u00e3o ofertadas sete turmas para o n\u00edvel 1, quatro para o n\u00edvel 2, tr\u00eas para o n\u00edvel 3, duas para o n\u00edvel 4, uma para o n\u00edvel 5 e uma para o n\u00edvel 6. Para mais informa\u00e7\u00f5es a respeito de dias e hor\u00e1rios dispon\u00edveis das turmas, acesse o link de inscri\u00e7\u00e3o abaixo.<br> O valor total do curso \u00e9 de R$ 300,00 (taxa \u00fanica\/semestral), que deve ser pago no ato de inscri\u00e7\u00e3o. Em caso de reembolso da taxa de inscri\u00e7\u00e3o, este poder\u00e1 ocorrer somente em caso de a turma n\u00e3o atingir o n\u00famero m\u00ednimo de inscritos.<br> O curso tem como base o livro Schritte International NEU (n\u00edveis 1, 2, 3, 4, 5 e 6), o qual pode ser adquirido na livraria SBS (Av. Conselheiro Furtado, entre Tv. Benjamin Constant e Tv. Dr. Moraes) ou em livrarias online.  A aquisi\u00e7\u00e3o do material did\u00e1tico \u00e9 de responsabilidade do aluno, n\u00e3o sendo inclusa na taxa de inscri\u00e7\u00e3o.<br> O objetivo do CLA \u00e9 oferecer a oportunidade de aprendizagem de uma l\u00edngua estrangeira diferenciada diante da necessidade da mobilidade acad\u00eamica, contribuindo para a forma\u00e7\u00e3o e o crescimento profissional de discentes, docentes, pesquisadores e agentes universit\u00e1rios, bem como demais interessados.<br>Para mais informa\u00e7\u00f5es:<br>Email: ufpacursolivrealemao@gmail.com<br>Site: <a rel=\"noreferrer noopener\" aria-label=\"www.cla-ufpa.wixsite.com\/cla-ufpa (abre numa nova aba)\" href=\"https:\/\/cla-ufpa.wixsite.com\/cla-ufpa\" target=\"_blank\">www.cla-ufpa.wixsite.com\/cla-ufpa<\/a><br>Facebook: <a rel=\"noreferrer noopener\" aria-label=\"www.facebook.com\/ufpa.cla (abre numa nova aba)\" href=\"https:\/\/www.facebook.com\/ufpa.cla\" target=\"_blank\">www.facebook.com\/ufpa.cla<\/a><br>Instagram: <a href=\"https:\/\/www.instagram.com\/cla_ufpa\/\" target=\"_blank\" rel=\"noreferrer noopener\" aria-label=\"www.instagram.com\/cla_ufpa (abre numa nova aba)\">www.instagram.com\/cla_ufpa<\/a> <\/p>\n\n\n\n<p>Texto: Divulga\u00e7\u00e3o CLA.<\/p>\n\n\n\n<p><\/p>\n\n\n\n<p><\/p>\n","protected":false},"excerpt":{"rendered":"<p>A coordena\u00e7\u00e3o do Curso Livre de Alem\u00e3o (CLA) da UFPA torna p\u00fablica a prorroga\u00e7\u00e3o das INSCRI\u00c7\u00d5ES para os cursos de l\u00edngua alem\u00e3 no 2\u00b0 Semestre de 2019, ofertados pela Faculdade de Letras Estrangeiras Modernas (FALEM\/ILC).As inscri\u00e7\u00f5es ser\u00e3o realizadas exclusivamente no site da FADESP. Quem ainda n\u00e3o possui cadastro no site da Funda\u00e7\u00e3o, deve faz\u00ea-lo como [&hellip;]<\/p>\n","protected":false},"author":11,"featured_media":3681,"comment_status":"open","ping_status":"open","sticky":false,"template":"","format":"standard","meta":{"_monsterinsights_skip_tracking":false,"_monsterinsights_sitenote_active":false,"_monsterinsights_sitenote_note":"","_monsterinsights_sitenote_category":0,"footnotes":""},"categories":[11,83],"tags":[],"class_list":["post-3985","post","type-post","status-publish","format-standard","has-post-thumbnail","hentry","category-cursos-livres","category-ufpa","entry","has-media"],"yoast_head":"<!-- This site is optimized with the Yoast SEO plugin v25.1 - https:\/\/yoast.com\/wordpress\/plugins\/seo\/ -->\n<title>Inscri\u00e7\u00f5es para Curso Livre de Alem\u00e3o, da UFPA, s\u00e3o prorrogadas at\u00e9 dia 06. - FADESP<\/title>\n<meta name=\"robots\" content=\"index, follow, max-snippet:-1, max-image-preview:large, max-video-preview:-1\" \/>\n<link rel=\"canonical\" href=\"https:\/\/portalfadesp.org.br\/?p=3985\" \/>\n<meta property=\"og:locale\" content=\"pt_BR\" \/>\n<meta property=\"og:type\" content=\"article\" \/>\n<meta property=\"og:title\" content=\"Inscri\u00e7\u00f5es para Curso Livre de Alem\u00e3o, da UFPA, s\u00e3o prorrogadas at\u00e9 dia 06. - FADESP\" \/>\n<meta property=\"og:description\" content=\"A coordena\u00e7\u00e3o do Curso Livre de Alem\u00e3o (CLA) da UFPA torna p\u00fablica a prorroga\u00e7\u00e3o das INSCRI\u00c7\u00d5ES para os cursos de l\u00edngua alem\u00e3 no 2\u00b0 Semestre de 2019, ofertados pela Faculdade de Letras Estrangeiras Modernas (FALEM\/ILC).As inscri\u00e7\u00f5es ser\u00e3o realizadas exclusivamente no site da FADESP. Quem ainda n\u00e3o possui cadastro no site da Funda\u00e7\u00e3o, deve faz\u00ea-lo como [&hellip;]\" \/>\n<meta property=\"og:url\" content=\"https:\/\/portalfadesp.org.br\/?p=3985\" \/>\n<meta property=\"og:site_name\" content=\"FADESP\" \/>\n<meta property=\"article:publisher\" content=\"https:\/\/www.facebook.com\/Fadesp-138351949524662\/\" \/>\n<meta property=\"article:published_time\" content=\"2019-09-02T13:03:19+00:00\" \/>\n<meta property=\"article:modified_time\" content=\"2020-12-30T15:46:01+00:00\" \/>\n<meta property=\"og:image\" content=\"https:\/\/portalfadesp.org.br\/wp-content\/uploads\/2019\/08\/Logotipo-do-Curso-Livre-de-Alem\u00e3o-CLA.png\" \/>\n\t<meta property=\"og:image:width\" content=\"746\" \/>\n\t<meta property=\"og:image:height\" content=\"423\" \/>\n\t<meta property=\"og:image:type\" content=\"image\/png\" \/>\n<meta name=\"author\" content=\"Lorena Filgueiras\" \/>\n<meta name=\"twitter:card\" content=\"summary_large_image\" \/>\n<meta name=\"twitter:creator\" content=\"@Fadesp\" \/>\n<meta name=\"twitter:site\" content=\"@Fadesp\" \/>\n<meta name=\"twitter:label1\" content=\"Escrito por\" \/>\n\t<meta name=\"twitter:data1\" content=\"Lorena Filgueiras\" \/>\n\t<meta name=\"twitter:label2\" content=\"Est. tempo de leitura\" \/>\n\t<meta name=\"twitter:data2\" content=\"2 minutos\" \/>\n<script type=\"application\/ld+json\" class=\"yoast-schema-graph\">{\"@context\":\"https:\/\/schema.org\",\"@graph\":[{\"@type\":\"Article\",\"@id\":\"https:\/\/portalfadesp.org.br\/?p=3985#article\",\"isPartOf\":{\"@id\":\"https:\/\/portalfadesp.org.br\/?p=3985\"},\"author\":{\"name\":\"Lorena Filgueiras\",\"@id\":\"https:\/\/portalfadesp.org.br\/#\/schema\/person\/c1fa9db0c87dc412d1568e0e5e27be9c\"},\"headline\":\"Inscri\u00e7\u00f5es para Curso Livre de Alem\u00e3o, da UFPA, s\u00e3o prorrogadas at\u00e9 dia 06.\",\"datePublished\":\"2019-09-02T13:03:19+00:00\",\"dateModified\":\"2020-12-30T15:46:01+00:00\",\"mainEntityOfPage\":{\"@id\":\"https:\/\/portalfadesp.org.br\/?p=3985\"},\"wordCount\":442,\"commentCount\":0,\"publisher\":{\"@id\":\"https:\/\/portalfadesp.org.br\/#organization\"},\"image\":{\"@id\":\"https:\/\/portalfadesp.org.br\/?p=3985#primaryimage\"},\"thumbnailUrl\":\"https:\/\/portalfadesp.org.br\/wp-content\/uploads\/2019\/08\/Logotipo-do-Curso-Livre-de-Alem\u00e3o-CLA.png\",\"articleSection\":[\"Cursos Livres\",\"UFPA\"],\"inLanguage\":\"pt-BR\"},{\"@type\":\"WebPage\",\"@id\":\"https:\/\/portalfadesp.org.br\/?p=3985\",\"url\":\"https:\/\/portalfadesp.org.br\/?p=3985\",\"name\":\"Inscri\u00e7\u00f5es para Curso Livre de Alem\u00e3o, da UFPA, s\u00e3o prorrogadas at\u00e9 dia 06. - FADESP\",\"isPartOf\":{\"@id\":\"https:\/\/portalfadesp.org.br\/#website\"},\"primaryImageOfPage\":{\"@id\":\"https:\/\/portalfadesp.org.br\/?p=3985#primaryimage\"},\"image\":{\"@id\":\"https:\/\/portalfadesp.org.br\/?p=3985#primaryimage\"},\"thumbnailUrl\":\"https:\/\/portalfadesp.org.br\/wp-content\/uploads\/2019\/08\/Logotipo-do-Curso-Livre-de-Alem\u00e3o-CLA.png\",\"datePublished\":\"2019-09-02T13:03:19+00:00\",\"dateModified\":\"2020-12-30T15:46:01+00:00\",\"breadcrumb\":{\"@id\":\"https:\/\/portalfadesp.org.br\/?p=3985#breadcrumb\"},\"inLanguage\":\"pt-BR\",\"potentialAction\":[{\"@type\":\"ReadAction\",\"target\":[\"https:\/\/portalfadesp.org.br\/?p=3985\"]}]},{\"@type\":\"ImageObject\",\"inLanguage\":\"pt-BR\",\"@id\":\"https:\/\/portalfadesp.org.br\/?p=3985#primaryimage\",\"url\":\"https:\/\/portalfadesp.org.br\/wp-content\/uploads\/2019\/08\/Logotipo-do-Curso-Livre-de-Alem\u00e3o-CLA.png\",\"contentUrl\":\"https:\/\/portalfadesp.org.br\/wp-content\/uploads\/2019\/08\/Logotipo-do-Curso-Livre-de-Alem\u00e3o-CLA.png\",\"width\":746,\"height\":423},{\"@type\":\"BreadcrumbList\",\"@id\":\"https:\/\/portalfadesp.org.br\/?p=3985#breadcrumb\",\"itemListElement\":[{\"@type\":\"ListItem\",\"position\":1,\"name\":\"In\u00edcio\",\"item\":\"https:\/\/portalfadesp.org.br\/\"},{\"@type\":\"ListItem\",\"position\":2,\"name\":\"Inscri\u00e7\u00f5es para Curso Livre de Alem\u00e3o, da UFPA, s\u00e3o prorrogadas at\u00e9 dia 06.\"}]},{\"@type\":\"WebSite\",\"@id\":\"https:\/\/portalfadesp.org.br\/#website\",\"url\":\"https:\/\/portalfadesp.org.br\/\",\"name\":\"FADESP\",\"description\":\"Funda\u00e7\u00e3o de Amparo e Desenvolvimento da Pesquisa\",\"publisher\":{\"@id\":\"https:\/\/portalfadesp.org.br\/#organization\"},\"potentialAction\":[{\"@type\":\"SearchAction\",\"target\":{\"@type\":\"EntryPoint\",\"urlTemplate\":\"https:\/\/portalfadesp.org.br\/?s={search_term_string}\"},\"query-input\":{\"@type\":\"PropertyValueSpecification\",\"valueRequired\":true,\"valueName\":\"search_term_string\"}}],\"inLanguage\":\"pt-BR\"},{\"@type\":\"Organization\",\"@id\":\"https:\/\/portalfadesp.org.br\/#organization\",\"name\":\"FADESP\",\"url\":\"https:\/\/portalfadesp.org.br\/\",\"logo\":{\"@type\":\"ImageObject\",\"inLanguage\":\"pt-BR\",\"@id\":\"https:\/\/portalfadesp.org.br\/#\/schema\/logo\/image\/\",\"url\":\"https:\/\/portalfadesp.org.br\/wp-content\/uploads\/2024\/01\/NOVOLOGOFADESPlaranjaH.png\",\"contentUrl\":\"https:\/\/portalfadesp.org.br\/wp-content\/uploads\/2024\/01\/NOVOLOGOFADESPlaranjaH.png\",\"width\":2742,\"height\":839,\"caption\":\"FADESP\"},\"image\":{\"@id\":\"https:\/\/portalfadesp.org.br\/#\/schema\/logo\/image\/\"},\"sameAs\":[\"https:\/\/www.facebook.com\/Fadesp-138351949524662\/\",\"https:\/\/x.com\/Fadesp\",\"https:\/\/www.instagram.com\/fadesp_ufpa\/\",\"https:\/\/www.youtube.com\/@fundacaodeamparoedesenvolv1903\",\"https:\/\/www.threads.net\/@fadesp_ufpa\"]},{\"@type\":\"Person\",\"@id\":\"https:\/\/portalfadesp.org.br\/#\/schema\/person\/c1fa9db0c87dc412d1568e0e5e27be9c\",\"name\":\"Lorena Filgueiras\",\"image\":{\"@type\":\"ImageObject\",\"inLanguage\":\"pt-BR\",\"@id\":\"https:\/\/portalfadesp.org.br\/#\/schema\/person\/image\/\",\"url\":\"https:\/\/secure.gravatar.com\/avatar\/37390a2dfe1325c2917fc5f6df471abe8ab753cf23b2d14690f57bd61ab4b7cf?s=96&d=mm&r=g\",\"contentUrl\":\"https:\/\/secure.gravatar.com\/avatar\/37390a2dfe1325c2917fc5f6df471abe8ab753cf23b2d14690f57bd61ab4b7cf?s=96&d=mm&r=g\",\"caption\":\"Lorena Filgueiras\"},\"url\":\"https:\/\/portalfadesp.org.br\/?author=11\"}]}<\/script>\n<!-- \/ Yoast SEO plugin. -->","yoast_head_json":{"title":"Inscri\u00e7\u00f5es para Curso Livre de Alem\u00e3o, da UFPA, s\u00e3o prorrogadas at\u00e9 dia 06. - FADESP","robots":{"index":"index","follow":"follow","max-snippet":"max-snippet:-1","max-image-preview":"max-image-preview:large","max-video-preview":"max-video-preview:-1"},"canonical":"https:\/\/portalfadesp.org.br\/?p=3985","og_locale":"pt_BR","og_type":"article","og_title":"Inscri\u00e7\u00f5es para Curso Livre de Alem\u00e3o, da UFPA, s\u00e3o prorrogadas at\u00e9 dia 06. - FADESP","og_description":"A coordena\u00e7\u00e3o do Curso Livre de Alem\u00e3o (CLA) da UFPA torna p\u00fablica a prorroga\u00e7\u00e3o das INSCRI\u00c7\u00d5ES para os cursos de l\u00edngua alem\u00e3 no 2\u00b0 Semestre de 2019, ofertados pela Faculdade de Letras Estrangeiras Modernas (FALEM\/ILC).As inscri\u00e7\u00f5es ser\u00e3o realizadas exclusivamente no site da FADESP. Quem ainda n\u00e3o possui cadastro no site da Funda\u00e7\u00e3o, deve faz\u00ea-lo como [&hellip;]","og_url":"https:\/\/portalfadesp.org.br\/?p=3985","og_site_name":"FADESP","article_publisher":"https:\/\/www.facebook.com\/Fadesp-138351949524662\/","article_published_time":"2019-09-02T13:03:19+00:00","article_modified_time":"2020-12-30T15:46:01+00:00","og_image":[{"width":746,"height":423,"url":"https:\/\/portalfadesp.org.br\/wp-content\/uploads\/2019\/08\/Logotipo-do-Curso-Livre-de-Alem\u00e3o-CLA.png","type":"image\/png"}],"author":"Lorena Filgueiras","twitter_card":"summary_large_image","twitter_creator":"@Fadesp","twitter_site":"@Fadesp","twitter_misc":{"Escrito por":"Lorena Filgueiras","Est. tempo de leitura":"2 minutos"},"schema":{"@context":"https:\/\/schema.org","@graph":[{"@type":"Article","@id":"https:\/\/portalfadesp.org.br\/?p=3985#article","isPartOf":{"@id":"https:\/\/portalfadesp.org.br\/?p=3985"},"author":{"name":"Lorena Filgueiras","@id":"https:\/\/portalfadesp.org.br\/#\/schema\/person\/c1fa9db0c87dc412d1568e0e5e27be9c"},"headline":"Inscri\u00e7\u00f5es para Curso Livre de Alem\u00e3o, da UFPA, s\u00e3o prorrogadas at\u00e9 dia 06.","datePublished":"2019-09-02T13:03:19+00:00","dateModified":"2020-12-30T15:46:01+00:00","mainEntityOfPage":{"@id":"https:\/\/portalfadesp.org.br\/?p=3985"},"wordCount":442,"commentCount":0,"publisher":{"@id":"https:\/\/portalfadesp.org.br\/#organization"},"image":{"@id":"https:\/\/portalfadesp.org.br\/?p=3985#primaryimage"},"thumbnailUrl":"https:\/\/portalfadesp.org.br\/wp-content\/uploads\/2019\/08\/Logotipo-do-Curso-Livre-de-Alem\u00e3o-CLA.png","articleSection":["Cursos Livres","UFPA"],"inLanguage":"pt-BR"},{"@type":"WebPage","@id":"https:\/\/portalfadesp.org.br\/?p=3985","url":"https:\/\/portalfadesp.org.br\/?p=3985","name":"Inscri\u00e7\u00f5es para Curso Livre de Alem\u00e3o, da UFPA, s\u00e3o prorrogadas at\u00e9 dia 06. - FADESP","isPartOf":{"@id":"https:\/\/portalfadesp.org.br\/#website"},"primaryImageOfPage":{"@id":"https:\/\/portalfadesp.org.br\/?p=3985#primaryimage"},"image":{"@id":"https:\/\/portalfadesp.org.br\/?p=3985#primaryimage"},"thumbnailUrl":"https:\/\/portalfadesp.org.br\/wp-content\/uploads\/2019\/08\/Logotipo-do-Curso-Livre-de-Alem\u00e3o-CLA.png","datePublished":"2019-09-02T13:03:19+00:00","dateModified":"2020-12-30T15:46:01+00:00","breadcrumb":{"@id":"https:\/\/portalfadesp.org.br\/?p=3985#breadcrumb"},"inLanguage":"pt-BR","potentialAction":[{"@type":"ReadAction","target":["https:\/\/portalfadesp.org.br\/?p=3985"]}]},{"@type":"ImageObject","inLanguage":"pt-BR","@id":"https:\/\/portalfadesp.org.br\/?p=3985#primaryimage","url":"https:\/\/portalfadesp.org.br\/wp-content\/uploads\/2019\/08\/Logotipo-do-Curso-Livre-de-Alem\u00e3o-CLA.png","contentUrl":"https:\/\/portalfadesp.org.br\/wp-content\/uploads\/2019\/08\/Logotipo-do-Curso-Livre-de-Alem\u00e3o-CLA.png","width":746,"height":423},{"@type":"BreadcrumbList","@id":"https:\/\/portalfadesp.org.br\/?p=3985#breadcrumb","itemListElement":[{"@type":"ListItem","position":1,"name":"In\u00edcio","item":"https:\/\/portalfadesp.org.br\/"},{"@type":"ListItem","position":2,"name":"Inscri\u00e7\u00f5es para Curso Livre de Alem\u00e3o, da UFPA, s\u00e3o prorrogadas at\u00e9 dia 06."}]},{"@type":"WebSite","@id":"https:\/\/portalfadesp.org.br\/#website","url":"https:\/\/portalfadesp.org.br\/","name":"FADESP","description":"Funda\u00e7\u00e3o de Amparo e Desenvolvimento da Pesquisa","publisher":{"@id":"https:\/\/portalfadesp.org.br\/#organization"},"potentialAction":[{"@type":"SearchAction","target":{"@type":"EntryPoint","urlTemplate":"https:\/\/portalfadesp.org.br\/?s={search_term_string}"},"query-input":{"@type":"PropertyValueSpecification","valueRequired":true,"valueName":"search_term_string"}}],"inLanguage":"pt-BR"},{"@type":"Organization","@id":"https:\/\/portalfadesp.org.br\/#organization","name":"FADESP","url":"https:\/\/portalfadesp.org.br\/","logo":{"@type":"ImageObject","inLanguage":"pt-BR","@id":"https:\/\/portalfadesp.org.br\/#\/schema\/logo\/image\/","url":"https:\/\/portalfadesp.org.br\/wp-content\/uploads\/2024\/01\/NOVOLOGOFADESPlaranjaH.png","contentUrl":"https:\/\/portalfadesp.org.br\/wp-content\/uploads\/2024\/01\/NOVOLOGOFADESPlaranjaH.png","width":2742,"height":839,"caption":"FADESP"},"image":{"@id":"https:\/\/portalfadesp.org.br\/#\/schema\/logo\/image\/"},"sameAs":["https:\/\/www.facebook.com\/Fadesp-138351949524662\/","https:\/\/x.com\/Fadesp","https:\/\/www.instagram.com\/fadesp_ufpa\/","https:\/\/www.youtube.com\/@fundacaodeamparoedesenvolv1903","https:\/\/www.threads.net\/@fadesp_ufpa"]},{"@type":"Person","@id":"https:\/\/portalfadesp.org.br\/#\/schema\/person\/c1fa9db0c87dc412d1568e0e5e27be9c","name":"Lorena Filgueiras","image":{"@type":"ImageObject","inLanguage":"pt-BR","@id":"https:\/\/portalfadesp.org.br\/#\/schema\/person\/image\/","url":"https:\/\/secure.gravatar.com\/avatar\/37390a2dfe1325c2917fc5f6df471abe8ab753cf23b2d14690f57bd61ab4b7cf?s=96&d=mm&r=g","contentUrl":"https:\/\/secure.gravatar.com\/avatar\/37390a2dfe1325c2917fc5f6df471abe8ab753cf23b2d14690f57bd61ab4b7cf?s=96&d=mm&r=g","caption":"Lorena Filgueiras"},"url":"https:\/\/portalfadesp.org.br\/?author=11"}]}},"_links":{"self":[{"href":"https:\/\/portalfadesp.org.br\/index.php?rest_route=\/wp\/v2\/posts\/3985","targetHints":{"allow":["GET"]}}],"collection":[{"href":"https:\/\/portalfadesp.org.br\/index.php?rest_route=\/wp\/v2\/posts"}],"about":[{"href":"https:\/\/portalfadesp.org.br\/index.php?rest_route=\/wp\/v2\/types\/post"}],"author":[{"embeddable":true,"href":"https:\/\/portalfadesp.org.br\/index.php?rest_route=\/wp\/v2\/users\/11"}],"replies":[{"embeddable":true,"href":"https:\/\/portalfadesp.org.br\/index.php?rest_route=%2Fwp%2Fv2%2Fcomments&post=3985"}],"version-history":[{"count":3,"href":"https:\/\/portalfadesp.org.br\/index.php?rest_route=\/wp\/v2\/posts\/3985\/revisions"}],"predecessor-version":[{"id":3988,"href":"https:\/\/portalfadesp.org.br\/index.php?rest_route=\/wp\/v2\/posts\/3985\/revisions\/3988"}],"wp:featuredmedia":[{"embeddable":true,"href":"https:\/\/portalfadesp.org.br\/index.php?rest_route=\/wp\/v2\/media\/3681"}],"wp:attachment":[{"href":"https:\/\/portalfadesp.org.br\/index.php?rest_route=%2Fwp%2Fv2%2Fmedia&parent=3985"}],"wp:term":[{"taxonomy":"category","embeddable":true,"href":"https:\/\/portalfadesp.org.br\/index.php?rest_route=%2Fwp%2Fv2%2Fcategories&post=3985"},{"taxonomy":"post_tag","embeddable":true,"href":"https:\/\/portalfadesp.org.br\/index.php?rest_route=%2Fwp%2Fv2%2Ftags&post=3985"}],"curies":[{"name":"wp","href":"https:\/\/api.w.org\/{rel}","templated":true}]}}