{"id":3924,"date":"2019-08-29T12:51:01","date_gmt":"2019-08-29T15:51:01","guid":{"rendered":"https:\/\/162.215.13.167?p=3924"},"modified":"2020-12-30T12:47:45","modified_gmt":"2020-12-30T15:47:45","slug":"ufpa-inscreve-ate-hoje-29-para-curso-livre-de-libras","status":"publish","type":"post","link":"https:\/\/portalfadesp.org.br\/?p=3924","title":{"rendered":"UFPA inscreve at\u00e9 hoje, 29, para curso livre de LIBRAS."},"content":{"rendered":"\n<p>A Universidade Federal do Par\u00e1 (UFPA) est\u00e1<strong><a href=\"http:\/\/200.129.138.117:8082\/#\/turma-busca\" target=\"_blank\" rel=\"noreferrer noopener\" aria-label=\" inscrevendo para o Curso Livre de L\u00edngua Brasileira de Sinais (LIBRAS)  (abre numa nova aba)\"> inscrevendo para o Curso Livre de L\u00edngua Brasileira de Sinais (LIBRAS) <\/a><\/strong>at\u00e9 hoje, 29. As vagas s\u00e3o para a turma de n\u00edvel 1, do segundo semestre deste ano. Os candidatos devem ter ensino M\u00e9dio completo.<\/p>\n\n\n\n<p>Os candidatos devem preencher o formul\u00e1rio online na <strong><a href=\"http:\/\/200.129.138.117:8082\/#\/turma-busca\" target=\"_blank\" rel=\"noreferrer noopener\" aria-label=\"\u00e1rea Cursos\/L\u00ednguas e Libras Campus Bel\u00e9m, no portal FADESP (abre numa nova aba)\">\u00e1rea Cursos\/L\u00ednguas e Libras Campus Bel\u00e9m, no portal FADESP<\/a><\/strong>. A inscri\u00e7\u00e3o ser\u00e1 efetivada com o pagamento do boleto de matr\u00edcula (R$ 130,00). Ser\u00e3o, ainda, cobradas duas parcelas mensais de R$ 150,00.<\/p>\n\n\n\n<p>Conforme o edital, em caso de desist\u00eancia no primeiro m\u00eas do curso, o aluno tem at\u00e9 a segunda aula do curso para solicitar, via protocolo dos Cursos Livres de L\u00edngua Estrangeira (CLLE), devolu\u00e7\u00e3o de 50% da primeira parcela. Aqueles que n\u00e3o tiverem frequ\u00eancia m\u00ednima de 75% durante o curso, ser\u00e3o reprovados por falta.<\/p>\n\n\n\n<p>As aulas iniciar\u00e3o no dia 5 de setembro e ser\u00e3o realizadas \u00e0s quintas-feiras, das 13h30 \u00e0s 16h30. Para mais informa\u00e7\u00f5es, o candidato deve acessar o site dos CLLE, <a href=\"http:\/\/www.clleufpa.wix.com\/cursoslivres\">www.clleufpa.wix.com\/cursoslivres<\/a> ou ligar para (91) 3201-7524<strong>.<\/strong><\/p>\n","protected":false},"excerpt":{"rendered":"<p>A Universidade Federal do Par\u00e1 (UFPA) est\u00e1 inscrevendo para o Curso Livre de L\u00edngua Brasileira de Sinais (LIBRAS) at\u00e9 hoje, 29. As vagas s\u00e3o para a turma de n\u00edvel 1, do segundo semestre deste ano. Os candidatos devem ter ensino M\u00e9dio completo. Os candidatos devem preencher o formul\u00e1rio online na \u00e1rea Cursos\/L\u00ednguas e Libras Campus [&hellip;]<\/p>\n","protected":false},"author":11,"featured_media":1764,"comment_status":"open","ping_status":"open","sticky":false,"template":"","format":"standard","meta":{"_monsterinsights_skip_tracking":false,"_monsterinsights_sitenote_active":false,"_monsterinsights_sitenote_note":"","_monsterinsights_sitenote_category":0,"footnotes":""},"categories":[11,83],"tags":[],"class_list":["post-3924","post","type-post","status-publish","format-standard","has-post-thumbnail","hentry","category-cursos-livres","category-ufpa","entry","has-media"],"yoast_head":"<!-- This site is optimized with the Yoast SEO plugin v25.1 - https:\/\/yoast.com\/wordpress\/plugins\/seo\/ -->\n<title>UFPA inscreve at\u00e9 hoje, 29, para curso livre de LIBRAS. - FADESP<\/title>\n<meta name=\"robots\" content=\"index, follow, max-snippet:-1, max-image-preview:large, max-video-preview:-1\" \/>\n<link rel=\"canonical\" href=\"https:\/\/portalfadesp.org.br\/?p=3924\" \/>\n<meta property=\"og:locale\" content=\"pt_BR\" \/>\n<meta property=\"og:type\" content=\"article\" \/>\n<meta property=\"og:title\" content=\"UFPA inscreve at\u00e9 hoje, 29, para curso livre de LIBRAS. - FADESP\" \/>\n<meta property=\"og:description\" content=\"A Universidade Federal do Par\u00e1 (UFPA) est\u00e1 inscrevendo para o Curso Livre de L\u00edngua Brasileira de Sinais (LIBRAS) at\u00e9 hoje, 29. As vagas s\u00e3o para a turma de n\u00edvel 1, do segundo semestre deste ano. Os candidatos devem ter ensino M\u00e9dio completo. Os candidatos devem preencher o formul\u00e1rio online na \u00e1rea Cursos\/L\u00ednguas e Libras Campus [&hellip;]\" \/>\n<meta property=\"og:url\" content=\"https:\/\/portalfadesp.org.br\/?p=3924\" \/>\n<meta property=\"og:site_name\" content=\"FADESP\" \/>\n<meta property=\"article:publisher\" content=\"https:\/\/www.facebook.com\/Fadesp-138351949524662\/\" \/>\n<meta property=\"article:published_time\" content=\"2019-08-29T15:51:01+00:00\" \/>\n<meta property=\"article:modified_time\" content=\"2020-12-30T15:47:45+00:00\" \/>\n<meta property=\"og:image\" content=\"https:\/\/portalfadesp.org.br\/wp-content\/uploads\/2019\/05\/up_ag_25916_cursos_livres2.jpg\" \/>\n\t<meta property=\"og:image:width\" content=\"600\" \/>\n\t<meta property=\"og:image:height\" content=\"732\" \/>\n\t<meta property=\"og:image:type\" content=\"image\/jpeg\" \/>\n<meta name=\"author\" content=\"Lorena Filgueiras\" \/>\n<meta name=\"twitter:card\" content=\"summary_large_image\" \/>\n<meta name=\"twitter:creator\" content=\"@Fadesp\" \/>\n<meta name=\"twitter:site\" content=\"@Fadesp\" \/>\n<meta name=\"twitter:label1\" content=\"Escrito por\" \/>\n\t<meta name=\"twitter:data1\" content=\"Lorena Filgueiras\" \/>\n\t<meta name=\"twitter:label2\" content=\"Est. tempo de leitura\" \/>\n\t<meta name=\"twitter:data2\" content=\"1 minuto\" \/>\n<script type=\"application\/ld+json\" class=\"yoast-schema-graph\">{\"@context\":\"https:\/\/schema.org\",\"@graph\":[{\"@type\":\"Article\",\"@id\":\"https:\/\/portalfadesp.org.br\/?p=3924#article\",\"isPartOf\":{\"@id\":\"https:\/\/portalfadesp.org.br\/?p=3924\"},\"author\":{\"name\":\"Lorena Filgueiras\",\"@id\":\"https:\/\/portalfadesp.org.br\/#\/schema\/person\/c1fa9db0c87dc412d1568e0e5e27be9c\"},\"headline\":\"UFPA inscreve at\u00e9 hoje, 29, para curso livre de LIBRAS.\",\"datePublished\":\"2019-08-29T15:51:01+00:00\",\"dateModified\":\"2020-12-30T15:47:45+00:00\",\"mainEntityOfPage\":{\"@id\":\"https:\/\/portalfadesp.org.br\/?p=3924\"},\"wordCount\":195,\"commentCount\":0,\"publisher\":{\"@id\":\"https:\/\/portalfadesp.org.br\/#organization\"},\"image\":{\"@id\":\"https:\/\/portalfadesp.org.br\/?p=3924#primaryimage\"},\"thumbnailUrl\":\"https:\/\/portalfadesp.org.br\/wp-content\/uploads\/2019\/05\/up_ag_25916_cursos_livres2.jpg\",\"articleSection\":[\"Cursos Livres\",\"UFPA\"],\"inLanguage\":\"pt-BR\"},{\"@type\":\"WebPage\",\"@id\":\"https:\/\/portalfadesp.org.br\/?p=3924\",\"url\":\"https:\/\/portalfadesp.org.br\/?p=3924\",\"name\":\"UFPA inscreve at\u00e9 hoje, 29, para curso livre de LIBRAS. - FADESP\",\"isPartOf\":{\"@id\":\"https:\/\/portalfadesp.org.br\/#website\"},\"primaryImageOfPage\":{\"@id\":\"https:\/\/portalfadesp.org.br\/?p=3924#primaryimage\"},\"image\":{\"@id\":\"https:\/\/portalfadesp.org.br\/?p=3924#primaryimage\"},\"thumbnailUrl\":\"https:\/\/portalfadesp.org.br\/wp-content\/uploads\/2019\/05\/up_ag_25916_cursos_livres2.jpg\",\"datePublished\":\"2019-08-29T15:51:01+00:00\",\"dateModified\":\"2020-12-30T15:47:45+00:00\",\"breadcrumb\":{\"@id\":\"https:\/\/portalfadesp.org.br\/?p=3924#breadcrumb\"},\"inLanguage\":\"pt-BR\",\"potentialAction\":[{\"@type\":\"ReadAction\",\"target\":[\"https:\/\/portalfadesp.org.br\/?p=3924\"]}]},{\"@type\":\"ImageObject\",\"inLanguage\":\"pt-BR\",\"@id\":\"https:\/\/portalfadesp.org.br\/?p=3924#primaryimage\",\"url\":\"https:\/\/portalfadesp.org.br\/wp-content\/uploads\/2019\/05\/up_ag_25916_cursos_livres2.jpg\",\"contentUrl\":\"https:\/\/portalfadesp.org.br\/wp-content\/uploads\/2019\/05\/up_ag_25916_cursos_livres2.jpg\",\"width\":600,\"height\":732},{\"@type\":\"BreadcrumbList\",\"@id\":\"https:\/\/portalfadesp.org.br\/?p=3924#breadcrumb\",\"itemListElement\":[{\"@type\":\"ListItem\",\"position\":1,\"name\":\"In\u00edcio\",\"item\":\"https:\/\/portalfadesp.org.br\/\"},{\"@type\":\"ListItem\",\"position\":2,\"name\":\"UFPA inscreve at\u00e9 hoje, 29, para curso livre de LIBRAS.\"}]},{\"@type\":\"WebSite\",\"@id\":\"https:\/\/portalfadesp.org.br\/#website\",\"url\":\"https:\/\/portalfadesp.org.br\/\",\"name\":\"FADESP\",\"description\":\"Funda\u00e7\u00e3o de Amparo e Desenvolvimento da Pesquisa\",\"publisher\":{\"@id\":\"https:\/\/portalfadesp.org.br\/#organization\"},\"potentialAction\":[{\"@type\":\"SearchAction\",\"target\":{\"@type\":\"EntryPoint\",\"urlTemplate\":\"https:\/\/portalfadesp.org.br\/?s={search_term_string}\"},\"query-input\":{\"@type\":\"PropertyValueSpecification\",\"valueRequired\":true,\"valueName\":\"search_term_string\"}}],\"inLanguage\":\"pt-BR\"},{\"@type\":\"Organization\",\"@id\":\"https:\/\/portalfadesp.org.br\/#organization\",\"name\":\"FADESP\",\"url\":\"https:\/\/portalfadesp.org.br\/\",\"logo\":{\"@type\":\"ImageObject\",\"inLanguage\":\"pt-BR\",\"@id\":\"https:\/\/portalfadesp.org.br\/#\/schema\/logo\/image\/\",\"url\":\"https:\/\/portalfadesp.org.br\/wp-content\/uploads\/2024\/01\/NOVOLOGOFADESPlaranjaH.png\",\"contentUrl\":\"https:\/\/portalfadesp.org.br\/wp-content\/uploads\/2024\/01\/NOVOLOGOFADESPlaranjaH.png\",\"width\":2742,\"height\":839,\"caption\":\"FADESP\"},\"image\":{\"@id\":\"https:\/\/portalfadesp.org.br\/#\/schema\/logo\/image\/\"},\"sameAs\":[\"https:\/\/www.facebook.com\/Fadesp-138351949524662\/\",\"https:\/\/x.com\/Fadesp\",\"https:\/\/www.instagram.com\/fadesp_ufpa\/\",\"https:\/\/www.youtube.com\/@fundacaodeamparoedesenvolv1903\",\"https:\/\/www.threads.net\/@fadesp_ufpa\"]},{\"@type\":\"Person\",\"@id\":\"https:\/\/portalfadesp.org.br\/#\/schema\/person\/c1fa9db0c87dc412d1568e0e5e27be9c\",\"name\":\"Lorena Filgueiras\",\"image\":{\"@type\":\"ImageObject\",\"inLanguage\":\"pt-BR\",\"@id\":\"https:\/\/portalfadesp.org.br\/#\/schema\/person\/image\/\",\"url\":\"https:\/\/secure.gravatar.com\/avatar\/37390a2dfe1325c2917fc5f6df471abe8ab753cf23b2d14690f57bd61ab4b7cf?s=96&d=mm&r=g\",\"contentUrl\":\"https:\/\/secure.gravatar.com\/avatar\/37390a2dfe1325c2917fc5f6df471abe8ab753cf23b2d14690f57bd61ab4b7cf?s=96&d=mm&r=g\",\"caption\":\"Lorena Filgueiras\"},\"url\":\"https:\/\/portalfadesp.org.br\/?author=11\"}]}<\/script>\n<!-- \/ Yoast SEO plugin. -->","yoast_head_json":{"title":"UFPA inscreve at\u00e9 hoje, 29, para curso livre de LIBRAS. - FADESP","robots":{"index":"index","follow":"follow","max-snippet":"max-snippet:-1","max-image-preview":"max-image-preview:large","max-video-preview":"max-video-preview:-1"},"canonical":"https:\/\/portalfadesp.org.br\/?p=3924","og_locale":"pt_BR","og_type":"article","og_title":"UFPA inscreve at\u00e9 hoje, 29, para curso livre de LIBRAS. - FADESP","og_description":"A Universidade Federal do Par\u00e1 (UFPA) est\u00e1 inscrevendo para o Curso Livre de L\u00edngua Brasileira de Sinais (LIBRAS) at\u00e9 hoje, 29. As vagas s\u00e3o para a turma de n\u00edvel 1, do segundo semestre deste ano. Os candidatos devem ter ensino M\u00e9dio completo. Os candidatos devem preencher o formul\u00e1rio online na \u00e1rea Cursos\/L\u00ednguas e Libras Campus [&hellip;]","og_url":"https:\/\/portalfadesp.org.br\/?p=3924","og_site_name":"FADESP","article_publisher":"https:\/\/www.facebook.com\/Fadesp-138351949524662\/","article_published_time":"2019-08-29T15:51:01+00:00","article_modified_time":"2020-12-30T15:47:45+00:00","og_image":[{"width":600,"height":732,"url":"https:\/\/portalfadesp.org.br\/wp-content\/uploads\/2019\/05\/up_ag_25916_cursos_livres2.jpg","type":"image\/jpeg"}],"author":"Lorena Filgueiras","twitter_card":"summary_large_image","twitter_creator":"@Fadesp","twitter_site":"@Fadesp","twitter_misc":{"Escrito por":"Lorena Filgueiras","Est. tempo de leitura":"1 minuto"},"schema":{"@context":"https:\/\/schema.org","@graph":[{"@type":"Article","@id":"https:\/\/portalfadesp.org.br\/?p=3924#article","isPartOf":{"@id":"https:\/\/portalfadesp.org.br\/?p=3924"},"author":{"name":"Lorena Filgueiras","@id":"https:\/\/portalfadesp.org.br\/#\/schema\/person\/c1fa9db0c87dc412d1568e0e5e27be9c"},"headline":"UFPA inscreve at\u00e9 hoje, 29, para curso livre de LIBRAS.","datePublished":"2019-08-29T15:51:01+00:00","dateModified":"2020-12-30T15:47:45+00:00","mainEntityOfPage":{"@id":"https:\/\/portalfadesp.org.br\/?p=3924"},"wordCount":195,"commentCount":0,"publisher":{"@id":"https:\/\/portalfadesp.org.br\/#organization"},"image":{"@id":"https:\/\/portalfadesp.org.br\/?p=3924#primaryimage"},"thumbnailUrl":"https:\/\/portalfadesp.org.br\/wp-content\/uploads\/2019\/05\/up_ag_25916_cursos_livres2.jpg","articleSection":["Cursos Livres","UFPA"],"inLanguage":"pt-BR"},{"@type":"WebPage","@id":"https:\/\/portalfadesp.org.br\/?p=3924","url":"https:\/\/portalfadesp.org.br\/?p=3924","name":"UFPA inscreve at\u00e9 hoje, 29, para curso livre de LIBRAS. - FADESP","isPartOf":{"@id":"https:\/\/portalfadesp.org.br\/#website"},"primaryImageOfPage":{"@id":"https:\/\/portalfadesp.org.br\/?p=3924#primaryimage"},"image":{"@id":"https:\/\/portalfadesp.org.br\/?p=3924#primaryimage"},"thumbnailUrl":"https:\/\/portalfadesp.org.br\/wp-content\/uploads\/2019\/05\/up_ag_25916_cursos_livres2.jpg","datePublished":"2019-08-29T15:51:01+00:00","dateModified":"2020-12-30T15:47:45+00:00","breadcrumb":{"@id":"https:\/\/portalfadesp.org.br\/?p=3924#breadcrumb"},"inLanguage":"pt-BR","potentialAction":[{"@type":"ReadAction","target":["https:\/\/portalfadesp.org.br\/?p=3924"]}]},{"@type":"ImageObject","inLanguage":"pt-BR","@id":"https:\/\/portalfadesp.org.br\/?p=3924#primaryimage","url":"https:\/\/portalfadesp.org.br\/wp-content\/uploads\/2019\/05\/up_ag_25916_cursos_livres2.jpg","contentUrl":"https:\/\/portalfadesp.org.br\/wp-content\/uploads\/2019\/05\/up_ag_25916_cursos_livres2.jpg","width":600,"height":732},{"@type":"BreadcrumbList","@id":"https:\/\/portalfadesp.org.br\/?p=3924#breadcrumb","itemListElement":[{"@type":"ListItem","position":1,"name":"In\u00edcio","item":"https:\/\/portalfadesp.org.br\/"},{"@type":"ListItem","position":2,"name":"UFPA inscreve at\u00e9 hoje, 29, para curso livre de LIBRAS."}]},{"@type":"WebSite","@id":"https:\/\/portalfadesp.org.br\/#website","url":"https:\/\/portalfadesp.org.br\/","name":"FADESP","description":"Funda\u00e7\u00e3o de Amparo e Desenvolvimento da Pesquisa","publisher":{"@id":"https:\/\/portalfadesp.org.br\/#organization"},"potentialAction":[{"@type":"SearchAction","target":{"@type":"EntryPoint","urlTemplate":"https:\/\/portalfadesp.org.br\/?s={search_term_string}"},"query-input":{"@type":"PropertyValueSpecification","valueRequired":true,"valueName":"search_term_string"}}],"inLanguage":"pt-BR"},{"@type":"Organization","@id":"https:\/\/portalfadesp.org.br\/#organization","name":"FADESP","url":"https:\/\/portalfadesp.org.br\/","logo":{"@type":"ImageObject","inLanguage":"pt-BR","@id":"https:\/\/portalfadesp.org.br\/#\/schema\/logo\/image\/","url":"https:\/\/portalfadesp.org.br\/wp-content\/uploads\/2024\/01\/NOVOLOGOFADESPlaranjaH.png","contentUrl":"https:\/\/portalfadesp.org.br\/wp-content\/uploads\/2024\/01\/NOVOLOGOFADESPlaranjaH.png","width":2742,"height":839,"caption":"FADESP"},"image":{"@id":"https:\/\/portalfadesp.org.br\/#\/schema\/logo\/image\/"},"sameAs":["https:\/\/www.facebook.com\/Fadesp-138351949524662\/","https:\/\/x.com\/Fadesp","https:\/\/www.instagram.com\/fadesp_ufpa\/","https:\/\/www.youtube.com\/@fundacaodeamparoedesenvolv1903","https:\/\/www.threads.net\/@fadesp_ufpa"]},{"@type":"Person","@id":"https:\/\/portalfadesp.org.br\/#\/schema\/person\/c1fa9db0c87dc412d1568e0e5e27be9c","name":"Lorena Filgueiras","image":{"@type":"ImageObject","inLanguage":"pt-BR","@id":"https:\/\/portalfadesp.org.br\/#\/schema\/person\/image\/","url":"https:\/\/secure.gravatar.com\/avatar\/37390a2dfe1325c2917fc5f6df471abe8ab753cf23b2d14690f57bd61ab4b7cf?s=96&d=mm&r=g","contentUrl":"https:\/\/secure.gravatar.com\/avatar\/37390a2dfe1325c2917fc5f6df471abe8ab753cf23b2d14690f57bd61ab4b7cf?s=96&d=mm&r=g","caption":"Lorena Filgueiras"},"url":"https:\/\/portalfadesp.org.br\/?author=11"}]}},"_links":{"self":[{"href":"https:\/\/portalfadesp.org.br\/index.php?rest_route=\/wp\/v2\/posts\/3924","targetHints":{"allow":["GET"]}}],"collection":[{"href":"https:\/\/portalfadesp.org.br\/index.php?rest_route=\/wp\/v2\/posts"}],"about":[{"href":"https:\/\/portalfadesp.org.br\/index.php?rest_route=\/wp\/v2\/types\/post"}],"author":[{"embeddable":true,"href":"https:\/\/portalfadesp.org.br\/index.php?rest_route=\/wp\/v2\/users\/11"}],"replies":[{"embeddable":true,"href":"https:\/\/portalfadesp.org.br\/index.php?rest_route=%2Fwp%2Fv2%2Fcomments&post=3924"}],"version-history":[{"count":1,"href":"https:\/\/portalfadesp.org.br\/index.php?rest_route=\/wp\/v2\/posts\/3924\/revisions"}],"predecessor-version":[{"id":3944,"href":"https:\/\/portalfadesp.org.br\/index.php?rest_route=\/wp\/v2\/posts\/3924\/revisions\/3944"}],"wp:featuredmedia":[{"embeddable":true,"href":"https:\/\/portalfadesp.org.br\/index.php?rest_route=\/wp\/v2\/media\/1764"}],"wp:attachment":[{"href":"https:\/\/portalfadesp.org.br\/index.php?rest_route=%2Fwp%2Fv2%2Fmedia&parent=3924"}],"wp:term":[{"taxonomy":"category","embeddable":true,"href":"https:\/\/portalfadesp.org.br\/index.php?rest_route=%2Fwp%2Fv2%2Fcategories&post=3924"},{"taxonomy":"post_tag","embeddable":true,"href":"https:\/\/portalfadesp.org.br\/index.php?rest_route=%2Fwp%2Fv2%2Ftags&post=3924"}],"curies":[{"name":"wp","href":"https:\/\/api.w.org\/{rel}","templated":true}]}}