{"id":3912,"date":"2019-08-28T14:52:43","date_gmt":"2019-08-28T17:52:43","guid":{"rendered":"https:\/\/162.215.13.167?p=3912"},"modified":"2020-12-30T12:47:56","modified_gmt":"2020-12-30T15:47:56","slug":"unifesspa-faz-a-primeira-chamada-de-classificados-no-prosel-especial-2019-para-o-curso-de-engenharia-civil-em-breve-convocara-os-aprovados-para-direito","status":"publish","type":"post","link":"https:\/\/portalfadesp.org.br\/?p=3912","title":{"rendered":"UNIFESSPA faz a primeira chamada de classificados no PROSEL Especial 2019 para o curso de Engenharia Civil. Em breve, convocar\u00e1 os aprovados para Direito."},"content":{"rendered":"\n<p>A UNIFESSPA divulgar\u00e1, nos pr\u00f3ximos dias, a primeira chamada dos candidatos classificados no Curso de Direito, a ser ofertado em Mocajuba (Prosel ESP 2019). O edital de convoca\u00e7\u00e3o ser\u00e1 publicado pelo Centro de Registro e Controle Acad\u00eamico no endere\u00e7o eletr\u00f4nico<strong>&nbsp;<\/strong><a href=\"http:\/\/crca.unifesspa.edu.br\/\"><strong>http:\/\/crca.unifesspa.edu.br<\/strong><\/a><strong>.<\/strong> J\u00e1 os aprovados em Engenharia Civil, ofertado na cidade de Reden\u00e7\u00e3o, foram convocados e o edital foi publicado ontem (27) na p\u00e1gina do <a href=\"https:\/\/crca.unifesspa.edu.br\/images\/editais_2019\/EDITAL_N-99-2019-CRCA_27.08.2019-CONVOCACAO_DOS_CLASSIFICADOS_PROSEL-ESP-2019_ENGENHARIA-CIVIL_CHAMADA__01.pdf\"><strong>CRCA.<\/strong><\/a><\/p>\n\n\n\n<p>Os candidatos aprovados na primeira chamada do Prosel 2019 devem comparecer nos dias, locais e hor\u00e1rios determinados no edital para entrega de documentos necess\u00e1rios \u00e0 efetiva\u00e7\u00e3o do v\u00ednculo institucional. S\u00f3 ap\u00f3s este procedimento de habilita\u00e7\u00e3o, eles estar\u00e3o aptos \u00e0 matr\u00edcula em atividades curriculares do curso para o qual foram classificados.<\/p>\n\n\n\n<p>Para os aprovados no curso de Engenharia Civil, o local definido para a habilita\u00e7\u00e3o \u00e9 a Escola Maria Concei\u00e7\u00e3o Corr\u00eaa, localizada na Avenida Ministro Oscar Thompson Filho, n\u00famero 750, Bairro Vila Paulista (em frente ao Hospital Santa M\u00f4nica). A habilita\u00e7\u00e3o ocorrer\u00e1 nos dias 2 e 3 de setembro.&nbsp;<\/p>\n\n\n\n<p>O CRCA\/Unifesspa publicar\u00e1, at\u00e9 o dia 04 de setembro de 2019, o Edital de Homologa\u00e7\u00e3o do Resultado da An\u00e1lise dos Documentos apresentados pelos candidatos convocados no Edital, e conter\u00e1 somente a lista de nomes de candidatos que tiverem sua habilita\u00e7\u00e3o indeferida e a indica\u00e7\u00e3o do requisito descumprido.<\/p>\n\n\n\n<p><strong>Contatos para d\u00favidas e outras informa\u00e7\u00f5es:<\/strong>  <br>Tel<strong>efone:<\/strong>&nbsp;(94) 2101-7102 <br><strong>E-mail:<\/strong>&nbsp;<a href=\"mailto:crca@unifesspa.edu.br\">crca@unifesspa.edu.br<\/a> <br><strong>Texto:<\/strong> ASCOM UNIFESSPA.<\/p>\n","protected":false},"excerpt":{"rendered":"<p>A UNIFESSPA divulgar\u00e1, nos pr\u00f3ximos dias, a primeira chamada dos candidatos classificados no Curso de Direito, a ser ofertado em Mocajuba (Prosel ESP 2019). O edital de convoca\u00e7\u00e3o ser\u00e1 publicado pelo Centro de Registro e Controle Acad\u00eamico no endere\u00e7o eletr\u00f4nico&nbsp;http:\/\/crca.unifesspa.edu.br. J\u00e1 os aprovados em Engenharia Civil, ofertado na cidade de Reden\u00e7\u00e3o, foram convocados e o [&hellip;]<\/p>\n","protected":false},"author":11,"featured_media":3006,"comment_status":"open","ping_status":"open","sticky":false,"template":"","format":"standard","meta":{"_monsterinsights_skip_tracking":false,"_monsterinsights_sitenote_active":false,"_monsterinsights_sitenote_note":"","_monsterinsights_sitenote_category":0,"footnotes":""},"categories":[89],"tags":[],"class_list":["post-3912","post","type-post","status-publish","format-standard","has-post-thumbnail","hentry","category-unifesspa","entry","has-media"],"yoast_head":"<!-- This site is optimized with the Yoast SEO plugin v25.1 - https:\/\/yoast.com\/wordpress\/plugins\/seo\/ -->\n<title>UNIFESSPA faz a primeira chamada de classificados no PROSEL Especial 2019 para o curso de Engenharia Civil. Em breve, convocar\u00e1 os aprovados para Direito. - FADESP<\/title>\n<meta name=\"robots\" content=\"index, follow, max-snippet:-1, max-image-preview:large, max-video-preview:-1\" \/>\n<link rel=\"canonical\" href=\"https:\/\/portalfadesp.org.br\/?p=3912\" \/>\n<meta property=\"og:locale\" content=\"pt_BR\" \/>\n<meta property=\"og:type\" content=\"article\" \/>\n<meta property=\"og:title\" content=\"UNIFESSPA faz a primeira chamada de classificados no PROSEL Especial 2019 para o curso de Engenharia Civil. Em breve, convocar\u00e1 os aprovados para Direito. - FADESP\" \/>\n<meta property=\"og:description\" content=\"A UNIFESSPA divulgar\u00e1, nos pr\u00f3ximos dias, a primeira chamada dos candidatos classificados no Curso de Direito, a ser ofertado em Mocajuba (Prosel ESP 2019). O edital de convoca\u00e7\u00e3o ser\u00e1 publicado pelo Centro de Registro e Controle Acad\u00eamico no endere\u00e7o eletr\u00f4nico&nbsp;http:\/\/crca.unifesspa.edu.br. J\u00e1 os aprovados em Engenharia Civil, ofertado na cidade de Reden\u00e7\u00e3o, foram convocados e o [&hellip;]\" \/>\n<meta property=\"og:url\" content=\"https:\/\/portalfadesp.org.br\/?p=3912\" \/>\n<meta property=\"og:site_name\" content=\"FADESP\" \/>\n<meta property=\"article:publisher\" content=\"https:\/\/www.facebook.com\/Fadesp-138351949524662\/\" \/>\n<meta property=\"article:published_time\" content=\"2019-08-28T17:52:43+00:00\" \/>\n<meta property=\"article:modified_time\" content=\"2020-12-30T15:47:56+00:00\" \/>\n<meta property=\"og:image\" content=\"https:\/\/portalfadesp.org.br\/wp-content\/uploads\/2019\/07\/prosel-unifesspa-2019.jpg\" \/>\n\t<meta property=\"og:image:width\" content=\"300\" \/>\n\t<meta property=\"og:image:height\" content=\"300\" \/>\n\t<meta property=\"og:image:type\" content=\"image\/jpeg\" \/>\n<meta name=\"author\" content=\"Lorena Filgueiras\" \/>\n<meta name=\"twitter:card\" content=\"summary_large_image\" \/>\n<meta name=\"twitter:creator\" content=\"@Fadesp\" \/>\n<meta name=\"twitter:site\" content=\"@Fadesp\" \/>\n<meta name=\"twitter:label1\" content=\"Escrito por\" \/>\n\t<meta name=\"twitter:data1\" content=\"Lorena Filgueiras\" \/>\n\t<meta name=\"twitter:label2\" content=\"Est. tempo de leitura\" \/>\n\t<meta name=\"twitter:data2\" content=\"1 minuto\" \/>\n<script type=\"application\/ld+json\" class=\"yoast-schema-graph\">{\"@context\":\"https:\/\/schema.org\",\"@graph\":[{\"@type\":\"Article\",\"@id\":\"https:\/\/portalfadesp.org.br\/?p=3912#article\",\"isPartOf\":{\"@id\":\"https:\/\/portalfadesp.org.br\/?p=3912\"},\"author\":{\"name\":\"Lorena Filgueiras\",\"@id\":\"https:\/\/portalfadesp.org.br\/#\/schema\/person\/c1fa9db0c87dc412d1568e0e5e27be9c\"},\"headline\":\"UNIFESSPA faz a primeira chamada de classificados no PROSEL Especial 2019 para o curso de Engenharia Civil. Em breve, convocar\u00e1 os aprovados para Direito.\",\"datePublished\":\"2019-08-28T17:52:43+00:00\",\"dateModified\":\"2020-12-30T15:47:56+00:00\",\"mainEntityOfPage\":{\"@id\":\"https:\/\/portalfadesp.org.br\/?p=3912\"},\"wordCount\":274,\"commentCount\":0,\"publisher\":{\"@id\":\"https:\/\/portalfadesp.org.br\/#organization\"},\"image\":{\"@id\":\"https:\/\/portalfadesp.org.br\/?p=3912#primaryimage\"},\"thumbnailUrl\":\"https:\/\/portalfadesp.org.br\/wp-content\/uploads\/2019\/07\/prosel-unifesspa-2019.jpg\",\"articleSection\":[\"UNIFESSPA\"],\"inLanguage\":\"pt-BR\"},{\"@type\":\"WebPage\",\"@id\":\"https:\/\/portalfadesp.org.br\/?p=3912\",\"url\":\"https:\/\/portalfadesp.org.br\/?p=3912\",\"name\":\"UNIFESSPA faz a primeira chamada de classificados no PROSEL Especial 2019 para o curso de Engenharia Civil. Em breve, convocar\u00e1 os aprovados para Direito. - FADESP\",\"isPartOf\":{\"@id\":\"https:\/\/portalfadesp.org.br\/#website\"},\"primaryImageOfPage\":{\"@id\":\"https:\/\/portalfadesp.org.br\/?p=3912#primaryimage\"},\"image\":{\"@id\":\"https:\/\/portalfadesp.org.br\/?p=3912#primaryimage\"},\"thumbnailUrl\":\"https:\/\/portalfadesp.org.br\/wp-content\/uploads\/2019\/07\/prosel-unifesspa-2019.jpg\",\"datePublished\":\"2019-08-28T17:52:43+00:00\",\"dateModified\":\"2020-12-30T15:47:56+00:00\",\"breadcrumb\":{\"@id\":\"https:\/\/portalfadesp.org.br\/?p=3912#breadcrumb\"},\"inLanguage\":\"pt-BR\",\"potentialAction\":[{\"@type\":\"ReadAction\",\"target\":[\"https:\/\/portalfadesp.org.br\/?p=3912\"]}]},{\"@type\":\"ImageObject\",\"inLanguage\":\"pt-BR\",\"@id\":\"https:\/\/portalfadesp.org.br\/?p=3912#primaryimage\",\"url\":\"https:\/\/portalfadesp.org.br\/wp-content\/uploads\/2019\/07\/prosel-unifesspa-2019.jpg\",\"contentUrl\":\"https:\/\/portalfadesp.org.br\/wp-content\/uploads\/2019\/07\/prosel-unifesspa-2019.jpg\",\"width\":300,\"height\":300},{\"@type\":\"BreadcrumbList\",\"@id\":\"https:\/\/portalfadesp.org.br\/?p=3912#breadcrumb\",\"itemListElement\":[{\"@type\":\"ListItem\",\"position\":1,\"name\":\"In\u00edcio\",\"item\":\"https:\/\/portalfadesp.org.br\/\"},{\"@type\":\"ListItem\",\"position\":2,\"name\":\"UNIFESSPA faz a primeira chamada de classificados no PROSEL Especial 2019 para o curso de Engenharia Civil. Em breve, convocar\u00e1 os aprovados para Direito.\"}]},{\"@type\":\"WebSite\",\"@id\":\"https:\/\/portalfadesp.org.br\/#website\",\"url\":\"https:\/\/portalfadesp.org.br\/\",\"name\":\"FADESP\",\"description\":\"Funda\u00e7\u00e3o de Amparo e Desenvolvimento da Pesquisa\",\"publisher\":{\"@id\":\"https:\/\/portalfadesp.org.br\/#organization\"},\"potentialAction\":[{\"@type\":\"SearchAction\",\"target\":{\"@type\":\"EntryPoint\",\"urlTemplate\":\"https:\/\/portalfadesp.org.br\/?s={search_term_string}\"},\"query-input\":{\"@type\":\"PropertyValueSpecification\",\"valueRequired\":true,\"valueName\":\"search_term_string\"}}],\"inLanguage\":\"pt-BR\"},{\"@type\":\"Organization\",\"@id\":\"https:\/\/portalfadesp.org.br\/#organization\",\"name\":\"FADESP\",\"url\":\"https:\/\/portalfadesp.org.br\/\",\"logo\":{\"@type\":\"ImageObject\",\"inLanguage\":\"pt-BR\",\"@id\":\"https:\/\/portalfadesp.org.br\/#\/schema\/logo\/image\/\",\"url\":\"https:\/\/portalfadesp.org.br\/wp-content\/uploads\/2024\/01\/NOVOLOGOFADESPlaranjaH.png\",\"contentUrl\":\"https:\/\/portalfadesp.org.br\/wp-content\/uploads\/2024\/01\/NOVOLOGOFADESPlaranjaH.png\",\"width\":2742,\"height\":839,\"caption\":\"FADESP\"},\"image\":{\"@id\":\"https:\/\/portalfadesp.org.br\/#\/schema\/logo\/image\/\"},\"sameAs\":[\"https:\/\/www.facebook.com\/Fadesp-138351949524662\/\",\"https:\/\/x.com\/Fadesp\",\"https:\/\/www.instagram.com\/fadesp_ufpa\/\",\"https:\/\/www.youtube.com\/@fundacaodeamparoedesenvolv1903\",\"https:\/\/www.threads.net\/@fadesp_ufpa\"]},{\"@type\":\"Person\",\"@id\":\"https:\/\/portalfadesp.org.br\/#\/schema\/person\/c1fa9db0c87dc412d1568e0e5e27be9c\",\"name\":\"Lorena Filgueiras\",\"image\":{\"@type\":\"ImageObject\",\"inLanguage\":\"pt-BR\",\"@id\":\"https:\/\/portalfadesp.org.br\/#\/schema\/person\/image\/\",\"url\":\"https:\/\/secure.gravatar.com\/avatar\/37390a2dfe1325c2917fc5f6df471abe8ab753cf23b2d14690f57bd61ab4b7cf?s=96&d=mm&r=g\",\"contentUrl\":\"https:\/\/secure.gravatar.com\/avatar\/37390a2dfe1325c2917fc5f6df471abe8ab753cf23b2d14690f57bd61ab4b7cf?s=96&d=mm&r=g\",\"caption\":\"Lorena Filgueiras\"},\"url\":\"https:\/\/portalfadesp.org.br\/?author=11\"}]}<\/script>\n<!-- \/ Yoast SEO plugin. -->","yoast_head_json":{"title":"UNIFESSPA faz a primeira chamada de classificados no PROSEL Especial 2019 para o curso de Engenharia Civil. Em breve, convocar\u00e1 os aprovados para Direito. - FADESP","robots":{"index":"index","follow":"follow","max-snippet":"max-snippet:-1","max-image-preview":"max-image-preview:large","max-video-preview":"max-video-preview:-1"},"canonical":"https:\/\/portalfadesp.org.br\/?p=3912","og_locale":"pt_BR","og_type":"article","og_title":"UNIFESSPA faz a primeira chamada de classificados no PROSEL Especial 2019 para o curso de Engenharia Civil. Em breve, convocar\u00e1 os aprovados para Direito. - FADESP","og_description":"A UNIFESSPA divulgar\u00e1, nos pr\u00f3ximos dias, a primeira chamada dos candidatos classificados no Curso de Direito, a ser ofertado em Mocajuba (Prosel ESP 2019). O edital de convoca\u00e7\u00e3o ser\u00e1 publicado pelo Centro de Registro e Controle Acad\u00eamico no endere\u00e7o eletr\u00f4nico&nbsp;http:\/\/crca.unifesspa.edu.br. J\u00e1 os aprovados em Engenharia Civil, ofertado na cidade de Reden\u00e7\u00e3o, foram convocados e o [&hellip;]","og_url":"https:\/\/portalfadesp.org.br\/?p=3912","og_site_name":"FADESP","article_publisher":"https:\/\/www.facebook.com\/Fadesp-138351949524662\/","article_published_time":"2019-08-28T17:52:43+00:00","article_modified_time":"2020-12-30T15:47:56+00:00","og_image":[{"width":300,"height":300,"url":"https:\/\/portalfadesp.org.br\/wp-content\/uploads\/2019\/07\/prosel-unifesspa-2019.jpg","type":"image\/jpeg"}],"author":"Lorena Filgueiras","twitter_card":"summary_large_image","twitter_creator":"@Fadesp","twitter_site":"@Fadesp","twitter_misc":{"Escrito por":"Lorena Filgueiras","Est. tempo de leitura":"1 minuto"},"schema":{"@context":"https:\/\/schema.org","@graph":[{"@type":"Article","@id":"https:\/\/portalfadesp.org.br\/?p=3912#article","isPartOf":{"@id":"https:\/\/portalfadesp.org.br\/?p=3912"},"author":{"name":"Lorena Filgueiras","@id":"https:\/\/portalfadesp.org.br\/#\/schema\/person\/c1fa9db0c87dc412d1568e0e5e27be9c"},"headline":"UNIFESSPA faz a primeira chamada de classificados no PROSEL Especial 2019 para o curso de Engenharia Civil. Em breve, convocar\u00e1 os aprovados para Direito.","datePublished":"2019-08-28T17:52:43+00:00","dateModified":"2020-12-30T15:47:56+00:00","mainEntityOfPage":{"@id":"https:\/\/portalfadesp.org.br\/?p=3912"},"wordCount":274,"commentCount":0,"publisher":{"@id":"https:\/\/portalfadesp.org.br\/#organization"},"image":{"@id":"https:\/\/portalfadesp.org.br\/?p=3912#primaryimage"},"thumbnailUrl":"https:\/\/portalfadesp.org.br\/wp-content\/uploads\/2019\/07\/prosel-unifesspa-2019.jpg","articleSection":["UNIFESSPA"],"inLanguage":"pt-BR"},{"@type":"WebPage","@id":"https:\/\/portalfadesp.org.br\/?p=3912","url":"https:\/\/portalfadesp.org.br\/?p=3912","name":"UNIFESSPA faz a primeira chamada de classificados no PROSEL Especial 2019 para o curso de Engenharia Civil. Em breve, convocar\u00e1 os aprovados para Direito. - FADESP","isPartOf":{"@id":"https:\/\/portalfadesp.org.br\/#website"},"primaryImageOfPage":{"@id":"https:\/\/portalfadesp.org.br\/?p=3912#primaryimage"},"image":{"@id":"https:\/\/portalfadesp.org.br\/?p=3912#primaryimage"},"thumbnailUrl":"https:\/\/portalfadesp.org.br\/wp-content\/uploads\/2019\/07\/prosel-unifesspa-2019.jpg","datePublished":"2019-08-28T17:52:43+00:00","dateModified":"2020-12-30T15:47:56+00:00","breadcrumb":{"@id":"https:\/\/portalfadesp.org.br\/?p=3912#breadcrumb"},"inLanguage":"pt-BR","potentialAction":[{"@type":"ReadAction","target":["https:\/\/portalfadesp.org.br\/?p=3912"]}]},{"@type":"ImageObject","inLanguage":"pt-BR","@id":"https:\/\/portalfadesp.org.br\/?p=3912#primaryimage","url":"https:\/\/portalfadesp.org.br\/wp-content\/uploads\/2019\/07\/prosel-unifesspa-2019.jpg","contentUrl":"https:\/\/portalfadesp.org.br\/wp-content\/uploads\/2019\/07\/prosel-unifesspa-2019.jpg","width":300,"height":300},{"@type":"BreadcrumbList","@id":"https:\/\/portalfadesp.org.br\/?p=3912#breadcrumb","itemListElement":[{"@type":"ListItem","position":1,"name":"In\u00edcio","item":"https:\/\/portalfadesp.org.br\/"},{"@type":"ListItem","position":2,"name":"UNIFESSPA faz a primeira chamada de classificados no PROSEL Especial 2019 para o curso de Engenharia Civil. Em breve, convocar\u00e1 os aprovados para Direito."}]},{"@type":"WebSite","@id":"https:\/\/portalfadesp.org.br\/#website","url":"https:\/\/portalfadesp.org.br\/","name":"FADESP","description":"Funda\u00e7\u00e3o de Amparo e Desenvolvimento da Pesquisa","publisher":{"@id":"https:\/\/portalfadesp.org.br\/#organization"},"potentialAction":[{"@type":"SearchAction","target":{"@type":"EntryPoint","urlTemplate":"https:\/\/portalfadesp.org.br\/?s={search_term_string}"},"query-input":{"@type":"PropertyValueSpecification","valueRequired":true,"valueName":"search_term_string"}}],"inLanguage":"pt-BR"},{"@type":"Organization","@id":"https:\/\/portalfadesp.org.br\/#organization","name":"FADESP","url":"https:\/\/portalfadesp.org.br\/","logo":{"@type":"ImageObject","inLanguage":"pt-BR","@id":"https:\/\/portalfadesp.org.br\/#\/schema\/logo\/image\/","url":"https:\/\/portalfadesp.org.br\/wp-content\/uploads\/2024\/01\/NOVOLOGOFADESPlaranjaH.png","contentUrl":"https:\/\/portalfadesp.org.br\/wp-content\/uploads\/2024\/01\/NOVOLOGOFADESPlaranjaH.png","width":2742,"height":839,"caption":"FADESP"},"image":{"@id":"https:\/\/portalfadesp.org.br\/#\/schema\/logo\/image\/"},"sameAs":["https:\/\/www.facebook.com\/Fadesp-138351949524662\/","https:\/\/x.com\/Fadesp","https:\/\/www.instagram.com\/fadesp_ufpa\/","https:\/\/www.youtube.com\/@fundacaodeamparoedesenvolv1903","https:\/\/www.threads.net\/@fadesp_ufpa"]},{"@type":"Person","@id":"https:\/\/portalfadesp.org.br\/#\/schema\/person\/c1fa9db0c87dc412d1568e0e5e27be9c","name":"Lorena Filgueiras","image":{"@type":"ImageObject","inLanguage":"pt-BR","@id":"https:\/\/portalfadesp.org.br\/#\/schema\/person\/image\/","url":"https:\/\/secure.gravatar.com\/avatar\/37390a2dfe1325c2917fc5f6df471abe8ab753cf23b2d14690f57bd61ab4b7cf?s=96&d=mm&r=g","contentUrl":"https:\/\/secure.gravatar.com\/avatar\/37390a2dfe1325c2917fc5f6df471abe8ab753cf23b2d14690f57bd61ab4b7cf?s=96&d=mm&r=g","caption":"Lorena Filgueiras"},"url":"https:\/\/portalfadesp.org.br\/?author=11"}]}},"_links":{"self":[{"href":"https:\/\/portalfadesp.org.br\/index.php?rest_route=\/wp\/v2\/posts\/3912","targetHints":{"allow":["GET"]}}],"collection":[{"href":"https:\/\/portalfadesp.org.br\/index.php?rest_route=\/wp\/v2\/posts"}],"about":[{"href":"https:\/\/portalfadesp.org.br\/index.php?rest_route=\/wp\/v2\/types\/post"}],"author":[{"embeddable":true,"href":"https:\/\/portalfadesp.org.br\/index.php?rest_route=\/wp\/v2\/users\/11"}],"replies":[{"embeddable":true,"href":"https:\/\/portalfadesp.org.br\/index.php?rest_route=%2Fwp%2Fv2%2Fcomments&post=3912"}],"version-history":[{"count":5,"href":"https:\/\/portalfadesp.org.br\/index.php?rest_route=\/wp\/v2\/posts\/3912\/revisions"}],"predecessor-version":[{"id":4152,"href":"https:\/\/portalfadesp.org.br\/index.php?rest_route=\/wp\/v2\/posts\/3912\/revisions\/4152"}],"wp:featuredmedia":[{"embeddable":true,"href":"https:\/\/portalfadesp.org.br\/index.php?rest_route=\/wp\/v2\/media\/3006"}],"wp:attachment":[{"href":"https:\/\/portalfadesp.org.br\/index.php?rest_route=%2Fwp%2Fv2%2Fmedia&parent=3912"}],"wp:term":[{"taxonomy":"category","embeddable":true,"href":"https:\/\/portalfadesp.org.br\/index.php?rest_route=%2Fwp%2Fv2%2Fcategories&post=3912"},{"taxonomy":"post_tag","embeddable":true,"href":"https:\/\/portalfadesp.org.br\/index.php?rest_route=%2Fwp%2Fv2%2Ftags&post=3912"}],"curies":[{"name":"wp","href":"https:\/\/api.w.org\/{rel}","templated":true}]}}