{"id":3890,"date":"2019-08-27T15:06:08","date_gmt":"2019-08-27T18:06:08","guid":{"rendered":"https:\/\/162.215.13.167?p=3890"},"modified":"2022-12-21T00:37:01","modified_gmt":"2022-12-21T03:37:01","slug":"divulgada-a-lista-de-inscricoes-homologadas-para-o-prosel-especial-ii-da-ufpa-a-lista-de-classificados-esta-prevista-para-amanha","status":"publish","type":"post","link":"https:\/\/portalfadesp.org.br\/?p=3890","title":{"rendered":"Divulgada a lista de inscri\u00e7\u00f5es homologadas para o PROSEL Especial II da UFPA. O list\u00e3o de classificados est\u00e1 previsto para amanh\u00e3."},"content":{"rendered":"\n<p>A lista de inscri\u00e7\u00f5es homologadas para o Processo Seletivo Especial II da Universidade Federal do Par\u00e1 (UFPA) est\u00e1 dispon\u00edvel na <strong><a href=\"https:\/\/portalfadesp.org.br\/?page_id=3186\" target=\"_blank\" rel=\"noreferrer noopener\">p\u00e1gina oficial de acompanhamento<\/a><\/strong>, no site de concursos da FADESP. Amanh\u00e3, 28, dever\u00e1 ser divulgado o list\u00e3o de classificados a partir das notas do Exame Nacional do Ensino M\u00e9dio (ENEM) de 2018.<\/p>\n\n\n\n<p>Um total de 389\npessoas teve a inscri\u00e7\u00e3o validada para concorrer as 100 vagas ofertadas nos\ncursos de Turismo e Hist\u00f3ria, em Mosqueiro, atrav\u00e9s do Forma Par\u00e1, programa do\ngoverno do Estado coordenado pela Secretaria Estadual de Ci\u00eancia, Tecnologia e Educa\u00e7\u00e3o Profissional e\nTecnol\u00f3gica (Sectet) para expandir a interioriza\u00e7\u00e3o da gradua\u00e7\u00e3o no\nEstado. Outras 39 inscri\u00e7\u00f5es\nn\u00e3o foram homologadas porque os CPF informados pelos candidatos n\u00e3o t\u00eam\nregistro de nota na base de dados do ENEM 2018. <\/p>\n\n\n\n<p>Conforme o edital, no m\u00ednimo, 50% das vagas do Prosel ser\u00e3o\ndestinadas a pessoas que cursaram todo o ensino m\u00e9dio em escola p\u00fablica ou em\nescola particular, desde que tenham sido bolsistas. Dessa porcentagem, metade\nser\u00e1 reservada aos inscritos no Cad\u00danico, havendo, ainda, cota para\nautodeclarados pretos, pardos, ind\u00edgenas ou quilombolas e Pessoa com\nDefici\u00eancia (PcD).<\/p>\n\n\n\n<p>Para\nrealizar a sele\u00e7\u00e3o, a UFPA utilizar\u00e1 o ENEM 2018, sendo que a Nota Final dos\ncandidatos do PROSEL ser\u00e1 a m\u00e9dia aritm\u00e9tica das cinco provas do exame. Ser\u00e3o\neliminados os que alcan\u00e7arem nota inferior a 400 pontos na prova de Reda\u00e7\u00e3o\ne\/ou Nota Final inferior a 400 pontos.<\/p>\n\n\n\n<p>Os\ncandidatos ser\u00e3o classificados por curso de op\u00e7\u00e3o, at\u00e9 o limite de vagas, em\nordem<br>\ndecrescente da Nota Final. A previs\u00e3o \u00e9 que a lista de classifica\u00e7\u00e3o seja\ndivulgada \u00e0s 17 horas do dia 28 de agosto. Os cursos ser\u00e3o realizados de forma\nregular intensiva, prioritariamente, nos per\u00edodos de mar\u00e7o a junho e de agosto\na dezembro.<\/p>\n","protected":false},"excerpt":{"rendered":"<p>A lista de inscri\u00e7\u00f5es homologadas para o Processo Seletivo Especial II da Universidade Federal do Par\u00e1 (UFPA) est\u00e1 dispon\u00edvel na p\u00e1gina oficial de acompanhamento, no site de concursos da FADESP. Amanh\u00e3, 28, dever\u00e1 ser divulgado o list\u00e3o de classificados a partir das notas do Exame Nacional do Ensino M\u00e9dio (ENEM) de 2018. Um total de [&hellip;]<\/p>\n","protected":false},"author":11,"featured_media":3211,"comment_status":"open","ping_status":"open","sticky":false,"template":"","format":"standard","meta":{"_monsterinsights_skip_tracking":false,"_monsterinsights_sitenote_active":false,"_monsterinsights_sitenote_note":"","_monsterinsights_sitenote_category":0,"footnotes":""},"categories":[83],"tags":[],"class_list":["post-3890","post","type-post","status-publish","format-standard","has-post-thumbnail","hentry","category-ufpa","entry","has-media"],"yoast_head":"<!-- This site is optimized with the Yoast SEO plugin v25.1 - https:\/\/yoast.com\/wordpress\/plugins\/seo\/ -->\n<title>Divulgada a lista de inscri\u00e7\u00f5es homologadas para o PROSEL Especial II da UFPA. O list\u00e3o de classificados est\u00e1 previsto para amanh\u00e3. - FADESP<\/title>\n<meta name=\"robots\" content=\"index, follow, max-snippet:-1, max-image-preview:large, max-video-preview:-1\" \/>\n<link rel=\"canonical\" href=\"https:\/\/portalfadesp.org.br\/?p=3890\" \/>\n<meta property=\"og:locale\" content=\"pt_BR\" \/>\n<meta property=\"og:type\" content=\"article\" \/>\n<meta property=\"og:title\" content=\"Divulgada a lista de inscri\u00e7\u00f5es homologadas para o PROSEL Especial II da UFPA. O list\u00e3o de classificados est\u00e1 previsto para amanh\u00e3. - FADESP\" \/>\n<meta property=\"og:description\" content=\"A lista de inscri\u00e7\u00f5es homologadas para o Processo Seletivo Especial II da Universidade Federal do Par\u00e1 (UFPA) est\u00e1 dispon\u00edvel na p\u00e1gina oficial de acompanhamento, no site de concursos da FADESP. Amanh\u00e3, 28, dever\u00e1 ser divulgado o list\u00e3o de classificados a partir das notas do Exame Nacional do Ensino M\u00e9dio (ENEM) de 2018. Um total de [&hellip;]\" \/>\n<meta property=\"og:url\" content=\"https:\/\/portalfadesp.org.br\/?p=3890\" \/>\n<meta property=\"og:site_name\" content=\"FADESP\" \/>\n<meta property=\"article:publisher\" content=\"https:\/\/www.facebook.com\/Fadesp-138351949524662\/\" \/>\n<meta property=\"article:published_time\" content=\"2019-08-27T18:06:08+00:00\" \/>\n<meta property=\"article:modified_time\" content=\"2022-12-21T03:37:01+00:00\" \/>\n<meta property=\"og:image\" content=\"https:\/\/portalfadesp.org.br\/wp-content\/uploads\/2019\/07\/2019-JULHO-PROSEL-UFPA-MOSQUEIRO-3.jpg\" \/>\n\t<meta property=\"og:image:width\" content=\"190\" \/>\n\t<meta property=\"og:image:height\" content=\"190\" \/>\n\t<meta property=\"og:image:type\" content=\"image\/jpeg\" \/>\n<meta name=\"author\" content=\"Lorena Filgueiras\" \/>\n<meta name=\"twitter:card\" content=\"summary_large_image\" \/>\n<meta name=\"twitter:creator\" content=\"@Fadesp\" \/>\n<meta name=\"twitter:site\" content=\"@Fadesp\" \/>\n<meta name=\"twitter:label1\" content=\"Escrito por\" \/>\n\t<meta name=\"twitter:data1\" content=\"Lorena Filgueiras\" \/>\n\t<meta name=\"twitter:label2\" content=\"Est. tempo de leitura\" \/>\n\t<meta name=\"twitter:data2\" content=\"2 minutos\" \/>\n<script type=\"application\/ld+json\" class=\"yoast-schema-graph\">{\"@context\":\"https:\/\/schema.org\",\"@graph\":[{\"@type\":\"Article\",\"@id\":\"https:\/\/portalfadesp.org.br\/?p=3890#article\",\"isPartOf\":{\"@id\":\"https:\/\/portalfadesp.org.br\/?p=3890\"},\"author\":{\"name\":\"Lorena Filgueiras\",\"@id\":\"https:\/\/portalfadesp.org.br\/#\/schema\/person\/c1fa9db0c87dc412d1568e0e5e27be9c\"},\"headline\":\"Divulgada a lista de inscri\u00e7\u00f5es homologadas para o PROSEL Especial II da UFPA. O list\u00e3o de classificados est\u00e1 previsto para amanh\u00e3.\",\"datePublished\":\"2019-08-27T18:06:08+00:00\",\"dateModified\":\"2022-12-21T03:37:01+00:00\",\"mainEntityOfPage\":{\"@id\":\"https:\/\/portalfadesp.org.br\/?p=3890\"},\"wordCount\":339,\"commentCount\":0,\"publisher\":{\"@id\":\"https:\/\/portalfadesp.org.br\/#organization\"},\"image\":{\"@id\":\"https:\/\/portalfadesp.org.br\/?p=3890#primaryimage\"},\"thumbnailUrl\":\"https:\/\/portalfadesp.org.br\/wp-content\/uploads\/2019\/07\/2019-JULHO-PROSEL-UFPA-MOSQUEIRO-3.jpg\",\"articleSection\":[\"UFPA\"],\"inLanguage\":\"pt-BR\"},{\"@type\":\"WebPage\",\"@id\":\"https:\/\/portalfadesp.org.br\/?p=3890\",\"url\":\"https:\/\/portalfadesp.org.br\/?p=3890\",\"name\":\"Divulgada a lista de inscri\u00e7\u00f5es homologadas para o PROSEL Especial II da UFPA. O list\u00e3o de classificados est\u00e1 previsto para amanh\u00e3. - FADESP\",\"isPartOf\":{\"@id\":\"https:\/\/portalfadesp.org.br\/#website\"},\"primaryImageOfPage\":{\"@id\":\"https:\/\/portalfadesp.org.br\/?p=3890#primaryimage\"},\"image\":{\"@id\":\"https:\/\/portalfadesp.org.br\/?p=3890#primaryimage\"},\"thumbnailUrl\":\"https:\/\/portalfadesp.org.br\/wp-content\/uploads\/2019\/07\/2019-JULHO-PROSEL-UFPA-MOSQUEIRO-3.jpg\",\"datePublished\":\"2019-08-27T18:06:08+00:00\",\"dateModified\":\"2022-12-21T03:37:01+00:00\",\"breadcrumb\":{\"@id\":\"https:\/\/portalfadesp.org.br\/?p=3890#breadcrumb\"},\"inLanguage\":\"pt-BR\",\"potentialAction\":[{\"@type\":\"ReadAction\",\"target\":[\"https:\/\/portalfadesp.org.br\/?p=3890\"]}]},{\"@type\":\"ImageObject\",\"inLanguage\":\"pt-BR\",\"@id\":\"https:\/\/portalfadesp.org.br\/?p=3890#primaryimage\",\"url\":\"https:\/\/portalfadesp.org.br\/wp-content\/uploads\/2019\/07\/2019-JULHO-PROSEL-UFPA-MOSQUEIRO-3.jpg\",\"contentUrl\":\"https:\/\/portalfadesp.org.br\/wp-content\/uploads\/2019\/07\/2019-JULHO-PROSEL-UFPA-MOSQUEIRO-3.jpg\",\"width\":190,\"height\":190},{\"@type\":\"BreadcrumbList\",\"@id\":\"https:\/\/portalfadesp.org.br\/?p=3890#breadcrumb\",\"itemListElement\":[{\"@type\":\"ListItem\",\"position\":1,\"name\":\"In\u00edcio\",\"item\":\"https:\/\/portalfadesp.org.br\/\"},{\"@type\":\"ListItem\",\"position\":2,\"name\":\"Divulgada a lista de inscri\u00e7\u00f5es homologadas para o PROSEL Especial II da UFPA. O list\u00e3o de classificados est\u00e1 previsto para amanh\u00e3.\"}]},{\"@type\":\"WebSite\",\"@id\":\"https:\/\/portalfadesp.org.br\/#website\",\"url\":\"https:\/\/portalfadesp.org.br\/\",\"name\":\"FADESP\",\"description\":\"Funda\u00e7\u00e3o de Amparo e Desenvolvimento da Pesquisa\",\"publisher\":{\"@id\":\"https:\/\/portalfadesp.org.br\/#organization\"},\"potentialAction\":[{\"@type\":\"SearchAction\",\"target\":{\"@type\":\"EntryPoint\",\"urlTemplate\":\"https:\/\/portalfadesp.org.br\/?s={search_term_string}\"},\"query-input\":{\"@type\":\"PropertyValueSpecification\",\"valueRequired\":true,\"valueName\":\"search_term_string\"}}],\"inLanguage\":\"pt-BR\"},{\"@type\":\"Organization\",\"@id\":\"https:\/\/portalfadesp.org.br\/#organization\",\"name\":\"FADESP\",\"url\":\"https:\/\/portalfadesp.org.br\/\",\"logo\":{\"@type\":\"ImageObject\",\"inLanguage\":\"pt-BR\",\"@id\":\"https:\/\/portalfadesp.org.br\/#\/schema\/logo\/image\/\",\"url\":\"https:\/\/portalfadesp.org.br\/wp-content\/uploads\/2024\/01\/NOVOLOGOFADESPlaranjaH.png\",\"contentUrl\":\"https:\/\/portalfadesp.org.br\/wp-content\/uploads\/2024\/01\/NOVOLOGOFADESPlaranjaH.png\",\"width\":2742,\"height\":839,\"caption\":\"FADESP\"},\"image\":{\"@id\":\"https:\/\/portalfadesp.org.br\/#\/schema\/logo\/image\/\"},\"sameAs\":[\"https:\/\/www.facebook.com\/Fadesp-138351949524662\/\",\"https:\/\/x.com\/Fadesp\",\"https:\/\/www.instagram.com\/fadesp_ufpa\/\",\"https:\/\/www.youtube.com\/@fundacaodeamparoedesenvolv1903\",\"https:\/\/www.threads.net\/@fadesp_ufpa\"]},{\"@type\":\"Person\",\"@id\":\"https:\/\/portalfadesp.org.br\/#\/schema\/person\/c1fa9db0c87dc412d1568e0e5e27be9c\",\"name\":\"Lorena Filgueiras\",\"image\":{\"@type\":\"ImageObject\",\"inLanguage\":\"pt-BR\",\"@id\":\"https:\/\/portalfadesp.org.br\/#\/schema\/person\/image\/\",\"url\":\"https:\/\/secure.gravatar.com\/avatar\/37390a2dfe1325c2917fc5f6df471abe8ab753cf23b2d14690f57bd61ab4b7cf?s=96&d=mm&r=g\",\"contentUrl\":\"https:\/\/secure.gravatar.com\/avatar\/37390a2dfe1325c2917fc5f6df471abe8ab753cf23b2d14690f57bd61ab4b7cf?s=96&d=mm&r=g\",\"caption\":\"Lorena Filgueiras\"},\"url\":\"https:\/\/portalfadesp.org.br\/?author=11\"}]}<\/script>\n<!-- \/ Yoast SEO plugin. -->","yoast_head_json":{"title":"Divulgada a lista de inscri\u00e7\u00f5es homologadas para o PROSEL Especial II da UFPA. O list\u00e3o de classificados est\u00e1 previsto para amanh\u00e3. - FADESP","robots":{"index":"index","follow":"follow","max-snippet":"max-snippet:-1","max-image-preview":"max-image-preview:large","max-video-preview":"max-video-preview:-1"},"canonical":"https:\/\/portalfadesp.org.br\/?p=3890","og_locale":"pt_BR","og_type":"article","og_title":"Divulgada a lista de inscri\u00e7\u00f5es homologadas para o PROSEL Especial II da UFPA. O list\u00e3o de classificados est\u00e1 previsto para amanh\u00e3. - FADESP","og_description":"A lista de inscri\u00e7\u00f5es homologadas para o Processo Seletivo Especial II da Universidade Federal do Par\u00e1 (UFPA) est\u00e1 dispon\u00edvel na p\u00e1gina oficial de acompanhamento, no site de concursos da FADESP. Amanh\u00e3, 28, dever\u00e1 ser divulgado o list\u00e3o de classificados a partir das notas do Exame Nacional do Ensino M\u00e9dio (ENEM) de 2018. Um total de [&hellip;]","og_url":"https:\/\/portalfadesp.org.br\/?p=3890","og_site_name":"FADESP","article_publisher":"https:\/\/www.facebook.com\/Fadesp-138351949524662\/","article_published_time":"2019-08-27T18:06:08+00:00","article_modified_time":"2022-12-21T03:37:01+00:00","og_image":[{"width":190,"height":190,"url":"https:\/\/portalfadesp.org.br\/wp-content\/uploads\/2019\/07\/2019-JULHO-PROSEL-UFPA-MOSQUEIRO-3.jpg","type":"image\/jpeg"}],"author":"Lorena Filgueiras","twitter_card":"summary_large_image","twitter_creator":"@Fadesp","twitter_site":"@Fadesp","twitter_misc":{"Escrito por":"Lorena Filgueiras","Est. tempo de leitura":"2 minutos"},"schema":{"@context":"https:\/\/schema.org","@graph":[{"@type":"Article","@id":"https:\/\/portalfadesp.org.br\/?p=3890#article","isPartOf":{"@id":"https:\/\/portalfadesp.org.br\/?p=3890"},"author":{"name":"Lorena Filgueiras","@id":"https:\/\/portalfadesp.org.br\/#\/schema\/person\/c1fa9db0c87dc412d1568e0e5e27be9c"},"headline":"Divulgada a lista de inscri\u00e7\u00f5es homologadas para o PROSEL Especial II da UFPA. O list\u00e3o de classificados est\u00e1 previsto para amanh\u00e3.","datePublished":"2019-08-27T18:06:08+00:00","dateModified":"2022-12-21T03:37:01+00:00","mainEntityOfPage":{"@id":"https:\/\/portalfadesp.org.br\/?p=3890"},"wordCount":339,"commentCount":0,"publisher":{"@id":"https:\/\/portalfadesp.org.br\/#organization"},"image":{"@id":"https:\/\/portalfadesp.org.br\/?p=3890#primaryimage"},"thumbnailUrl":"https:\/\/portalfadesp.org.br\/wp-content\/uploads\/2019\/07\/2019-JULHO-PROSEL-UFPA-MOSQUEIRO-3.jpg","articleSection":["UFPA"],"inLanguage":"pt-BR"},{"@type":"WebPage","@id":"https:\/\/portalfadesp.org.br\/?p=3890","url":"https:\/\/portalfadesp.org.br\/?p=3890","name":"Divulgada a lista de inscri\u00e7\u00f5es homologadas para o PROSEL Especial II da UFPA. O list\u00e3o de classificados est\u00e1 previsto para amanh\u00e3. - FADESP","isPartOf":{"@id":"https:\/\/portalfadesp.org.br\/#website"},"primaryImageOfPage":{"@id":"https:\/\/portalfadesp.org.br\/?p=3890#primaryimage"},"image":{"@id":"https:\/\/portalfadesp.org.br\/?p=3890#primaryimage"},"thumbnailUrl":"https:\/\/portalfadesp.org.br\/wp-content\/uploads\/2019\/07\/2019-JULHO-PROSEL-UFPA-MOSQUEIRO-3.jpg","datePublished":"2019-08-27T18:06:08+00:00","dateModified":"2022-12-21T03:37:01+00:00","breadcrumb":{"@id":"https:\/\/portalfadesp.org.br\/?p=3890#breadcrumb"},"inLanguage":"pt-BR","potentialAction":[{"@type":"ReadAction","target":["https:\/\/portalfadesp.org.br\/?p=3890"]}]},{"@type":"ImageObject","inLanguage":"pt-BR","@id":"https:\/\/portalfadesp.org.br\/?p=3890#primaryimage","url":"https:\/\/portalfadesp.org.br\/wp-content\/uploads\/2019\/07\/2019-JULHO-PROSEL-UFPA-MOSQUEIRO-3.jpg","contentUrl":"https:\/\/portalfadesp.org.br\/wp-content\/uploads\/2019\/07\/2019-JULHO-PROSEL-UFPA-MOSQUEIRO-3.jpg","width":190,"height":190},{"@type":"BreadcrumbList","@id":"https:\/\/portalfadesp.org.br\/?p=3890#breadcrumb","itemListElement":[{"@type":"ListItem","position":1,"name":"In\u00edcio","item":"https:\/\/portalfadesp.org.br\/"},{"@type":"ListItem","position":2,"name":"Divulgada a lista de inscri\u00e7\u00f5es homologadas para o PROSEL Especial II da UFPA. O list\u00e3o de classificados est\u00e1 previsto para amanh\u00e3."}]},{"@type":"WebSite","@id":"https:\/\/portalfadesp.org.br\/#website","url":"https:\/\/portalfadesp.org.br\/","name":"FADESP","description":"Funda\u00e7\u00e3o de Amparo e Desenvolvimento da Pesquisa","publisher":{"@id":"https:\/\/portalfadesp.org.br\/#organization"},"potentialAction":[{"@type":"SearchAction","target":{"@type":"EntryPoint","urlTemplate":"https:\/\/portalfadesp.org.br\/?s={search_term_string}"},"query-input":{"@type":"PropertyValueSpecification","valueRequired":true,"valueName":"search_term_string"}}],"inLanguage":"pt-BR"},{"@type":"Organization","@id":"https:\/\/portalfadesp.org.br\/#organization","name":"FADESP","url":"https:\/\/portalfadesp.org.br\/","logo":{"@type":"ImageObject","inLanguage":"pt-BR","@id":"https:\/\/portalfadesp.org.br\/#\/schema\/logo\/image\/","url":"https:\/\/portalfadesp.org.br\/wp-content\/uploads\/2024\/01\/NOVOLOGOFADESPlaranjaH.png","contentUrl":"https:\/\/portalfadesp.org.br\/wp-content\/uploads\/2024\/01\/NOVOLOGOFADESPlaranjaH.png","width":2742,"height":839,"caption":"FADESP"},"image":{"@id":"https:\/\/portalfadesp.org.br\/#\/schema\/logo\/image\/"},"sameAs":["https:\/\/www.facebook.com\/Fadesp-138351949524662\/","https:\/\/x.com\/Fadesp","https:\/\/www.instagram.com\/fadesp_ufpa\/","https:\/\/www.youtube.com\/@fundacaodeamparoedesenvolv1903","https:\/\/www.threads.net\/@fadesp_ufpa"]},{"@type":"Person","@id":"https:\/\/portalfadesp.org.br\/#\/schema\/person\/c1fa9db0c87dc412d1568e0e5e27be9c","name":"Lorena Filgueiras","image":{"@type":"ImageObject","inLanguage":"pt-BR","@id":"https:\/\/portalfadesp.org.br\/#\/schema\/person\/image\/","url":"https:\/\/secure.gravatar.com\/avatar\/37390a2dfe1325c2917fc5f6df471abe8ab753cf23b2d14690f57bd61ab4b7cf?s=96&d=mm&r=g","contentUrl":"https:\/\/secure.gravatar.com\/avatar\/37390a2dfe1325c2917fc5f6df471abe8ab753cf23b2d14690f57bd61ab4b7cf?s=96&d=mm&r=g","caption":"Lorena Filgueiras"},"url":"https:\/\/portalfadesp.org.br\/?author=11"}]}},"_links":{"self":[{"href":"https:\/\/portalfadesp.org.br\/index.php?rest_route=\/wp\/v2\/posts\/3890","targetHints":{"allow":["GET"]}}],"collection":[{"href":"https:\/\/portalfadesp.org.br\/index.php?rest_route=\/wp\/v2\/posts"}],"about":[{"href":"https:\/\/portalfadesp.org.br\/index.php?rest_route=\/wp\/v2\/types\/post"}],"author":[{"embeddable":true,"href":"https:\/\/portalfadesp.org.br\/index.php?rest_route=\/wp\/v2\/users\/11"}],"replies":[{"embeddable":true,"href":"https:\/\/portalfadesp.org.br\/index.php?rest_route=%2Fwp%2Fv2%2Fcomments&post=3890"}],"version-history":[{"count":4,"href":"https:\/\/portalfadesp.org.br\/index.php?rest_route=\/wp\/v2\/posts\/3890\/revisions"}],"predecessor-version":[{"id":37851,"href":"https:\/\/portalfadesp.org.br\/index.php?rest_route=\/wp\/v2\/posts\/3890\/revisions\/37851"}],"wp:featuredmedia":[{"embeddable":true,"href":"https:\/\/portalfadesp.org.br\/index.php?rest_route=\/wp\/v2\/media\/3211"}],"wp:attachment":[{"href":"https:\/\/portalfadesp.org.br\/index.php?rest_route=%2Fwp%2Fv2%2Fmedia&parent=3890"}],"wp:term":[{"taxonomy":"category","embeddable":true,"href":"https:\/\/portalfadesp.org.br\/index.php?rest_route=%2Fwp%2Fv2%2Fcategories&post=3890"},{"taxonomy":"post_tag","embeddable":true,"href":"https:\/\/portalfadesp.org.br\/index.php?rest_route=%2Fwp%2Fv2%2Ftags&post=3890"}],"curies":[{"name":"wp","href":"https:\/\/api.w.org\/{rel}","templated":true}]}}