{"id":3701,"date":"2019-08-22T10:29:50","date_gmt":"2019-08-22T13:29:50","guid":{"rendered":"https:\/\/162.215.13.167?p=3701"},"modified":"2020-12-30T12:48:13","modified_gmt":"2020-12-30T15:48:13","slug":"apoio-fadesp-ufpa-unifesspa-uepa-sectet-e-14-prefeituras-assinam-convenios-para-oferta-de-ensino-superior-atraves-do-forma-para","status":"publish","type":"post","link":"https:\/\/portalfadesp.org.br\/?p=3701","title":{"rendered":"APOIO FADESP: UFPA, UNIFESSPA, UEPA, SECTET e 14 prefeituras assinam conv\u00eanios para oferta de ensino superior atrav\u00e9s do Forma Par\u00e1."},"content":{"rendered":"\t\t<div data-elementor-type=\"wp-post\" data-elementor-id=\"3701\" class=\"elementor elementor-3701\" data-elementor-post-type=\"post\">\n\t\t\t\t\t\t<section class=\"elementor-section elementor-top-section elementor-element elementor-element-1a4b4d87 elementor-section-boxed elementor-section-height-default elementor-section-height-default\" data-id=\"1a4b4d87\" data-element_type=\"section\">\n\t\t\t\t\t\t<div class=\"elementor-container elementor-column-gap-default\">\n\t\t\t\t\t<div class=\"elementor-column elementor-col-100 elementor-top-column elementor-element elementor-element-527a7b8f\" data-id=\"527a7b8f\" data-element_type=\"column\">\n\t\t\t<div class=\"elementor-widget-wrap elementor-element-populated\">\n\t\t\t\t\t\t<div class=\"elementor-element elementor-element-63364e7 elementor-widget elementor-widget-text-editor\" data-id=\"63364e7\" data-element_type=\"widget\" data-widget_type=\"text-editor.default\">\n\t\t\t\t<div class=\"elementor-widget-container\">\n\t\t\t\t\t\t\t\t\t\n<p>O governo do Estado do Par\u00e1 lan\u00e7ou, oficialmente, o programa Forma Par\u00e1, voltado \u00e0 expans\u00e3o do ensino superior no interior. A iniciativa \u00e9 executada pela Secretaria Estadual de Ci\u00eancia, Tecnologia e Educa\u00e7\u00e3o Profissional e Tecnol\u00f3gica (Sectet) em parceria com a Universidade Federal do Par\u00e1 (UFPA), Universidade Federal do Sul e Sudeste do Par\u00e1 (UNIFESSPA), Universidade do Estado do Par\u00e1 (UEPA) e catorze prefeituras. O processo seletivo para as primeiras 1 mil vagas ofertadas est\u00e1 em andamento e tem a gest\u00e3o administrativa da FADESP.<\/p>\n\n<p>A cerim\u00f4nia de lan\u00e7amento foi realizada no dia 20 deste m\u00eas, no teatro Waldemar Henrique, em Bel\u00e9m, reunindo os representantes de todos os parceiros. Foi o momento de assinar os conv\u00eanios de coopera\u00e7\u00e3o para o apoio t\u00e9cnico e financeiro ao programa que se prop\u00f5e a criar mil novas vagas a cada ano.<\/p>\n\n<p>Os reitores das institui\u00e7\u00f5es parceiras observaram que a quantidade de vagas ofertadas pelas institui\u00e7\u00f5es ainda est\u00e1 aqu\u00e9m do necess\u00e1rio, devido a capacidade da infraestrutura existente. O \u00faltimo ENEM teve 256 mil inscritos, enquanto as universidades que assinaram o conv\u00eanio ofertaram cerca de 17 mil vagas, exemplificou o reitor da UEPA, Rubens Cardoso.<\/p>\n\n<p>Com a coopera\u00e7\u00e3o entre as institui\u00e7\u00f5es de ensino, a Sectet e as prefeituras, a expectativa \u00e9 reduzir esse d\u00e9ficit e ao mesmo tempo facilitar o acesso aos moradores de munic\u00edpios que, hoje, n\u00e3o disp\u00f5em de campus universit\u00e1rio. A prefeita de Mocajuba, Elieth Braga, destacou que a dificuldade de deslocamento para as cidades onde funcionam cursos \u00e9 uma barreira ao acesso.<\/p>\n\n<p>\u201cTemos uma d\u00edvida hist\u00f3rica com milhares de jovens e adultos que buscaram a educa\u00e7\u00e3o superior e n\u00e3o tiveram acesso porque residem em munic\u00edpios onde n\u00e3o h\u00e1 universidade\u201d, enfatizou o reitor da UFPA, Emmanuel Tourinho.<\/p>\n\n<p>O reitor da UNIFESSPA, Maur\u00edlio Monteiro, acrescentou a possibilidade da forma\u00e7\u00e3o tamb\u00e9m influir na realidade local, pois o conhecimento permitir\u00e1 que os formandos interfiram positivamente nas suas cidades. \u201cA cidade vai ter cinquenta acad\u00eamicos. Reden\u00e7\u00e3o vai ter engenheiros que v\u00e3o come\u00e7ar a interferir na constru\u00e7\u00e3o da cidade\u201d, pontuou.<\/p>\n\n<p>Monteiro tamb\u00e9m aposta que, a m\u00e9dio e longo prazo, os cursos exigir\u00e3o laborat\u00f3rios e mais infraestrutura, expandindo, consequentemente, a rede de servi\u00e7os nos munic\u00edpios. Aposta, ainda, no fortalecimento do ensino superior, sobretudo diante dos cortes federais que, hoje, amea\u00e7am as institui\u00e7\u00f5es.<\/p>\n\n<p>Na mesma linha dos reitores, o titular da Sectet, Carlos Maneschy, refor\u00e7ou a import\u00e2ncia do programa diante da necessidade de se apoiar as universidades para que elas avancem e expandam suas atividades de ensino, pesquisa e extens\u00e3o na expectativa de gerar conhecimento e cidadania. \u201c\u00c9 preciso compreender a for\u00e7a transformadora do conhecimento. \u00c9 a educa\u00e7\u00e3o que permite os avan\u00e7os\u201d, disse.<\/p>\n\n<p>O diretor executivo da FADESP, professor Roberto Ferraz, destacou que, nesse contexto, a coopera\u00e7\u00e3o entre as institui\u00e7\u00f5es \u00e9 fundamental. \u201cA coopera\u00e7\u00e3o \u00e9 super importante. Em um momento como esse de crise, onde est\u00e1 havendo, de modo geral, uma retra\u00e7\u00e3o nos recursos da educa\u00e7\u00e3o, \u00e9 importante a estrat\u00e9gia do governo do Estado de viabilizar o acesso ao ensino superior\u201d, comentou.<\/p>\n\t\t\t\t\t\t\t\t<\/div>\n\t\t\t\t<\/div>\n\t\t\t\t\t<\/div>\n\t\t<\/div>\n\t\t\t\t\t<\/div>\n\t\t<\/section>\n\t\t\t\t<\/div>\n\t\t","protected":false},"excerpt":{"rendered":"<p>O governo do Estado do Par\u00e1 lan\u00e7ou, oficialmente, o programa Forma Par\u00e1, voltado \u00e0 expans\u00e3o do ensino superior no interior. A iniciativa \u00e9 executada pela Secretaria Estadual de Ci\u00eancia, Tecnologia e Educa\u00e7\u00e3o Profissional e Tecnol\u00f3gica (Sectet) em parceria com a Universidade Federal do Par\u00e1 (UFPA), Universidade Federal do Sul e Sudeste do Par\u00e1 (UNIFESSPA), Universidade [&hellip;]<\/p>\n","protected":false},"author":11,"featured_media":3702,"comment_status":"open","ping_status":"open","sticky":false,"template":"","format":"standard","meta":{"_monsterinsights_skip_tracking":false,"_monsterinsights_sitenote_active":false,"_monsterinsights_sitenote_note":"","_monsterinsights_sitenote_category":0,"footnotes":""},"categories":[88,83,89],"tags":[],"class_list":["post-3701","post","type-post","status-publish","format-standard","has-post-thumbnail","hentry","category-uepa","category-ufpa","category-unifesspa","entry","has-media"],"yoast_head":"<!-- This site is optimized with the Yoast SEO plugin v25.1 - https:\/\/yoast.com\/wordpress\/plugins\/seo\/ -->\n<title>APOIO FADESP: UFPA, UNIFESSPA, UEPA, SECTET e 14 prefeituras assinam conv\u00eanios para oferta de ensino superior atrav\u00e9s do Forma Par\u00e1. - FADESP<\/title>\n<meta name=\"robots\" content=\"index, follow, max-snippet:-1, max-image-preview:large, max-video-preview:-1\" \/>\n<link rel=\"canonical\" href=\"https:\/\/portalfadesp.org.br\/?p=3701\" \/>\n<meta property=\"og:locale\" content=\"pt_BR\" \/>\n<meta property=\"og:type\" content=\"article\" \/>\n<meta property=\"og:title\" content=\"APOIO FADESP: UFPA, UNIFESSPA, UEPA, SECTET e 14 prefeituras assinam conv\u00eanios para oferta de ensino superior atrav\u00e9s do Forma Par\u00e1. - FADESP\" \/>\n<meta property=\"og:description\" content=\"O governo do Estado do Par\u00e1 lan\u00e7ou, oficialmente, o programa Forma Par\u00e1, voltado \u00e0 expans\u00e3o do ensino superior no interior. A iniciativa \u00e9 executada pela Secretaria Estadual de Ci\u00eancia, Tecnologia e Educa\u00e7\u00e3o Profissional e Tecnol\u00f3gica (Sectet) em parceria com a Universidade Federal do Par\u00e1 (UFPA), Universidade Federal do Sul e Sudeste do Par\u00e1 (UNIFESSPA), Universidade [&hellip;]\" \/>\n<meta property=\"og:url\" content=\"https:\/\/portalfadesp.org.br\/?p=3701\" \/>\n<meta property=\"og:site_name\" content=\"FADESP\" \/>\n<meta property=\"article:publisher\" content=\"https:\/\/www.facebook.com\/Fadesp-138351949524662\/\" \/>\n<meta property=\"article:published_time\" content=\"2019-08-22T13:29:50+00:00\" \/>\n<meta property=\"article:modified_time\" content=\"2020-12-30T15:48:13+00:00\" \/>\n<meta property=\"og:image\" content=\"https:\/\/portalfadesp.org.br\/wp-content\/uploads\/2019\/08\/2019-AGOSTO-forma-par\u00e1-foto-priscila-castro-1.jpg\" \/>\n\t<meta property=\"og:image:width\" content=\"262\" \/>\n\t<meta property=\"og:image:height\" content=\"196\" \/>\n\t<meta property=\"og:image:type\" content=\"image\/jpeg\" \/>\n<meta name=\"author\" content=\"Lorena Filgueiras\" \/>\n<meta name=\"twitter:card\" content=\"summary_large_image\" \/>\n<meta name=\"twitter:creator\" content=\"@Fadesp\" \/>\n<meta name=\"twitter:site\" content=\"@Fadesp\" \/>\n<meta name=\"twitter:label1\" content=\"Escrito por\" \/>\n\t<meta name=\"twitter:data1\" content=\"Lorena Filgueiras\" \/>\n\t<meta name=\"twitter:label2\" content=\"Est. tempo de leitura\" \/>\n\t<meta name=\"twitter:data2\" content=\"3 minutos\" \/>\n<script type=\"application\/ld+json\" class=\"yoast-schema-graph\">{\"@context\":\"https:\/\/schema.org\",\"@graph\":[{\"@type\":\"Article\",\"@id\":\"https:\/\/portalfadesp.org.br\/?p=3701#article\",\"isPartOf\":{\"@id\":\"https:\/\/portalfadesp.org.br\/?p=3701\"},\"author\":{\"name\":\"Lorena Filgueiras\",\"@id\":\"https:\/\/portalfadesp.org.br\/#\/schema\/person\/c1fa9db0c87dc412d1568e0e5e27be9c\"},\"headline\":\"APOIO FADESP: UFPA, UNIFESSPA, UEPA, SECTET e 14 prefeituras assinam conv\u00eanios para oferta de ensino superior atrav\u00e9s do Forma Par\u00e1.\",\"datePublished\":\"2019-08-22T13:29:50+00:00\",\"dateModified\":\"2020-12-30T15:48:13+00:00\",\"mainEntityOfPage\":{\"@id\":\"https:\/\/portalfadesp.org.br\/?p=3701\"},\"wordCount\":557,\"commentCount\":0,\"publisher\":{\"@id\":\"https:\/\/portalfadesp.org.br\/#organization\"},\"image\":{\"@id\":\"https:\/\/portalfadesp.org.br\/?p=3701#primaryimage\"},\"thumbnailUrl\":\"https:\/\/portalfadesp.org.br\/wp-content\/uploads\/2019\/08\/2019-AGOSTO-forma-par\u00e1-foto-priscila-castro-1.jpg\",\"articleSection\":[\"UEPA\",\"UFPA\",\"UNIFESSPA\"],\"inLanguage\":\"pt-BR\"},{\"@type\":\"WebPage\",\"@id\":\"https:\/\/portalfadesp.org.br\/?p=3701\",\"url\":\"https:\/\/portalfadesp.org.br\/?p=3701\",\"name\":\"APOIO FADESP: UFPA, UNIFESSPA, UEPA, SECTET e 14 prefeituras assinam conv\u00eanios para oferta de ensino superior atrav\u00e9s do Forma Par\u00e1. - FADESP\",\"isPartOf\":{\"@id\":\"https:\/\/portalfadesp.org.br\/#website\"},\"primaryImageOfPage\":{\"@id\":\"https:\/\/portalfadesp.org.br\/?p=3701#primaryimage\"},\"image\":{\"@id\":\"https:\/\/portalfadesp.org.br\/?p=3701#primaryimage\"},\"thumbnailUrl\":\"https:\/\/portalfadesp.org.br\/wp-content\/uploads\/2019\/08\/2019-AGOSTO-forma-par\u00e1-foto-priscila-castro-1.jpg\",\"datePublished\":\"2019-08-22T13:29:50+00:00\",\"dateModified\":\"2020-12-30T15:48:13+00:00\",\"breadcrumb\":{\"@id\":\"https:\/\/portalfadesp.org.br\/?p=3701#breadcrumb\"},\"inLanguage\":\"pt-BR\",\"potentialAction\":[{\"@type\":\"ReadAction\",\"target\":[\"https:\/\/portalfadesp.org.br\/?p=3701\"]}]},{\"@type\":\"ImageObject\",\"inLanguage\":\"pt-BR\",\"@id\":\"https:\/\/portalfadesp.org.br\/?p=3701#primaryimage\",\"url\":\"https:\/\/portalfadesp.org.br\/wp-content\/uploads\/2019\/08\/2019-AGOSTO-forma-par\u00e1-foto-priscila-castro-1.jpg\",\"contentUrl\":\"https:\/\/portalfadesp.org.br\/wp-content\/uploads\/2019\/08\/2019-AGOSTO-forma-par\u00e1-foto-priscila-castro-1.jpg\",\"width\":262,\"height\":196},{\"@type\":\"BreadcrumbList\",\"@id\":\"https:\/\/portalfadesp.org.br\/?p=3701#breadcrumb\",\"itemListElement\":[{\"@type\":\"ListItem\",\"position\":1,\"name\":\"In\u00edcio\",\"item\":\"https:\/\/portalfadesp.org.br\/\"},{\"@type\":\"ListItem\",\"position\":2,\"name\":\"APOIO FADESP: UFPA, UNIFESSPA, UEPA, SECTET e 14 prefeituras assinam conv\u00eanios para oferta de ensino superior atrav\u00e9s do Forma Par\u00e1.\"}]},{\"@type\":\"WebSite\",\"@id\":\"https:\/\/portalfadesp.org.br\/#website\",\"url\":\"https:\/\/portalfadesp.org.br\/\",\"name\":\"FADESP\",\"description\":\"Funda\u00e7\u00e3o de Amparo e Desenvolvimento da Pesquisa\",\"publisher\":{\"@id\":\"https:\/\/portalfadesp.org.br\/#organization\"},\"potentialAction\":[{\"@type\":\"SearchAction\",\"target\":{\"@type\":\"EntryPoint\",\"urlTemplate\":\"https:\/\/portalfadesp.org.br\/?s={search_term_string}\"},\"query-input\":{\"@type\":\"PropertyValueSpecification\",\"valueRequired\":true,\"valueName\":\"search_term_string\"}}],\"inLanguage\":\"pt-BR\"},{\"@type\":\"Organization\",\"@id\":\"https:\/\/portalfadesp.org.br\/#organization\",\"name\":\"FADESP\",\"url\":\"https:\/\/portalfadesp.org.br\/\",\"logo\":{\"@type\":\"ImageObject\",\"inLanguage\":\"pt-BR\",\"@id\":\"https:\/\/portalfadesp.org.br\/#\/schema\/logo\/image\/\",\"url\":\"https:\/\/portalfadesp.org.br\/wp-content\/uploads\/2024\/01\/NOVOLOGOFADESPlaranjaH.png\",\"contentUrl\":\"https:\/\/portalfadesp.org.br\/wp-content\/uploads\/2024\/01\/NOVOLOGOFADESPlaranjaH.png\",\"width\":2742,\"height\":839,\"caption\":\"FADESP\"},\"image\":{\"@id\":\"https:\/\/portalfadesp.org.br\/#\/schema\/logo\/image\/\"},\"sameAs\":[\"https:\/\/www.facebook.com\/Fadesp-138351949524662\/\",\"https:\/\/x.com\/Fadesp\",\"https:\/\/www.instagram.com\/fadesp_ufpa\/\",\"https:\/\/www.youtube.com\/@fundacaodeamparoedesenvolv1903\",\"https:\/\/www.threads.net\/@fadesp_ufpa\"]},{\"@type\":\"Person\",\"@id\":\"https:\/\/portalfadesp.org.br\/#\/schema\/person\/c1fa9db0c87dc412d1568e0e5e27be9c\",\"name\":\"Lorena Filgueiras\",\"image\":{\"@type\":\"ImageObject\",\"inLanguage\":\"pt-BR\",\"@id\":\"https:\/\/portalfadesp.org.br\/#\/schema\/person\/image\/\",\"url\":\"https:\/\/secure.gravatar.com\/avatar\/37390a2dfe1325c2917fc5f6df471abe8ab753cf23b2d14690f57bd61ab4b7cf?s=96&d=mm&r=g\",\"contentUrl\":\"https:\/\/secure.gravatar.com\/avatar\/37390a2dfe1325c2917fc5f6df471abe8ab753cf23b2d14690f57bd61ab4b7cf?s=96&d=mm&r=g\",\"caption\":\"Lorena Filgueiras\"},\"url\":\"https:\/\/portalfadesp.org.br\/?author=11\"}]}<\/script>\n<!-- \/ Yoast SEO plugin. -->","yoast_head_json":{"title":"APOIO FADESP: UFPA, UNIFESSPA, UEPA, SECTET e 14 prefeituras assinam conv\u00eanios para oferta de ensino superior atrav\u00e9s do Forma Par\u00e1. - FADESP","robots":{"index":"index","follow":"follow","max-snippet":"max-snippet:-1","max-image-preview":"max-image-preview:large","max-video-preview":"max-video-preview:-1"},"canonical":"https:\/\/portalfadesp.org.br\/?p=3701","og_locale":"pt_BR","og_type":"article","og_title":"APOIO FADESP: UFPA, UNIFESSPA, UEPA, SECTET e 14 prefeituras assinam conv\u00eanios para oferta de ensino superior atrav\u00e9s do Forma Par\u00e1. - FADESP","og_description":"O governo do Estado do Par\u00e1 lan\u00e7ou, oficialmente, o programa Forma Par\u00e1, voltado \u00e0 expans\u00e3o do ensino superior no interior. A iniciativa \u00e9 executada pela Secretaria Estadual de Ci\u00eancia, Tecnologia e Educa\u00e7\u00e3o Profissional e Tecnol\u00f3gica (Sectet) em parceria com a Universidade Federal do Par\u00e1 (UFPA), Universidade Federal do Sul e Sudeste do Par\u00e1 (UNIFESSPA), Universidade [&hellip;]","og_url":"https:\/\/portalfadesp.org.br\/?p=3701","og_site_name":"FADESP","article_publisher":"https:\/\/www.facebook.com\/Fadesp-138351949524662\/","article_published_time":"2019-08-22T13:29:50+00:00","article_modified_time":"2020-12-30T15:48:13+00:00","og_image":[{"width":262,"height":196,"url":"https:\/\/portalfadesp.org.br\/wp-content\/uploads\/2019\/08\/2019-AGOSTO-forma-par\u00e1-foto-priscila-castro-1.jpg","type":"image\/jpeg"}],"author":"Lorena Filgueiras","twitter_card":"summary_large_image","twitter_creator":"@Fadesp","twitter_site":"@Fadesp","twitter_misc":{"Escrito por":"Lorena Filgueiras","Est. tempo de leitura":"3 minutos"},"schema":{"@context":"https:\/\/schema.org","@graph":[{"@type":"Article","@id":"https:\/\/portalfadesp.org.br\/?p=3701#article","isPartOf":{"@id":"https:\/\/portalfadesp.org.br\/?p=3701"},"author":{"name":"Lorena Filgueiras","@id":"https:\/\/portalfadesp.org.br\/#\/schema\/person\/c1fa9db0c87dc412d1568e0e5e27be9c"},"headline":"APOIO FADESP: UFPA, UNIFESSPA, UEPA, SECTET e 14 prefeituras assinam conv\u00eanios para oferta de ensino superior atrav\u00e9s do Forma Par\u00e1.","datePublished":"2019-08-22T13:29:50+00:00","dateModified":"2020-12-30T15:48:13+00:00","mainEntityOfPage":{"@id":"https:\/\/portalfadesp.org.br\/?p=3701"},"wordCount":557,"commentCount":0,"publisher":{"@id":"https:\/\/portalfadesp.org.br\/#organization"},"image":{"@id":"https:\/\/portalfadesp.org.br\/?p=3701#primaryimage"},"thumbnailUrl":"https:\/\/portalfadesp.org.br\/wp-content\/uploads\/2019\/08\/2019-AGOSTO-forma-par\u00e1-foto-priscila-castro-1.jpg","articleSection":["UEPA","UFPA","UNIFESSPA"],"inLanguage":"pt-BR"},{"@type":"WebPage","@id":"https:\/\/portalfadesp.org.br\/?p=3701","url":"https:\/\/portalfadesp.org.br\/?p=3701","name":"APOIO FADESP: UFPA, UNIFESSPA, UEPA, SECTET e 14 prefeituras assinam conv\u00eanios para oferta de ensino superior atrav\u00e9s do Forma Par\u00e1. - FADESP","isPartOf":{"@id":"https:\/\/portalfadesp.org.br\/#website"},"primaryImageOfPage":{"@id":"https:\/\/portalfadesp.org.br\/?p=3701#primaryimage"},"image":{"@id":"https:\/\/portalfadesp.org.br\/?p=3701#primaryimage"},"thumbnailUrl":"https:\/\/portalfadesp.org.br\/wp-content\/uploads\/2019\/08\/2019-AGOSTO-forma-par\u00e1-foto-priscila-castro-1.jpg","datePublished":"2019-08-22T13:29:50+00:00","dateModified":"2020-12-30T15:48:13+00:00","breadcrumb":{"@id":"https:\/\/portalfadesp.org.br\/?p=3701#breadcrumb"},"inLanguage":"pt-BR","potentialAction":[{"@type":"ReadAction","target":["https:\/\/portalfadesp.org.br\/?p=3701"]}]},{"@type":"ImageObject","inLanguage":"pt-BR","@id":"https:\/\/portalfadesp.org.br\/?p=3701#primaryimage","url":"https:\/\/portalfadesp.org.br\/wp-content\/uploads\/2019\/08\/2019-AGOSTO-forma-par\u00e1-foto-priscila-castro-1.jpg","contentUrl":"https:\/\/portalfadesp.org.br\/wp-content\/uploads\/2019\/08\/2019-AGOSTO-forma-par\u00e1-foto-priscila-castro-1.jpg","width":262,"height":196},{"@type":"BreadcrumbList","@id":"https:\/\/portalfadesp.org.br\/?p=3701#breadcrumb","itemListElement":[{"@type":"ListItem","position":1,"name":"In\u00edcio","item":"https:\/\/portalfadesp.org.br\/"},{"@type":"ListItem","position":2,"name":"APOIO FADESP: UFPA, UNIFESSPA, UEPA, SECTET e 14 prefeituras assinam conv\u00eanios para oferta de ensino superior atrav\u00e9s do Forma Par\u00e1."}]},{"@type":"WebSite","@id":"https:\/\/portalfadesp.org.br\/#website","url":"https:\/\/portalfadesp.org.br\/","name":"FADESP","description":"Funda\u00e7\u00e3o de Amparo e Desenvolvimento da Pesquisa","publisher":{"@id":"https:\/\/portalfadesp.org.br\/#organization"},"potentialAction":[{"@type":"SearchAction","target":{"@type":"EntryPoint","urlTemplate":"https:\/\/portalfadesp.org.br\/?s={search_term_string}"},"query-input":{"@type":"PropertyValueSpecification","valueRequired":true,"valueName":"search_term_string"}}],"inLanguage":"pt-BR"},{"@type":"Organization","@id":"https:\/\/portalfadesp.org.br\/#organization","name":"FADESP","url":"https:\/\/portalfadesp.org.br\/","logo":{"@type":"ImageObject","inLanguage":"pt-BR","@id":"https:\/\/portalfadesp.org.br\/#\/schema\/logo\/image\/","url":"https:\/\/portalfadesp.org.br\/wp-content\/uploads\/2024\/01\/NOVOLOGOFADESPlaranjaH.png","contentUrl":"https:\/\/portalfadesp.org.br\/wp-content\/uploads\/2024\/01\/NOVOLOGOFADESPlaranjaH.png","width":2742,"height":839,"caption":"FADESP"},"image":{"@id":"https:\/\/portalfadesp.org.br\/#\/schema\/logo\/image\/"},"sameAs":["https:\/\/www.facebook.com\/Fadesp-138351949524662\/","https:\/\/x.com\/Fadesp","https:\/\/www.instagram.com\/fadesp_ufpa\/","https:\/\/www.youtube.com\/@fundacaodeamparoedesenvolv1903","https:\/\/www.threads.net\/@fadesp_ufpa"]},{"@type":"Person","@id":"https:\/\/portalfadesp.org.br\/#\/schema\/person\/c1fa9db0c87dc412d1568e0e5e27be9c","name":"Lorena Filgueiras","image":{"@type":"ImageObject","inLanguage":"pt-BR","@id":"https:\/\/portalfadesp.org.br\/#\/schema\/person\/image\/","url":"https:\/\/secure.gravatar.com\/avatar\/37390a2dfe1325c2917fc5f6df471abe8ab753cf23b2d14690f57bd61ab4b7cf?s=96&d=mm&r=g","contentUrl":"https:\/\/secure.gravatar.com\/avatar\/37390a2dfe1325c2917fc5f6df471abe8ab753cf23b2d14690f57bd61ab4b7cf?s=96&d=mm&r=g","caption":"Lorena Filgueiras"},"url":"https:\/\/portalfadesp.org.br\/?author=11"}]}},"_links":{"self":[{"href":"https:\/\/portalfadesp.org.br\/index.php?rest_route=\/wp\/v2\/posts\/3701","targetHints":{"allow":["GET"]}}],"collection":[{"href":"https:\/\/portalfadesp.org.br\/index.php?rest_route=\/wp\/v2\/posts"}],"about":[{"href":"https:\/\/portalfadesp.org.br\/index.php?rest_route=\/wp\/v2\/types\/post"}],"author":[{"embeddable":true,"href":"https:\/\/portalfadesp.org.br\/index.php?rest_route=\/wp\/v2\/users\/11"}],"replies":[{"embeddable":true,"href":"https:\/\/portalfadesp.org.br\/index.php?rest_route=%2Fwp%2Fv2%2Fcomments&post=3701"}],"version-history":[{"count":3,"href":"https:\/\/portalfadesp.org.br\/index.php?rest_route=\/wp\/v2\/posts\/3701\/revisions"}],"predecessor-version":[{"id":3706,"href":"https:\/\/portalfadesp.org.br\/index.php?rest_route=\/wp\/v2\/posts\/3701\/revisions\/3706"}],"wp:featuredmedia":[{"embeddable":true,"href":"https:\/\/portalfadesp.org.br\/index.php?rest_route=\/wp\/v2\/media\/3702"}],"wp:attachment":[{"href":"https:\/\/portalfadesp.org.br\/index.php?rest_route=%2Fwp%2Fv2%2Fmedia&parent=3701"}],"wp:term":[{"taxonomy":"category","embeddable":true,"href":"https:\/\/portalfadesp.org.br\/index.php?rest_route=%2Fwp%2Fv2%2Fcategories&post=3701"},{"taxonomy":"post_tag","embeddable":true,"href":"https:\/\/portalfadesp.org.br\/index.php?rest_route=%2Fwp%2Fv2%2Ftags&post=3701"}],"curies":[{"name":"wp","href":"https:\/\/api.w.org\/{rel}","templated":true}]}}