{"id":3689,"date":"2019-08-22T00:21:41","date_gmt":"2019-08-22T03:21:41","guid":{"rendered":"https:\/\/162.215.13.167?p=3689"},"modified":"2022-12-21T00:32:36","modified_gmt":"2022-12-21T03:32:36","slug":"ufpa-campus-abaetetuba-oferta-32-vagas-para-mestrado-academico-do-programa-de-pos-graducao-em-cidades-territorios-e-identidades-inscricao-ate-20-de-setembro","status":"publish","type":"post","link":"https:\/\/portalfadesp.org.br\/?p=3689","title":{"rendered":"UFPA, campus Abaetetuba, oferta 32 vagas para mestrado acad\u00eamico do Programa de P\u00f3s-Gradu\u00e7\u00e3o em Cidades, Territ\u00f3rios e Identidades. Inscri\u00e7\u00e3o at\u00e9 20 de setembro."},"content":{"rendered":"\n<p>A Universidade Federal do Par\u00e1 (UFPA), campus de Abaetetuba, abriu sele\u00e7\u00e3o de mestrado acad\u00eamico para o Programa de P\u00f3s-Gradua\u00e7\u00e3o em Cidades, Territ\u00f3rios e Identidades. S\u00e3o ofertadas vagas para ampla concorr\u00eancia, cotistas e servidores da UFPA. As inscri\u00e7\u00f5es ser\u00e3o realizadas at\u00e9 o dia 20 de setembro no <strong><a rel=\"noreferrer noopener\" aria-label=\"site do PPGCTI (abre numa nova aba)\" href=\"http:\/\/ppgcitiufpa.com.br\/inscricao\/\" target=\"_blank\">site do PPGCTI<\/a><\/strong> e a gera\u00e7\u00e3o do boleto para pagamento da taxa de inscri\u00e7\u00e3o se d\u00e1 pelo <strong><a href=\"http:\/\/concursos.fadesp.org.br\/mestradoPPGCITI\/web\/index.php\" target=\"_blank\" rel=\"noreferrer noopener\" aria-label=\"site da FADESP. (abre numa nova aba)\">site da FADESP.<\/a><\/strong><\/p>\n\n\n\n<p>O curso \u00e9 destinado a graduados de qualquer \u00e1rea. Ao se inscrever,\no candidato deve optar entre uma das duas linhas de pesquisa (\u201cPol\u00edticas\nP\u00fablicas, Movimentos Sociais e Territ\u00f3rios\u201d e \u201cIdentidades: Linguagens,\nPr\u00e1ticas e Representa\u00e7\u00f5es\u201d) e indicar tr\u00eas poss\u00edveis orientadores de seus trabalhos, por ordem\nde prefer\u00eancia.<\/p>\n\n\n\n<p>No momento da inscri\u00e7\u00e3o, o candidato tamb\u00e9m precisa escolher o\ntipo de vaga a que deseja concorrer, se aberta (graduados em geral), cotas\n(quilombolas, ind\u00edgenas, rural e PcD) ou PADT (professores e t\u00e9cnicos da UFPA).\nCaso as vagas destinadas \u00e0s cotas n\u00e3o sejam preenchidas, ser\u00e3o transformadas em\nabertas.<\/p>\n\n\n\n<p>A inscri\u00e7\u00e3o ser\u00e1 realizada em duas etapas. A primeira \u00e9 no site do PPGCTI, com o preenchimento de formul\u00e1rio online e envio, como anexo, da documenta\u00e7\u00e3o indicada no <strong><a href=\"http:\/\/ppgcitiufpa.com.br\/wp-content\/uploads\/2019\/08\/Edital-05-2019-PPGCITI-Sele%C3%A7%C3%A3o-de-Mestrado-2020.pdf\" target=\"_blank\" rel=\"noreferrer noopener\" aria-label=\"edital. (abre numa nova aba)\">edital.<\/a><\/strong> A segunda \u00e9 o pagamento da taxa de R$ 60,00 atrav\u00e9s de boleto banc\u00e1rio gerado a partir do site da FADESP.<\/p>\n\n\n\n<p>A sele\u00e7\u00e3o ter\u00e1 seis etapas, de homologa\u00e7\u00e3o das inscri\u00e7\u00f5es, prova\nescrita, an\u00e1lise de projeto de pesquisa, entrevista, an\u00e1lise de curriculum vitae\ne exame de profici\u00eancia. As quatro primeiras s\u00e3o eliminat\u00f3rias e as demais,\nclassificat\u00f3rias.<\/p>\n\n\n\n<p>A previs\u00e3o \u00e9 que o resultado final da sele\u00e7\u00e3o seja divulgado no\ndia 10 de dezembro deste ano. As aulas come\u00e7ar\u00e3o em mar\u00e7o de 2020 e a defesa da\ndisserta\u00e7\u00e3o dever\u00e1 ser realizada at\u00e9 fevereiro de 2022.<\/p>\n","protected":false},"excerpt":{"rendered":"<p>A Universidade Federal do Par\u00e1 (UFPA), campus de Abaetetuba, abriu sele\u00e7\u00e3o de mestrado acad\u00eamico para o Programa de P\u00f3s-Gradua\u00e7\u00e3o em Cidades, Territ\u00f3rios e Identidades. S\u00e3o ofertadas vagas para ampla concorr\u00eancia, cotistas e servidores da UFPA. As inscri\u00e7\u00f5es ser\u00e3o realizadas at\u00e9 o dia 20 de setembro no site do PPGCTI e a gera\u00e7\u00e3o do boleto para [&hellip;]<\/p>\n","protected":false},"author":11,"featured_media":3691,"comment_status":"open","ping_status":"open","sticky":false,"template":"","format":"standard","meta":{"_monsterinsights_skip_tracking":false,"_monsterinsights_sitenote_active":false,"_monsterinsights_sitenote_note":"","_monsterinsights_sitenote_category":0,"footnotes":""},"categories":[12,83],"tags":[87,44,86,33],"class_list":["post-3689","post","type-post","status-publish","format-standard","has-post-thumbnail","hentry","category-mestrado","category-ufpa","tag-identidades","tag-pos-graduacao","tag-territorios","tag-ufpa","entry","has-media"],"yoast_head":"<!-- This site is optimized with the Yoast SEO plugin v25.1 - https:\/\/yoast.com\/wordpress\/plugins\/seo\/ -->\n<title>UFPA, campus Abaetetuba, oferta 32 vagas para mestrado acad\u00eamico do Programa de P\u00f3s-Gradu\u00e7\u00e3o em Cidades, Territ\u00f3rios e Identidades. Inscri\u00e7\u00e3o at\u00e9 20 de setembro. - FADESP<\/title>\n<meta name=\"robots\" content=\"index, follow, max-snippet:-1, max-image-preview:large, max-video-preview:-1\" \/>\n<link rel=\"canonical\" href=\"https:\/\/portalfadesp.org.br\/?p=3689\" \/>\n<meta property=\"og:locale\" content=\"pt_BR\" \/>\n<meta property=\"og:type\" content=\"article\" \/>\n<meta property=\"og:title\" content=\"UFPA, campus Abaetetuba, oferta 32 vagas para mestrado acad\u00eamico do Programa de P\u00f3s-Gradu\u00e7\u00e3o em Cidades, Territ\u00f3rios e Identidades. Inscri\u00e7\u00e3o at\u00e9 20 de setembro. - FADESP\" \/>\n<meta property=\"og:description\" content=\"A Universidade Federal do Par\u00e1 (UFPA), campus de Abaetetuba, abriu sele\u00e7\u00e3o de mestrado acad\u00eamico para o Programa de P\u00f3s-Gradua\u00e7\u00e3o em Cidades, Territ\u00f3rios e Identidades. S\u00e3o ofertadas vagas para ampla concorr\u00eancia, cotistas e servidores da UFPA. As inscri\u00e7\u00f5es ser\u00e3o realizadas at\u00e9 o dia 20 de setembro no site do PPGCTI e a gera\u00e7\u00e3o do boleto para [&hellip;]\" \/>\n<meta property=\"og:url\" content=\"https:\/\/portalfadesp.org.br\/?p=3689\" \/>\n<meta property=\"og:site_name\" content=\"FADESP\" \/>\n<meta property=\"article:publisher\" content=\"https:\/\/www.facebook.com\/Fadesp-138351949524662\/\" \/>\n<meta property=\"article:published_time\" content=\"2019-08-22T03:21:41+00:00\" \/>\n<meta property=\"article:modified_time\" content=\"2022-12-21T03:32:36+00:00\" \/>\n<meta property=\"og:image\" content=\"https:\/\/portalfadesp.org.br\/wp-content\/uploads\/2019\/08\/campus-ufpa-abaetetuba.jpg\" \/>\n\t<meta property=\"og:image:width\" content=\"298\" \/>\n\t<meta property=\"og:image:height\" content=\"169\" \/>\n\t<meta property=\"og:image:type\" content=\"image\/jpeg\" \/>\n<meta name=\"author\" content=\"Lorena Filgueiras\" \/>\n<meta name=\"twitter:card\" content=\"summary_large_image\" \/>\n<meta name=\"twitter:creator\" content=\"@Fadesp\" \/>\n<meta name=\"twitter:site\" content=\"@Fadesp\" \/>\n<meta name=\"twitter:label1\" content=\"Escrito por\" \/>\n\t<meta name=\"twitter:data1\" content=\"Lorena Filgueiras\" \/>\n\t<meta name=\"twitter:label2\" content=\"Est. tempo de leitura\" \/>\n\t<meta name=\"twitter:data2\" content=\"2 minutos\" \/>\n<script type=\"application\/ld+json\" class=\"yoast-schema-graph\">{\"@context\":\"https:\/\/schema.org\",\"@graph\":[{\"@type\":\"Article\",\"@id\":\"https:\/\/portalfadesp.org.br\/?p=3689#article\",\"isPartOf\":{\"@id\":\"https:\/\/portalfadesp.org.br\/?p=3689\"},\"author\":{\"name\":\"Lorena Filgueiras\",\"@id\":\"https:\/\/portalfadesp.org.br\/#\/schema\/person\/c1fa9db0c87dc412d1568e0e5e27be9c\"},\"headline\":\"UFPA, campus Abaetetuba, oferta 32 vagas para mestrado acad\u00eamico do Programa de P\u00f3s-Gradu\u00e7\u00e3o em Cidades, Territ\u00f3rios e Identidades. Inscri\u00e7\u00e3o at\u00e9 20 de setembro.\",\"datePublished\":\"2019-08-22T03:21:41+00:00\",\"dateModified\":\"2022-12-21T03:32:36+00:00\",\"mainEntityOfPage\":{\"@id\":\"https:\/\/portalfadesp.org.br\/?p=3689\"},\"wordCount\":344,\"commentCount\":0,\"publisher\":{\"@id\":\"https:\/\/portalfadesp.org.br\/#organization\"},\"image\":{\"@id\":\"https:\/\/portalfadesp.org.br\/?p=3689#primaryimage\"},\"thumbnailUrl\":\"https:\/\/portalfadesp.org.br\/wp-content\/uploads\/2019\/08\/campus-ufpa-abaetetuba.jpg\",\"keywords\":[\"identidades\",\"p\u00f3s-gradua\u00e7\u00e3o\",\"territ\u00f3rios\",\"UFPA\"],\"articleSection\":[\"Mestrado\",\"UFPA\"],\"inLanguage\":\"pt-BR\"},{\"@type\":\"WebPage\",\"@id\":\"https:\/\/portalfadesp.org.br\/?p=3689\",\"url\":\"https:\/\/portalfadesp.org.br\/?p=3689\",\"name\":\"UFPA, campus Abaetetuba, oferta 32 vagas para mestrado acad\u00eamico do Programa de P\u00f3s-Gradu\u00e7\u00e3o em Cidades, Territ\u00f3rios e Identidades. Inscri\u00e7\u00e3o at\u00e9 20 de setembro. - FADESP\",\"isPartOf\":{\"@id\":\"https:\/\/portalfadesp.org.br\/#website\"},\"primaryImageOfPage\":{\"@id\":\"https:\/\/portalfadesp.org.br\/?p=3689#primaryimage\"},\"image\":{\"@id\":\"https:\/\/portalfadesp.org.br\/?p=3689#primaryimage\"},\"thumbnailUrl\":\"https:\/\/portalfadesp.org.br\/wp-content\/uploads\/2019\/08\/campus-ufpa-abaetetuba.jpg\",\"datePublished\":\"2019-08-22T03:21:41+00:00\",\"dateModified\":\"2022-12-21T03:32:36+00:00\",\"breadcrumb\":{\"@id\":\"https:\/\/portalfadesp.org.br\/?p=3689#breadcrumb\"},\"inLanguage\":\"pt-BR\",\"potentialAction\":[{\"@type\":\"ReadAction\",\"target\":[\"https:\/\/portalfadesp.org.br\/?p=3689\"]}]},{\"@type\":\"ImageObject\",\"inLanguage\":\"pt-BR\",\"@id\":\"https:\/\/portalfadesp.org.br\/?p=3689#primaryimage\",\"url\":\"https:\/\/portalfadesp.org.br\/wp-content\/uploads\/2019\/08\/campus-ufpa-abaetetuba.jpg\",\"contentUrl\":\"https:\/\/portalfadesp.org.br\/wp-content\/uploads\/2019\/08\/campus-ufpa-abaetetuba.jpg\",\"width\":298,\"height\":169},{\"@type\":\"BreadcrumbList\",\"@id\":\"https:\/\/portalfadesp.org.br\/?p=3689#breadcrumb\",\"itemListElement\":[{\"@type\":\"ListItem\",\"position\":1,\"name\":\"In\u00edcio\",\"item\":\"https:\/\/portalfadesp.org.br\/\"},{\"@type\":\"ListItem\",\"position\":2,\"name\":\"UFPA, campus Abaetetuba, oferta 32 vagas para mestrado acad\u00eamico do Programa de P\u00f3s-Gradu\u00e7\u00e3o em Cidades, Territ\u00f3rios e Identidades. Inscri\u00e7\u00e3o at\u00e9 20 de setembro.\"}]},{\"@type\":\"WebSite\",\"@id\":\"https:\/\/portalfadesp.org.br\/#website\",\"url\":\"https:\/\/portalfadesp.org.br\/\",\"name\":\"FADESP\",\"description\":\"Funda\u00e7\u00e3o de Amparo e Desenvolvimento da Pesquisa\",\"publisher\":{\"@id\":\"https:\/\/portalfadesp.org.br\/#organization\"},\"potentialAction\":[{\"@type\":\"SearchAction\",\"target\":{\"@type\":\"EntryPoint\",\"urlTemplate\":\"https:\/\/portalfadesp.org.br\/?s={search_term_string}\"},\"query-input\":{\"@type\":\"PropertyValueSpecification\",\"valueRequired\":true,\"valueName\":\"search_term_string\"}}],\"inLanguage\":\"pt-BR\"},{\"@type\":\"Organization\",\"@id\":\"https:\/\/portalfadesp.org.br\/#organization\",\"name\":\"FADESP\",\"url\":\"https:\/\/portalfadesp.org.br\/\",\"logo\":{\"@type\":\"ImageObject\",\"inLanguage\":\"pt-BR\",\"@id\":\"https:\/\/portalfadesp.org.br\/#\/schema\/logo\/image\/\",\"url\":\"https:\/\/portalfadesp.org.br\/wp-content\/uploads\/2024\/01\/NOVOLOGOFADESPlaranjaH.png\",\"contentUrl\":\"https:\/\/portalfadesp.org.br\/wp-content\/uploads\/2024\/01\/NOVOLOGOFADESPlaranjaH.png\",\"width\":2742,\"height\":839,\"caption\":\"FADESP\"},\"image\":{\"@id\":\"https:\/\/portalfadesp.org.br\/#\/schema\/logo\/image\/\"},\"sameAs\":[\"https:\/\/www.facebook.com\/Fadesp-138351949524662\/\",\"https:\/\/x.com\/Fadesp\",\"https:\/\/www.instagram.com\/fadesp_ufpa\/\",\"https:\/\/www.youtube.com\/@fundacaodeamparoedesenvolv1903\",\"https:\/\/www.threads.net\/@fadesp_ufpa\"]},{\"@type\":\"Person\",\"@id\":\"https:\/\/portalfadesp.org.br\/#\/schema\/person\/c1fa9db0c87dc412d1568e0e5e27be9c\",\"name\":\"Lorena Filgueiras\",\"image\":{\"@type\":\"ImageObject\",\"inLanguage\":\"pt-BR\",\"@id\":\"https:\/\/portalfadesp.org.br\/#\/schema\/person\/image\/\",\"url\":\"https:\/\/secure.gravatar.com\/avatar\/37390a2dfe1325c2917fc5f6df471abe8ab753cf23b2d14690f57bd61ab4b7cf?s=96&d=mm&r=g\",\"contentUrl\":\"https:\/\/secure.gravatar.com\/avatar\/37390a2dfe1325c2917fc5f6df471abe8ab753cf23b2d14690f57bd61ab4b7cf?s=96&d=mm&r=g\",\"caption\":\"Lorena Filgueiras\"},\"url\":\"https:\/\/portalfadesp.org.br\/?author=11\"}]}<\/script>\n<!-- \/ Yoast SEO plugin. -->","yoast_head_json":{"title":"UFPA, campus Abaetetuba, oferta 32 vagas para mestrado acad\u00eamico do Programa de P\u00f3s-Gradu\u00e7\u00e3o em Cidades, Territ\u00f3rios e Identidades. Inscri\u00e7\u00e3o at\u00e9 20 de setembro. - FADESP","robots":{"index":"index","follow":"follow","max-snippet":"max-snippet:-1","max-image-preview":"max-image-preview:large","max-video-preview":"max-video-preview:-1"},"canonical":"https:\/\/portalfadesp.org.br\/?p=3689","og_locale":"pt_BR","og_type":"article","og_title":"UFPA, campus Abaetetuba, oferta 32 vagas para mestrado acad\u00eamico do Programa de P\u00f3s-Gradu\u00e7\u00e3o em Cidades, Territ\u00f3rios e Identidades. Inscri\u00e7\u00e3o at\u00e9 20 de setembro. - FADESP","og_description":"A Universidade Federal do Par\u00e1 (UFPA), campus de Abaetetuba, abriu sele\u00e7\u00e3o de mestrado acad\u00eamico para o Programa de P\u00f3s-Gradua\u00e7\u00e3o em Cidades, Territ\u00f3rios e Identidades. S\u00e3o ofertadas vagas para ampla concorr\u00eancia, cotistas e servidores da UFPA. As inscri\u00e7\u00f5es ser\u00e3o realizadas at\u00e9 o dia 20 de setembro no site do PPGCTI e a gera\u00e7\u00e3o do boleto para [&hellip;]","og_url":"https:\/\/portalfadesp.org.br\/?p=3689","og_site_name":"FADESP","article_publisher":"https:\/\/www.facebook.com\/Fadesp-138351949524662\/","article_published_time":"2019-08-22T03:21:41+00:00","article_modified_time":"2022-12-21T03:32:36+00:00","og_image":[{"width":298,"height":169,"url":"https:\/\/portalfadesp.org.br\/wp-content\/uploads\/2019\/08\/campus-ufpa-abaetetuba.jpg","type":"image\/jpeg"}],"author":"Lorena Filgueiras","twitter_card":"summary_large_image","twitter_creator":"@Fadesp","twitter_site":"@Fadesp","twitter_misc":{"Escrito por":"Lorena Filgueiras","Est. tempo de leitura":"2 minutos"},"schema":{"@context":"https:\/\/schema.org","@graph":[{"@type":"Article","@id":"https:\/\/portalfadesp.org.br\/?p=3689#article","isPartOf":{"@id":"https:\/\/portalfadesp.org.br\/?p=3689"},"author":{"name":"Lorena Filgueiras","@id":"https:\/\/portalfadesp.org.br\/#\/schema\/person\/c1fa9db0c87dc412d1568e0e5e27be9c"},"headline":"UFPA, campus Abaetetuba, oferta 32 vagas para mestrado acad\u00eamico do Programa de P\u00f3s-Gradu\u00e7\u00e3o em Cidades, Territ\u00f3rios e Identidades. Inscri\u00e7\u00e3o at\u00e9 20 de setembro.","datePublished":"2019-08-22T03:21:41+00:00","dateModified":"2022-12-21T03:32:36+00:00","mainEntityOfPage":{"@id":"https:\/\/portalfadesp.org.br\/?p=3689"},"wordCount":344,"commentCount":0,"publisher":{"@id":"https:\/\/portalfadesp.org.br\/#organization"},"image":{"@id":"https:\/\/portalfadesp.org.br\/?p=3689#primaryimage"},"thumbnailUrl":"https:\/\/portalfadesp.org.br\/wp-content\/uploads\/2019\/08\/campus-ufpa-abaetetuba.jpg","keywords":["identidades","p\u00f3s-gradua\u00e7\u00e3o","territ\u00f3rios","UFPA"],"articleSection":["Mestrado","UFPA"],"inLanguage":"pt-BR"},{"@type":"WebPage","@id":"https:\/\/portalfadesp.org.br\/?p=3689","url":"https:\/\/portalfadesp.org.br\/?p=3689","name":"UFPA, campus Abaetetuba, oferta 32 vagas para mestrado acad\u00eamico do Programa de P\u00f3s-Gradu\u00e7\u00e3o em Cidades, Territ\u00f3rios e Identidades. Inscri\u00e7\u00e3o at\u00e9 20 de setembro. - FADESP","isPartOf":{"@id":"https:\/\/portalfadesp.org.br\/#website"},"primaryImageOfPage":{"@id":"https:\/\/portalfadesp.org.br\/?p=3689#primaryimage"},"image":{"@id":"https:\/\/portalfadesp.org.br\/?p=3689#primaryimage"},"thumbnailUrl":"https:\/\/portalfadesp.org.br\/wp-content\/uploads\/2019\/08\/campus-ufpa-abaetetuba.jpg","datePublished":"2019-08-22T03:21:41+00:00","dateModified":"2022-12-21T03:32:36+00:00","breadcrumb":{"@id":"https:\/\/portalfadesp.org.br\/?p=3689#breadcrumb"},"inLanguage":"pt-BR","potentialAction":[{"@type":"ReadAction","target":["https:\/\/portalfadesp.org.br\/?p=3689"]}]},{"@type":"ImageObject","inLanguage":"pt-BR","@id":"https:\/\/portalfadesp.org.br\/?p=3689#primaryimage","url":"https:\/\/portalfadesp.org.br\/wp-content\/uploads\/2019\/08\/campus-ufpa-abaetetuba.jpg","contentUrl":"https:\/\/portalfadesp.org.br\/wp-content\/uploads\/2019\/08\/campus-ufpa-abaetetuba.jpg","width":298,"height":169},{"@type":"BreadcrumbList","@id":"https:\/\/portalfadesp.org.br\/?p=3689#breadcrumb","itemListElement":[{"@type":"ListItem","position":1,"name":"In\u00edcio","item":"https:\/\/portalfadesp.org.br\/"},{"@type":"ListItem","position":2,"name":"UFPA, campus Abaetetuba, oferta 32 vagas para mestrado acad\u00eamico do Programa de P\u00f3s-Gradu\u00e7\u00e3o em Cidades, Territ\u00f3rios e Identidades. Inscri\u00e7\u00e3o at\u00e9 20 de setembro."}]},{"@type":"WebSite","@id":"https:\/\/portalfadesp.org.br\/#website","url":"https:\/\/portalfadesp.org.br\/","name":"FADESP","description":"Funda\u00e7\u00e3o de Amparo e Desenvolvimento da Pesquisa","publisher":{"@id":"https:\/\/portalfadesp.org.br\/#organization"},"potentialAction":[{"@type":"SearchAction","target":{"@type":"EntryPoint","urlTemplate":"https:\/\/portalfadesp.org.br\/?s={search_term_string}"},"query-input":{"@type":"PropertyValueSpecification","valueRequired":true,"valueName":"search_term_string"}}],"inLanguage":"pt-BR"},{"@type":"Organization","@id":"https:\/\/portalfadesp.org.br\/#organization","name":"FADESP","url":"https:\/\/portalfadesp.org.br\/","logo":{"@type":"ImageObject","inLanguage":"pt-BR","@id":"https:\/\/portalfadesp.org.br\/#\/schema\/logo\/image\/","url":"https:\/\/portalfadesp.org.br\/wp-content\/uploads\/2024\/01\/NOVOLOGOFADESPlaranjaH.png","contentUrl":"https:\/\/portalfadesp.org.br\/wp-content\/uploads\/2024\/01\/NOVOLOGOFADESPlaranjaH.png","width":2742,"height":839,"caption":"FADESP"},"image":{"@id":"https:\/\/portalfadesp.org.br\/#\/schema\/logo\/image\/"},"sameAs":["https:\/\/www.facebook.com\/Fadesp-138351949524662\/","https:\/\/x.com\/Fadesp","https:\/\/www.instagram.com\/fadesp_ufpa\/","https:\/\/www.youtube.com\/@fundacaodeamparoedesenvolv1903","https:\/\/www.threads.net\/@fadesp_ufpa"]},{"@type":"Person","@id":"https:\/\/portalfadesp.org.br\/#\/schema\/person\/c1fa9db0c87dc412d1568e0e5e27be9c","name":"Lorena Filgueiras","image":{"@type":"ImageObject","inLanguage":"pt-BR","@id":"https:\/\/portalfadesp.org.br\/#\/schema\/person\/image\/","url":"https:\/\/secure.gravatar.com\/avatar\/37390a2dfe1325c2917fc5f6df471abe8ab753cf23b2d14690f57bd61ab4b7cf?s=96&d=mm&r=g","contentUrl":"https:\/\/secure.gravatar.com\/avatar\/37390a2dfe1325c2917fc5f6df471abe8ab753cf23b2d14690f57bd61ab4b7cf?s=96&d=mm&r=g","caption":"Lorena Filgueiras"},"url":"https:\/\/portalfadesp.org.br\/?author=11"}]}},"_links":{"self":[{"href":"https:\/\/portalfadesp.org.br\/index.php?rest_route=\/wp\/v2\/posts\/3689","targetHints":{"allow":["GET"]}}],"collection":[{"href":"https:\/\/portalfadesp.org.br\/index.php?rest_route=\/wp\/v2\/posts"}],"about":[{"href":"https:\/\/portalfadesp.org.br\/index.php?rest_route=\/wp\/v2\/types\/post"}],"author":[{"embeddable":true,"href":"https:\/\/portalfadesp.org.br\/index.php?rest_route=\/wp\/v2\/users\/11"}],"replies":[{"embeddable":true,"href":"https:\/\/portalfadesp.org.br\/index.php?rest_route=%2Fwp%2Fv2%2Fcomments&post=3689"}],"version-history":[{"count":1,"href":"https:\/\/portalfadesp.org.br\/index.php?rest_route=\/wp\/v2\/posts\/3689\/revisions"}],"predecessor-version":[{"id":3690,"href":"https:\/\/portalfadesp.org.br\/index.php?rest_route=\/wp\/v2\/posts\/3689\/revisions\/3690"}],"wp:featuredmedia":[{"embeddable":true,"href":"https:\/\/portalfadesp.org.br\/index.php?rest_route=\/wp\/v2\/media\/3691"}],"wp:attachment":[{"href":"https:\/\/portalfadesp.org.br\/index.php?rest_route=%2Fwp%2Fv2%2Fmedia&parent=3689"}],"wp:term":[{"taxonomy":"category","embeddable":true,"href":"https:\/\/portalfadesp.org.br\/index.php?rest_route=%2Fwp%2Fv2%2Fcategories&post=3689"},{"taxonomy":"post_tag","embeddable":true,"href":"https:\/\/portalfadesp.org.br\/index.php?rest_route=%2Fwp%2Fv2%2Ftags&post=3689"}],"curies":[{"name":"wp","href":"https:\/\/api.w.org\/{rel}","templated":true}]}}