{"id":3643,"date":"2019-08-20T14:57:49","date_gmt":"2019-08-20T17:57:49","guid":{"rendered":"https:\/\/162.215.13.167?p=3643"},"modified":"2022-12-21T00:32:34","modified_gmt":"2022-12-21T03:32:34","slug":"vai-ate-quinta-22-a-inscricao-para-o-processo-seletivo-especial-da-ufpa-que-preenchera-vagas-para-turmas-de-turismo-e-historia-em-mosqueiro","status":"publish","type":"post","link":"https:\/\/portalfadesp.org.br\/?p=3643","title":{"rendered":"Vai at\u00e9 quinta, 22, a inscri\u00e7\u00e3o para o Processo Seletivo Especial da UFPA que preencher\u00e1 vagas para turmas de Turismo e Hist\u00f3ria em Mosqueiro."},"content":{"rendered":"<p>Termina nesta quinta-feira, 22, a <a href=\"https:\/\/portalfadesp.org.br\/?page_id=3186\" target=\"_blank\" rel=\"noopener noreferrer\"><strong>inscri\u00e7\u00e3o para o Processo Seletivo Especial que a Universidade Federal do Par\u00e1 (UFPA)<\/strong><\/a> realizar\u00e1 para turmas de Turismo e Hist\u00f3ria a serem ofertadas no distrito de Mosqueiro (Bel\u00e9m-PA) atrav\u00e9s do Forma Par\u00e1, programa do governo do Estado, de expans\u00e3o do ensino superior. Os cursos ser\u00e3o realizados de forma regular intensiva, prioritariamente, nos per\u00edodos de mar\u00e7o a junho e de agosto a dezembro. A sele\u00e7\u00e3o ser\u00e1 feita com base no ENEM 2018.<\/p>\n<p>Conforme o<strong><a href=\"..\/wp-content\/uploads\/2019\/07\/Edital-PROSEL-UFPA-II-2019.pdf\" target=\"_blank\" rel=\"noopener noreferrer\"> edital de abertura<\/a><\/strong>, podem se inscrever aqueles que possuem Ensino M\u00e9dio completo ou equivalente. <span style=\"font-size: inherit;\">Os interessados t\u00eam at\u00e9 o dia 22 para preencher o formul\u00e1rio online dispon\u00edvel na p\u00e1gina oficial do PROSEL, imprimir o boleto da taxa de inscri\u00e7\u00e3o, de R$ 30,00, e pagar o documento, em qualquer banco ou casa lot\u00e9rica.<\/span><\/p>\n<p><span style=\"font-size: inherit;\">A lista de isentos ser\u00e1 publicada at\u00e9 o final da tarde de hoje, 20. Quem n\u00e3o for contemplado e quiser efetivar a inscri\u00e7\u00e3o, dever\u00e1 pagar o boleto at\u00e9 o dia 22. Para emitir o documento, basta acessar a p\u00e1gina em que se inscreveu, utilizando o login (CPF) e a senha (quatro primeiros n\u00fameros do CPF e quatro n\u00fameros do ano de nascimento).<\/span><\/p>\n<p><strong>Cota &#8211;<\/strong> No m\u00ednimo, 50% das vagas do Prosel ser\u00e3o destinadas a pessoas que cursaram todo o ensino m\u00e9dio em escola p\u00fablica ou em escola particular, desde que tenham sido bolsistas. Dessa porcentagem, metade ser\u00e1 reservada aos inscritos no Cad\u00danico, havendo, ainda, cota para autodeclarados pretos, pardos, ind\u00edgenas ou quilombolas e Pessoa com Defici\u00eancia (PcD).<\/p>\n<p>Para realizar a sele\u00e7\u00e3o, a UFPA utilizar\u00e1 o ENEM 2018, sendo que a Nota Final dos candidatos do PROSEL ser\u00e1 a m\u00e9dia aritm\u00e9tica das cinco provas do exame. Ser\u00e3o eliminados os que alcan\u00e7arem nota inferior a 400 pontos na prova de Reda\u00e7\u00e3o e\/ou Nota Final inferior a 400 pontos.<\/p>\n<p>Os candidatos ser\u00e3o classificados por curso de op\u00e7\u00e3o, at\u00e9 o limite de vagas, em ordem<br \/>\ndecrescente da Nota Final. A previs\u00e3o \u00e9 que a lista de classifica\u00e7\u00e3o seja divulgada \u00e0s 17 horas do dia 28 de agosto. Os cursos ser\u00e3o realizados de forma regular intensiva, prioritariamente, nos per\u00edodos de mar\u00e7o a junho e de agosto a dezembro.<\/p>\n<p>A organiza\u00e7\u00e3o do PROSEL orienta os interessados a lerem atentamente o edital de abertura, onde constam as condi\u00e7\u00f5es para inscri\u00e7\u00e3o, solicita\u00e7\u00e3o de isen\u00e7\u00e3o e de participa\u00e7\u00e3o como cotista, al\u00e9m das regras para funcionamento do curso.<\/p>\n<p>&#8230;&#8230;&#8230;&#8230;&#8230;&#8230;&#8230;&#8230;&#8230;&#8230;&#8230;&#8230;&#8230;&#8230;&#8230;&#8230;..<\/p>\n<p><strong>Destaques<\/strong><\/p>\n<p><a href=\"https:\/\/portalfadesp.org.br\/?page_id=3186\" target=\"_blank\" rel=\"noopener noreferrer\"><strong>PROSEL II UFPA &#8211; Mosqueiro<\/strong> (voc\u00ea pode clicar aqui para acessar a p\u00e1gina do processo seletivo)<\/a><\/p>\n<p><strong>Vagas &#8211; 1<\/strong>00<\/p>\n<p><strong>Cursos<\/strong> &#8211; Turismo e Hist\u00f3ria Licenciatura.<\/p>\n<p><strong>Inscri\u00e7\u00e3o online<\/strong> &#8211; de 16 a 22 de agosto, no site da FADESP (www.portalfadesp.org.br).<\/p>\n","protected":false},"excerpt":{"rendered":"<p>Termina nesta quinta-feira, 22, a inscri\u00e7\u00e3o para o Processo Seletivo Especial que a Universidade Federal do Par\u00e1 (UFPA) realizar\u00e1 para turmas de Turismo e Hist\u00f3ria a serem ofertadas no distrito de Mosqueiro (Bel\u00e9m-PA) atrav\u00e9s do Forma Par\u00e1, programa do governo do Estado, de expans\u00e3o do ensino superior. Os cursos ser\u00e3o realizados de forma regular intensiva, [&hellip;]<\/p>\n","protected":false},"author":11,"featured_media":3211,"comment_status":"open","ping_status":"open","sticky":false,"template":"","format":"standard","meta":{"_monsterinsights_skip_tracking":false,"_monsterinsights_sitenote_active":false,"_monsterinsights_sitenote_note":"","_monsterinsights_sitenote_category":0,"footnotes":""},"categories":[1],"tags":[71,70,38,65,33],"class_list":["post-3643","post","type-post","status-publish","format-standard","has-post-thumbnail","hentry","category-geral","tag-bacharelado","tag-graduacao","tag-interiorizacao","tag-processo-seletivo","tag-ufpa","entry","has-media"],"yoast_head":"<!-- This site is optimized with the Yoast SEO plugin v25.1 - https:\/\/yoast.com\/wordpress\/plugins\/seo\/ -->\n<title>Vai at\u00e9 quinta, 22, a inscri\u00e7\u00e3o para o Processo Seletivo Especial da UFPA que preencher\u00e1 vagas para turmas de Turismo e Hist\u00f3ria em Mosqueiro. - FADESP<\/title>\n<meta name=\"robots\" content=\"index, follow, max-snippet:-1, max-image-preview:large, max-video-preview:-1\" \/>\n<link rel=\"canonical\" href=\"https:\/\/portalfadesp.org.br\/?p=3643\" \/>\n<meta property=\"og:locale\" content=\"pt_BR\" \/>\n<meta property=\"og:type\" content=\"article\" \/>\n<meta property=\"og:title\" content=\"Vai at\u00e9 quinta, 22, a inscri\u00e7\u00e3o para o Processo Seletivo Especial da UFPA que preencher\u00e1 vagas para turmas de Turismo e Hist\u00f3ria em Mosqueiro. - FADESP\" \/>\n<meta property=\"og:description\" content=\"Termina nesta quinta-feira, 22, a inscri\u00e7\u00e3o para o Processo Seletivo Especial que a Universidade Federal do Par\u00e1 (UFPA) realizar\u00e1 para turmas de Turismo e Hist\u00f3ria a serem ofertadas no distrito de Mosqueiro (Bel\u00e9m-PA) atrav\u00e9s do Forma Par\u00e1, programa do governo do Estado, de expans\u00e3o do ensino superior. Os cursos ser\u00e3o realizados de forma regular intensiva, [&hellip;]\" \/>\n<meta property=\"og:url\" content=\"https:\/\/portalfadesp.org.br\/?p=3643\" \/>\n<meta property=\"og:site_name\" content=\"FADESP\" \/>\n<meta property=\"article:publisher\" content=\"https:\/\/www.facebook.com\/Fadesp-138351949524662\/\" \/>\n<meta property=\"article:published_time\" content=\"2019-08-20T17:57:49+00:00\" \/>\n<meta property=\"article:modified_time\" content=\"2022-12-21T03:32:34+00:00\" \/>\n<meta property=\"og:image\" content=\"https:\/\/portalfadesp.org.br\/wp-content\/uploads\/2019\/07\/2019-JULHO-PROSEL-UFPA-MOSQUEIRO-3.jpg\" \/>\n\t<meta property=\"og:image:width\" content=\"190\" \/>\n\t<meta property=\"og:image:height\" content=\"190\" \/>\n\t<meta property=\"og:image:type\" content=\"image\/jpeg\" \/>\n<meta name=\"author\" content=\"Lorena Filgueiras\" \/>\n<meta name=\"twitter:card\" content=\"summary_large_image\" \/>\n<meta name=\"twitter:creator\" content=\"@Fadesp\" \/>\n<meta name=\"twitter:site\" content=\"@Fadesp\" \/>\n<meta name=\"twitter:label1\" content=\"Escrito por\" \/>\n\t<meta name=\"twitter:data1\" content=\"Lorena Filgueiras\" \/>\n\t<meta name=\"twitter:label2\" content=\"Est. tempo de leitura\" \/>\n\t<meta name=\"twitter:data2\" content=\"2 minutos\" \/>\n<script type=\"application\/ld+json\" class=\"yoast-schema-graph\">{\"@context\":\"https:\/\/schema.org\",\"@graph\":[{\"@type\":\"Article\",\"@id\":\"https:\/\/portalfadesp.org.br\/?p=3643#article\",\"isPartOf\":{\"@id\":\"https:\/\/portalfadesp.org.br\/?p=3643\"},\"author\":{\"name\":\"Lorena Filgueiras\",\"@id\":\"https:\/\/portalfadesp.org.br\/#\/schema\/person\/c1fa9db0c87dc412d1568e0e5e27be9c\"},\"headline\":\"Vai at\u00e9 quinta, 22, a inscri\u00e7\u00e3o para o Processo Seletivo Especial da UFPA que preencher\u00e1 vagas para turmas de Turismo e Hist\u00f3ria em Mosqueiro.\",\"datePublished\":\"2019-08-20T17:57:49+00:00\",\"dateModified\":\"2022-12-21T03:32:34+00:00\",\"mainEntityOfPage\":{\"@id\":\"https:\/\/portalfadesp.org.br\/?p=3643\"},\"wordCount\":492,\"commentCount\":0,\"publisher\":{\"@id\":\"https:\/\/portalfadesp.org.br\/#organization\"},\"image\":{\"@id\":\"https:\/\/portalfadesp.org.br\/?p=3643#primaryimage\"},\"thumbnailUrl\":\"https:\/\/portalfadesp.org.br\/wp-content\/uploads\/2019\/07\/2019-JULHO-PROSEL-UFPA-MOSQUEIRO-3.jpg\",\"keywords\":[\"bacharelado\",\"gradua\u00e7\u00e3o\",\"interioriza\u00e7\u00e3o\",\"processo seletivo\",\"UFPA\"],\"articleSection\":[\"Geral\"],\"inLanguage\":\"pt-BR\"},{\"@type\":\"WebPage\",\"@id\":\"https:\/\/portalfadesp.org.br\/?p=3643\",\"url\":\"https:\/\/portalfadesp.org.br\/?p=3643\",\"name\":\"Vai at\u00e9 quinta, 22, a inscri\u00e7\u00e3o para o Processo Seletivo Especial da UFPA que preencher\u00e1 vagas para turmas de Turismo e Hist\u00f3ria em Mosqueiro. - FADESP\",\"isPartOf\":{\"@id\":\"https:\/\/portalfadesp.org.br\/#website\"},\"primaryImageOfPage\":{\"@id\":\"https:\/\/portalfadesp.org.br\/?p=3643#primaryimage\"},\"image\":{\"@id\":\"https:\/\/portalfadesp.org.br\/?p=3643#primaryimage\"},\"thumbnailUrl\":\"https:\/\/portalfadesp.org.br\/wp-content\/uploads\/2019\/07\/2019-JULHO-PROSEL-UFPA-MOSQUEIRO-3.jpg\",\"datePublished\":\"2019-08-20T17:57:49+00:00\",\"dateModified\":\"2022-12-21T03:32:34+00:00\",\"breadcrumb\":{\"@id\":\"https:\/\/portalfadesp.org.br\/?p=3643#breadcrumb\"},\"inLanguage\":\"pt-BR\",\"potentialAction\":[{\"@type\":\"ReadAction\",\"target\":[\"https:\/\/portalfadesp.org.br\/?p=3643\"]}]},{\"@type\":\"ImageObject\",\"inLanguage\":\"pt-BR\",\"@id\":\"https:\/\/portalfadesp.org.br\/?p=3643#primaryimage\",\"url\":\"https:\/\/portalfadesp.org.br\/wp-content\/uploads\/2019\/07\/2019-JULHO-PROSEL-UFPA-MOSQUEIRO-3.jpg\",\"contentUrl\":\"https:\/\/portalfadesp.org.br\/wp-content\/uploads\/2019\/07\/2019-JULHO-PROSEL-UFPA-MOSQUEIRO-3.jpg\",\"width\":190,\"height\":190},{\"@type\":\"BreadcrumbList\",\"@id\":\"https:\/\/portalfadesp.org.br\/?p=3643#breadcrumb\",\"itemListElement\":[{\"@type\":\"ListItem\",\"position\":1,\"name\":\"In\u00edcio\",\"item\":\"https:\/\/portalfadesp.org.br\/\"},{\"@type\":\"ListItem\",\"position\":2,\"name\":\"Vai at\u00e9 quinta, 22, a inscri\u00e7\u00e3o para o Processo Seletivo Especial da UFPA que preencher\u00e1 vagas para turmas de Turismo e Hist\u00f3ria em Mosqueiro.\"}]},{\"@type\":\"WebSite\",\"@id\":\"https:\/\/portalfadesp.org.br\/#website\",\"url\":\"https:\/\/portalfadesp.org.br\/\",\"name\":\"FADESP\",\"description\":\"Funda\u00e7\u00e3o de Amparo e Desenvolvimento da Pesquisa\",\"publisher\":{\"@id\":\"https:\/\/portalfadesp.org.br\/#organization\"},\"potentialAction\":[{\"@type\":\"SearchAction\",\"target\":{\"@type\":\"EntryPoint\",\"urlTemplate\":\"https:\/\/portalfadesp.org.br\/?s={search_term_string}\"},\"query-input\":{\"@type\":\"PropertyValueSpecification\",\"valueRequired\":true,\"valueName\":\"search_term_string\"}}],\"inLanguage\":\"pt-BR\"},{\"@type\":\"Organization\",\"@id\":\"https:\/\/portalfadesp.org.br\/#organization\",\"name\":\"FADESP\",\"url\":\"https:\/\/portalfadesp.org.br\/\",\"logo\":{\"@type\":\"ImageObject\",\"inLanguage\":\"pt-BR\",\"@id\":\"https:\/\/portalfadesp.org.br\/#\/schema\/logo\/image\/\",\"url\":\"https:\/\/portalfadesp.org.br\/wp-content\/uploads\/2024\/01\/NOVOLOGOFADESPlaranjaH.png\",\"contentUrl\":\"https:\/\/portalfadesp.org.br\/wp-content\/uploads\/2024\/01\/NOVOLOGOFADESPlaranjaH.png\",\"width\":2742,\"height\":839,\"caption\":\"FADESP\"},\"image\":{\"@id\":\"https:\/\/portalfadesp.org.br\/#\/schema\/logo\/image\/\"},\"sameAs\":[\"https:\/\/www.facebook.com\/Fadesp-138351949524662\/\",\"https:\/\/x.com\/Fadesp\",\"https:\/\/www.instagram.com\/fadesp_ufpa\/\",\"https:\/\/www.youtube.com\/@fundacaodeamparoedesenvolv1903\",\"https:\/\/www.threads.net\/@fadesp_ufpa\"]},{\"@type\":\"Person\",\"@id\":\"https:\/\/portalfadesp.org.br\/#\/schema\/person\/c1fa9db0c87dc412d1568e0e5e27be9c\",\"name\":\"Lorena Filgueiras\",\"image\":{\"@type\":\"ImageObject\",\"inLanguage\":\"pt-BR\",\"@id\":\"https:\/\/portalfadesp.org.br\/#\/schema\/person\/image\/\",\"url\":\"https:\/\/secure.gravatar.com\/avatar\/37390a2dfe1325c2917fc5f6df471abe8ab753cf23b2d14690f57bd61ab4b7cf?s=96&d=mm&r=g\",\"contentUrl\":\"https:\/\/secure.gravatar.com\/avatar\/37390a2dfe1325c2917fc5f6df471abe8ab753cf23b2d14690f57bd61ab4b7cf?s=96&d=mm&r=g\",\"caption\":\"Lorena Filgueiras\"},\"url\":\"https:\/\/portalfadesp.org.br\/?author=11\"}]}<\/script>\n<!-- \/ Yoast SEO plugin. -->","yoast_head_json":{"title":"Vai at\u00e9 quinta, 22, a inscri\u00e7\u00e3o para o Processo Seletivo Especial da UFPA que preencher\u00e1 vagas para turmas de Turismo e Hist\u00f3ria em Mosqueiro. - FADESP","robots":{"index":"index","follow":"follow","max-snippet":"max-snippet:-1","max-image-preview":"max-image-preview:large","max-video-preview":"max-video-preview:-1"},"canonical":"https:\/\/portalfadesp.org.br\/?p=3643","og_locale":"pt_BR","og_type":"article","og_title":"Vai at\u00e9 quinta, 22, a inscri\u00e7\u00e3o para o Processo Seletivo Especial da UFPA que preencher\u00e1 vagas para turmas de Turismo e Hist\u00f3ria em Mosqueiro. - FADESP","og_description":"Termina nesta quinta-feira, 22, a inscri\u00e7\u00e3o para o Processo Seletivo Especial que a Universidade Federal do Par\u00e1 (UFPA) realizar\u00e1 para turmas de Turismo e Hist\u00f3ria a serem ofertadas no distrito de Mosqueiro (Bel\u00e9m-PA) atrav\u00e9s do Forma Par\u00e1, programa do governo do Estado, de expans\u00e3o do ensino superior. Os cursos ser\u00e3o realizados de forma regular intensiva, [&hellip;]","og_url":"https:\/\/portalfadesp.org.br\/?p=3643","og_site_name":"FADESP","article_publisher":"https:\/\/www.facebook.com\/Fadesp-138351949524662\/","article_published_time":"2019-08-20T17:57:49+00:00","article_modified_time":"2022-12-21T03:32:34+00:00","og_image":[{"width":190,"height":190,"url":"https:\/\/portalfadesp.org.br\/wp-content\/uploads\/2019\/07\/2019-JULHO-PROSEL-UFPA-MOSQUEIRO-3.jpg","type":"image\/jpeg"}],"author":"Lorena Filgueiras","twitter_card":"summary_large_image","twitter_creator":"@Fadesp","twitter_site":"@Fadesp","twitter_misc":{"Escrito por":"Lorena Filgueiras","Est. tempo de leitura":"2 minutos"},"schema":{"@context":"https:\/\/schema.org","@graph":[{"@type":"Article","@id":"https:\/\/portalfadesp.org.br\/?p=3643#article","isPartOf":{"@id":"https:\/\/portalfadesp.org.br\/?p=3643"},"author":{"name":"Lorena Filgueiras","@id":"https:\/\/portalfadesp.org.br\/#\/schema\/person\/c1fa9db0c87dc412d1568e0e5e27be9c"},"headline":"Vai at\u00e9 quinta, 22, a inscri\u00e7\u00e3o para o Processo Seletivo Especial da UFPA que preencher\u00e1 vagas para turmas de Turismo e Hist\u00f3ria em Mosqueiro.","datePublished":"2019-08-20T17:57:49+00:00","dateModified":"2022-12-21T03:32:34+00:00","mainEntityOfPage":{"@id":"https:\/\/portalfadesp.org.br\/?p=3643"},"wordCount":492,"commentCount":0,"publisher":{"@id":"https:\/\/portalfadesp.org.br\/#organization"},"image":{"@id":"https:\/\/portalfadesp.org.br\/?p=3643#primaryimage"},"thumbnailUrl":"https:\/\/portalfadesp.org.br\/wp-content\/uploads\/2019\/07\/2019-JULHO-PROSEL-UFPA-MOSQUEIRO-3.jpg","keywords":["bacharelado","gradua\u00e7\u00e3o","interioriza\u00e7\u00e3o","processo seletivo","UFPA"],"articleSection":["Geral"],"inLanguage":"pt-BR"},{"@type":"WebPage","@id":"https:\/\/portalfadesp.org.br\/?p=3643","url":"https:\/\/portalfadesp.org.br\/?p=3643","name":"Vai at\u00e9 quinta, 22, a inscri\u00e7\u00e3o para o Processo Seletivo Especial da UFPA que preencher\u00e1 vagas para turmas de Turismo e Hist\u00f3ria em Mosqueiro. - FADESP","isPartOf":{"@id":"https:\/\/portalfadesp.org.br\/#website"},"primaryImageOfPage":{"@id":"https:\/\/portalfadesp.org.br\/?p=3643#primaryimage"},"image":{"@id":"https:\/\/portalfadesp.org.br\/?p=3643#primaryimage"},"thumbnailUrl":"https:\/\/portalfadesp.org.br\/wp-content\/uploads\/2019\/07\/2019-JULHO-PROSEL-UFPA-MOSQUEIRO-3.jpg","datePublished":"2019-08-20T17:57:49+00:00","dateModified":"2022-12-21T03:32:34+00:00","breadcrumb":{"@id":"https:\/\/portalfadesp.org.br\/?p=3643#breadcrumb"},"inLanguage":"pt-BR","potentialAction":[{"@type":"ReadAction","target":["https:\/\/portalfadesp.org.br\/?p=3643"]}]},{"@type":"ImageObject","inLanguage":"pt-BR","@id":"https:\/\/portalfadesp.org.br\/?p=3643#primaryimage","url":"https:\/\/portalfadesp.org.br\/wp-content\/uploads\/2019\/07\/2019-JULHO-PROSEL-UFPA-MOSQUEIRO-3.jpg","contentUrl":"https:\/\/portalfadesp.org.br\/wp-content\/uploads\/2019\/07\/2019-JULHO-PROSEL-UFPA-MOSQUEIRO-3.jpg","width":190,"height":190},{"@type":"BreadcrumbList","@id":"https:\/\/portalfadesp.org.br\/?p=3643#breadcrumb","itemListElement":[{"@type":"ListItem","position":1,"name":"In\u00edcio","item":"https:\/\/portalfadesp.org.br\/"},{"@type":"ListItem","position":2,"name":"Vai at\u00e9 quinta, 22, a inscri\u00e7\u00e3o para o Processo Seletivo Especial da UFPA que preencher\u00e1 vagas para turmas de Turismo e Hist\u00f3ria em Mosqueiro."}]},{"@type":"WebSite","@id":"https:\/\/portalfadesp.org.br\/#website","url":"https:\/\/portalfadesp.org.br\/","name":"FADESP","description":"Funda\u00e7\u00e3o de Amparo e Desenvolvimento da Pesquisa","publisher":{"@id":"https:\/\/portalfadesp.org.br\/#organization"},"potentialAction":[{"@type":"SearchAction","target":{"@type":"EntryPoint","urlTemplate":"https:\/\/portalfadesp.org.br\/?s={search_term_string}"},"query-input":{"@type":"PropertyValueSpecification","valueRequired":true,"valueName":"search_term_string"}}],"inLanguage":"pt-BR"},{"@type":"Organization","@id":"https:\/\/portalfadesp.org.br\/#organization","name":"FADESP","url":"https:\/\/portalfadesp.org.br\/","logo":{"@type":"ImageObject","inLanguage":"pt-BR","@id":"https:\/\/portalfadesp.org.br\/#\/schema\/logo\/image\/","url":"https:\/\/portalfadesp.org.br\/wp-content\/uploads\/2024\/01\/NOVOLOGOFADESPlaranjaH.png","contentUrl":"https:\/\/portalfadesp.org.br\/wp-content\/uploads\/2024\/01\/NOVOLOGOFADESPlaranjaH.png","width":2742,"height":839,"caption":"FADESP"},"image":{"@id":"https:\/\/portalfadesp.org.br\/#\/schema\/logo\/image\/"},"sameAs":["https:\/\/www.facebook.com\/Fadesp-138351949524662\/","https:\/\/x.com\/Fadesp","https:\/\/www.instagram.com\/fadesp_ufpa\/","https:\/\/www.youtube.com\/@fundacaodeamparoedesenvolv1903","https:\/\/www.threads.net\/@fadesp_ufpa"]},{"@type":"Person","@id":"https:\/\/portalfadesp.org.br\/#\/schema\/person\/c1fa9db0c87dc412d1568e0e5e27be9c","name":"Lorena Filgueiras","image":{"@type":"ImageObject","inLanguage":"pt-BR","@id":"https:\/\/portalfadesp.org.br\/#\/schema\/person\/image\/","url":"https:\/\/secure.gravatar.com\/avatar\/37390a2dfe1325c2917fc5f6df471abe8ab753cf23b2d14690f57bd61ab4b7cf?s=96&d=mm&r=g","contentUrl":"https:\/\/secure.gravatar.com\/avatar\/37390a2dfe1325c2917fc5f6df471abe8ab753cf23b2d14690f57bd61ab4b7cf?s=96&d=mm&r=g","caption":"Lorena Filgueiras"},"url":"https:\/\/portalfadesp.org.br\/?author=11"}]}},"_links":{"self":[{"href":"https:\/\/portalfadesp.org.br\/index.php?rest_route=\/wp\/v2\/posts\/3643","targetHints":{"allow":["GET"]}}],"collection":[{"href":"https:\/\/portalfadesp.org.br\/index.php?rest_route=\/wp\/v2\/posts"}],"about":[{"href":"https:\/\/portalfadesp.org.br\/index.php?rest_route=\/wp\/v2\/types\/post"}],"author":[{"embeddable":true,"href":"https:\/\/portalfadesp.org.br\/index.php?rest_route=\/wp\/v2\/users\/11"}],"replies":[{"embeddable":true,"href":"https:\/\/portalfadesp.org.br\/index.php?rest_route=%2Fwp%2Fv2%2Fcomments&post=3643"}],"version-history":[{"count":3,"href":"https:\/\/portalfadesp.org.br\/index.php?rest_route=\/wp\/v2\/posts\/3643\/revisions"}],"predecessor-version":[{"id":37841,"href":"https:\/\/portalfadesp.org.br\/index.php?rest_route=\/wp\/v2\/posts\/3643\/revisions\/37841"}],"wp:featuredmedia":[{"embeddable":true,"href":"https:\/\/portalfadesp.org.br\/index.php?rest_route=\/wp\/v2\/media\/3211"}],"wp:attachment":[{"href":"https:\/\/portalfadesp.org.br\/index.php?rest_route=%2Fwp%2Fv2%2Fmedia&parent=3643"}],"wp:term":[{"taxonomy":"category","embeddable":true,"href":"https:\/\/portalfadesp.org.br\/index.php?rest_route=%2Fwp%2Fv2%2Fcategories&post=3643"},{"taxonomy":"post_tag","embeddable":true,"href":"https:\/\/portalfadesp.org.br\/index.php?rest_route=%2Fwp%2Fv2%2Ftags&post=3643"}],"curies":[{"name":"wp","href":"https:\/\/api.w.org\/{rel}","templated":true}]}}