{"id":3609,"date":"2019-08-15T18:20:09","date_gmt":"2019-08-15T21:20:09","guid":{"rendered":"https:\/\/162.215.13.167?p=3609"},"modified":"2022-12-21T00:32:13","modified_gmt":"2022-12-21T03:32:13","slug":"instituto-de-ciencias-da-saude-da-ufpa-seleciona-para-especializacao-em-enfermagem-em-terapia-intensiva-inscricao-ate-dia-27-de-agosto","status":"publish","type":"post","link":"https:\/\/portalfadesp.org.br\/?p=3609","title":{"rendered":"Instituto de Ci\u00eancias da Sa\u00fade da UFPA seleciona para especializa\u00e7\u00e3o em Enfermagem em Terapia Intensiva. Inscri\u00e7\u00e3o at\u00e9 dia 27 de agosto."},"content":{"rendered":"\t\t<div data-elementor-type=\"wp-post\" data-elementor-id=\"3609\" class=\"elementor elementor-3609\" data-elementor-post-type=\"post\">\n\t\t\t\t\t\t<section class=\"elementor-section elementor-top-section elementor-element elementor-element-72e84207 elementor-section-boxed elementor-section-height-default elementor-section-height-default\" data-id=\"72e84207\" data-element_type=\"section\">\n\t\t\t\t\t\t<div class=\"elementor-container elementor-column-gap-default\">\n\t\t\t\t\t<div class=\"elementor-column elementor-col-100 elementor-top-column elementor-element elementor-element-6baaa6d5\" data-id=\"6baaa6d5\" data-element_type=\"column\">\n\t\t\t<div class=\"elementor-widget-wrap elementor-element-populated\">\n\t\t\t\t\t\t<div class=\"elementor-element elementor-element-6c53fb elementor-widget elementor-widget-text-editor\" data-id=\"6c53fb\" data-element_type=\"widget\" data-widget_type=\"text-editor.default\">\n\t\t\t\t<div class=\"elementor-widget-container\">\n\t\t\t\t\t\t\t\t\t\n<p><img fetchpriority=\"high\" decoding=\"async\" class=\"alignright wp-image-3613 size-full\" src=\"..\/wp-content\/uploads\/2019\/08\/2018-ICS-UFPA.jpg\" alt=\"\" width=\"276\" height=\"183\" \/>O Instituto de Ci\u00eancias da Sa\u00fade da Universidade Federal do Par\u00e1 (ICS\/UFPA) lan\u00e7ou edital de <strong><a href=\"http:\/\/cursos.fadesp.org.br\/mostraturma.asp?turma=753*0*1*2\/19\" target=\"_blank\" rel=\"noreferrer noopener\" aria-label=\" (abre numa nova aba)\">sele\u00e7\u00e3o para a especializa\u00e7\u00e3o em Enfermagem em Terapia Intensiva<\/a><\/strong>. S\u00e3o ofertadas 40 vagas, sendo 30% destinadas \u00e0 demanda social. A inscri\u00e7\u00e3o ser\u00e1 realizada at\u00e9 o dia 27 de agosto, na \u00e1rea de cursos do site da FADESP.<\/p>\n\n\n\n<p>O curso ser\u00e1 presencial e ter\u00e1 carga hor\u00e1ria de 540 horas, com m\u00f3dulos te\u00f3ricos e pr\u00e1ticos realizados em Bel\u00e9m (PA), a partir do dia 23 de setembro. A coordena\u00e7\u00e3o \u00e9 da professora Roseneide dos Santos Tavares, doutora em Enfermagem.\u00a0<\/p>\n\n\n\n<p>Conforme o<strong><a href=\"http:\/\/cursos.fadesp.org.br\/ARQUIVOS\/219EDITAL_2019_01-Terapia_Intensiva.pdf\" target=\"_blank\" rel=\"noreferrer noopener\" aria-label=\" (abre numa nova aba)\"> edital,<\/a><\/strong> o objetivo da forma\u00e7\u00e3o \u00e9 aprimorar os conhecimentos t\u00e9cnico\u2013cient\u00edficos, instrumental e gerencial, a partir de proposta metodol\u00f3gica pr\u00f3pria da profiss\u00e3o, para assist\u00eancia junto a clientes criticamente enfermos que requeiram cuidados e tratamentos intensivos humanizados.<\/p>\n\n\n\n<p>Para se inscrever, o candidato deve se cadastrar no site da FADESP, na \u00e1rea de cursos de p\u00f3s-gradua\u00e7\u00e3o (caso ainda n\u00e3o possua cadastro) e gerar o boleto da taxa de inscri\u00e7\u00e3o de R$ 150,00 a ser paga em qualquer banco ou casa lot\u00e9rica. Em seguida, entregar o comprovante de pagamento junto com a documenta\u00e7\u00e3o exigida no edital, na secretaria de P\u00f3s-Gradua\u00e7\u00e3o do ICS\/UFPA, na avenida General\u00edssimo Deodoro, n\u00famero 01, bairro do Umarizal.<\/p>\n\n\n\n<p>O processo de sele\u00e7\u00e3o ser\u00e1 realizado em duas etapas. A primeira \u00e9 eliminat\u00f3ria e consiste na confer\u00eancia da documenta\u00e7\u00e3o. A segunda ser\u00e1 a prova escrita, classificat\u00f3ria, a ser aplicada dia 30 de agosto, \u00e0s 11h, na sala M do setor de P\u00f3s-Gradua\u00e7\u00e3o do ICS.<\/p>\n\n\n\n<p>O resultado da sele\u00e7\u00e3o de cada candidatura ser\u00e1 definido por meio do parecer escrito e assinado pelos membros da Comiss\u00e3o de Sele\u00e7\u00e3o. Depois de homologado pelo Colegiado do Curso, o parecer ser\u00e1 divulgado pela secretaria do Programa no dia 03 de setembro, com prazo para recurso at\u00e9 dia 05.<\/p>\n\t\t\t\t\t\t\t\t<\/div>\n\t\t\t\t<\/div>\n\t\t\t\t\t<\/div>\n\t\t<\/div>\n\t\t\t\t\t<\/div>\n\t\t<\/section>\n\t\t\t\t<\/div>\n\t\t","protected":false},"excerpt":{"rendered":"<p>O Instituto de Ci\u00eancias da Sa\u00fade da Universidade Federal do Par\u00e1 (ICS\/UFPA) lan\u00e7ou edital de sele\u00e7\u00e3o para a especializa\u00e7\u00e3o em Enfermagem em Terapia Intensiva. S\u00e3o ofertadas 40 vagas, sendo 30% destinadas \u00e0 demanda social. A inscri\u00e7\u00e3o ser\u00e1 realizada at\u00e9 o dia 27 de agosto, na \u00e1rea de cursos do site da FADESP. O curso ser\u00e1 [&hellip;]<\/p>\n","protected":false},"author":11,"featured_media":3613,"comment_status":"open","ping_status":"open","sticky":false,"template":"","format":"standard","meta":{"_monsterinsights_skip_tracking":false,"_monsterinsights_sitenote_active":false,"_monsterinsights_sitenote_note":"","_monsterinsights_sitenote_category":0,"footnotes":""},"categories":[83],"tags":[34,46,33],"class_list":["post-3609","post","type-post","status-publish","format-standard","has-post-thumbnail","hentry","category-ufpa","tag-especializacao","tag-saude","tag-ufpa","entry","has-media"],"yoast_head":"<!-- This site is optimized with the Yoast SEO plugin v25.1 - https:\/\/yoast.com\/wordpress\/plugins\/seo\/ -->\n<title>Instituto de Ci\u00eancias da Sa\u00fade da UFPA seleciona para especializa\u00e7\u00e3o em Enfermagem em Terapia Intensiva. Inscri\u00e7\u00e3o at\u00e9 dia 27 de agosto. - FADESP<\/title>\n<meta name=\"robots\" content=\"index, follow, max-snippet:-1, max-image-preview:large, max-video-preview:-1\" \/>\n<link rel=\"canonical\" href=\"https:\/\/portalfadesp.org.br\/?p=3609\" \/>\n<meta property=\"og:locale\" content=\"pt_BR\" \/>\n<meta property=\"og:type\" content=\"article\" \/>\n<meta property=\"og:title\" content=\"Instituto de Ci\u00eancias da Sa\u00fade da UFPA seleciona para especializa\u00e7\u00e3o em Enfermagem em Terapia Intensiva. Inscri\u00e7\u00e3o at\u00e9 dia 27 de agosto. - FADESP\" \/>\n<meta property=\"og:description\" content=\"O Instituto de Ci\u00eancias da Sa\u00fade da Universidade Federal do Par\u00e1 (ICS\/UFPA) lan\u00e7ou edital de sele\u00e7\u00e3o para a especializa\u00e7\u00e3o em Enfermagem em Terapia Intensiva. S\u00e3o ofertadas 40 vagas, sendo 30% destinadas \u00e0 demanda social. A inscri\u00e7\u00e3o ser\u00e1 realizada at\u00e9 o dia 27 de agosto, na \u00e1rea de cursos do site da FADESP. O curso ser\u00e1 [&hellip;]\" \/>\n<meta property=\"og:url\" content=\"https:\/\/portalfadesp.org.br\/?p=3609\" \/>\n<meta property=\"og:site_name\" content=\"FADESP\" \/>\n<meta property=\"article:publisher\" content=\"https:\/\/www.facebook.com\/Fadesp-138351949524662\/\" \/>\n<meta property=\"article:published_time\" content=\"2019-08-15T21:20:09+00:00\" \/>\n<meta property=\"article:modified_time\" content=\"2022-12-21T03:32:13+00:00\" \/>\n<meta property=\"og:image\" content=\"https:\/\/portalfadesp.org.br\/wp-content\/uploads\/2019\/08\/2018-ICS-UFPA.jpg\" \/>\n\t<meta property=\"og:image:width\" content=\"276\" \/>\n\t<meta property=\"og:image:height\" content=\"183\" \/>\n\t<meta property=\"og:image:type\" content=\"image\/jpeg\" \/>\n<meta name=\"author\" content=\"Lorena Filgueiras\" \/>\n<meta name=\"twitter:card\" content=\"summary_large_image\" \/>\n<meta name=\"twitter:creator\" content=\"@Fadesp\" \/>\n<meta name=\"twitter:site\" content=\"@Fadesp\" \/>\n<meta name=\"twitter:label1\" content=\"Escrito por\" \/>\n\t<meta name=\"twitter:data1\" content=\"Lorena Filgueiras\" \/>\n\t<meta name=\"twitter:label2\" content=\"Est. tempo de leitura\" \/>\n\t<meta name=\"twitter:data2\" content=\"2 minutos\" \/>\n<script type=\"application\/ld+json\" class=\"yoast-schema-graph\">{\"@context\":\"https:\/\/schema.org\",\"@graph\":[{\"@type\":\"Article\",\"@id\":\"https:\/\/portalfadesp.org.br\/?p=3609#article\",\"isPartOf\":{\"@id\":\"https:\/\/portalfadesp.org.br\/?p=3609\"},\"author\":{\"name\":\"Lorena Filgueiras\",\"@id\":\"https:\/\/portalfadesp.org.br\/#\/schema\/person\/c1fa9db0c87dc412d1568e0e5e27be9c\"},\"headline\":\"Instituto de Ci\u00eancias da Sa\u00fade da UFPA seleciona para especializa\u00e7\u00e3o em Enfermagem em Terapia Intensiva. Inscri\u00e7\u00e3o at\u00e9 dia 27 de agosto.\",\"datePublished\":\"2019-08-15T21:20:09+00:00\",\"dateModified\":\"2022-12-21T03:32:13+00:00\",\"mainEntityOfPage\":{\"@id\":\"https:\/\/portalfadesp.org.br\/?p=3609\"},\"wordCount\":346,\"commentCount\":0,\"publisher\":{\"@id\":\"https:\/\/portalfadesp.org.br\/#organization\"},\"image\":{\"@id\":\"https:\/\/portalfadesp.org.br\/?p=3609#primaryimage\"},\"thumbnailUrl\":\"https:\/\/portalfadesp.org.br\/wp-content\/uploads\/2019\/08\/2018-ICS-UFPA.jpg\",\"keywords\":[\"especializa\u00e7\u00e3o\",\"Sa\u00fade\",\"UFPA\"],\"articleSection\":[\"UFPA\"],\"inLanguage\":\"pt-BR\"},{\"@type\":\"WebPage\",\"@id\":\"https:\/\/portalfadesp.org.br\/?p=3609\",\"url\":\"https:\/\/portalfadesp.org.br\/?p=3609\",\"name\":\"Instituto de Ci\u00eancias da Sa\u00fade da UFPA seleciona para especializa\u00e7\u00e3o em Enfermagem em Terapia Intensiva. Inscri\u00e7\u00e3o at\u00e9 dia 27 de agosto. - FADESP\",\"isPartOf\":{\"@id\":\"https:\/\/portalfadesp.org.br\/#website\"},\"primaryImageOfPage\":{\"@id\":\"https:\/\/portalfadesp.org.br\/?p=3609#primaryimage\"},\"image\":{\"@id\":\"https:\/\/portalfadesp.org.br\/?p=3609#primaryimage\"},\"thumbnailUrl\":\"https:\/\/portalfadesp.org.br\/wp-content\/uploads\/2019\/08\/2018-ICS-UFPA.jpg\",\"datePublished\":\"2019-08-15T21:20:09+00:00\",\"dateModified\":\"2022-12-21T03:32:13+00:00\",\"breadcrumb\":{\"@id\":\"https:\/\/portalfadesp.org.br\/?p=3609#breadcrumb\"},\"inLanguage\":\"pt-BR\",\"potentialAction\":[{\"@type\":\"ReadAction\",\"target\":[\"https:\/\/portalfadesp.org.br\/?p=3609\"]}]},{\"@type\":\"ImageObject\",\"inLanguage\":\"pt-BR\",\"@id\":\"https:\/\/portalfadesp.org.br\/?p=3609#primaryimage\",\"url\":\"https:\/\/portalfadesp.org.br\/wp-content\/uploads\/2019\/08\/2018-ICS-UFPA.jpg\",\"contentUrl\":\"https:\/\/portalfadesp.org.br\/wp-content\/uploads\/2019\/08\/2018-ICS-UFPA.jpg\",\"width\":276,\"height\":183},{\"@type\":\"BreadcrumbList\",\"@id\":\"https:\/\/portalfadesp.org.br\/?p=3609#breadcrumb\",\"itemListElement\":[{\"@type\":\"ListItem\",\"position\":1,\"name\":\"In\u00edcio\",\"item\":\"https:\/\/portalfadesp.org.br\/\"},{\"@type\":\"ListItem\",\"position\":2,\"name\":\"Instituto de Ci\u00eancias da Sa\u00fade da UFPA seleciona para especializa\u00e7\u00e3o em Enfermagem em Terapia Intensiva. Inscri\u00e7\u00e3o at\u00e9 dia 27 de agosto.\"}]},{\"@type\":\"WebSite\",\"@id\":\"https:\/\/portalfadesp.org.br\/#website\",\"url\":\"https:\/\/portalfadesp.org.br\/\",\"name\":\"FADESP\",\"description\":\"Funda\u00e7\u00e3o de Amparo e Desenvolvimento da Pesquisa\",\"publisher\":{\"@id\":\"https:\/\/portalfadesp.org.br\/#organization\"},\"potentialAction\":[{\"@type\":\"SearchAction\",\"target\":{\"@type\":\"EntryPoint\",\"urlTemplate\":\"https:\/\/portalfadesp.org.br\/?s={search_term_string}\"},\"query-input\":{\"@type\":\"PropertyValueSpecification\",\"valueRequired\":true,\"valueName\":\"search_term_string\"}}],\"inLanguage\":\"pt-BR\"},{\"@type\":\"Organization\",\"@id\":\"https:\/\/portalfadesp.org.br\/#organization\",\"name\":\"FADESP\",\"url\":\"https:\/\/portalfadesp.org.br\/\",\"logo\":{\"@type\":\"ImageObject\",\"inLanguage\":\"pt-BR\",\"@id\":\"https:\/\/portalfadesp.org.br\/#\/schema\/logo\/image\/\",\"url\":\"https:\/\/portalfadesp.org.br\/wp-content\/uploads\/2024\/01\/NOVOLOGOFADESPlaranjaH.png\",\"contentUrl\":\"https:\/\/portalfadesp.org.br\/wp-content\/uploads\/2024\/01\/NOVOLOGOFADESPlaranjaH.png\",\"width\":2742,\"height\":839,\"caption\":\"FADESP\"},\"image\":{\"@id\":\"https:\/\/portalfadesp.org.br\/#\/schema\/logo\/image\/\"},\"sameAs\":[\"https:\/\/www.facebook.com\/Fadesp-138351949524662\/\",\"https:\/\/x.com\/Fadesp\",\"https:\/\/www.instagram.com\/fadesp_ufpa\/\",\"https:\/\/www.youtube.com\/@fundacaodeamparoedesenvolv1903\",\"https:\/\/www.threads.net\/@fadesp_ufpa\"]},{\"@type\":\"Person\",\"@id\":\"https:\/\/portalfadesp.org.br\/#\/schema\/person\/c1fa9db0c87dc412d1568e0e5e27be9c\",\"name\":\"Lorena Filgueiras\",\"image\":{\"@type\":\"ImageObject\",\"inLanguage\":\"pt-BR\",\"@id\":\"https:\/\/portalfadesp.org.br\/#\/schema\/person\/image\/\",\"url\":\"https:\/\/secure.gravatar.com\/avatar\/37390a2dfe1325c2917fc5f6df471abe8ab753cf23b2d14690f57bd61ab4b7cf?s=96&d=mm&r=g\",\"contentUrl\":\"https:\/\/secure.gravatar.com\/avatar\/37390a2dfe1325c2917fc5f6df471abe8ab753cf23b2d14690f57bd61ab4b7cf?s=96&d=mm&r=g\",\"caption\":\"Lorena Filgueiras\"},\"url\":\"https:\/\/portalfadesp.org.br\/?author=11\"}]}<\/script>\n<!-- \/ Yoast SEO plugin. -->","yoast_head_json":{"title":"Instituto de Ci\u00eancias da Sa\u00fade da UFPA seleciona para especializa\u00e7\u00e3o em Enfermagem em Terapia Intensiva. Inscri\u00e7\u00e3o at\u00e9 dia 27 de agosto. - FADESP","robots":{"index":"index","follow":"follow","max-snippet":"max-snippet:-1","max-image-preview":"max-image-preview:large","max-video-preview":"max-video-preview:-1"},"canonical":"https:\/\/portalfadesp.org.br\/?p=3609","og_locale":"pt_BR","og_type":"article","og_title":"Instituto de Ci\u00eancias da Sa\u00fade da UFPA seleciona para especializa\u00e7\u00e3o em Enfermagem em Terapia Intensiva. Inscri\u00e7\u00e3o at\u00e9 dia 27 de agosto. - FADESP","og_description":"O Instituto de Ci\u00eancias da Sa\u00fade da Universidade Federal do Par\u00e1 (ICS\/UFPA) lan\u00e7ou edital de sele\u00e7\u00e3o para a especializa\u00e7\u00e3o em Enfermagem em Terapia Intensiva. S\u00e3o ofertadas 40 vagas, sendo 30% destinadas \u00e0 demanda social. A inscri\u00e7\u00e3o ser\u00e1 realizada at\u00e9 o dia 27 de agosto, na \u00e1rea de cursos do site da FADESP. O curso ser\u00e1 [&hellip;]","og_url":"https:\/\/portalfadesp.org.br\/?p=3609","og_site_name":"FADESP","article_publisher":"https:\/\/www.facebook.com\/Fadesp-138351949524662\/","article_published_time":"2019-08-15T21:20:09+00:00","article_modified_time":"2022-12-21T03:32:13+00:00","og_image":[{"width":276,"height":183,"url":"https:\/\/portalfadesp.org.br\/wp-content\/uploads\/2019\/08\/2018-ICS-UFPA.jpg","type":"image\/jpeg"}],"author":"Lorena Filgueiras","twitter_card":"summary_large_image","twitter_creator":"@Fadesp","twitter_site":"@Fadesp","twitter_misc":{"Escrito por":"Lorena Filgueiras","Est. tempo de leitura":"2 minutos"},"schema":{"@context":"https:\/\/schema.org","@graph":[{"@type":"Article","@id":"https:\/\/portalfadesp.org.br\/?p=3609#article","isPartOf":{"@id":"https:\/\/portalfadesp.org.br\/?p=3609"},"author":{"name":"Lorena Filgueiras","@id":"https:\/\/portalfadesp.org.br\/#\/schema\/person\/c1fa9db0c87dc412d1568e0e5e27be9c"},"headline":"Instituto de Ci\u00eancias da Sa\u00fade da UFPA seleciona para especializa\u00e7\u00e3o em Enfermagem em Terapia Intensiva. Inscri\u00e7\u00e3o at\u00e9 dia 27 de agosto.","datePublished":"2019-08-15T21:20:09+00:00","dateModified":"2022-12-21T03:32:13+00:00","mainEntityOfPage":{"@id":"https:\/\/portalfadesp.org.br\/?p=3609"},"wordCount":346,"commentCount":0,"publisher":{"@id":"https:\/\/portalfadesp.org.br\/#organization"},"image":{"@id":"https:\/\/portalfadesp.org.br\/?p=3609#primaryimage"},"thumbnailUrl":"https:\/\/portalfadesp.org.br\/wp-content\/uploads\/2019\/08\/2018-ICS-UFPA.jpg","keywords":["especializa\u00e7\u00e3o","Sa\u00fade","UFPA"],"articleSection":["UFPA"],"inLanguage":"pt-BR"},{"@type":"WebPage","@id":"https:\/\/portalfadesp.org.br\/?p=3609","url":"https:\/\/portalfadesp.org.br\/?p=3609","name":"Instituto de Ci\u00eancias da Sa\u00fade da UFPA seleciona para especializa\u00e7\u00e3o em Enfermagem em Terapia Intensiva. Inscri\u00e7\u00e3o at\u00e9 dia 27 de agosto. - FADESP","isPartOf":{"@id":"https:\/\/portalfadesp.org.br\/#website"},"primaryImageOfPage":{"@id":"https:\/\/portalfadesp.org.br\/?p=3609#primaryimage"},"image":{"@id":"https:\/\/portalfadesp.org.br\/?p=3609#primaryimage"},"thumbnailUrl":"https:\/\/portalfadesp.org.br\/wp-content\/uploads\/2019\/08\/2018-ICS-UFPA.jpg","datePublished":"2019-08-15T21:20:09+00:00","dateModified":"2022-12-21T03:32:13+00:00","breadcrumb":{"@id":"https:\/\/portalfadesp.org.br\/?p=3609#breadcrumb"},"inLanguage":"pt-BR","potentialAction":[{"@type":"ReadAction","target":["https:\/\/portalfadesp.org.br\/?p=3609"]}]},{"@type":"ImageObject","inLanguage":"pt-BR","@id":"https:\/\/portalfadesp.org.br\/?p=3609#primaryimage","url":"https:\/\/portalfadesp.org.br\/wp-content\/uploads\/2019\/08\/2018-ICS-UFPA.jpg","contentUrl":"https:\/\/portalfadesp.org.br\/wp-content\/uploads\/2019\/08\/2018-ICS-UFPA.jpg","width":276,"height":183},{"@type":"BreadcrumbList","@id":"https:\/\/portalfadesp.org.br\/?p=3609#breadcrumb","itemListElement":[{"@type":"ListItem","position":1,"name":"In\u00edcio","item":"https:\/\/portalfadesp.org.br\/"},{"@type":"ListItem","position":2,"name":"Instituto de Ci\u00eancias da Sa\u00fade da UFPA seleciona para especializa\u00e7\u00e3o em Enfermagem em Terapia Intensiva. Inscri\u00e7\u00e3o at\u00e9 dia 27 de agosto."}]},{"@type":"WebSite","@id":"https:\/\/portalfadesp.org.br\/#website","url":"https:\/\/portalfadesp.org.br\/","name":"FADESP","description":"Funda\u00e7\u00e3o de Amparo e Desenvolvimento da Pesquisa","publisher":{"@id":"https:\/\/portalfadesp.org.br\/#organization"},"potentialAction":[{"@type":"SearchAction","target":{"@type":"EntryPoint","urlTemplate":"https:\/\/portalfadesp.org.br\/?s={search_term_string}"},"query-input":{"@type":"PropertyValueSpecification","valueRequired":true,"valueName":"search_term_string"}}],"inLanguage":"pt-BR"},{"@type":"Organization","@id":"https:\/\/portalfadesp.org.br\/#organization","name":"FADESP","url":"https:\/\/portalfadesp.org.br\/","logo":{"@type":"ImageObject","inLanguage":"pt-BR","@id":"https:\/\/portalfadesp.org.br\/#\/schema\/logo\/image\/","url":"https:\/\/portalfadesp.org.br\/wp-content\/uploads\/2024\/01\/NOVOLOGOFADESPlaranjaH.png","contentUrl":"https:\/\/portalfadesp.org.br\/wp-content\/uploads\/2024\/01\/NOVOLOGOFADESPlaranjaH.png","width":2742,"height":839,"caption":"FADESP"},"image":{"@id":"https:\/\/portalfadesp.org.br\/#\/schema\/logo\/image\/"},"sameAs":["https:\/\/www.facebook.com\/Fadesp-138351949524662\/","https:\/\/x.com\/Fadesp","https:\/\/www.instagram.com\/fadesp_ufpa\/","https:\/\/www.youtube.com\/@fundacaodeamparoedesenvolv1903","https:\/\/www.threads.net\/@fadesp_ufpa"]},{"@type":"Person","@id":"https:\/\/portalfadesp.org.br\/#\/schema\/person\/c1fa9db0c87dc412d1568e0e5e27be9c","name":"Lorena Filgueiras","image":{"@type":"ImageObject","inLanguage":"pt-BR","@id":"https:\/\/portalfadesp.org.br\/#\/schema\/person\/image\/","url":"https:\/\/secure.gravatar.com\/avatar\/37390a2dfe1325c2917fc5f6df471abe8ab753cf23b2d14690f57bd61ab4b7cf?s=96&d=mm&r=g","contentUrl":"https:\/\/secure.gravatar.com\/avatar\/37390a2dfe1325c2917fc5f6df471abe8ab753cf23b2d14690f57bd61ab4b7cf?s=96&d=mm&r=g","caption":"Lorena Filgueiras"},"url":"https:\/\/portalfadesp.org.br\/?author=11"}]}},"_links":{"self":[{"href":"https:\/\/portalfadesp.org.br\/index.php?rest_route=\/wp\/v2\/posts\/3609","targetHints":{"allow":["GET"]}}],"collection":[{"href":"https:\/\/portalfadesp.org.br\/index.php?rest_route=\/wp\/v2\/posts"}],"about":[{"href":"https:\/\/portalfadesp.org.br\/index.php?rest_route=\/wp\/v2\/types\/post"}],"author":[{"embeddable":true,"href":"https:\/\/portalfadesp.org.br\/index.php?rest_route=\/wp\/v2\/users\/11"}],"replies":[{"embeddable":true,"href":"https:\/\/portalfadesp.org.br\/index.php?rest_route=%2Fwp%2Fv2%2Fcomments&post=3609"}],"version-history":[{"count":7,"href":"https:\/\/portalfadesp.org.br\/index.php?rest_route=\/wp\/v2\/posts\/3609\/revisions"}],"predecessor-version":[{"id":37837,"href":"https:\/\/portalfadesp.org.br\/index.php?rest_route=\/wp\/v2\/posts\/3609\/revisions\/37837"}],"wp:featuredmedia":[{"embeddable":true,"href":"https:\/\/portalfadesp.org.br\/index.php?rest_route=\/wp\/v2\/media\/3613"}],"wp:attachment":[{"href":"https:\/\/portalfadesp.org.br\/index.php?rest_route=%2Fwp%2Fv2%2Fmedia&parent=3609"}],"wp:term":[{"taxonomy":"category","embeddable":true,"href":"https:\/\/portalfadesp.org.br\/index.php?rest_route=%2Fwp%2Fv2%2Fcategories&post=3609"},{"taxonomy":"post_tag","embeddable":true,"href":"https:\/\/portalfadesp.org.br\/index.php?rest_route=%2Fwp%2Fv2%2Ftags&post=3609"}],"curies":[{"name":"wp","href":"https:\/\/api.w.org\/{rel}","templated":true}]}}