{"id":3606,"date":"2019-08-15T14:00:22","date_gmt":"2019-08-15T17:00:22","guid":{"rendered":"https:\/\/162.215.13.167?p=3606"},"modified":"2022-12-21T00:31:12","modified_gmt":"2022-12-21T03:31:12","slug":"faculdade-de-medicina-da-ufpa-reoferta-vagas-para-especializacao-em-atencao-basica-e-saude-da-familia-inscricao-ate-03-de-setembro","status":"publish","type":"post","link":"https:\/\/portalfadesp.org.br\/?p=3606","title":{"rendered":"Faculdade de Medicina da UFPA em Altamira reoferta vagas para especializa\u00e7\u00e3o em Aten\u00e7\u00e3o B\u00e1sica e Sa\u00fade da Fam\u00edlia. Inscri\u00e7\u00e3o at\u00e9 03 de setembro."},"content":{"rendered":"<p>A Faculdade de Medicina da Universidade Federal do Par\u00e1 (UFPA), campus de Altamira, abriu per\u00edodo de reoferta de 20 vagas para a especializa\u00e7\u00e3o multiprofissional em Aten\u00e7\u00e3o B\u00e1sica e Sa\u00fade da Fam\u00edlia. As inscri\u00e7\u00f5es ser\u00e3o realizadas at\u00e9 o dia 03 de setembro, na \u00e1rea de cursos de p\u00f3s-gradua\u00e7\u00e3o aqui do <a href=\"http:\/\/cursos.fadesp.org.br\/mostraturma.asp?turma=751*0*1*1\/19\" target=\"_blank\" rel=\"noopener noreferrer\"><strong>site da FADE162.215.13.167SP<\/strong><\/a><strong>.<\/strong><\/p>\n<p>O curso \u00e9 destinado a graduados na \u00e1rea de Ci\u00eancias da Sa\u00fade, com destaque para forma\u00e7\u00e3o em Medicina, Enfermagem, Biomedicina, Farm\u00e1cia, Educa\u00e7\u00e3o F\u00edsica, Odontologia, Nutri\u00e7\u00e3o, Assist\u00eancia Social e Psicologia.<\/p>\n<p>Para se inscrever, o candidato deve preencher o formul\u00e1rio online, gerar e pagar o boleto da taxa de R$ 50,00. O comprovante de pagamento dever\u00e1 ser entregue na secretaria da Faculdade de Medicina, at\u00e9 \u00e0s 12h do dia 04 de setembro, junto com a documenta\u00e7\u00e3o definida no <a href=\"http:\/\/cursos.fadesp.org.br\/ARQUIVOS\/cemabs03.pdf\" target=\"_blank\" rel=\"noopener noreferrer\"><strong>edital 3, <\/strong><\/a>ou atrav\u00e9s de SEDEX.<\/p>\n<p>A divulga\u00e7\u00e3o das inscri\u00e7\u00f5es homologadas est\u00e1 prevista para 5 de setembro, no site do curso (<strong><a href=\"http:\/\/www.cemabs.ufpa.br\/\" target=\"_blank\" rel=\"noopener noreferrer\">www.cemabs.ufpa.br<\/a>)<\/strong>. Os inscritos ser\u00e3o submetidos \u00e0 an\u00e1lise de curr\u00edculo Lattes ou Vitae e o resultado da sele\u00e7\u00e3o dever\u00e1 ocorrer no 6 de setembro, com in\u00edcio das aulas previsto para o dia 12.<\/p>\n<p>Como \u00e9 autofinanci\u00e1vel, o curso de 500 horas, com aulas te\u00f3ricas e pr\u00e1ticas (o conte\u00fado e os nomes dos professores que ministrar\u00e3o as aulas est\u00e3o no edital), exige investimento de matr\u00edcula mais catorze parcelas de R$ 399,00. Os boletos s\u00e3o emitidos atrav\u00e9s da p\u00e1gina do candidato, acessada pelo site da FADESP, \u00e1rea de cursos de p\u00f3s-gradua\u00e7\u00e3o.<\/p>\n<p>O objetivo da forma\u00e7\u00e3o \u00e9 qualificar profissionais para atua\u00e7\u00e3o na Aten\u00e7\u00e3o Prim\u00e1ria em Sa\u00fade, valorizando a gest\u00e3o do Sistema \u00danico de Sa\u00fade (SUS), a epidemiologia, as tecnologias em sa\u00fade, os cuidados essenciais em sa\u00fade da mulher, do homem, do idoso e da crian\u00e7a, bem como as ferramentas necess\u00e1rias para seu desenvolvimento, com atendimento humano, solid\u00e1rio e de qualidade.<\/p>\n","protected":false},"excerpt":{"rendered":"<p>A Faculdade de Medicina da Universidade Federal do Par\u00e1 (UFPA), campus de Altamira, abriu per\u00edodo de reoferta de 20 vagas para a especializa\u00e7\u00e3o multiprofissional em Aten\u00e7\u00e3o B\u00e1sica e Sa\u00fade da Fam\u00edlia. As inscri\u00e7\u00f5es ser\u00e3o realizadas at\u00e9 o dia 03 de setembro, na \u00e1rea de cursos de p\u00f3s-gradua\u00e7\u00e3o aqui do site da FADE162.215.13.167SP. O curso \u00e9 [&hellip;]<\/p>\n","protected":false},"author":11,"featured_media":3616,"comment_status":"open","ping_status":"open","sticky":false,"template":"","format":"standard","meta":{"_monsterinsights_skip_tracking":false,"_monsterinsights_sitenote_active":false,"_monsterinsights_sitenote_note":"","_monsterinsights_sitenote_category":0,"footnotes":""},"categories":[83],"tags":[84,34,38,46,33],"class_list":["post-3606","post","type-post","status-publish","format-standard","has-post-thumbnail","hentry","category-ufpa","tag-ensino","tag-especializacao","tag-interiorizacao","tag-saude","tag-ufpa","entry","has-media"],"yoast_head":"<!-- This site is optimized with the Yoast SEO plugin v25.1 - https:\/\/yoast.com\/wordpress\/plugins\/seo\/ -->\n<title>Faculdade de Medicina da UFPA em Altamira reoferta vagas para especializa\u00e7\u00e3o em Aten\u00e7\u00e3o B\u00e1sica e Sa\u00fade da Fam\u00edlia. Inscri\u00e7\u00e3o at\u00e9 03 de setembro. - FADESP<\/title>\n<meta name=\"robots\" content=\"index, follow, max-snippet:-1, max-image-preview:large, max-video-preview:-1\" \/>\n<link rel=\"canonical\" href=\"https:\/\/portalfadesp.org.br\/?p=3606\" \/>\n<meta property=\"og:locale\" content=\"pt_BR\" \/>\n<meta property=\"og:type\" content=\"article\" \/>\n<meta property=\"og:title\" content=\"Faculdade de Medicina da UFPA em Altamira reoferta vagas para especializa\u00e7\u00e3o em Aten\u00e7\u00e3o B\u00e1sica e Sa\u00fade da Fam\u00edlia. Inscri\u00e7\u00e3o at\u00e9 03 de setembro. - FADESP\" \/>\n<meta property=\"og:description\" content=\"A Faculdade de Medicina da Universidade Federal do Par\u00e1 (UFPA), campus de Altamira, abriu per\u00edodo de reoferta de 20 vagas para a especializa\u00e7\u00e3o multiprofissional em Aten\u00e7\u00e3o B\u00e1sica e Sa\u00fade da Fam\u00edlia. As inscri\u00e7\u00f5es ser\u00e3o realizadas at\u00e9 o dia 03 de setembro, na \u00e1rea de cursos de p\u00f3s-gradua\u00e7\u00e3o aqui do site da FADE162.215.13.167SP. O curso \u00e9 [&hellip;]\" \/>\n<meta property=\"og:url\" content=\"https:\/\/portalfadesp.org.br\/?p=3606\" \/>\n<meta property=\"og:site_name\" content=\"FADESP\" \/>\n<meta property=\"article:publisher\" content=\"https:\/\/www.facebook.com\/Fadesp-138351949524662\/\" \/>\n<meta property=\"article:published_time\" content=\"2019-08-15T17:00:22+00:00\" \/>\n<meta property=\"article:modified_time\" content=\"2022-12-21T03:31:12+00:00\" \/>\n<meta property=\"og:image\" content=\"https:\/\/portalfadesp.org.br\/wp-content\/uploads\/2019\/08\/2019-agosto-especializa\u00e7\u00e3o-sa\u00fade-da-fam\u00edlia.jpg\" \/>\n\t<meta property=\"og:image:width\" content=\"885\" \/>\n\t<meta property=\"og:image:height\" content=\"688\" \/>\n\t<meta property=\"og:image:type\" content=\"image\/jpeg\" \/>\n<meta name=\"author\" content=\"Lorena Filgueiras\" \/>\n<meta name=\"twitter:card\" content=\"summary_large_image\" \/>\n<meta name=\"twitter:creator\" content=\"@Fadesp\" \/>\n<meta name=\"twitter:site\" content=\"@Fadesp\" \/>\n<meta name=\"twitter:label1\" content=\"Escrito por\" \/>\n\t<meta name=\"twitter:data1\" content=\"Lorena Filgueiras\" \/>\n\t<meta name=\"twitter:label2\" content=\"Est. tempo de leitura\" \/>\n\t<meta name=\"twitter:data2\" content=\"2 minutos\" \/>\n<script type=\"application\/ld+json\" class=\"yoast-schema-graph\">{\"@context\":\"https:\/\/schema.org\",\"@graph\":[{\"@type\":\"Article\",\"@id\":\"https:\/\/portalfadesp.org.br\/?p=3606#article\",\"isPartOf\":{\"@id\":\"https:\/\/portalfadesp.org.br\/?p=3606\"},\"author\":{\"name\":\"Lorena Filgueiras\",\"@id\":\"https:\/\/portalfadesp.org.br\/#\/schema\/person\/c1fa9db0c87dc412d1568e0e5e27be9c\"},\"headline\":\"Faculdade de Medicina da UFPA em Altamira reoferta vagas para especializa\u00e7\u00e3o em Aten\u00e7\u00e3o B\u00e1sica e Sa\u00fade da Fam\u00edlia. Inscri\u00e7\u00e3o at\u00e9 03 de setembro.\",\"datePublished\":\"2019-08-15T17:00:22+00:00\",\"dateModified\":\"2022-12-21T03:31:12+00:00\",\"mainEntityOfPage\":{\"@id\":\"https:\/\/portalfadesp.org.br\/?p=3606\"},\"wordCount\":365,\"commentCount\":0,\"publisher\":{\"@id\":\"https:\/\/portalfadesp.org.br\/#organization\"},\"image\":{\"@id\":\"https:\/\/portalfadesp.org.br\/?p=3606#primaryimage\"},\"thumbnailUrl\":\"https:\/\/portalfadesp.org.br\/wp-content\/uploads\/2019\/08\/2019-agosto-especializa\u00e7\u00e3o-sa\u00fade-da-fam\u00edlia.jpg\",\"keywords\":[\"ensino\",\"especializa\u00e7\u00e3o\",\"interioriza\u00e7\u00e3o\",\"Sa\u00fade\",\"UFPA\"],\"articleSection\":[\"UFPA\"],\"inLanguage\":\"pt-BR\"},{\"@type\":\"WebPage\",\"@id\":\"https:\/\/portalfadesp.org.br\/?p=3606\",\"url\":\"https:\/\/portalfadesp.org.br\/?p=3606\",\"name\":\"Faculdade de Medicina da UFPA em Altamira reoferta vagas para especializa\u00e7\u00e3o em Aten\u00e7\u00e3o B\u00e1sica e Sa\u00fade da Fam\u00edlia. Inscri\u00e7\u00e3o at\u00e9 03 de setembro. - FADESP\",\"isPartOf\":{\"@id\":\"https:\/\/portalfadesp.org.br\/#website\"},\"primaryImageOfPage\":{\"@id\":\"https:\/\/portalfadesp.org.br\/?p=3606#primaryimage\"},\"image\":{\"@id\":\"https:\/\/portalfadesp.org.br\/?p=3606#primaryimage\"},\"thumbnailUrl\":\"https:\/\/portalfadesp.org.br\/wp-content\/uploads\/2019\/08\/2019-agosto-especializa\u00e7\u00e3o-sa\u00fade-da-fam\u00edlia.jpg\",\"datePublished\":\"2019-08-15T17:00:22+00:00\",\"dateModified\":\"2022-12-21T03:31:12+00:00\",\"breadcrumb\":{\"@id\":\"https:\/\/portalfadesp.org.br\/?p=3606#breadcrumb\"},\"inLanguage\":\"pt-BR\",\"potentialAction\":[{\"@type\":\"ReadAction\",\"target\":[\"https:\/\/portalfadesp.org.br\/?p=3606\"]}]},{\"@type\":\"ImageObject\",\"inLanguage\":\"pt-BR\",\"@id\":\"https:\/\/portalfadesp.org.br\/?p=3606#primaryimage\",\"url\":\"https:\/\/portalfadesp.org.br\/wp-content\/uploads\/2019\/08\/2019-agosto-especializa\u00e7\u00e3o-sa\u00fade-da-fam\u00edlia.jpg\",\"contentUrl\":\"https:\/\/portalfadesp.org.br\/wp-content\/uploads\/2019\/08\/2019-agosto-especializa\u00e7\u00e3o-sa\u00fade-da-fam\u00edlia.jpg\",\"width\":885,\"height\":688},{\"@type\":\"BreadcrumbList\",\"@id\":\"https:\/\/portalfadesp.org.br\/?p=3606#breadcrumb\",\"itemListElement\":[{\"@type\":\"ListItem\",\"position\":1,\"name\":\"In\u00edcio\",\"item\":\"https:\/\/portalfadesp.org.br\/\"},{\"@type\":\"ListItem\",\"position\":2,\"name\":\"Faculdade de Medicina da UFPA em Altamira reoferta vagas para especializa\u00e7\u00e3o em Aten\u00e7\u00e3o B\u00e1sica e Sa\u00fade da Fam\u00edlia. Inscri\u00e7\u00e3o at\u00e9 03 de setembro.\"}]},{\"@type\":\"WebSite\",\"@id\":\"https:\/\/portalfadesp.org.br\/#website\",\"url\":\"https:\/\/portalfadesp.org.br\/\",\"name\":\"FADESP\",\"description\":\"Funda\u00e7\u00e3o de Amparo e Desenvolvimento da Pesquisa\",\"publisher\":{\"@id\":\"https:\/\/portalfadesp.org.br\/#organization\"},\"potentialAction\":[{\"@type\":\"SearchAction\",\"target\":{\"@type\":\"EntryPoint\",\"urlTemplate\":\"https:\/\/portalfadesp.org.br\/?s={search_term_string}\"},\"query-input\":{\"@type\":\"PropertyValueSpecification\",\"valueRequired\":true,\"valueName\":\"search_term_string\"}}],\"inLanguage\":\"pt-BR\"},{\"@type\":\"Organization\",\"@id\":\"https:\/\/portalfadesp.org.br\/#organization\",\"name\":\"FADESP\",\"url\":\"https:\/\/portalfadesp.org.br\/\",\"logo\":{\"@type\":\"ImageObject\",\"inLanguage\":\"pt-BR\",\"@id\":\"https:\/\/portalfadesp.org.br\/#\/schema\/logo\/image\/\",\"url\":\"https:\/\/portalfadesp.org.br\/wp-content\/uploads\/2024\/01\/NOVOLOGOFADESPlaranjaH.png\",\"contentUrl\":\"https:\/\/portalfadesp.org.br\/wp-content\/uploads\/2024\/01\/NOVOLOGOFADESPlaranjaH.png\",\"width\":2742,\"height\":839,\"caption\":\"FADESP\"},\"image\":{\"@id\":\"https:\/\/portalfadesp.org.br\/#\/schema\/logo\/image\/\"},\"sameAs\":[\"https:\/\/www.facebook.com\/Fadesp-138351949524662\/\",\"https:\/\/x.com\/Fadesp\",\"https:\/\/www.instagram.com\/fadesp_ufpa\/\",\"https:\/\/www.youtube.com\/@fundacaodeamparoedesenvolv1903\",\"https:\/\/www.threads.net\/@fadesp_ufpa\"]},{\"@type\":\"Person\",\"@id\":\"https:\/\/portalfadesp.org.br\/#\/schema\/person\/c1fa9db0c87dc412d1568e0e5e27be9c\",\"name\":\"Lorena Filgueiras\",\"image\":{\"@type\":\"ImageObject\",\"inLanguage\":\"pt-BR\",\"@id\":\"https:\/\/portalfadesp.org.br\/#\/schema\/person\/image\/\",\"url\":\"https:\/\/secure.gravatar.com\/avatar\/37390a2dfe1325c2917fc5f6df471abe8ab753cf23b2d14690f57bd61ab4b7cf?s=96&d=mm&r=g\",\"contentUrl\":\"https:\/\/secure.gravatar.com\/avatar\/37390a2dfe1325c2917fc5f6df471abe8ab753cf23b2d14690f57bd61ab4b7cf?s=96&d=mm&r=g\",\"caption\":\"Lorena Filgueiras\"},\"url\":\"https:\/\/portalfadesp.org.br\/?author=11\"}]}<\/script>\n<!-- \/ Yoast SEO plugin. -->","yoast_head_json":{"title":"Faculdade de Medicina da UFPA em Altamira reoferta vagas para especializa\u00e7\u00e3o em Aten\u00e7\u00e3o B\u00e1sica e Sa\u00fade da Fam\u00edlia. Inscri\u00e7\u00e3o at\u00e9 03 de setembro. - FADESP","robots":{"index":"index","follow":"follow","max-snippet":"max-snippet:-1","max-image-preview":"max-image-preview:large","max-video-preview":"max-video-preview:-1"},"canonical":"https:\/\/portalfadesp.org.br\/?p=3606","og_locale":"pt_BR","og_type":"article","og_title":"Faculdade de Medicina da UFPA em Altamira reoferta vagas para especializa\u00e7\u00e3o em Aten\u00e7\u00e3o B\u00e1sica e Sa\u00fade da Fam\u00edlia. Inscri\u00e7\u00e3o at\u00e9 03 de setembro. - FADESP","og_description":"A Faculdade de Medicina da Universidade Federal do Par\u00e1 (UFPA), campus de Altamira, abriu per\u00edodo de reoferta de 20 vagas para a especializa\u00e7\u00e3o multiprofissional em Aten\u00e7\u00e3o B\u00e1sica e Sa\u00fade da Fam\u00edlia. As inscri\u00e7\u00f5es ser\u00e3o realizadas at\u00e9 o dia 03 de setembro, na \u00e1rea de cursos de p\u00f3s-gradua\u00e7\u00e3o aqui do site da FADE162.215.13.167SP. O curso \u00e9 [&hellip;]","og_url":"https:\/\/portalfadesp.org.br\/?p=3606","og_site_name":"FADESP","article_publisher":"https:\/\/www.facebook.com\/Fadesp-138351949524662\/","article_published_time":"2019-08-15T17:00:22+00:00","article_modified_time":"2022-12-21T03:31:12+00:00","og_image":[{"width":885,"height":688,"url":"https:\/\/portalfadesp.org.br\/wp-content\/uploads\/2019\/08\/2019-agosto-especializa\u00e7\u00e3o-sa\u00fade-da-fam\u00edlia.jpg","type":"image\/jpeg"}],"author":"Lorena Filgueiras","twitter_card":"summary_large_image","twitter_creator":"@Fadesp","twitter_site":"@Fadesp","twitter_misc":{"Escrito por":"Lorena Filgueiras","Est. tempo de leitura":"2 minutos"},"schema":{"@context":"https:\/\/schema.org","@graph":[{"@type":"Article","@id":"https:\/\/portalfadesp.org.br\/?p=3606#article","isPartOf":{"@id":"https:\/\/portalfadesp.org.br\/?p=3606"},"author":{"name":"Lorena Filgueiras","@id":"https:\/\/portalfadesp.org.br\/#\/schema\/person\/c1fa9db0c87dc412d1568e0e5e27be9c"},"headline":"Faculdade de Medicina da UFPA em Altamira reoferta vagas para especializa\u00e7\u00e3o em Aten\u00e7\u00e3o B\u00e1sica e Sa\u00fade da Fam\u00edlia. Inscri\u00e7\u00e3o at\u00e9 03 de setembro.","datePublished":"2019-08-15T17:00:22+00:00","dateModified":"2022-12-21T03:31:12+00:00","mainEntityOfPage":{"@id":"https:\/\/portalfadesp.org.br\/?p=3606"},"wordCount":365,"commentCount":0,"publisher":{"@id":"https:\/\/portalfadesp.org.br\/#organization"},"image":{"@id":"https:\/\/portalfadesp.org.br\/?p=3606#primaryimage"},"thumbnailUrl":"https:\/\/portalfadesp.org.br\/wp-content\/uploads\/2019\/08\/2019-agosto-especializa\u00e7\u00e3o-sa\u00fade-da-fam\u00edlia.jpg","keywords":["ensino","especializa\u00e7\u00e3o","interioriza\u00e7\u00e3o","Sa\u00fade","UFPA"],"articleSection":["UFPA"],"inLanguage":"pt-BR"},{"@type":"WebPage","@id":"https:\/\/portalfadesp.org.br\/?p=3606","url":"https:\/\/portalfadesp.org.br\/?p=3606","name":"Faculdade de Medicina da UFPA em Altamira reoferta vagas para especializa\u00e7\u00e3o em Aten\u00e7\u00e3o B\u00e1sica e Sa\u00fade da Fam\u00edlia. Inscri\u00e7\u00e3o at\u00e9 03 de setembro. - FADESP","isPartOf":{"@id":"https:\/\/portalfadesp.org.br\/#website"},"primaryImageOfPage":{"@id":"https:\/\/portalfadesp.org.br\/?p=3606#primaryimage"},"image":{"@id":"https:\/\/portalfadesp.org.br\/?p=3606#primaryimage"},"thumbnailUrl":"https:\/\/portalfadesp.org.br\/wp-content\/uploads\/2019\/08\/2019-agosto-especializa\u00e7\u00e3o-sa\u00fade-da-fam\u00edlia.jpg","datePublished":"2019-08-15T17:00:22+00:00","dateModified":"2022-12-21T03:31:12+00:00","breadcrumb":{"@id":"https:\/\/portalfadesp.org.br\/?p=3606#breadcrumb"},"inLanguage":"pt-BR","potentialAction":[{"@type":"ReadAction","target":["https:\/\/portalfadesp.org.br\/?p=3606"]}]},{"@type":"ImageObject","inLanguage":"pt-BR","@id":"https:\/\/portalfadesp.org.br\/?p=3606#primaryimage","url":"https:\/\/portalfadesp.org.br\/wp-content\/uploads\/2019\/08\/2019-agosto-especializa\u00e7\u00e3o-sa\u00fade-da-fam\u00edlia.jpg","contentUrl":"https:\/\/portalfadesp.org.br\/wp-content\/uploads\/2019\/08\/2019-agosto-especializa\u00e7\u00e3o-sa\u00fade-da-fam\u00edlia.jpg","width":885,"height":688},{"@type":"BreadcrumbList","@id":"https:\/\/portalfadesp.org.br\/?p=3606#breadcrumb","itemListElement":[{"@type":"ListItem","position":1,"name":"In\u00edcio","item":"https:\/\/portalfadesp.org.br\/"},{"@type":"ListItem","position":2,"name":"Faculdade de Medicina da UFPA em Altamira reoferta vagas para especializa\u00e7\u00e3o em Aten\u00e7\u00e3o B\u00e1sica e Sa\u00fade da Fam\u00edlia. Inscri\u00e7\u00e3o at\u00e9 03 de setembro."}]},{"@type":"WebSite","@id":"https:\/\/portalfadesp.org.br\/#website","url":"https:\/\/portalfadesp.org.br\/","name":"FADESP","description":"Funda\u00e7\u00e3o de Amparo e Desenvolvimento da Pesquisa","publisher":{"@id":"https:\/\/portalfadesp.org.br\/#organization"},"potentialAction":[{"@type":"SearchAction","target":{"@type":"EntryPoint","urlTemplate":"https:\/\/portalfadesp.org.br\/?s={search_term_string}"},"query-input":{"@type":"PropertyValueSpecification","valueRequired":true,"valueName":"search_term_string"}}],"inLanguage":"pt-BR"},{"@type":"Organization","@id":"https:\/\/portalfadesp.org.br\/#organization","name":"FADESP","url":"https:\/\/portalfadesp.org.br\/","logo":{"@type":"ImageObject","inLanguage":"pt-BR","@id":"https:\/\/portalfadesp.org.br\/#\/schema\/logo\/image\/","url":"https:\/\/portalfadesp.org.br\/wp-content\/uploads\/2024\/01\/NOVOLOGOFADESPlaranjaH.png","contentUrl":"https:\/\/portalfadesp.org.br\/wp-content\/uploads\/2024\/01\/NOVOLOGOFADESPlaranjaH.png","width":2742,"height":839,"caption":"FADESP"},"image":{"@id":"https:\/\/portalfadesp.org.br\/#\/schema\/logo\/image\/"},"sameAs":["https:\/\/www.facebook.com\/Fadesp-138351949524662\/","https:\/\/x.com\/Fadesp","https:\/\/www.instagram.com\/fadesp_ufpa\/","https:\/\/www.youtube.com\/@fundacaodeamparoedesenvolv1903","https:\/\/www.threads.net\/@fadesp_ufpa"]},{"@type":"Person","@id":"https:\/\/portalfadesp.org.br\/#\/schema\/person\/c1fa9db0c87dc412d1568e0e5e27be9c","name":"Lorena Filgueiras","image":{"@type":"ImageObject","inLanguage":"pt-BR","@id":"https:\/\/portalfadesp.org.br\/#\/schema\/person\/image\/","url":"https:\/\/secure.gravatar.com\/avatar\/37390a2dfe1325c2917fc5f6df471abe8ab753cf23b2d14690f57bd61ab4b7cf?s=96&d=mm&r=g","contentUrl":"https:\/\/secure.gravatar.com\/avatar\/37390a2dfe1325c2917fc5f6df471abe8ab753cf23b2d14690f57bd61ab4b7cf?s=96&d=mm&r=g","caption":"Lorena Filgueiras"},"url":"https:\/\/portalfadesp.org.br\/?author=11"}]}},"_links":{"self":[{"href":"https:\/\/portalfadesp.org.br\/index.php?rest_route=\/wp\/v2\/posts\/3606","targetHints":{"allow":["GET"]}}],"collection":[{"href":"https:\/\/portalfadesp.org.br\/index.php?rest_route=\/wp\/v2\/posts"}],"about":[{"href":"https:\/\/portalfadesp.org.br\/index.php?rest_route=\/wp\/v2\/types\/post"}],"author":[{"embeddable":true,"href":"https:\/\/portalfadesp.org.br\/index.php?rest_route=\/wp\/v2\/users\/11"}],"replies":[{"embeddable":true,"href":"https:\/\/portalfadesp.org.br\/index.php?rest_route=%2Fwp%2Fv2%2Fcomments&post=3606"}],"version-history":[{"count":3,"href":"https:\/\/portalfadesp.org.br\/index.php?rest_route=\/wp\/v2\/posts\/3606\/revisions"}],"predecessor-version":[{"id":37833,"href":"https:\/\/portalfadesp.org.br\/index.php?rest_route=\/wp\/v2\/posts\/3606\/revisions\/37833"}],"wp:featuredmedia":[{"embeddable":true,"href":"https:\/\/portalfadesp.org.br\/index.php?rest_route=\/wp\/v2\/media\/3616"}],"wp:attachment":[{"href":"https:\/\/portalfadesp.org.br\/index.php?rest_route=%2Fwp%2Fv2%2Fmedia&parent=3606"}],"wp:term":[{"taxonomy":"category","embeddable":true,"href":"https:\/\/portalfadesp.org.br\/index.php?rest_route=%2Fwp%2Fv2%2Fcategories&post=3606"},{"taxonomy":"post_tag","embeddable":true,"href":"https:\/\/portalfadesp.org.br\/index.php?rest_route=%2Fwp%2Fv2%2Ftags&post=3606"}],"curies":[{"name":"wp","href":"https:\/\/api.w.org\/{rel}","templated":true}]}}