{"id":3489,"date":"2019-08-13T00:59:58","date_gmt":"2019-08-13T03:59:58","guid":{"rendered":"https:\/\/162.215.13.167?p=3489"},"modified":"2022-12-21T00:59:55","modified_gmt":"2022-12-21T03:59:55","slug":"divulgados-o-resultado-definitivo-da-avaliacao-psicologica-e-o-final-do-concurso-para-o-comdica","status":"publish","type":"post","link":"https:\/\/portalfadesp.org.br\/?p=3489","title":{"rendered":"Divulgados o resultado definitivo da avalia\u00e7\u00e3o psicol\u00f3gica e o final do concurso para o COMDICA."},"content":{"rendered":"<p><img fetchpriority=\"high\" decoding=\"async\" class=\"alignright wp-image-2543 size-full\" src=\"https:\/\/portalfadesp.org.br\/wp-content\/uploads\/2019\/06\/comdica.jpg\" alt=\"\" width=\"300\" height=\"300\" srcset=\"https:\/\/portalfadesp.org.br\/wp-content\/uploads\/2019\/06\/comdica.jpg 300w, https:\/\/portalfadesp.org.br\/wp-content\/uploads\/2019\/06\/comdica-150x150.jpg 150w\" sizes=\"(max-width: 300px) 100vw, 300px\" \/>O resultado preliminar da etapa de avalia\u00e7\u00e3o psicol\u00f3gica e o final do Processo de Sele\u00e7\u00e3o dos candidatos a conselheiros do Conselho Municipal dos Direitos da Crian\u00e7a e do Adolescente de Ananindeua (COMDICA) est\u00e3o dispon\u00edveis na<strong><a href=\"https:\/\/portalfadesp.org.br\/?page_id=2178\" target=\"_blank\" rel=\"noopener noreferrer\">\u00a0 p\u00e1gina oficial de acompanhamento do processo seletivo<\/a><\/strong>.<\/p>\n<p>A avalia\u00e7\u00e3o psicol\u00f3gica foi realizada somente pelos candidatos aprovados na prova de conhecimentos. Para tanto, eles precisaram obter nota m\u00ednima de 70 pontos do total alcan\u00e7ado com a soma das provas objetiva e de Reda\u00e7\u00e3o.<\/p>\n<p>Os selecionados ser\u00e3o os candidatos a conselheiros dos conselhos tutelares I, II, III e IV em processo eleitoral que ter\u00e1 a vota\u00e7\u00e3o realizada no dia 6 de outubro deste ano, pelo COMDICA. Os eleitos far\u00e3o o curso de forma\u00e7\u00e3o continuada organizado pela FADESP e estar\u00e3o aptos a assumir o cargo para o\u00a0quadri\u00eanio 2020\/2023. O edital prev\u00ea o preenchimento de vinte vagas e forma\u00e7\u00e3o de cadastro de reserva.<\/p>\n<p>Todos os editais, o cronograma e demais informa\u00e7\u00f5es do processo de sele\u00e7\u00e3o est\u00e3o na <strong><a href=\"https:\/\/portalfadesp.org.br\/?page_id=2178\" target=\"_blank\" rel=\"noopener noreferrer\">p\u00e1gina oficial de acompanhamento.<\/a><\/strong><\/p>\n","protected":false},"excerpt":{"rendered":"<p>O resultado preliminar da etapa de avalia\u00e7\u00e3o psicol\u00f3gica e o final do Processo de Sele\u00e7\u00e3o dos candidatos a conselheiros do Conselho Municipal dos Direitos da Crian\u00e7a e do Adolescente de Ananindeua (COMDICA) est\u00e3o dispon\u00edveis na\u00a0 p\u00e1gina oficial de acompanhamento do processo seletivo. A avalia\u00e7\u00e3o psicol\u00f3gica foi realizada somente pelos candidatos aprovados na prova de conhecimentos. [&hellip;]<\/p>\n","protected":false},"author":11,"featured_media":2543,"comment_status":"open","ping_status":"open","sticky":false,"template":"","format":"standard","meta":{"_monsterinsights_skip_tracking":false,"_monsterinsights_sitenote_active":false,"_monsterinsights_sitenote_note":"","_monsterinsights_sitenote_category":0,"footnotes":""},"categories":[7],"tags":[66,65],"class_list":["post-3489","post","type-post","status-publish","format-standard","has-post-thumbnail","hentry","category-concurso","tag-direito-da-crianca","tag-processo-seletivo","entry","has-media"],"yoast_head":"<!-- This site is optimized with the Yoast SEO plugin v25.1 - https:\/\/yoast.com\/wordpress\/plugins\/seo\/ -->\n<title>Divulgados o resultado definitivo da avalia\u00e7\u00e3o psicol\u00f3gica e o final do concurso para o COMDICA. - FADESP<\/title>\n<meta name=\"robots\" content=\"index, follow, max-snippet:-1, max-image-preview:large, max-video-preview:-1\" \/>\n<link rel=\"canonical\" href=\"https:\/\/portalfadesp.org.br\/?p=3489\" \/>\n<meta property=\"og:locale\" content=\"pt_BR\" \/>\n<meta property=\"og:type\" content=\"article\" \/>\n<meta property=\"og:title\" content=\"Divulgados o resultado definitivo da avalia\u00e7\u00e3o psicol\u00f3gica e o final do concurso para o COMDICA. - FADESP\" \/>\n<meta property=\"og:description\" content=\"O resultado preliminar da etapa de avalia\u00e7\u00e3o psicol\u00f3gica e o final do Processo de Sele\u00e7\u00e3o dos candidatos a conselheiros do Conselho Municipal dos Direitos da Crian\u00e7a e do Adolescente de Ananindeua (COMDICA) est\u00e3o dispon\u00edveis na\u00a0 p\u00e1gina oficial de acompanhamento do processo seletivo. A avalia\u00e7\u00e3o psicol\u00f3gica foi realizada somente pelos candidatos aprovados na prova de conhecimentos. [&hellip;]\" \/>\n<meta property=\"og:url\" content=\"https:\/\/portalfadesp.org.br\/?p=3489\" \/>\n<meta property=\"og:site_name\" content=\"FADESP\" \/>\n<meta property=\"article:publisher\" content=\"https:\/\/www.facebook.com\/Fadesp-138351949524662\/\" \/>\n<meta property=\"article:published_time\" content=\"2019-08-13T03:59:58+00:00\" \/>\n<meta property=\"article:modified_time\" content=\"2022-12-21T03:59:55+00:00\" \/>\n<meta property=\"og:image\" content=\"https:\/\/portalfadesp.org.br\/wp-content\/uploads\/2019\/06\/comdica.jpg\" \/>\n\t<meta property=\"og:image:width\" content=\"300\" \/>\n\t<meta property=\"og:image:height\" content=\"300\" \/>\n\t<meta property=\"og:image:type\" content=\"image\/jpeg\" \/>\n<meta name=\"author\" content=\"Lorena Filgueiras\" \/>\n<meta name=\"twitter:card\" content=\"summary_large_image\" \/>\n<meta name=\"twitter:creator\" content=\"@Fadesp\" \/>\n<meta name=\"twitter:site\" content=\"@Fadesp\" \/>\n<meta name=\"twitter:label1\" content=\"Escrito por\" \/>\n\t<meta name=\"twitter:data1\" content=\"Lorena Filgueiras\" \/>\n\t<meta name=\"twitter:label2\" content=\"Est. tempo de leitura\" \/>\n\t<meta name=\"twitter:data2\" content=\"1 minuto\" \/>\n<script type=\"application\/ld+json\" class=\"yoast-schema-graph\">{\"@context\":\"https:\/\/schema.org\",\"@graph\":[{\"@type\":\"Article\",\"@id\":\"https:\/\/portalfadesp.org.br\/?p=3489#article\",\"isPartOf\":{\"@id\":\"https:\/\/portalfadesp.org.br\/?p=3489\"},\"author\":{\"name\":\"Lorena Filgueiras\",\"@id\":\"https:\/\/portalfadesp.org.br\/#\/schema\/person\/c1fa9db0c87dc412d1568e0e5e27be9c\"},\"headline\":\"Divulgados o resultado definitivo da avalia\u00e7\u00e3o psicol\u00f3gica e o final do concurso para o COMDICA.\",\"datePublished\":\"2019-08-13T03:59:58+00:00\",\"dateModified\":\"2022-12-21T03:59:55+00:00\",\"mainEntityOfPage\":{\"@id\":\"https:\/\/portalfadesp.org.br\/?p=3489\"},\"wordCount\":200,\"commentCount\":0,\"publisher\":{\"@id\":\"https:\/\/portalfadesp.org.br\/#organization\"},\"image\":{\"@id\":\"https:\/\/portalfadesp.org.br\/?p=3489#primaryimage\"},\"thumbnailUrl\":\"https:\/\/portalfadesp.org.br\/wp-content\/uploads\/2019\/06\/comdica.jpg\",\"keywords\":[\"direito da crian\u00e7a\",\"processo seletivo\"],\"articleSection\":[\"Concurso\"],\"inLanguage\":\"pt-BR\"},{\"@type\":\"WebPage\",\"@id\":\"https:\/\/portalfadesp.org.br\/?p=3489\",\"url\":\"https:\/\/portalfadesp.org.br\/?p=3489\",\"name\":\"Divulgados o resultado definitivo da avalia\u00e7\u00e3o psicol\u00f3gica e o final do concurso para o COMDICA. - FADESP\",\"isPartOf\":{\"@id\":\"https:\/\/portalfadesp.org.br\/#website\"},\"primaryImageOfPage\":{\"@id\":\"https:\/\/portalfadesp.org.br\/?p=3489#primaryimage\"},\"image\":{\"@id\":\"https:\/\/portalfadesp.org.br\/?p=3489#primaryimage\"},\"thumbnailUrl\":\"https:\/\/portalfadesp.org.br\/wp-content\/uploads\/2019\/06\/comdica.jpg\",\"datePublished\":\"2019-08-13T03:59:58+00:00\",\"dateModified\":\"2022-12-21T03:59:55+00:00\",\"breadcrumb\":{\"@id\":\"https:\/\/portalfadesp.org.br\/?p=3489#breadcrumb\"},\"inLanguage\":\"pt-BR\",\"potentialAction\":[{\"@type\":\"ReadAction\",\"target\":[\"https:\/\/portalfadesp.org.br\/?p=3489\"]}]},{\"@type\":\"ImageObject\",\"inLanguage\":\"pt-BR\",\"@id\":\"https:\/\/portalfadesp.org.br\/?p=3489#primaryimage\",\"url\":\"https:\/\/portalfadesp.org.br\/wp-content\/uploads\/2019\/06\/comdica.jpg\",\"contentUrl\":\"https:\/\/portalfadesp.org.br\/wp-content\/uploads\/2019\/06\/comdica.jpg\",\"width\":300,\"height\":300},{\"@type\":\"BreadcrumbList\",\"@id\":\"https:\/\/portalfadesp.org.br\/?p=3489#breadcrumb\",\"itemListElement\":[{\"@type\":\"ListItem\",\"position\":1,\"name\":\"In\u00edcio\",\"item\":\"https:\/\/portalfadesp.org.br\/\"},{\"@type\":\"ListItem\",\"position\":2,\"name\":\"Divulgados o resultado definitivo da avalia\u00e7\u00e3o psicol\u00f3gica e o final do concurso para o COMDICA.\"}]},{\"@type\":\"WebSite\",\"@id\":\"https:\/\/portalfadesp.org.br\/#website\",\"url\":\"https:\/\/portalfadesp.org.br\/\",\"name\":\"FADESP\",\"description\":\"Funda\u00e7\u00e3o de Amparo e Desenvolvimento da Pesquisa\",\"publisher\":{\"@id\":\"https:\/\/portalfadesp.org.br\/#organization\"},\"potentialAction\":[{\"@type\":\"SearchAction\",\"target\":{\"@type\":\"EntryPoint\",\"urlTemplate\":\"https:\/\/portalfadesp.org.br\/?s={search_term_string}\"},\"query-input\":{\"@type\":\"PropertyValueSpecification\",\"valueRequired\":true,\"valueName\":\"search_term_string\"}}],\"inLanguage\":\"pt-BR\"},{\"@type\":\"Organization\",\"@id\":\"https:\/\/portalfadesp.org.br\/#organization\",\"name\":\"FADESP\",\"url\":\"https:\/\/portalfadesp.org.br\/\",\"logo\":{\"@type\":\"ImageObject\",\"inLanguage\":\"pt-BR\",\"@id\":\"https:\/\/portalfadesp.org.br\/#\/schema\/logo\/image\/\",\"url\":\"https:\/\/portalfadesp.org.br\/wp-content\/uploads\/2024\/01\/NOVOLOGOFADESPlaranjaH.png\",\"contentUrl\":\"https:\/\/portalfadesp.org.br\/wp-content\/uploads\/2024\/01\/NOVOLOGOFADESPlaranjaH.png\",\"width\":2742,\"height\":839,\"caption\":\"FADESP\"},\"image\":{\"@id\":\"https:\/\/portalfadesp.org.br\/#\/schema\/logo\/image\/\"},\"sameAs\":[\"https:\/\/www.facebook.com\/Fadesp-138351949524662\/\",\"https:\/\/x.com\/Fadesp\",\"https:\/\/www.instagram.com\/fadesp_ufpa\/\",\"https:\/\/www.youtube.com\/@fundacaodeamparoedesenvolv1903\",\"https:\/\/www.threads.net\/@fadesp_ufpa\"]},{\"@type\":\"Person\",\"@id\":\"https:\/\/portalfadesp.org.br\/#\/schema\/person\/c1fa9db0c87dc412d1568e0e5e27be9c\",\"name\":\"Lorena Filgueiras\",\"image\":{\"@type\":\"ImageObject\",\"inLanguage\":\"pt-BR\",\"@id\":\"https:\/\/portalfadesp.org.br\/#\/schema\/person\/image\/\",\"url\":\"https:\/\/secure.gravatar.com\/avatar\/37390a2dfe1325c2917fc5f6df471abe8ab753cf23b2d14690f57bd61ab4b7cf?s=96&d=mm&r=g\",\"contentUrl\":\"https:\/\/secure.gravatar.com\/avatar\/37390a2dfe1325c2917fc5f6df471abe8ab753cf23b2d14690f57bd61ab4b7cf?s=96&d=mm&r=g\",\"caption\":\"Lorena Filgueiras\"},\"url\":\"https:\/\/portalfadesp.org.br\/?author=11\"}]}<\/script>\n<!-- \/ Yoast SEO plugin. -->","yoast_head_json":{"title":"Divulgados o resultado definitivo da avalia\u00e7\u00e3o psicol\u00f3gica e o final do concurso para o COMDICA. - FADESP","robots":{"index":"index","follow":"follow","max-snippet":"max-snippet:-1","max-image-preview":"max-image-preview:large","max-video-preview":"max-video-preview:-1"},"canonical":"https:\/\/portalfadesp.org.br\/?p=3489","og_locale":"pt_BR","og_type":"article","og_title":"Divulgados o resultado definitivo da avalia\u00e7\u00e3o psicol\u00f3gica e o final do concurso para o COMDICA. - FADESP","og_description":"O resultado preliminar da etapa de avalia\u00e7\u00e3o psicol\u00f3gica e o final do Processo de Sele\u00e7\u00e3o dos candidatos a conselheiros do Conselho Municipal dos Direitos da Crian\u00e7a e do Adolescente de Ananindeua (COMDICA) est\u00e3o dispon\u00edveis na\u00a0 p\u00e1gina oficial de acompanhamento do processo seletivo. A avalia\u00e7\u00e3o psicol\u00f3gica foi realizada somente pelos candidatos aprovados na prova de conhecimentos. [&hellip;]","og_url":"https:\/\/portalfadesp.org.br\/?p=3489","og_site_name":"FADESP","article_publisher":"https:\/\/www.facebook.com\/Fadesp-138351949524662\/","article_published_time":"2019-08-13T03:59:58+00:00","article_modified_time":"2022-12-21T03:59:55+00:00","og_image":[{"width":300,"height":300,"url":"https:\/\/portalfadesp.org.br\/wp-content\/uploads\/2019\/06\/comdica.jpg","type":"image\/jpeg"}],"author":"Lorena Filgueiras","twitter_card":"summary_large_image","twitter_creator":"@Fadesp","twitter_site":"@Fadesp","twitter_misc":{"Escrito por":"Lorena Filgueiras","Est. tempo de leitura":"1 minuto"},"schema":{"@context":"https:\/\/schema.org","@graph":[{"@type":"Article","@id":"https:\/\/portalfadesp.org.br\/?p=3489#article","isPartOf":{"@id":"https:\/\/portalfadesp.org.br\/?p=3489"},"author":{"name":"Lorena Filgueiras","@id":"https:\/\/portalfadesp.org.br\/#\/schema\/person\/c1fa9db0c87dc412d1568e0e5e27be9c"},"headline":"Divulgados o resultado definitivo da avalia\u00e7\u00e3o psicol\u00f3gica e o final do concurso para o COMDICA.","datePublished":"2019-08-13T03:59:58+00:00","dateModified":"2022-12-21T03:59:55+00:00","mainEntityOfPage":{"@id":"https:\/\/portalfadesp.org.br\/?p=3489"},"wordCount":200,"commentCount":0,"publisher":{"@id":"https:\/\/portalfadesp.org.br\/#organization"},"image":{"@id":"https:\/\/portalfadesp.org.br\/?p=3489#primaryimage"},"thumbnailUrl":"https:\/\/portalfadesp.org.br\/wp-content\/uploads\/2019\/06\/comdica.jpg","keywords":["direito da crian\u00e7a","processo seletivo"],"articleSection":["Concurso"],"inLanguage":"pt-BR"},{"@type":"WebPage","@id":"https:\/\/portalfadesp.org.br\/?p=3489","url":"https:\/\/portalfadesp.org.br\/?p=3489","name":"Divulgados o resultado definitivo da avalia\u00e7\u00e3o psicol\u00f3gica e o final do concurso para o COMDICA. - FADESP","isPartOf":{"@id":"https:\/\/portalfadesp.org.br\/#website"},"primaryImageOfPage":{"@id":"https:\/\/portalfadesp.org.br\/?p=3489#primaryimage"},"image":{"@id":"https:\/\/portalfadesp.org.br\/?p=3489#primaryimage"},"thumbnailUrl":"https:\/\/portalfadesp.org.br\/wp-content\/uploads\/2019\/06\/comdica.jpg","datePublished":"2019-08-13T03:59:58+00:00","dateModified":"2022-12-21T03:59:55+00:00","breadcrumb":{"@id":"https:\/\/portalfadesp.org.br\/?p=3489#breadcrumb"},"inLanguage":"pt-BR","potentialAction":[{"@type":"ReadAction","target":["https:\/\/portalfadesp.org.br\/?p=3489"]}]},{"@type":"ImageObject","inLanguage":"pt-BR","@id":"https:\/\/portalfadesp.org.br\/?p=3489#primaryimage","url":"https:\/\/portalfadesp.org.br\/wp-content\/uploads\/2019\/06\/comdica.jpg","contentUrl":"https:\/\/portalfadesp.org.br\/wp-content\/uploads\/2019\/06\/comdica.jpg","width":300,"height":300},{"@type":"BreadcrumbList","@id":"https:\/\/portalfadesp.org.br\/?p=3489#breadcrumb","itemListElement":[{"@type":"ListItem","position":1,"name":"In\u00edcio","item":"https:\/\/portalfadesp.org.br\/"},{"@type":"ListItem","position":2,"name":"Divulgados o resultado definitivo da avalia\u00e7\u00e3o psicol\u00f3gica e o final do concurso para o COMDICA."}]},{"@type":"WebSite","@id":"https:\/\/portalfadesp.org.br\/#website","url":"https:\/\/portalfadesp.org.br\/","name":"FADESP","description":"Funda\u00e7\u00e3o de Amparo e Desenvolvimento da Pesquisa","publisher":{"@id":"https:\/\/portalfadesp.org.br\/#organization"},"potentialAction":[{"@type":"SearchAction","target":{"@type":"EntryPoint","urlTemplate":"https:\/\/portalfadesp.org.br\/?s={search_term_string}"},"query-input":{"@type":"PropertyValueSpecification","valueRequired":true,"valueName":"search_term_string"}}],"inLanguage":"pt-BR"},{"@type":"Organization","@id":"https:\/\/portalfadesp.org.br\/#organization","name":"FADESP","url":"https:\/\/portalfadesp.org.br\/","logo":{"@type":"ImageObject","inLanguage":"pt-BR","@id":"https:\/\/portalfadesp.org.br\/#\/schema\/logo\/image\/","url":"https:\/\/portalfadesp.org.br\/wp-content\/uploads\/2024\/01\/NOVOLOGOFADESPlaranjaH.png","contentUrl":"https:\/\/portalfadesp.org.br\/wp-content\/uploads\/2024\/01\/NOVOLOGOFADESPlaranjaH.png","width":2742,"height":839,"caption":"FADESP"},"image":{"@id":"https:\/\/portalfadesp.org.br\/#\/schema\/logo\/image\/"},"sameAs":["https:\/\/www.facebook.com\/Fadesp-138351949524662\/","https:\/\/x.com\/Fadesp","https:\/\/www.instagram.com\/fadesp_ufpa\/","https:\/\/www.youtube.com\/@fundacaodeamparoedesenvolv1903","https:\/\/www.threads.net\/@fadesp_ufpa"]},{"@type":"Person","@id":"https:\/\/portalfadesp.org.br\/#\/schema\/person\/c1fa9db0c87dc412d1568e0e5e27be9c","name":"Lorena Filgueiras","image":{"@type":"ImageObject","inLanguage":"pt-BR","@id":"https:\/\/portalfadesp.org.br\/#\/schema\/person\/image\/","url":"https:\/\/secure.gravatar.com\/avatar\/37390a2dfe1325c2917fc5f6df471abe8ab753cf23b2d14690f57bd61ab4b7cf?s=96&d=mm&r=g","contentUrl":"https:\/\/secure.gravatar.com\/avatar\/37390a2dfe1325c2917fc5f6df471abe8ab753cf23b2d14690f57bd61ab4b7cf?s=96&d=mm&r=g","caption":"Lorena Filgueiras"},"url":"https:\/\/portalfadesp.org.br\/?author=11"}]}},"_links":{"self":[{"href":"https:\/\/portalfadesp.org.br\/index.php?rest_route=\/wp\/v2\/posts\/3489","targetHints":{"allow":["GET"]}}],"collection":[{"href":"https:\/\/portalfadesp.org.br\/index.php?rest_route=\/wp\/v2\/posts"}],"about":[{"href":"https:\/\/portalfadesp.org.br\/index.php?rest_route=\/wp\/v2\/types\/post"}],"author":[{"embeddable":true,"href":"https:\/\/portalfadesp.org.br\/index.php?rest_route=\/wp\/v2\/users\/11"}],"replies":[{"embeddable":true,"href":"https:\/\/portalfadesp.org.br\/index.php?rest_route=%2Fwp%2Fv2%2Fcomments&post=3489"}],"version-history":[{"count":3,"href":"https:\/\/portalfadesp.org.br\/index.php?rest_route=\/wp\/v2\/posts\/3489\/revisions"}],"predecessor-version":[{"id":37882,"href":"https:\/\/portalfadesp.org.br\/index.php?rest_route=\/wp\/v2\/posts\/3489\/revisions\/37882"}],"wp:featuredmedia":[{"embeddable":true,"href":"https:\/\/portalfadesp.org.br\/index.php?rest_route=\/wp\/v2\/media\/2543"}],"wp:attachment":[{"href":"https:\/\/portalfadesp.org.br\/index.php?rest_route=%2Fwp%2Fv2%2Fmedia&parent=3489"}],"wp:term":[{"taxonomy":"category","embeddable":true,"href":"https:\/\/portalfadesp.org.br\/index.php?rest_route=%2Fwp%2Fv2%2Fcategories&post=3489"},{"taxonomy":"post_tag","embeddable":true,"href":"https:\/\/portalfadesp.org.br\/index.php?rest_route=%2Fwp%2Fv2%2Ftags&post=3489"}],"curies":[{"name":"wp","href":"https:\/\/api.w.org\/{rel}","templated":true}]}}