{"id":3484,"date":"2019-08-13T00:30:19","date_gmt":"2019-08-13T03:30:19","guid":{"rendered":"https:\/\/162.215.13.167?p=3484"},"modified":"2022-12-21T00:59:51","modified_gmt":"2022-12-21T03:59:51","slug":"disponiveis-os-gabaritos-preliminares-das-provas-do-processo-seletivo-especial-da-ufpa-unifesspa-e-uepa","status":"publish","type":"post","link":"https:\/\/portalfadesp.org.br\/?p=3484","title":{"rendered":"Dispon\u00edveis os gabaritos das provas do Processo Seletivo Especial da UFPA, UNIFESSPA e UEPA."},"content":{"rendered":"<p><img fetchpriority=\"high\" decoding=\"async\" class=\"alignright\" src=\"..\/wp-content\/uploads\/2019\/07\/rotativo-prosel-2019-300x233.jpg\" alt=\"\" width=\"300\" height=\"233\" \/>Os gabaritos das provas aplicadas no domingo, 12, para o Processo Seletivo <strong><a href=\"https:\/\/portalfadesp.org.br\/?page_id=2830\" target=\"_blank\" rel=\"noopener noreferrer\">Especial da Universidade Federal do Par\u00e1 (UFPA)<\/a><\/strong>, da <strong><a href=\"https:\/\/portalfadesp.org.br\/page_id=2845\" target=\"_blank\" rel=\"noopener noreferrer\">Universidade Federal do Sul e Sudeste do Par\u00e1<\/a><\/strong> e da <strong><a href=\"https:\/\/portalfadesp.org.br\/?page_id=2852\" target=\"_blank\" rel=\"noopener noreferrer\">Universidade do Estado do Par\u00e1 (UEPA)<\/a> <\/strong>est\u00e3o dispon\u00edveis nas p\u00e1ginas oficiais de acompanhamento aqui do <strong><a href=\"http:\/\/www2.fadesp.org.br\/?page_id=704\" target=\"_blank\" rel=\"noopener noreferrer\">site de concursos da FADESP<\/a><\/strong>. Os mais de 5 mil candidatos estavam distribu\u00eddos em 14 munic\u00edpios do Par\u00e1.<\/p>\n<p>As provas aplicadas entre as 8h e 13h eram de conhecimentos gerais, sendo 35 quest\u00f5es objetivas (cinco de cada uma das disciplinas de Portugu\u00eas, Matem\u00e1tica, Hist\u00f3ria, Geografia, F\u00edsica, Qu\u00edmica e Biologia) e Reda\u00e7\u00e3o. Para n\u00e3o ser eliminado na prova objetiva, o candidato dever\u00e1 acertar, no m\u00ednimo, 20% do total de pontos (7 quest\u00f5es).<\/p>\n<p>Conforme o edital, somente os candidatos n\u00e3o eliminados na prova objetiva e na quantidade de at\u00e9 tr\u00eas vezes o n\u00famero de vagas ofertadas para cada curso ter\u00e3o a Reda\u00e7\u00e3o corrigida. Ela valer\u00e1 at\u00e9 10 pontos e a pontua\u00e7\u00e3o ser\u00e1 somada \u00e0 da prova objetva para a defini\u00e7\u00e3o da nota final que ser\u00e1 utilizada para a classifica\u00e7\u00e3o geral.<\/p>\n<p>O PROSEL da UFPA preencher\u00e1 600 vagas para Administra\u00e7\u00e3o (Bagre, Viseu, Augusto Corr\u00eaa e S\u00e3o Jo\u00e3o de Pirabas), Turismo (Portel e Tucuru\u00ed), Engenharia Civil (Goian\u00e9sia), Servi\u00e7o Social (Curu\u00e7\u00e1, Gurup\u00e1 e Mocajuba) e Hist\u00f3ria Licenciatura (S\u00e3o Jo\u00e3o de Pirabas e Tucuru\u00ed).<\/p>\n<p>O da UNIFESSPA tem 100 vagas para Engenharia Civil (Reden\u00e7\u00e3o) e Direito (Mocajuba) e o da UEPA tem 200 vagas para Educa\u00e7\u00e3o F\u00edsica (Gurup\u00e1, Benevides e Melga\u00e7o) e Geografia Licenciatura (Salin\u00f3polis). Nos editais de abertura de cada Prosel, consta a tabela de cursos ofertados com a respectiva modalidade de ensino.<\/p>\n<p>Os cursos de gradua\u00e7\u00e3o ser\u00e3o realizados de forma intensiva. Alguns deles ter\u00e3o as disciplinas ministradas no regime intervalar (ofertadas, prioritariamente, nos meses de janeiro, fevereiro e parte de mar\u00e7o e tamb\u00e9m nos meses de julho e parte de agosto) e outras no regular (ofertadas, prioritariamente, nos meses de mar\u00e7o a junho e de agosto a dezembro).<\/p>\n<p>Do total de vagas, no m\u00ednimo 50% ser\u00e3o destinadas a pessoas que cursaram todo o ensino m\u00e9dio em escola p\u00fablica ou em escola particular, desde que tenham sido bolsistas. Dessa porcentagem, metade ser\u00e1 reservada aos inscritos no Cadastro \u00danico (Cad\u00danico) do governo federal, havendo, ainda, cota para autodeclarados pretos, pardos, ind\u00edgenas ou quilombolas e Pessoa com Defici\u00eancia (PcD).<\/p>\n<p>O PROSEL de cada uma das institui\u00e7\u00f5es tem uma p\u00e1gina individual acesso ao edital, cart\u00e3o de inscri\u00e7\u00e3o e acompanhamento das atualiza\u00e7\u00f5es. Todas elas est\u00e3o dispon\u00edveis no site de concursos da FADESP, a organizadora dos seletivos que atendem ao programa estadual Forma Par\u00e1, idealizado para expandir a interioriza\u00e7\u00e3o da gradua\u00e7\u00e3o no Estado.<\/p>\n","protected":false},"excerpt":{"rendered":"<p>Os gabaritos das provas aplicadas no domingo, 12, para o Processo Seletivo Especial da Universidade Federal do Par\u00e1 (UFPA), da Universidade Federal do Sul e Sudeste do Par\u00e1 e da Universidade do Estado do Par\u00e1 (UEPA) est\u00e3o dispon\u00edveis nas p\u00e1ginas oficiais de acompanhamento aqui do site de concursos da FADESP. Os mais de 5 mil [&hellip;]<\/p>\n","protected":false},"author":11,"featured_media":3013,"comment_status":"open","ping_status":"open","sticky":false,"template":"","format":"standard","meta":{"_monsterinsights_skip_tracking":false,"_monsterinsights_sitenote_active":false,"_monsterinsights_sitenote_note":"","_monsterinsights_sitenote_category":0,"footnotes":""},"categories":[1],"tags":[71,70,38,65,43,33,69],"class_list":["post-3484","post","type-post","status-publish","format-standard","has-post-thumbnail","hentry","category-geral","tag-bacharelado","tag-graduacao","tag-interiorizacao","tag-processo-seletivo","tag-uepa","tag-ufpa","tag-unifesspa","entry","has-media"],"yoast_head":"<!-- This site is optimized with the Yoast SEO plugin v25.1 - https:\/\/yoast.com\/wordpress\/plugins\/seo\/ -->\n<title>Dispon\u00edveis os gabaritos das provas do Processo Seletivo Especial da UFPA, UNIFESSPA e UEPA. - FADESP<\/title>\n<meta name=\"robots\" content=\"index, follow, max-snippet:-1, max-image-preview:large, max-video-preview:-1\" \/>\n<link rel=\"canonical\" href=\"https:\/\/portalfadesp.org.br\/?p=3484\" \/>\n<meta property=\"og:locale\" content=\"pt_BR\" \/>\n<meta property=\"og:type\" content=\"article\" \/>\n<meta property=\"og:title\" content=\"Dispon\u00edveis os gabaritos das provas do Processo Seletivo Especial da UFPA, UNIFESSPA e UEPA. - FADESP\" \/>\n<meta property=\"og:description\" content=\"Os gabaritos das provas aplicadas no domingo, 12, para o Processo Seletivo Especial da Universidade Federal do Par\u00e1 (UFPA), da Universidade Federal do Sul e Sudeste do Par\u00e1 e da Universidade do Estado do Par\u00e1 (UEPA) est\u00e3o dispon\u00edveis nas p\u00e1ginas oficiais de acompanhamento aqui do site de concursos da FADESP. Os mais de 5 mil [&hellip;]\" \/>\n<meta property=\"og:url\" content=\"https:\/\/portalfadesp.org.br\/?p=3484\" \/>\n<meta property=\"og:site_name\" content=\"FADESP\" \/>\n<meta property=\"article:publisher\" content=\"https:\/\/www.facebook.com\/Fadesp-138351949524662\/\" \/>\n<meta property=\"article:published_time\" content=\"2019-08-13T03:30:19+00:00\" \/>\n<meta property=\"article:modified_time\" content=\"2022-12-21T03:59:51+00:00\" \/>\n<meta property=\"og:image\" content=\"https:\/\/portalfadesp.org.br\/wp-content\/uploads\/2019\/07\/rotativo-prosel-2019.jpg\" \/>\n\t<meta property=\"og:image:width\" content=\"900\" \/>\n\t<meta property=\"og:image:height\" content=\"700\" \/>\n\t<meta property=\"og:image:type\" content=\"image\/jpeg\" \/>\n<meta name=\"author\" content=\"Lorena Filgueiras\" \/>\n<meta name=\"twitter:card\" content=\"summary_large_image\" \/>\n<meta name=\"twitter:creator\" content=\"@Fadesp\" \/>\n<meta name=\"twitter:site\" content=\"@Fadesp\" \/>\n<meta name=\"twitter:label1\" content=\"Escrito por\" \/>\n\t<meta name=\"twitter:data1\" content=\"Lorena Filgueiras\" \/>\n\t<meta name=\"twitter:label2\" content=\"Est. tempo de leitura\" \/>\n\t<meta name=\"twitter:data2\" content=\"2 minutos\" \/>\n<script type=\"application\/ld+json\" class=\"yoast-schema-graph\">{\"@context\":\"https:\/\/schema.org\",\"@graph\":[{\"@type\":\"Article\",\"@id\":\"https:\/\/portalfadesp.org.br\/?p=3484#article\",\"isPartOf\":{\"@id\":\"https:\/\/portalfadesp.org.br\/?p=3484\"},\"author\":{\"name\":\"Lorena Filgueiras\",\"@id\":\"https:\/\/portalfadesp.org.br\/#\/schema\/person\/c1fa9db0c87dc412d1568e0e5e27be9c\"},\"headline\":\"Dispon\u00edveis os gabaritos das provas do Processo Seletivo Especial da UFPA, UNIFESSPA e UEPA.\",\"datePublished\":\"2019-08-13T03:30:19+00:00\",\"dateModified\":\"2022-12-21T03:59:51+00:00\",\"mainEntityOfPage\":{\"@id\":\"https:\/\/portalfadesp.org.br\/?p=3484\"},\"wordCount\":490,\"commentCount\":0,\"publisher\":{\"@id\":\"https:\/\/portalfadesp.org.br\/#organization\"},\"image\":{\"@id\":\"https:\/\/portalfadesp.org.br\/?p=3484#primaryimage\"},\"thumbnailUrl\":\"https:\/\/portalfadesp.org.br\/wp-content\/uploads\/2019\/07\/rotativo-prosel-2019.jpg\",\"keywords\":[\"bacharelado\",\"gradua\u00e7\u00e3o\",\"interioriza\u00e7\u00e3o\",\"processo seletivo\",\"UEPA\",\"UFPA\",\"UNIFESSPA\"],\"articleSection\":[\"Geral\"],\"inLanguage\":\"pt-BR\"},{\"@type\":\"WebPage\",\"@id\":\"https:\/\/portalfadesp.org.br\/?p=3484\",\"url\":\"https:\/\/portalfadesp.org.br\/?p=3484\",\"name\":\"Dispon\u00edveis os gabaritos das provas do Processo Seletivo Especial da UFPA, UNIFESSPA e UEPA. - FADESP\",\"isPartOf\":{\"@id\":\"https:\/\/portalfadesp.org.br\/#website\"},\"primaryImageOfPage\":{\"@id\":\"https:\/\/portalfadesp.org.br\/?p=3484#primaryimage\"},\"image\":{\"@id\":\"https:\/\/portalfadesp.org.br\/?p=3484#primaryimage\"},\"thumbnailUrl\":\"https:\/\/portalfadesp.org.br\/wp-content\/uploads\/2019\/07\/rotativo-prosel-2019.jpg\",\"datePublished\":\"2019-08-13T03:30:19+00:00\",\"dateModified\":\"2022-12-21T03:59:51+00:00\",\"breadcrumb\":{\"@id\":\"https:\/\/portalfadesp.org.br\/?p=3484#breadcrumb\"},\"inLanguage\":\"pt-BR\",\"potentialAction\":[{\"@type\":\"ReadAction\",\"target\":[\"https:\/\/portalfadesp.org.br\/?p=3484\"]}]},{\"@type\":\"ImageObject\",\"inLanguage\":\"pt-BR\",\"@id\":\"https:\/\/portalfadesp.org.br\/?p=3484#primaryimage\",\"url\":\"https:\/\/portalfadesp.org.br\/wp-content\/uploads\/2019\/07\/rotativo-prosel-2019.jpg\",\"contentUrl\":\"https:\/\/portalfadesp.org.br\/wp-content\/uploads\/2019\/07\/rotativo-prosel-2019.jpg\",\"width\":900,\"height\":700},{\"@type\":\"BreadcrumbList\",\"@id\":\"https:\/\/portalfadesp.org.br\/?p=3484#breadcrumb\",\"itemListElement\":[{\"@type\":\"ListItem\",\"position\":1,\"name\":\"In\u00edcio\",\"item\":\"https:\/\/portalfadesp.org.br\/\"},{\"@type\":\"ListItem\",\"position\":2,\"name\":\"Dispon\u00edveis os gabaritos das provas do Processo Seletivo Especial da UFPA, UNIFESSPA e UEPA.\"}]},{\"@type\":\"WebSite\",\"@id\":\"https:\/\/portalfadesp.org.br\/#website\",\"url\":\"https:\/\/portalfadesp.org.br\/\",\"name\":\"FADESP\",\"description\":\"Funda\u00e7\u00e3o de Amparo e Desenvolvimento da Pesquisa\",\"publisher\":{\"@id\":\"https:\/\/portalfadesp.org.br\/#organization\"},\"potentialAction\":[{\"@type\":\"SearchAction\",\"target\":{\"@type\":\"EntryPoint\",\"urlTemplate\":\"https:\/\/portalfadesp.org.br\/?s={search_term_string}\"},\"query-input\":{\"@type\":\"PropertyValueSpecification\",\"valueRequired\":true,\"valueName\":\"search_term_string\"}}],\"inLanguage\":\"pt-BR\"},{\"@type\":\"Organization\",\"@id\":\"https:\/\/portalfadesp.org.br\/#organization\",\"name\":\"FADESP\",\"url\":\"https:\/\/portalfadesp.org.br\/\",\"logo\":{\"@type\":\"ImageObject\",\"inLanguage\":\"pt-BR\",\"@id\":\"https:\/\/portalfadesp.org.br\/#\/schema\/logo\/image\/\",\"url\":\"https:\/\/portalfadesp.org.br\/wp-content\/uploads\/2024\/01\/NOVOLOGOFADESPlaranjaH.png\",\"contentUrl\":\"https:\/\/portalfadesp.org.br\/wp-content\/uploads\/2024\/01\/NOVOLOGOFADESPlaranjaH.png\",\"width\":2742,\"height\":839,\"caption\":\"FADESP\"},\"image\":{\"@id\":\"https:\/\/portalfadesp.org.br\/#\/schema\/logo\/image\/\"},\"sameAs\":[\"https:\/\/www.facebook.com\/Fadesp-138351949524662\/\",\"https:\/\/x.com\/Fadesp\",\"https:\/\/www.instagram.com\/fadesp_ufpa\/\",\"https:\/\/www.youtube.com\/@fundacaodeamparoedesenvolv1903\",\"https:\/\/www.threads.net\/@fadesp_ufpa\"]},{\"@type\":\"Person\",\"@id\":\"https:\/\/portalfadesp.org.br\/#\/schema\/person\/c1fa9db0c87dc412d1568e0e5e27be9c\",\"name\":\"Lorena Filgueiras\",\"image\":{\"@type\":\"ImageObject\",\"inLanguage\":\"pt-BR\",\"@id\":\"https:\/\/portalfadesp.org.br\/#\/schema\/person\/image\/\",\"url\":\"https:\/\/secure.gravatar.com\/avatar\/37390a2dfe1325c2917fc5f6df471abe8ab753cf23b2d14690f57bd61ab4b7cf?s=96&d=mm&r=g\",\"contentUrl\":\"https:\/\/secure.gravatar.com\/avatar\/37390a2dfe1325c2917fc5f6df471abe8ab753cf23b2d14690f57bd61ab4b7cf?s=96&d=mm&r=g\",\"caption\":\"Lorena Filgueiras\"},\"url\":\"https:\/\/portalfadesp.org.br\/?author=11\"}]}<\/script>\n<!-- \/ Yoast SEO plugin. -->","yoast_head_json":{"title":"Dispon\u00edveis os gabaritos das provas do Processo Seletivo Especial da UFPA, UNIFESSPA e UEPA. - FADESP","robots":{"index":"index","follow":"follow","max-snippet":"max-snippet:-1","max-image-preview":"max-image-preview:large","max-video-preview":"max-video-preview:-1"},"canonical":"https:\/\/portalfadesp.org.br\/?p=3484","og_locale":"pt_BR","og_type":"article","og_title":"Dispon\u00edveis os gabaritos das provas do Processo Seletivo Especial da UFPA, UNIFESSPA e UEPA. - FADESP","og_description":"Os gabaritos das provas aplicadas no domingo, 12, para o Processo Seletivo Especial da Universidade Federal do Par\u00e1 (UFPA), da Universidade Federal do Sul e Sudeste do Par\u00e1 e da Universidade do Estado do Par\u00e1 (UEPA) est\u00e3o dispon\u00edveis nas p\u00e1ginas oficiais de acompanhamento aqui do site de concursos da FADESP. Os mais de 5 mil [&hellip;]","og_url":"https:\/\/portalfadesp.org.br\/?p=3484","og_site_name":"FADESP","article_publisher":"https:\/\/www.facebook.com\/Fadesp-138351949524662\/","article_published_time":"2019-08-13T03:30:19+00:00","article_modified_time":"2022-12-21T03:59:51+00:00","og_image":[{"width":900,"height":700,"url":"https:\/\/portalfadesp.org.br\/wp-content\/uploads\/2019\/07\/rotativo-prosel-2019.jpg","type":"image\/jpeg"}],"author":"Lorena Filgueiras","twitter_card":"summary_large_image","twitter_creator":"@Fadesp","twitter_site":"@Fadesp","twitter_misc":{"Escrito por":"Lorena Filgueiras","Est. tempo de leitura":"2 minutos"},"schema":{"@context":"https:\/\/schema.org","@graph":[{"@type":"Article","@id":"https:\/\/portalfadesp.org.br\/?p=3484#article","isPartOf":{"@id":"https:\/\/portalfadesp.org.br\/?p=3484"},"author":{"name":"Lorena Filgueiras","@id":"https:\/\/portalfadesp.org.br\/#\/schema\/person\/c1fa9db0c87dc412d1568e0e5e27be9c"},"headline":"Dispon\u00edveis os gabaritos das provas do Processo Seletivo Especial da UFPA, UNIFESSPA e UEPA.","datePublished":"2019-08-13T03:30:19+00:00","dateModified":"2022-12-21T03:59:51+00:00","mainEntityOfPage":{"@id":"https:\/\/portalfadesp.org.br\/?p=3484"},"wordCount":490,"commentCount":0,"publisher":{"@id":"https:\/\/portalfadesp.org.br\/#organization"},"image":{"@id":"https:\/\/portalfadesp.org.br\/?p=3484#primaryimage"},"thumbnailUrl":"https:\/\/portalfadesp.org.br\/wp-content\/uploads\/2019\/07\/rotativo-prosel-2019.jpg","keywords":["bacharelado","gradua\u00e7\u00e3o","interioriza\u00e7\u00e3o","processo seletivo","UEPA","UFPA","UNIFESSPA"],"articleSection":["Geral"],"inLanguage":"pt-BR"},{"@type":"WebPage","@id":"https:\/\/portalfadesp.org.br\/?p=3484","url":"https:\/\/portalfadesp.org.br\/?p=3484","name":"Dispon\u00edveis os gabaritos das provas do Processo Seletivo Especial da UFPA, UNIFESSPA e UEPA. - FADESP","isPartOf":{"@id":"https:\/\/portalfadesp.org.br\/#website"},"primaryImageOfPage":{"@id":"https:\/\/portalfadesp.org.br\/?p=3484#primaryimage"},"image":{"@id":"https:\/\/portalfadesp.org.br\/?p=3484#primaryimage"},"thumbnailUrl":"https:\/\/portalfadesp.org.br\/wp-content\/uploads\/2019\/07\/rotativo-prosel-2019.jpg","datePublished":"2019-08-13T03:30:19+00:00","dateModified":"2022-12-21T03:59:51+00:00","breadcrumb":{"@id":"https:\/\/portalfadesp.org.br\/?p=3484#breadcrumb"},"inLanguage":"pt-BR","potentialAction":[{"@type":"ReadAction","target":["https:\/\/portalfadesp.org.br\/?p=3484"]}]},{"@type":"ImageObject","inLanguage":"pt-BR","@id":"https:\/\/portalfadesp.org.br\/?p=3484#primaryimage","url":"https:\/\/portalfadesp.org.br\/wp-content\/uploads\/2019\/07\/rotativo-prosel-2019.jpg","contentUrl":"https:\/\/portalfadesp.org.br\/wp-content\/uploads\/2019\/07\/rotativo-prosel-2019.jpg","width":900,"height":700},{"@type":"BreadcrumbList","@id":"https:\/\/portalfadesp.org.br\/?p=3484#breadcrumb","itemListElement":[{"@type":"ListItem","position":1,"name":"In\u00edcio","item":"https:\/\/portalfadesp.org.br\/"},{"@type":"ListItem","position":2,"name":"Dispon\u00edveis os gabaritos das provas do Processo Seletivo Especial da UFPA, UNIFESSPA e UEPA."}]},{"@type":"WebSite","@id":"https:\/\/portalfadesp.org.br\/#website","url":"https:\/\/portalfadesp.org.br\/","name":"FADESP","description":"Funda\u00e7\u00e3o de Amparo e Desenvolvimento da Pesquisa","publisher":{"@id":"https:\/\/portalfadesp.org.br\/#organization"},"potentialAction":[{"@type":"SearchAction","target":{"@type":"EntryPoint","urlTemplate":"https:\/\/portalfadesp.org.br\/?s={search_term_string}"},"query-input":{"@type":"PropertyValueSpecification","valueRequired":true,"valueName":"search_term_string"}}],"inLanguage":"pt-BR"},{"@type":"Organization","@id":"https:\/\/portalfadesp.org.br\/#organization","name":"FADESP","url":"https:\/\/portalfadesp.org.br\/","logo":{"@type":"ImageObject","inLanguage":"pt-BR","@id":"https:\/\/portalfadesp.org.br\/#\/schema\/logo\/image\/","url":"https:\/\/portalfadesp.org.br\/wp-content\/uploads\/2024\/01\/NOVOLOGOFADESPlaranjaH.png","contentUrl":"https:\/\/portalfadesp.org.br\/wp-content\/uploads\/2024\/01\/NOVOLOGOFADESPlaranjaH.png","width":2742,"height":839,"caption":"FADESP"},"image":{"@id":"https:\/\/portalfadesp.org.br\/#\/schema\/logo\/image\/"},"sameAs":["https:\/\/www.facebook.com\/Fadesp-138351949524662\/","https:\/\/x.com\/Fadesp","https:\/\/www.instagram.com\/fadesp_ufpa\/","https:\/\/www.youtube.com\/@fundacaodeamparoedesenvolv1903","https:\/\/www.threads.net\/@fadesp_ufpa"]},{"@type":"Person","@id":"https:\/\/portalfadesp.org.br\/#\/schema\/person\/c1fa9db0c87dc412d1568e0e5e27be9c","name":"Lorena Filgueiras","image":{"@type":"ImageObject","inLanguage":"pt-BR","@id":"https:\/\/portalfadesp.org.br\/#\/schema\/person\/image\/","url":"https:\/\/secure.gravatar.com\/avatar\/37390a2dfe1325c2917fc5f6df471abe8ab753cf23b2d14690f57bd61ab4b7cf?s=96&d=mm&r=g","contentUrl":"https:\/\/secure.gravatar.com\/avatar\/37390a2dfe1325c2917fc5f6df471abe8ab753cf23b2d14690f57bd61ab4b7cf?s=96&d=mm&r=g","caption":"Lorena Filgueiras"},"url":"https:\/\/portalfadesp.org.br\/?author=11"}]}},"_links":{"self":[{"href":"https:\/\/portalfadesp.org.br\/index.php?rest_route=\/wp\/v2\/posts\/3484","targetHints":{"allow":["GET"]}}],"collection":[{"href":"https:\/\/portalfadesp.org.br\/index.php?rest_route=\/wp\/v2\/posts"}],"about":[{"href":"https:\/\/portalfadesp.org.br\/index.php?rest_route=\/wp\/v2\/types\/post"}],"author":[{"embeddable":true,"href":"https:\/\/portalfadesp.org.br\/index.php?rest_route=\/wp\/v2\/users\/11"}],"replies":[{"embeddable":true,"href":"https:\/\/portalfadesp.org.br\/index.php?rest_route=%2Fwp%2Fv2%2Fcomments&post=3484"}],"version-history":[{"count":7,"href":"https:\/\/portalfadesp.org.br\/index.php?rest_route=\/wp\/v2\/posts\/3484\/revisions"}],"predecessor-version":[{"id":37881,"href":"https:\/\/portalfadesp.org.br\/index.php?rest_route=\/wp\/v2\/posts\/3484\/revisions\/37881"}],"wp:featuredmedia":[{"embeddable":true,"href":"https:\/\/portalfadesp.org.br\/index.php?rest_route=\/wp\/v2\/media\/3013"}],"wp:attachment":[{"href":"https:\/\/portalfadesp.org.br\/index.php?rest_route=%2Fwp%2Fv2%2Fmedia&parent=3484"}],"wp:term":[{"taxonomy":"category","embeddable":true,"href":"https:\/\/portalfadesp.org.br\/index.php?rest_route=%2Fwp%2Fv2%2Fcategories&post=3484"},{"taxonomy":"post_tag","embeddable":true,"href":"https:\/\/portalfadesp.org.br\/index.php?rest_route=%2Fwp%2Fv2%2Ftags&post=3484"}],"curies":[{"name":"wp","href":"https:\/\/api.w.org\/{rel}","templated":true}]}}