{"id":3476,"date":"2019-08-12T23:11:44","date_gmt":"2019-08-13T02:11:44","guid":{"rendered":"https:\/\/162.215.13.167?p=3476"},"modified":"2022-12-21T00:55:45","modified_gmt":"2022-12-21T03:55:45","slug":"apoio-fadesp-universitec-realizara-o-desafio-inove-2019-as-inscricoes-serao-realizadas-ate-o-dia-21-de-agosto","status":"publish","type":"post","link":"https:\/\/portalfadesp.org.br\/?p=3476","title":{"rendered":"APOIO FADESP: Universitec realizar\u00e1 o Desafio Inove+ 2019. As inscri\u00e7\u00f5es ser\u00e3o realizadas at\u00e9 o dia 21 de agosto."},"content":{"rendered":"\t\t<div data-elementor-type=\"wp-post\" data-elementor-id=\"3476\" class=\"elementor elementor-3476\" data-elementor-post-type=\"post\">\n\t\t\t\t\t\t<section class=\"elementor-section elementor-top-section elementor-element elementor-element-6c82fc77 elementor-section-boxed elementor-section-height-default elementor-section-height-default\" data-id=\"6c82fc77\" data-element_type=\"section\">\n\t\t\t\t\t\t<div class=\"elementor-container elementor-column-gap-default\">\n\t\t\t\t\t<div class=\"elementor-column elementor-col-100 elementor-top-column elementor-element elementor-element-116fee79\" data-id=\"116fee79\" data-element_type=\"column\">\n\t\t\t<div class=\"elementor-widget-wrap elementor-element-populated\">\n\t\t\t\t\t\t<div class=\"elementor-element elementor-element-11fc90f9 elementor-widget elementor-widget-text-editor\" data-id=\"11fc90f9\" data-element_type=\"widget\" data-widget_type=\"text-editor.default\">\n\t\t\t\t<div class=\"elementor-widget-container\">\n\t\t\t\t\t\t\t\t\t\n<p><img fetchpriority=\"high\" decoding=\"async\" class=\"size-medium wp-image-3475 alignright\" src=\"..\/wp-content\/uploads\/2019\/08\/Banner-Inove-300x170.png\" alt=\"\" width=\"300\" height=\"170\" srcset=\"https:\/\/portalfadesp.org.br\/wp-content\/uploads\/2019\/08\/Banner-Inove-300x170.png 300w, https:\/\/portalfadesp.org.br\/wp-content\/uploads\/2019\/08\/Banner-Inove.png 746w\" sizes=\"(max-width: 300px) 100vw, 300px\" \/>Est\u00e3o abertas at\u00e9 o dia\u00a021 de agosto\u00a0as inscri\u00e7\u00f5es para o <a href=\"https:\/\/desafioinovemais.com.br\/\" target=\"_blank\" rel=\"noopener\"><strong>Desafio Inove+ 2019<\/strong><\/a>, a maior competi\u00e7\u00e3o universit\u00e1ria de empreendedorismo e inova\u00e7\u00e3o do Par\u00e1. O evento \u00e9 organizado pela Ag\u00eancia de Inova\u00e7\u00e3o Tecnol\u00f3gica da Universidade Federal do Par\u00e1 (Universitec\/UFPA) e tem o apoio da FADESP. Durante quatro semanas de programa\u00e7\u00e3o, os participantes ter\u00e3o uma imers\u00e3o em tem\u00e1ticas voltadas a neg\u00f3cios com especialistas de diversas \u00e1reas. O evento, aberto aos alunos de gradua\u00e7\u00e3o e p\u00f3s-gradua\u00e7\u00e3o das institui\u00e7\u00f5es de ensino superior do Par\u00e1, ocorre de\u00a024 de agosto\u00a0a\u00a021 de setembro.<\/p>\n\n\n\n<p>A competi\u00e7\u00e3o \u00e9 uma oportunidade para os alunos colocarem em pr\u00e1tica o conhecimento adquirido no meio acad\u00eamico para a elabora\u00e7\u00e3o de novos produtos, processos ou servi\u00e7os que ultrapassem os muros da Universidade\u00a0e satisfa\u00e7am demandas da sociedade, contribuindo, assim, para o desenvolvimento da Amaz\u00f4nia e do Brasil.<\/p>\n\n\n\n<p><strong>Novidades \u2013\u00a0<\/strong>Em 2019, o Desafio Inove+ traz novidades em rela\u00e7\u00e3o \u00e0 edi\u00e7\u00e3o anterior, que ocorreu em 2017. A principal delas \u00e9 a cria\u00e7\u00e3o da categoria Neg\u00f3cios Sustent\u00e1veis, que contempla aqueles empreendimentos que, al\u00e9m de serem vi\u00e1veis economicamente, t\u00eam a miss\u00e3o expl\u00edcita de gerar benef\u00edcios socioambientais ao mesmo tempo em que geram receita pr\u00f3pria.<\/p>\n\n\n\n<p>Este ano, o evento ampliou o n\u00famero de projetos que ser\u00e3o premiados, bem como a quantidade de mentores e avaliadores. Al\u00e9m disso, o Desafio contar\u00e1 com mais investidores e aceleradoras no corpo de jurados da final.<\/p>\n\n\n\n<p><strong>Inscri\u00e7\u00f5es \u2013\u00a0<\/strong>As inscri\u00e7\u00f5es podem ser feitas pelo\u00a0<a href=\"https:\/\/desafioinovemais.com.br\/\" target=\"_blank\" rel=\"noreferrer noopener\">site do Desafio Inove+<\/a>\u00a0at\u00e9 o dia\u00a021 de agosto. Os alunos devem escolher uma entre tr\u00eas categorias para participar: formulador, para quem tem uma ideia pass\u00edvel de aprimoramento capaz de criar potencial para gerar neg\u00f3cio; colaborador, para quem possui interesse e\/ou habilidades e que queira competir como membro de uma das equipes do Desafio; e observador, destinado para quem deseja acompanhar como espectador a competi\u00e7\u00e3o.<\/p>\n\n\n\n<p><strong>Servi\u00e7o \u2013\u00a0<\/strong>O Desafio Inove+ 2019 ser\u00e1 de\u00a024 de agosto\u00a0a\u00a021 de setembro\u00a0de 2019, na Universidade Federal do Par\u00e1. O per\u00edodo de inscri\u00e7\u00f5es vai de\u00a018 de junho\u00a0a\u00a021 de agosto.<\/p>\n\n\n\n<p>Para mais informa\u00e7\u00f5es, acesse o regulamento completo do Desafio\u00a0<a href=\"https:\/\/drive.google.com\/file\/d\/1F8eK75aMTiysPNo-SdjjGs9I4gPUo3YJ\/view\" target=\"_blank\" rel=\"noreferrer noopener\">aqui<\/a>. D\u00favidas, acesse o nosso\u00a0<a href=\"https:\/\/desafioinovemais.com.br\/perguntas-frequentes\/\" target=\"_blank\" rel=\"noreferrer noopener\">FAQ<\/a>\u00a0ou entre em contato conosco por\u00a0<a href=\"mailto:+contato@desafioinovemais.com.br\" target=\"_blank\" rel=\"noreferrer noopener\">e-mail<\/a>.<\/p>\n\n\n\n<p><em><strong>Texto: Orlando Haber\/Ascom Universitec.<\/strong><\/em><\/p>\n\n\n\n<p><em><strong>Foto: Reprodu\u00e7\u00e3o\/Ascom Universitec.<\/strong><\/em><\/p>\n\t\t\t\t\t\t\t\t<\/div>\n\t\t\t\t<\/div>\n\t\t\t\t\t<\/div>\n\t\t<\/div>\n\t\t\t\t\t<\/div>\n\t\t<\/section>\n\t\t\t\t<\/div>\n\t\t","protected":false},"excerpt":{"rendered":"<p>Est\u00e3o abertas at\u00e9 o dia\u00a021 de agosto\u00a0as inscri\u00e7\u00f5es para o Desafio Inove+ 2019, a maior competi\u00e7\u00e3o universit\u00e1ria de empreendedorismo e inova\u00e7\u00e3o do Par\u00e1. O evento \u00e9 organizado pela Ag\u00eancia de Inova\u00e7\u00e3o Tecnol\u00f3gica da Universidade Federal do Par\u00e1 (Universitec\/UFPA) e tem o apoio da FADESP. Durante quatro semanas de programa\u00e7\u00e3o, os participantes ter\u00e3o uma imers\u00e3o em [&hellip;]<\/p>\n","protected":false},"author":11,"featured_media":3475,"comment_status":"closed","ping_status":"closed","sticky":false,"template":"","format":"standard","meta":{"_monsterinsights_skip_tracking":false,"_monsterinsights_sitenote_active":false,"_monsterinsights_sitenote_note":"","_monsterinsights_sitenote_category":0,"footnotes":""},"categories":[1],"tags":[79,78,80,33,81],"class_list":["post-3476","post","type-post","status-publish","format-standard","has-post-thumbnail","hentry","category-geral","tag-apoiofadesp","tag-inovacao","tag-pesquisa","tag-ufpa","tag-universitec","entry","has-media"],"yoast_head":"<!-- This site is optimized with the Yoast SEO plugin v25.1 - https:\/\/yoast.com\/wordpress\/plugins\/seo\/ -->\n<title>APOIO FADESP: Universitec realizar\u00e1 o Desafio Inove+ 2019. As inscri\u00e7\u00f5es ser\u00e3o realizadas at\u00e9 o dia 21 de agosto. - FADESP<\/title>\n<meta name=\"robots\" content=\"index, follow, max-snippet:-1, max-image-preview:large, max-video-preview:-1\" \/>\n<link rel=\"canonical\" href=\"https:\/\/portalfadesp.org.br\/?p=3476\" \/>\n<meta property=\"og:locale\" content=\"pt_BR\" \/>\n<meta property=\"og:type\" content=\"article\" \/>\n<meta property=\"og:title\" content=\"APOIO FADESP: Universitec realizar\u00e1 o Desafio Inove+ 2019. As inscri\u00e7\u00f5es ser\u00e3o realizadas at\u00e9 o dia 21 de agosto. - FADESP\" \/>\n<meta property=\"og:description\" content=\"Est\u00e3o abertas at\u00e9 o dia\u00a021 de agosto\u00a0as inscri\u00e7\u00f5es para o Desafio Inove+ 2019, a maior competi\u00e7\u00e3o universit\u00e1ria de empreendedorismo e inova\u00e7\u00e3o do Par\u00e1. O evento \u00e9 organizado pela Ag\u00eancia de Inova\u00e7\u00e3o Tecnol\u00f3gica da Universidade Federal do Par\u00e1 (Universitec\/UFPA) e tem o apoio da FADESP. Durante quatro semanas de programa\u00e7\u00e3o, os participantes ter\u00e3o uma imers\u00e3o em [&hellip;]\" \/>\n<meta property=\"og:url\" content=\"https:\/\/portalfadesp.org.br\/?p=3476\" \/>\n<meta property=\"og:site_name\" content=\"FADESP\" \/>\n<meta property=\"article:publisher\" content=\"https:\/\/www.facebook.com\/Fadesp-138351949524662\/\" \/>\n<meta property=\"article:published_time\" content=\"2019-08-13T02:11:44+00:00\" \/>\n<meta property=\"article:modified_time\" content=\"2022-12-21T03:55:45+00:00\" \/>\n<meta property=\"og:image\" content=\"https:\/\/portalfadesp.org.br\/wp-content\/uploads\/2019\/08\/Banner-Inove.png\" \/>\n\t<meta property=\"og:image:width\" content=\"746\" \/>\n\t<meta property=\"og:image:height\" content=\"423\" \/>\n\t<meta property=\"og:image:type\" content=\"image\/png\" \/>\n<meta name=\"author\" content=\"Lorena Filgueiras\" \/>\n<meta name=\"twitter:card\" content=\"summary_large_image\" \/>\n<meta name=\"twitter:creator\" content=\"@Fadesp\" \/>\n<meta name=\"twitter:site\" content=\"@Fadesp\" \/>\n<meta name=\"twitter:label1\" content=\"Escrito por\" \/>\n\t<meta name=\"twitter:data1\" content=\"Lorena Filgueiras\" \/>\n\t<meta name=\"twitter:label2\" content=\"Est. tempo de leitura\" \/>\n\t<meta name=\"twitter:data2\" content=\"2 minutos\" \/>\n<script type=\"application\/ld+json\" class=\"yoast-schema-graph\">{\"@context\":\"https:\/\/schema.org\",\"@graph\":[{\"@type\":\"Article\",\"@id\":\"https:\/\/portalfadesp.org.br\/?p=3476#article\",\"isPartOf\":{\"@id\":\"https:\/\/portalfadesp.org.br\/?p=3476\"},\"author\":{\"name\":\"Lorena Filgueiras\",\"@id\":\"https:\/\/portalfadesp.org.br\/#\/schema\/person\/c1fa9db0c87dc412d1568e0e5e27be9c\"},\"headline\":\"APOIO FADESP: Universitec realizar\u00e1 o Desafio Inove+ 2019. As inscri\u00e7\u00f5es ser\u00e3o realizadas at\u00e9 o dia 21 de agosto.\",\"datePublished\":\"2019-08-13T02:11:44+00:00\",\"dateModified\":\"2022-12-21T03:55:45+00:00\",\"mainEntityOfPage\":{\"@id\":\"https:\/\/portalfadesp.org.br\/?p=3476\"},\"wordCount\":419,\"publisher\":{\"@id\":\"https:\/\/portalfadesp.org.br\/#organization\"},\"image\":{\"@id\":\"https:\/\/portalfadesp.org.br\/?p=3476#primaryimage\"},\"thumbnailUrl\":\"https:\/\/portalfadesp.org.br\/wp-content\/uploads\/2019\/08\/Banner-Inove.png\",\"keywords\":[\"APOIOFADESP\",\"INOVA\u00c7\u00c3O\",\"PESQUISA\",\"UFPA\",\"UNIVERSITEC\"],\"articleSection\":[\"Geral\"],\"inLanguage\":\"pt-BR\"},{\"@type\":\"WebPage\",\"@id\":\"https:\/\/portalfadesp.org.br\/?p=3476\",\"url\":\"https:\/\/portalfadesp.org.br\/?p=3476\",\"name\":\"APOIO FADESP: Universitec realizar\u00e1 o Desafio Inove+ 2019. As inscri\u00e7\u00f5es ser\u00e3o realizadas at\u00e9 o dia 21 de agosto. - FADESP\",\"isPartOf\":{\"@id\":\"https:\/\/portalfadesp.org.br\/#website\"},\"primaryImageOfPage\":{\"@id\":\"https:\/\/portalfadesp.org.br\/?p=3476#primaryimage\"},\"image\":{\"@id\":\"https:\/\/portalfadesp.org.br\/?p=3476#primaryimage\"},\"thumbnailUrl\":\"https:\/\/portalfadesp.org.br\/wp-content\/uploads\/2019\/08\/Banner-Inove.png\",\"datePublished\":\"2019-08-13T02:11:44+00:00\",\"dateModified\":\"2022-12-21T03:55:45+00:00\",\"breadcrumb\":{\"@id\":\"https:\/\/portalfadesp.org.br\/?p=3476#breadcrumb\"},\"inLanguage\":\"pt-BR\",\"potentialAction\":[{\"@type\":\"ReadAction\",\"target\":[\"https:\/\/portalfadesp.org.br\/?p=3476\"]}]},{\"@type\":\"ImageObject\",\"inLanguage\":\"pt-BR\",\"@id\":\"https:\/\/portalfadesp.org.br\/?p=3476#primaryimage\",\"url\":\"https:\/\/portalfadesp.org.br\/wp-content\/uploads\/2019\/08\/Banner-Inove.png\",\"contentUrl\":\"https:\/\/portalfadesp.org.br\/wp-content\/uploads\/2019\/08\/Banner-Inove.png\",\"width\":746,\"height\":423},{\"@type\":\"BreadcrumbList\",\"@id\":\"https:\/\/portalfadesp.org.br\/?p=3476#breadcrumb\",\"itemListElement\":[{\"@type\":\"ListItem\",\"position\":1,\"name\":\"In\u00edcio\",\"item\":\"https:\/\/portalfadesp.org.br\/\"},{\"@type\":\"ListItem\",\"position\":2,\"name\":\"APOIO FADESP: Universitec realizar\u00e1 o Desafio Inove+ 2019. As inscri\u00e7\u00f5es ser\u00e3o realizadas at\u00e9 o dia 21 de agosto.\"}]},{\"@type\":\"WebSite\",\"@id\":\"https:\/\/portalfadesp.org.br\/#website\",\"url\":\"https:\/\/portalfadesp.org.br\/\",\"name\":\"FADESP\",\"description\":\"Funda\u00e7\u00e3o de Amparo e Desenvolvimento da Pesquisa\",\"publisher\":{\"@id\":\"https:\/\/portalfadesp.org.br\/#organization\"},\"potentialAction\":[{\"@type\":\"SearchAction\",\"target\":{\"@type\":\"EntryPoint\",\"urlTemplate\":\"https:\/\/portalfadesp.org.br\/?s={search_term_string}\"},\"query-input\":{\"@type\":\"PropertyValueSpecification\",\"valueRequired\":true,\"valueName\":\"search_term_string\"}}],\"inLanguage\":\"pt-BR\"},{\"@type\":\"Organization\",\"@id\":\"https:\/\/portalfadesp.org.br\/#organization\",\"name\":\"FADESP\",\"url\":\"https:\/\/portalfadesp.org.br\/\",\"logo\":{\"@type\":\"ImageObject\",\"inLanguage\":\"pt-BR\",\"@id\":\"https:\/\/portalfadesp.org.br\/#\/schema\/logo\/image\/\",\"url\":\"https:\/\/portalfadesp.org.br\/wp-content\/uploads\/2024\/01\/NOVOLOGOFADESPlaranjaH.png\",\"contentUrl\":\"https:\/\/portalfadesp.org.br\/wp-content\/uploads\/2024\/01\/NOVOLOGOFADESPlaranjaH.png\",\"width\":2742,\"height\":839,\"caption\":\"FADESP\"},\"image\":{\"@id\":\"https:\/\/portalfadesp.org.br\/#\/schema\/logo\/image\/\"},\"sameAs\":[\"https:\/\/www.facebook.com\/Fadesp-138351949524662\/\",\"https:\/\/x.com\/Fadesp\",\"https:\/\/www.instagram.com\/fadesp_ufpa\/\",\"https:\/\/www.youtube.com\/@fundacaodeamparoedesenvolv1903\",\"https:\/\/www.threads.net\/@fadesp_ufpa\"]},{\"@type\":\"Person\",\"@id\":\"https:\/\/portalfadesp.org.br\/#\/schema\/person\/c1fa9db0c87dc412d1568e0e5e27be9c\",\"name\":\"Lorena Filgueiras\",\"image\":{\"@type\":\"ImageObject\",\"inLanguage\":\"pt-BR\",\"@id\":\"https:\/\/portalfadesp.org.br\/#\/schema\/person\/image\/\",\"url\":\"https:\/\/secure.gravatar.com\/avatar\/37390a2dfe1325c2917fc5f6df471abe8ab753cf23b2d14690f57bd61ab4b7cf?s=96&d=mm&r=g\",\"contentUrl\":\"https:\/\/secure.gravatar.com\/avatar\/37390a2dfe1325c2917fc5f6df471abe8ab753cf23b2d14690f57bd61ab4b7cf?s=96&d=mm&r=g\",\"caption\":\"Lorena Filgueiras\"},\"url\":\"https:\/\/portalfadesp.org.br\/?author=11\"}]}<\/script>\n<!-- \/ Yoast SEO plugin. -->","yoast_head_json":{"title":"APOIO FADESP: Universitec realizar\u00e1 o Desafio Inove+ 2019. As inscri\u00e7\u00f5es ser\u00e3o realizadas at\u00e9 o dia 21 de agosto. - FADESP","robots":{"index":"index","follow":"follow","max-snippet":"max-snippet:-1","max-image-preview":"max-image-preview:large","max-video-preview":"max-video-preview:-1"},"canonical":"https:\/\/portalfadesp.org.br\/?p=3476","og_locale":"pt_BR","og_type":"article","og_title":"APOIO FADESP: Universitec realizar\u00e1 o Desafio Inove+ 2019. As inscri\u00e7\u00f5es ser\u00e3o realizadas at\u00e9 o dia 21 de agosto. - FADESP","og_description":"Est\u00e3o abertas at\u00e9 o dia\u00a021 de agosto\u00a0as inscri\u00e7\u00f5es para o Desafio Inove+ 2019, a maior competi\u00e7\u00e3o universit\u00e1ria de empreendedorismo e inova\u00e7\u00e3o do Par\u00e1. O evento \u00e9 organizado pela Ag\u00eancia de Inova\u00e7\u00e3o Tecnol\u00f3gica da Universidade Federal do Par\u00e1 (Universitec\/UFPA) e tem o apoio da FADESP. Durante quatro semanas de programa\u00e7\u00e3o, os participantes ter\u00e3o uma imers\u00e3o em [&hellip;]","og_url":"https:\/\/portalfadesp.org.br\/?p=3476","og_site_name":"FADESP","article_publisher":"https:\/\/www.facebook.com\/Fadesp-138351949524662\/","article_published_time":"2019-08-13T02:11:44+00:00","article_modified_time":"2022-12-21T03:55:45+00:00","og_image":[{"width":746,"height":423,"url":"https:\/\/portalfadesp.org.br\/wp-content\/uploads\/2019\/08\/Banner-Inove.png","type":"image\/png"}],"author":"Lorena Filgueiras","twitter_card":"summary_large_image","twitter_creator":"@Fadesp","twitter_site":"@Fadesp","twitter_misc":{"Escrito por":"Lorena Filgueiras","Est. tempo de leitura":"2 minutos"},"schema":{"@context":"https:\/\/schema.org","@graph":[{"@type":"Article","@id":"https:\/\/portalfadesp.org.br\/?p=3476#article","isPartOf":{"@id":"https:\/\/portalfadesp.org.br\/?p=3476"},"author":{"name":"Lorena Filgueiras","@id":"https:\/\/portalfadesp.org.br\/#\/schema\/person\/c1fa9db0c87dc412d1568e0e5e27be9c"},"headline":"APOIO FADESP: Universitec realizar\u00e1 o Desafio Inove+ 2019. As inscri\u00e7\u00f5es ser\u00e3o realizadas at\u00e9 o dia 21 de agosto.","datePublished":"2019-08-13T02:11:44+00:00","dateModified":"2022-12-21T03:55:45+00:00","mainEntityOfPage":{"@id":"https:\/\/portalfadesp.org.br\/?p=3476"},"wordCount":419,"publisher":{"@id":"https:\/\/portalfadesp.org.br\/#organization"},"image":{"@id":"https:\/\/portalfadesp.org.br\/?p=3476#primaryimage"},"thumbnailUrl":"https:\/\/portalfadesp.org.br\/wp-content\/uploads\/2019\/08\/Banner-Inove.png","keywords":["APOIOFADESP","INOVA\u00c7\u00c3O","PESQUISA","UFPA","UNIVERSITEC"],"articleSection":["Geral"],"inLanguage":"pt-BR"},{"@type":"WebPage","@id":"https:\/\/portalfadesp.org.br\/?p=3476","url":"https:\/\/portalfadesp.org.br\/?p=3476","name":"APOIO FADESP: Universitec realizar\u00e1 o Desafio Inove+ 2019. As inscri\u00e7\u00f5es ser\u00e3o realizadas at\u00e9 o dia 21 de agosto. - FADESP","isPartOf":{"@id":"https:\/\/portalfadesp.org.br\/#website"},"primaryImageOfPage":{"@id":"https:\/\/portalfadesp.org.br\/?p=3476#primaryimage"},"image":{"@id":"https:\/\/portalfadesp.org.br\/?p=3476#primaryimage"},"thumbnailUrl":"https:\/\/portalfadesp.org.br\/wp-content\/uploads\/2019\/08\/Banner-Inove.png","datePublished":"2019-08-13T02:11:44+00:00","dateModified":"2022-12-21T03:55:45+00:00","breadcrumb":{"@id":"https:\/\/portalfadesp.org.br\/?p=3476#breadcrumb"},"inLanguage":"pt-BR","potentialAction":[{"@type":"ReadAction","target":["https:\/\/portalfadesp.org.br\/?p=3476"]}]},{"@type":"ImageObject","inLanguage":"pt-BR","@id":"https:\/\/portalfadesp.org.br\/?p=3476#primaryimage","url":"https:\/\/portalfadesp.org.br\/wp-content\/uploads\/2019\/08\/Banner-Inove.png","contentUrl":"https:\/\/portalfadesp.org.br\/wp-content\/uploads\/2019\/08\/Banner-Inove.png","width":746,"height":423},{"@type":"BreadcrumbList","@id":"https:\/\/portalfadesp.org.br\/?p=3476#breadcrumb","itemListElement":[{"@type":"ListItem","position":1,"name":"In\u00edcio","item":"https:\/\/portalfadesp.org.br\/"},{"@type":"ListItem","position":2,"name":"APOIO FADESP: Universitec realizar\u00e1 o Desafio Inove+ 2019. As inscri\u00e7\u00f5es ser\u00e3o realizadas at\u00e9 o dia 21 de agosto."}]},{"@type":"WebSite","@id":"https:\/\/portalfadesp.org.br\/#website","url":"https:\/\/portalfadesp.org.br\/","name":"FADESP","description":"Funda\u00e7\u00e3o de Amparo e Desenvolvimento da Pesquisa","publisher":{"@id":"https:\/\/portalfadesp.org.br\/#organization"},"potentialAction":[{"@type":"SearchAction","target":{"@type":"EntryPoint","urlTemplate":"https:\/\/portalfadesp.org.br\/?s={search_term_string}"},"query-input":{"@type":"PropertyValueSpecification","valueRequired":true,"valueName":"search_term_string"}}],"inLanguage":"pt-BR"},{"@type":"Organization","@id":"https:\/\/portalfadesp.org.br\/#organization","name":"FADESP","url":"https:\/\/portalfadesp.org.br\/","logo":{"@type":"ImageObject","inLanguage":"pt-BR","@id":"https:\/\/portalfadesp.org.br\/#\/schema\/logo\/image\/","url":"https:\/\/portalfadesp.org.br\/wp-content\/uploads\/2024\/01\/NOVOLOGOFADESPlaranjaH.png","contentUrl":"https:\/\/portalfadesp.org.br\/wp-content\/uploads\/2024\/01\/NOVOLOGOFADESPlaranjaH.png","width":2742,"height":839,"caption":"FADESP"},"image":{"@id":"https:\/\/portalfadesp.org.br\/#\/schema\/logo\/image\/"},"sameAs":["https:\/\/www.facebook.com\/Fadesp-138351949524662\/","https:\/\/x.com\/Fadesp","https:\/\/www.instagram.com\/fadesp_ufpa\/","https:\/\/www.youtube.com\/@fundacaodeamparoedesenvolv1903","https:\/\/www.threads.net\/@fadesp_ufpa"]},{"@type":"Person","@id":"https:\/\/portalfadesp.org.br\/#\/schema\/person\/c1fa9db0c87dc412d1568e0e5e27be9c","name":"Lorena Filgueiras","image":{"@type":"ImageObject","inLanguage":"pt-BR","@id":"https:\/\/portalfadesp.org.br\/#\/schema\/person\/image\/","url":"https:\/\/secure.gravatar.com\/avatar\/37390a2dfe1325c2917fc5f6df471abe8ab753cf23b2d14690f57bd61ab4b7cf?s=96&d=mm&r=g","contentUrl":"https:\/\/secure.gravatar.com\/avatar\/37390a2dfe1325c2917fc5f6df471abe8ab753cf23b2d14690f57bd61ab4b7cf?s=96&d=mm&r=g","caption":"Lorena Filgueiras"},"url":"https:\/\/portalfadesp.org.br\/?author=11"}]}},"_links":{"self":[{"href":"https:\/\/portalfadesp.org.br\/index.php?rest_route=\/wp\/v2\/posts\/3476","targetHints":{"allow":["GET"]}}],"collection":[{"href":"https:\/\/portalfadesp.org.br\/index.php?rest_route=\/wp\/v2\/posts"}],"about":[{"href":"https:\/\/portalfadesp.org.br\/index.php?rest_route=\/wp\/v2\/types\/post"}],"author":[{"embeddable":true,"href":"https:\/\/portalfadesp.org.br\/index.php?rest_route=\/wp\/v2\/users\/11"}],"replies":[{"embeddable":true,"href":"https:\/\/portalfadesp.org.br\/index.php?rest_route=%2Fwp%2Fv2%2Fcomments&post=3476"}],"version-history":[{"count":8,"href":"https:\/\/portalfadesp.org.br\/index.php?rest_route=\/wp\/v2\/posts\/3476\/revisions"}],"predecessor-version":[{"id":37871,"href":"https:\/\/portalfadesp.org.br\/index.php?rest_route=\/wp\/v2\/posts\/3476\/revisions\/37871"}],"wp:featuredmedia":[{"embeddable":true,"href":"https:\/\/portalfadesp.org.br\/index.php?rest_route=\/wp\/v2\/media\/3475"}],"wp:attachment":[{"href":"https:\/\/portalfadesp.org.br\/index.php?rest_route=%2Fwp%2Fv2%2Fmedia&parent=3476"}],"wp:term":[{"taxonomy":"category","embeddable":true,"href":"https:\/\/portalfadesp.org.br\/index.php?rest_route=%2Fwp%2Fv2%2Fcategories&post=3476"},{"taxonomy":"post_tag","embeddable":true,"href":"https:\/\/portalfadesp.org.br\/index.php?rest_route=%2Fwp%2Fv2%2Ftags&post=3476"}],"curies":[{"name":"wp","href":"https:\/\/api.w.org\/{rel}","templated":true}]}}