{"id":3381,"date":"2019-08-07T17:23:51","date_gmt":"2019-08-07T20:23:51","guid":{"rendered":"https:\/\/162.215.13.167?p=3381"},"modified":"2022-12-21T00:59:42","modified_gmt":"2022-12-21T03:59:42","slug":"faculdade-de-medicina-da-ufpa-campus-altamira-oferta-cinco-cursos-de-capacitacao-em-saude-inscricoes-ate-23-de-agosto","status":"publish","type":"post","link":"https:\/\/portalfadesp.org.br\/?p=3381","title":{"rendered":"Faculdade de Medicina da UFPA, Campus Altamira, oferta cinco cursos de capacita\u00e7\u00e3o em Sa\u00fade. Inscri\u00e7\u00f5es at\u00e9 23 de agosto."},"content":{"rendered":"\n<p class=\"has-very-dark-gray-color has-text-color\"><\/p>\n\n\n\n<p>Conforme o <strong><a href=\"..\/wp-content\/uploads\/2019\/08\/UFPA-Altamira-edital-de-capacita\u00e7\u00e3o-em-Sa\u00fade.pdf\" target=\"_blank\" rel=\"noreferrer noopener\">edital<\/a><\/strong>, o objetivo do curso \u00e9 promover a capacita\u00e7\u00e3o de profissionais no contexto da Educa\u00e7\u00e3o Permanente em Sa\u00fade, no \u00e2mbito da Forma\u00e7\u00e3o e da Educa\u00e7\u00e3o Continuada na Aten\u00e7\u00e3o Prim\u00e1ria em Sa\u00fade. A carga hor\u00e1ria \u00e9 de 64 horas, com aulas presenciais realizadas uma vez por semana, durante quatro meses.<\/p>\n\n\n\n<p>Como s\u00e3o autofinanciados, os cursos exigem investimento de R$ 300,00, sendo R$ 100,00 de matr\u00edcula e quatro parcelas mensais de R$ 50,00.<\/p>\n\n\n\n<p>Para se inscrever, o interessado deve preencher o formul\u00e1rio online no site da FADESP, \u00e1rea de cursos de qualifica\u00e7\u00e3o, gerar e pagar o boleto. O comprovante de pagamento deve ser entregue junto com as c\u00f3pias do RG, do CPF e do certificado\/declara\u00e7\u00e3o de conclus\u00e3o do ensino m\u00e9dio ou n\u00edvel superior na secretaria da Faculdade de Medicina, no campus de Altamira.<\/p>\n\n\n\n<p>Os cursos ofertados s\u00e3o Training em Doen\u00e7as Infectocontagiosas na Aten\u00e7\u00e3o B\u00e1sica \u00e0 Sa\u00fade, Training em Doen\u00e7as emergentes na Aten\u00e7\u00e3o Prim\u00e1ria \u00e0 Sa\u00fade, Training em Farmacologia e Toxicologia na Aten\u00e7\u00e3o \u00e0 sa\u00fade, Training em Histopatologia de Doen\u00e7as Cr\u00f4nicas aplicada \u00e0 Sa\u00fade e Training em Planejamento e Elabora\u00e7\u00e3o de Projetos de Pesquisa e Trabalhos Acad\u00eamicos para \u00e1rea de sa\u00fade.<\/p>\n\n\n\n<p>A coordena\u00e7\u00e3o dos cursos \u00e9 do professor Ademir Ferreira da Silva J\u00fanior, doutor em Neuroci\u00eancias e Biologia Celular. O quadro de docentes que ministrar\u00e1 as aulas e a descri\u00e7\u00e3o dos t\u00f3picos a serem abordados est\u00e3o no edital de oferta.<\/p>\n\n\n\n<p>Para mais informa\u00e7\u00f5es, ligar para (93) 2122-0563 ou enviar email para cemabs@ufpa.br .<\/p>\n\n\n\n<p>&nbsp;<\/p>\n","protected":false},"excerpt":{"rendered":"<p>Conforme o edital, o objetivo do curso \u00e9 promover a capacita\u00e7\u00e3o de profissionais no contexto da Educa\u00e7\u00e3o Permanente em Sa\u00fade, no \u00e2mbito da Forma\u00e7\u00e3o e da Educa\u00e7\u00e3o Continuada na Aten\u00e7\u00e3o Prim\u00e1ria em Sa\u00fade. A carga hor\u00e1ria \u00e9 de 64 horas, com aulas presenciais realizadas uma vez por semana, durante quatro meses. Como s\u00e3o autofinanciados, os [&hellip;]<\/p>\n","protected":false},"author":11,"featured_media":3618,"comment_status":"open","ping_status":"open","sticky":false,"template":"","format":"standard","meta":{"_monsterinsights_skip_tracking":false,"_monsterinsights_sitenote_active":false,"_monsterinsights_sitenote_note":"","_monsterinsights_sitenote_category":0,"footnotes":""},"categories":[1],"tags":[],"class_list":["post-3381","post","type-post","status-publish","format-standard","has-post-thumbnail","hentry","category-geral","entry","has-media"],"yoast_head":"<!-- This site is optimized with the Yoast SEO plugin v25.1 - https:\/\/yoast.com\/wordpress\/plugins\/seo\/ -->\n<title>Faculdade de Medicina da UFPA, Campus Altamira, oferta cinco cursos de capacita\u00e7\u00e3o em Sa\u00fade. Inscri\u00e7\u00f5es at\u00e9 23 de agosto. - FADESP<\/title>\n<meta name=\"robots\" content=\"index, follow, max-snippet:-1, max-image-preview:large, max-video-preview:-1\" \/>\n<link rel=\"canonical\" href=\"https:\/\/portalfadesp.org.br\/?p=3381\" \/>\n<meta property=\"og:locale\" content=\"pt_BR\" \/>\n<meta property=\"og:type\" content=\"article\" \/>\n<meta property=\"og:title\" content=\"Faculdade de Medicina da UFPA, Campus Altamira, oferta cinco cursos de capacita\u00e7\u00e3o em Sa\u00fade. Inscri\u00e7\u00f5es at\u00e9 23 de agosto. - FADESP\" \/>\n<meta property=\"og:description\" content=\"Conforme o edital, o objetivo do curso \u00e9 promover a capacita\u00e7\u00e3o de profissionais no contexto da Educa\u00e7\u00e3o Permanente em Sa\u00fade, no \u00e2mbito da Forma\u00e7\u00e3o e da Educa\u00e7\u00e3o Continuada na Aten\u00e7\u00e3o Prim\u00e1ria em Sa\u00fade. A carga hor\u00e1ria \u00e9 de 64 horas, com aulas presenciais realizadas uma vez por semana, durante quatro meses. Como s\u00e3o autofinanciados, os [&hellip;]\" \/>\n<meta property=\"og:url\" content=\"https:\/\/portalfadesp.org.br\/?p=3381\" \/>\n<meta property=\"og:site_name\" content=\"FADESP\" \/>\n<meta property=\"article:publisher\" content=\"https:\/\/www.facebook.com\/Fadesp-138351949524662\/\" \/>\n<meta property=\"article:published_time\" content=\"2019-08-07T20:23:51+00:00\" \/>\n<meta property=\"article:modified_time\" content=\"2022-12-21T03:59:42+00:00\" \/>\n<meta property=\"og:image\" content=\"https:\/\/portalfadesp.org.br\/wp-content\/uploads\/2019\/08\/2019-AGOSTO-CAPACITA\u00c7\u00c3O-SA\u00daDE-ALTAMIRA-1.jpg\" \/>\n\t<meta property=\"og:image:width\" content=\"902\" \/>\n\t<meta property=\"og:image:height\" content=\"700\" \/>\n\t<meta property=\"og:image:type\" content=\"image\/jpeg\" \/>\n<meta name=\"author\" content=\"Lorena Filgueiras\" \/>\n<meta name=\"twitter:card\" content=\"summary_large_image\" \/>\n<meta name=\"twitter:creator\" content=\"@Fadesp\" \/>\n<meta name=\"twitter:site\" content=\"@Fadesp\" \/>\n<meta name=\"twitter:label1\" content=\"Escrito por\" \/>\n\t<meta name=\"twitter:data1\" content=\"Lorena Filgueiras\" \/>\n\t<meta name=\"twitter:label2\" content=\"Est. tempo de leitura\" \/>\n\t<meta name=\"twitter:data2\" content=\"1 minuto\" \/>\n<script type=\"application\/ld+json\" class=\"yoast-schema-graph\">{\"@context\":\"https:\/\/schema.org\",\"@graph\":[{\"@type\":\"Article\",\"@id\":\"https:\/\/portalfadesp.org.br\/?p=3381#article\",\"isPartOf\":{\"@id\":\"https:\/\/portalfadesp.org.br\/?p=3381\"},\"author\":{\"name\":\"Lorena Filgueiras\",\"@id\":\"https:\/\/portalfadesp.org.br\/#\/schema\/person\/c1fa9db0c87dc412d1568e0e5e27be9c\"},\"headline\":\"Faculdade de Medicina da UFPA, Campus Altamira, oferta cinco cursos de capacita\u00e7\u00e3o em Sa\u00fade. Inscri\u00e7\u00f5es at\u00e9 23 de agosto.\",\"datePublished\":\"2019-08-07T20:23:51+00:00\",\"dateModified\":\"2022-12-21T03:59:42+00:00\",\"mainEntityOfPage\":{\"@id\":\"https:\/\/portalfadesp.org.br\/?p=3381\"},\"wordCount\":296,\"commentCount\":0,\"publisher\":{\"@id\":\"https:\/\/portalfadesp.org.br\/#organization\"},\"image\":{\"@id\":\"https:\/\/portalfadesp.org.br\/?p=3381#primaryimage\"},\"thumbnailUrl\":\"https:\/\/portalfadesp.org.br\/wp-content\/uploads\/2019\/08\/2019-AGOSTO-CAPACITA\u00c7\u00c3O-SA\u00daDE-ALTAMIRA-1.jpg\",\"articleSection\":[\"Geral\"],\"inLanguage\":\"pt-BR\"},{\"@type\":\"WebPage\",\"@id\":\"https:\/\/portalfadesp.org.br\/?p=3381\",\"url\":\"https:\/\/portalfadesp.org.br\/?p=3381\",\"name\":\"Faculdade de Medicina da UFPA, Campus Altamira, oferta cinco cursos de capacita\u00e7\u00e3o em Sa\u00fade. Inscri\u00e7\u00f5es at\u00e9 23 de agosto. - FADESP\",\"isPartOf\":{\"@id\":\"https:\/\/portalfadesp.org.br\/#website\"},\"primaryImageOfPage\":{\"@id\":\"https:\/\/portalfadesp.org.br\/?p=3381#primaryimage\"},\"image\":{\"@id\":\"https:\/\/portalfadesp.org.br\/?p=3381#primaryimage\"},\"thumbnailUrl\":\"https:\/\/portalfadesp.org.br\/wp-content\/uploads\/2019\/08\/2019-AGOSTO-CAPACITA\u00c7\u00c3O-SA\u00daDE-ALTAMIRA-1.jpg\",\"datePublished\":\"2019-08-07T20:23:51+00:00\",\"dateModified\":\"2022-12-21T03:59:42+00:00\",\"breadcrumb\":{\"@id\":\"https:\/\/portalfadesp.org.br\/?p=3381#breadcrumb\"},\"inLanguage\":\"pt-BR\",\"potentialAction\":[{\"@type\":\"ReadAction\",\"target\":[\"https:\/\/portalfadesp.org.br\/?p=3381\"]}]},{\"@type\":\"ImageObject\",\"inLanguage\":\"pt-BR\",\"@id\":\"https:\/\/portalfadesp.org.br\/?p=3381#primaryimage\",\"url\":\"https:\/\/portalfadesp.org.br\/wp-content\/uploads\/2019\/08\/2019-AGOSTO-CAPACITA\u00c7\u00c3O-SA\u00daDE-ALTAMIRA-1.jpg\",\"contentUrl\":\"https:\/\/portalfadesp.org.br\/wp-content\/uploads\/2019\/08\/2019-AGOSTO-CAPACITA\u00c7\u00c3O-SA\u00daDE-ALTAMIRA-1.jpg\",\"width\":902,\"height\":700},{\"@type\":\"BreadcrumbList\",\"@id\":\"https:\/\/portalfadesp.org.br\/?p=3381#breadcrumb\",\"itemListElement\":[{\"@type\":\"ListItem\",\"position\":1,\"name\":\"In\u00edcio\",\"item\":\"https:\/\/portalfadesp.org.br\/\"},{\"@type\":\"ListItem\",\"position\":2,\"name\":\"Faculdade de Medicina da UFPA, Campus Altamira, oferta cinco cursos de capacita\u00e7\u00e3o em Sa\u00fade. Inscri\u00e7\u00f5es at\u00e9 23 de agosto.\"}]},{\"@type\":\"WebSite\",\"@id\":\"https:\/\/portalfadesp.org.br\/#website\",\"url\":\"https:\/\/portalfadesp.org.br\/\",\"name\":\"FADESP\",\"description\":\"Funda\u00e7\u00e3o de Amparo e Desenvolvimento da Pesquisa\",\"publisher\":{\"@id\":\"https:\/\/portalfadesp.org.br\/#organization\"},\"potentialAction\":[{\"@type\":\"SearchAction\",\"target\":{\"@type\":\"EntryPoint\",\"urlTemplate\":\"https:\/\/portalfadesp.org.br\/?s={search_term_string}\"},\"query-input\":{\"@type\":\"PropertyValueSpecification\",\"valueRequired\":true,\"valueName\":\"search_term_string\"}}],\"inLanguage\":\"pt-BR\"},{\"@type\":\"Organization\",\"@id\":\"https:\/\/portalfadesp.org.br\/#organization\",\"name\":\"FADESP\",\"url\":\"https:\/\/portalfadesp.org.br\/\",\"logo\":{\"@type\":\"ImageObject\",\"inLanguage\":\"pt-BR\",\"@id\":\"https:\/\/portalfadesp.org.br\/#\/schema\/logo\/image\/\",\"url\":\"https:\/\/portalfadesp.org.br\/wp-content\/uploads\/2024\/01\/NOVOLOGOFADESPlaranjaH.png\",\"contentUrl\":\"https:\/\/portalfadesp.org.br\/wp-content\/uploads\/2024\/01\/NOVOLOGOFADESPlaranjaH.png\",\"width\":2742,\"height\":839,\"caption\":\"FADESP\"},\"image\":{\"@id\":\"https:\/\/portalfadesp.org.br\/#\/schema\/logo\/image\/\"},\"sameAs\":[\"https:\/\/www.facebook.com\/Fadesp-138351949524662\/\",\"https:\/\/x.com\/Fadesp\",\"https:\/\/www.instagram.com\/fadesp_ufpa\/\",\"https:\/\/www.youtube.com\/@fundacaodeamparoedesenvolv1903\",\"https:\/\/www.threads.net\/@fadesp_ufpa\"]},{\"@type\":\"Person\",\"@id\":\"https:\/\/portalfadesp.org.br\/#\/schema\/person\/c1fa9db0c87dc412d1568e0e5e27be9c\",\"name\":\"Lorena Filgueiras\",\"image\":{\"@type\":\"ImageObject\",\"inLanguage\":\"pt-BR\",\"@id\":\"https:\/\/portalfadesp.org.br\/#\/schema\/person\/image\/\",\"url\":\"https:\/\/secure.gravatar.com\/avatar\/37390a2dfe1325c2917fc5f6df471abe8ab753cf23b2d14690f57bd61ab4b7cf?s=96&d=mm&r=g\",\"contentUrl\":\"https:\/\/secure.gravatar.com\/avatar\/37390a2dfe1325c2917fc5f6df471abe8ab753cf23b2d14690f57bd61ab4b7cf?s=96&d=mm&r=g\",\"caption\":\"Lorena Filgueiras\"},\"url\":\"https:\/\/portalfadesp.org.br\/?author=11\"}]}<\/script>\n<!-- \/ Yoast SEO plugin. -->","yoast_head_json":{"title":"Faculdade de Medicina da UFPA, Campus Altamira, oferta cinco cursos de capacita\u00e7\u00e3o em Sa\u00fade. Inscri\u00e7\u00f5es at\u00e9 23 de agosto. - FADESP","robots":{"index":"index","follow":"follow","max-snippet":"max-snippet:-1","max-image-preview":"max-image-preview:large","max-video-preview":"max-video-preview:-1"},"canonical":"https:\/\/portalfadesp.org.br\/?p=3381","og_locale":"pt_BR","og_type":"article","og_title":"Faculdade de Medicina da UFPA, Campus Altamira, oferta cinco cursos de capacita\u00e7\u00e3o em Sa\u00fade. Inscri\u00e7\u00f5es at\u00e9 23 de agosto. - FADESP","og_description":"Conforme o edital, o objetivo do curso \u00e9 promover a capacita\u00e7\u00e3o de profissionais no contexto da Educa\u00e7\u00e3o Permanente em Sa\u00fade, no \u00e2mbito da Forma\u00e7\u00e3o e da Educa\u00e7\u00e3o Continuada na Aten\u00e7\u00e3o Prim\u00e1ria em Sa\u00fade. A carga hor\u00e1ria \u00e9 de 64 horas, com aulas presenciais realizadas uma vez por semana, durante quatro meses. Como s\u00e3o autofinanciados, os [&hellip;]","og_url":"https:\/\/portalfadesp.org.br\/?p=3381","og_site_name":"FADESP","article_publisher":"https:\/\/www.facebook.com\/Fadesp-138351949524662\/","article_published_time":"2019-08-07T20:23:51+00:00","article_modified_time":"2022-12-21T03:59:42+00:00","og_image":[{"width":902,"height":700,"url":"https:\/\/portalfadesp.org.br\/wp-content\/uploads\/2019\/08\/2019-AGOSTO-CAPACITA\u00c7\u00c3O-SA\u00daDE-ALTAMIRA-1.jpg","type":"image\/jpeg"}],"author":"Lorena Filgueiras","twitter_card":"summary_large_image","twitter_creator":"@Fadesp","twitter_site":"@Fadesp","twitter_misc":{"Escrito por":"Lorena Filgueiras","Est. tempo de leitura":"1 minuto"},"schema":{"@context":"https:\/\/schema.org","@graph":[{"@type":"Article","@id":"https:\/\/portalfadesp.org.br\/?p=3381#article","isPartOf":{"@id":"https:\/\/portalfadesp.org.br\/?p=3381"},"author":{"name":"Lorena Filgueiras","@id":"https:\/\/portalfadesp.org.br\/#\/schema\/person\/c1fa9db0c87dc412d1568e0e5e27be9c"},"headline":"Faculdade de Medicina da UFPA, Campus Altamira, oferta cinco cursos de capacita\u00e7\u00e3o em Sa\u00fade. Inscri\u00e7\u00f5es at\u00e9 23 de agosto.","datePublished":"2019-08-07T20:23:51+00:00","dateModified":"2022-12-21T03:59:42+00:00","mainEntityOfPage":{"@id":"https:\/\/portalfadesp.org.br\/?p=3381"},"wordCount":296,"commentCount":0,"publisher":{"@id":"https:\/\/portalfadesp.org.br\/#organization"},"image":{"@id":"https:\/\/portalfadesp.org.br\/?p=3381#primaryimage"},"thumbnailUrl":"https:\/\/portalfadesp.org.br\/wp-content\/uploads\/2019\/08\/2019-AGOSTO-CAPACITA\u00c7\u00c3O-SA\u00daDE-ALTAMIRA-1.jpg","articleSection":["Geral"],"inLanguage":"pt-BR"},{"@type":"WebPage","@id":"https:\/\/portalfadesp.org.br\/?p=3381","url":"https:\/\/portalfadesp.org.br\/?p=3381","name":"Faculdade de Medicina da UFPA, Campus Altamira, oferta cinco cursos de capacita\u00e7\u00e3o em Sa\u00fade. Inscri\u00e7\u00f5es at\u00e9 23 de agosto. - FADESP","isPartOf":{"@id":"https:\/\/portalfadesp.org.br\/#website"},"primaryImageOfPage":{"@id":"https:\/\/portalfadesp.org.br\/?p=3381#primaryimage"},"image":{"@id":"https:\/\/portalfadesp.org.br\/?p=3381#primaryimage"},"thumbnailUrl":"https:\/\/portalfadesp.org.br\/wp-content\/uploads\/2019\/08\/2019-AGOSTO-CAPACITA\u00c7\u00c3O-SA\u00daDE-ALTAMIRA-1.jpg","datePublished":"2019-08-07T20:23:51+00:00","dateModified":"2022-12-21T03:59:42+00:00","breadcrumb":{"@id":"https:\/\/portalfadesp.org.br\/?p=3381#breadcrumb"},"inLanguage":"pt-BR","potentialAction":[{"@type":"ReadAction","target":["https:\/\/portalfadesp.org.br\/?p=3381"]}]},{"@type":"ImageObject","inLanguage":"pt-BR","@id":"https:\/\/portalfadesp.org.br\/?p=3381#primaryimage","url":"https:\/\/portalfadesp.org.br\/wp-content\/uploads\/2019\/08\/2019-AGOSTO-CAPACITA\u00c7\u00c3O-SA\u00daDE-ALTAMIRA-1.jpg","contentUrl":"https:\/\/portalfadesp.org.br\/wp-content\/uploads\/2019\/08\/2019-AGOSTO-CAPACITA\u00c7\u00c3O-SA\u00daDE-ALTAMIRA-1.jpg","width":902,"height":700},{"@type":"BreadcrumbList","@id":"https:\/\/portalfadesp.org.br\/?p=3381#breadcrumb","itemListElement":[{"@type":"ListItem","position":1,"name":"In\u00edcio","item":"https:\/\/portalfadesp.org.br\/"},{"@type":"ListItem","position":2,"name":"Faculdade de Medicina da UFPA, Campus Altamira, oferta cinco cursos de capacita\u00e7\u00e3o em Sa\u00fade. Inscri\u00e7\u00f5es at\u00e9 23 de agosto."}]},{"@type":"WebSite","@id":"https:\/\/portalfadesp.org.br\/#website","url":"https:\/\/portalfadesp.org.br\/","name":"FADESP","description":"Funda\u00e7\u00e3o de Amparo e Desenvolvimento da Pesquisa","publisher":{"@id":"https:\/\/portalfadesp.org.br\/#organization"},"potentialAction":[{"@type":"SearchAction","target":{"@type":"EntryPoint","urlTemplate":"https:\/\/portalfadesp.org.br\/?s={search_term_string}"},"query-input":{"@type":"PropertyValueSpecification","valueRequired":true,"valueName":"search_term_string"}}],"inLanguage":"pt-BR"},{"@type":"Organization","@id":"https:\/\/portalfadesp.org.br\/#organization","name":"FADESP","url":"https:\/\/portalfadesp.org.br\/","logo":{"@type":"ImageObject","inLanguage":"pt-BR","@id":"https:\/\/portalfadesp.org.br\/#\/schema\/logo\/image\/","url":"https:\/\/portalfadesp.org.br\/wp-content\/uploads\/2024\/01\/NOVOLOGOFADESPlaranjaH.png","contentUrl":"https:\/\/portalfadesp.org.br\/wp-content\/uploads\/2024\/01\/NOVOLOGOFADESPlaranjaH.png","width":2742,"height":839,"caption":"FADESP"},"image":{"@id":"https:\/\/portalfadesp.org.br\/#\/schema\/logo\/image\/"},"sameAs":["https:\/\/www.facebook.com\/Fadesp-138351949524662\/","https:\/\/x.com\/Fadesp","https:\/\/www.instagram.com\/fadesp_ufpa\/","https:\/\/www.youtube.com\/@fundacaodeamparoedesenvolv1903","https:\/\/www.threads.net\/@fadesp_ufpa"]},{"@type":"Person","@id":"https:\/\/portalfadesp.org.br\/#\/schema\/person\/c1fa9db0c87dc412d1568e0e5e27be9c","name":"Lorena Filgueiras","image":{"@type":"ImageObject","inLanguage":"pt-BR","@id":"https:\/\/portalfadesp.org.br\/#\/schema\/person\/image\/","url":"https:\/\/secure.gravatar.com\/avatar\/37390a2dfe1325c2917fc5f6df471abe8ab753cf23b2d14690f57bd61ab4b7cf?s=96&d=mm&r=g","contentUrl":"https:\/\/secure.gravatar.com\/avatar\/37390a2dfe1325c2917fc5f6df471abe8ab753cf23b2d14690f57bd61ab4b7cf?s=96&d=mm&r=g","caption":"Lorena Filgueiras"},"url":"https:\/\/portalfadesp.org.br\/?author=11"}]}},"_links":{"self":[{"href":"https:\/\/portalfadesp.org.br\/index.php?rest_route=\/wp\/v2\/posts\/3381","targetHints":{"allow":["GET"]}}],"collection":[{"href":"https:\/\/portalfadesp.org.br\/index.php?rest_route=\/wp\/v2\/posts"}],"about":[{"href":"https:\/\/portalfadesp.org.br\/index.php?rest_route=\/wp\/v2\/types\/post"}],"author":[{"embeddable":true,"href":"https:\/\/portalfadesp.org.br\/index.php?rest_route=\/wp\/v2\/users\/11"}],"replies":[{"embeddable":true,"href":"https:\/\/portalfadesp.org.br\/index.php?rest_route=%2Fwp%2Fv2%2Fcomments&post=3381"}],"version-history":[{"count":10,"href":"https:\/\/portalfadesp.org.br\/index.php?rest_route=\/wp\/v2\/posts\/3381\/revisions"}],"predecessor-version":[{"id":37877,"href":"https:\/\/portalfadesp.org.br\/index.php?rest_route=\/wp\/v2\/posts\/3381\/revisions\/37877"}],"wp:featuredmedia":[{"embeddable":true,"href":"https:\/\/portalfadesp.org.br\/index.php?rest_route=\/wp\/v2\/media\/3618"}],"wp:attachment":[{"href":"https:\/\/portalfadesp.org.br\/index.php?rest_route=%2Fwp%2Fv2%2Fmedia&parent=3381"}],"wp:term":[{"taxonomy":"category","embeddable":true,"href":"https:\/\/portalfadesp.org.br\/index.php?rest_route=%2Fwp%2Fv2%2Fcategories&post=3381"},{"taxonomy":"post_tag","embeddable":true,"href":"https:\/\/portalfadesp.org.br\/index.php?rest_route=%2Fwp%2Fv2%2Ftags&post=3381"}],"curies":[{"name":"wp","href":"https:\/\/api.w.org\/{rel}","templated":true}]}}