{"id":3308,"date":"2019-08-05T08:30:24","date_gmt":"2019-08-05T11:30:24","guid":{"rendered":"https:\/\/162.215.13.167?p=3308"},"modified":"2022-12-21T01:00:43","modified_gmt":"2022-12-21T04:00:43","slug":"periodo-de-reoferta-dos-cursos-livres-de-lingua-estrangeira-da-ufpa-comeca-hoje-05-inscricao-sera-somente-para-nivel-1","status":"publish","type":"post","link":"https:\/\/portalfadesp.org.br\/?p=3308","title":{"rendered":"Per\u00edodo de reoferta dos Cursos Livres de L\u00edngua Estrangeira da UFPA come\u00e7a hoje, 05. Inscri\u00e7\u00e3o ser\u00e1 somente para n\u00edvel 1."},"content":{"rendered":"<p><img decoding=\"async\" class=\"alignright wp-image-2165 size-full\" src=\"https:\/\/portalfadesp.org.br\/wp-content\/uploads\/2019\/06\/clle.jpg\" alt=\"\" width=\"250\" height=\"140\" \/>A reoferta de vagas para os <a href=\"http:\/\/200.129.138.117:8082\/#\/turma-busca\" target=\"_blank\" rel=\"noopener noreferrer\"><strong>Cursos Livres de L\u00edngua Estrangeira da Universidade Federal do Par\u00e1<\/strong><\/a> (UFPA) come\u00e7a \u00e0s 10h de hoje, 05. A inscri\u00e7\u00e3o ser\u00e1 somente para as turmas do n\u00edvel 1, conforme o <strong><a href=\"http:\/\/cursos.fadesp.org.br\/edital\/EDITAL%20DE%20MATR%C3%8DCULA%20PARA%20O%202%C2%BA%20SEMESTRE%20DE%202019.pdf\" target=\"_blank\" rel=\"noopener noreferrer\">edital.\u00a0<\/a><\/strong><\/p>\n<p>Durante o per\u00edodo da reoferta, que vai de 5 a 9 de agosto, ser\u00e3o ofertadas as vagas n\u00e3o preenchidas no per\u00edodo regular de oferta. A inscri\u00e7\u00e3o \u00e9 encerrada \u00e0 medida que as turmas s\u00e3o esgotadas.<\/p>\n<p>A cada n\u00edvel, as vagas s\u00e3o disponibilizadas a partir das 10h, mas os candidatos que ainda n\u00e3o possuem cadastro no <strong><a href=\"http:\/\/200.129.138.117:8082\/#\/turma-busca\" target=\"_blank\" rel=\"noopener noreferrer\">site da FADESP<\/a><\/strong> podem se cadastrar logo. O cadastramento antecipado n\u00e3o garante a vaga, mas ajuda a agilizar o acesso \u00e0 escolha da vaga porque essa \u00e9 a primeira etapa da inscri\u00e7\u00e3o.<\/p>\n<p>Como s\u00e3o autofinanci\u00e1veis, os cursos exigem investimento de R$ 430,00. As condi\u00e7\u00f5es de pagamento variam de acordo com o curso. As turmas regulares de Ingl\u00eas, Franc\u00eas e Espanhol, instrumental presencial e \u00c1rabe online podem ser pagas em at\u00e9 cinco parcelas (matr\u00edcula de R$ 150,00 mais mensalidades de R$ 70,00). Para Ingl\u00eas instrumental online e Portugu\u00eas para estrangeiro, s\u00e3o permitidas duas parcelas.<\/p>\n<p><strong>Aprendizagem<\/strong>\u00a0\u2013 Atrav\u00e9s dos CLLE ofertados pela Faculdade de Letras Estrangeiras Modernas, os alunos t\u00eam a oportunidade de aprenderem outra l\u00edngua com a qualidade garantida por um corpo docente qualificado, metodologia e equipamento adequados, al\u00e9m de laborat\u00f3rio de \u00faltima gera\u00e7\u00e3o. O investimento \u00e9 considerado acess\u00edvel a muitos.<\/p>\n<p>Em geral, os Cursos Livres t\u00eam atendido a um n\u00famero significativo de estudantes da UFPA e da comunidade em geral, assim como profissionais que desejam se aperfei\u00e7oar. Os CLLE tamb\u00e9m s\u00e3o importantes para alunos de gradua\u00e7\u00e3o de diferentes cursos e de inicia\u00e7\u00e3o cient\u00edfica, al\u00e9m de pessoas que desejam realizar estudos de p\u00f3s-gradua\u00e7\u00e3o.<\/p>\n<p><strong>Calend\u00e1rio de inscri\u00e7\u00f5es da reoferta<\/strong><\/p>\n<p><strong>1\u00ba n\u00edvel:<\/strong> 05\/08\/2019<br \/>\n<strong>2\u00aa n\u00edvel:<\/strong> 06\/08\/2019<br \/>\n<strong>3\u00ba e 4\u00ba n\u00edvel:<\/strong> 07\/08\/2019<br \/>\n<strong>5\u00ba, 6\u00ba e 7\u00ba n\u00edvel:<\/strong> 08\/08\/2019<br \/>\n<strong>Ingl\u00eas e Franc\u00eas instrumental presencial, Cursos Instrumental Online (ingl\u00eas), \u00c1rabe Online e Portugu\u00eas para Estrangeiros:<\/strong> 09\/08\/2019<\/p>\n","protected":false},"excerpt":{"rendered":"<p>A reoferta de vagas para os Cursos Livres de L\u00edngua Estrangeira da Universidade Federal do Par\u00e1 (UFPA) come\u00e7a \u00e0s 10h de hoje, 05. A inscri\u00e7\u00e3o ser\u00e1 somente para as turmas do n\u00edvel 1, conforme o edital.\u00a0 Durante o per\u00edodo da reoferta, que vai de 5 a 9 de agosto, ser\u00e3o ofertadas as vagas n\u00e3o preenchidas [&hellip;]<\/p>\n","protected":false},"author":11,"featured_media":2165,"comment_status":"open","ping_status":"open","sticky":false,"template":"","format":"standard","meta":{"_monsterinsights_skip_tracking":false,"_monsterinsights_sitenote_active":false,"_monsterinsights_sitenote_note":"","_monsterinsights_sitenote_category":0,"footnotes":""},"categories":[11],"tags":[31,32,33],"class_list":["post-3308","post","type-post","status-publish","format-standard","has-post-thumbnail","hentry","category-cursos-livres","tag-cursos-livres","tag-linguas","tag-ufpa","entry","has-media"],"yoast_head":"<!-- This site is optimized with the Yoast SEO plugin v25.1 - https:\/\/yoast.com\/wordpress\/plugins\/seo\/ -->\n<title>Per\u00edodo de reoferta dos Cursos Livres de L\u00edngua Estrangeira da UFPA come\u00e7a hoje, 05. Inscri\u00e7\u00e3o ser\u00e1 somente para n\u00edvel 1. - FADESP<\/title>\n<meta name=\"robots\" content=\"index, follow, max-snippet:-1, max-image-preview:large, max-video-preview:-1\" \/>\n<link rel=\"canonical\" href=\"https:\/\/portalfadesp.org.br\/?p=3308\" \/>\n<meta property=\"og:locale\" content=\"pt_BR\" \/>\n<meta property=\"og:type\" content=\"article\" \/>\n<meta property=\"og:title\" content=\"Per\u00edodo de reoferta dos Cursos Livres de L\u00edngua Estrangeira da UFPA come\u00e7a hoje, 05. Inscri\u00e7\u00e3o ser\u00e1 somente para n\u00edvel 1. - FADESP\" \/>\n<meta property=\"og:description\" content=\"A reoferta de vagas para os Cursos Livres de L\u00edngua Estrangeira da Universidade Federal do Par\u00e1 (UFPA) come\u00e7a \u00e0s 10h de hoje, 05. A inscri\u00e7\u00e3o ser\u00e1 somente para as turmas do n\u00edvel 1, conforme o edital.\u00a0 Durante o per\u00edodo da reoferta, que vai de 5 a 9 de agosto, ser\u00e3o ofertadas as vagas n\u00e3o preenchidas [&hellip;]\" \/>\n<meta property=\"og:url\" content=\"https:\/\/portalfadesp.org.br\/?p=3308\" \/>\n<meta property=\"og:site_name\" content=\"FADESP\" \/>\n<meta property=\"article:publisher\" content=\"https:\/\/www.facebook.com\/Fadesp-138351949524662\/\" \/>\n<meta property=\"article:published_time\" content=\"2019-08-05T11:30:24+00:00\" \/>\n<meta property=\"article:modified_time\" content=\"2022-12-21T04:00:43+00:00\" \/>\n<meta property=\"og:image\" content=\"https:\/\/portalfadesp.org.br\/wp-content\/uploads\/2019\/06\/clle.jpg\" \/>\n\t<meta property=\"og:image:width\" content=\"250\" \/>\n\t<meta property=\"og:image:height\" content=\"140\" \/>\n\t<meta property=\"og:image:type\" content=\"image\/jpeg\" \/>\n<meta name=\"author\" content=\"Lorena Filgueiras\" \/>\n<meta name=\"twitter:card\" content=\"summary_large_image\" \/>\n<meta name=\"twitter:creator\" content=\"@Fadesp\" \/>\n<meta name=\"twitter:site\" content=\"@Fadesp\" \/>\n<meta name=\"twitter:label1\" content=\"Escrito por\" \/>\n\t<meta name=\"twitter:data1\" content=\"Lorena Filgueiras\" \/>\n\t<meta name=\"twitter:label2\" content=\"Est. tempo de leitura\" \/>\n\t<meta name=\"twitter:data2\" content=\"2 minutos\" \/>\n<script type=\"application\/ld+json\" class=\"yoast-schema-graph\">{\"@context\":\"https:\/\/schema.org\",\"@graph\":[{\"@type\":\"Article\",\"@id\":\"https:\/\/portalfadesp.org.br\/?p=3308#article\",\"isPartOf\":{\"@id\":\"https:\/\/portalfadesp.org.br\/?p=3308\"},\"author\":{\"name\":\"Lorena Filgueiras\",\"@id\":\"https:\/\/portalfadesp.org.br\/#\/schema\/person\/c1fa9db0c87dc412d1568e0e5e27be9c\"},\"headline\":\"Per\u00edodo de reoferta dos Cursos Livres de L\u00edngua Estrangeira da UFPA come\u00e7a hoje, 05. Inscri\u00e7\u00e3o ser\u00e1 somente para n\u00edvel 1.\",\"datePublished\":\"2019-08-05T11:30:24+00:00\",\"dateModified\":\"2022-12-21T04:00:43+00:00\",\"mainEntityOfPage\":{\"@id\":\"https:\/\/portalfadesp.org.br\/?p=3308\"},\"wordCount\":371,\"commentCount\":0,\"publisher\":{\"@id\":\"https:\/\/portalfadesp.org.br\/#organization\"},\"image\":{\"@id\":\"https:\/\/portalfadesp.org.br\/?p=3308#primaryimage\"},\"thumbnailUrl\":\"https:\/\/portalfadesp.org.br\/wp-content\/uploads\/2019\/06\/clle.jpg\",\"keywords\":[\"cursos livres\",\"l\u00ednguas\",\"UFPA\"],\"articleSection\":[\"Cursos Livres\"],\"inLanguage\":\"pt-BR\"},{\"@type\":\"WebPage\",\"@id\":\"https:\/\/portalfadesp.org.br\/?p=3308\",\"url\":\"https:\/\/portalfadesp.org.br\/?p=3308\",\"name\":\"Per\u00edodo de reoferta dos Cursos Livres de L\u00edngua Estrangeira da UFPA come\u00e7a hoje, 05. Inscri\u00e7\u00e3o ser\u00e1 somente para n\u00edvel 1. - FADESP\",\"isPartOf\":{\"@id\":\"https:\/\/portalfadesp.org.br\/#website\"},\"primaryImageOfPage\":{\"@id\":\"https:\/\/portalfadesp.org.br\/?p=3308#primaryimage\"},\"image\":{\"@id\":\"https:\/\/portalfadesp.org.br\/?p=3308#primaryimage\"},\"thumbnailUrl\":\"https:\/\/portalfadesp.org.br\/wp-content\/uploads\/2019\/06\/clle.jpg\",\"datePublished\":\"2019-08-05T11:30:24+00:00\",\"dateModified\":\"2022-12-21T04:00:43+00:00\",\"breadcrumb\":{\"@id\":\"https:\/\/portalfadesp.org.br\/?p=3308#breadcrumb\"},\"inLanguage\":\"pt-BR\",\"potentialAction\":[{\"@type\":\"ReadAction\",\"target\":[\"https:\/\/portalfadesp.org.br\/?p=3308\"]}]},{\"@type\":\"ImageObject\",\"inLanguage\":\"pt-BR\",\"@id\":\"https:\/\/portalfadesp.org.br\/?p=3308#primaryimage\",\"url\":\"https:\/\/portalfadesp.org.br\/wp-content\/uploads\/2019\/06\/clle.jpg\",\"contentUrl\":\"https:\/\/portalfadesp.org.br\/wp-content\/uploads\/2019\/06\/clle.jpg\",\"width\":250,\"height\":140},{\"@type\":\"BreadcrumbList\",\"@id\":\"https:\/\/portalfadesp.org.br\/?p=3308#breadcrumb\",\"itemListElement\":[{\"@type\":\"ListItem\",\"position\":1,\"name\":\"In\u00edcio\",\"item\":\"https:\/\/portalfadesp.org.br\/\"},{\"@type\":\"ListItem\",\"position\":2,\"name\":\"Per\u00edodo de reoferta dos Cursos Livres de L\u00edngua Estrangeira da UFPA come\u00e7a hoje, 05. Inscri\u00e7\u00e3o ser\u00e1 somente para n\u00edvel 1.\"}]},{\"@type\":\"WebSite\",\"@id\":\"https:\/\/portalfadesp.org.br\/#website\",\"url\":\"https:\/\/portalfadesp.org.br\/\",\"name\":\"FADESP\",\"description\":\"Funda\u00e7\u00e3o de Amparo e Desenvolvimento da Pesquisa\",\"publisher\":{\"@id\":\"https:\/\/portalfadesp.org.br\/#organization\"},\"potentialAction\":[{\"@type\":\"SearchAction\",\"target\":{\"@type\":\"EntryPoint\",\"urlTemplate\":\"https:\/\/portalfadesp.org.br\/?s={search_term_string}\"},\"query-input\":{\"@type\":\"PropertyValueSpecification\",\"valueRequired\":true,\"valueName\":\"search_term_string\"}}],\"inLanguage\":\"pt-BR\"},{\"@type\":\"Organization\",\"@id\":\"https:\/\/portalfadesp.org.br\/#organization\",\"name\":\"FADESP\",\"url\":\"https:\/\/portalfadesp.org.br\/\",\"logo\":{\"@type\":\"ImageObject\",\"inLanguage\":\"pt-BR\",\"@id\":\"https:\/\/portalfadesp.org.br\/#\/schema\/logo\/image\/\",\"url\":\"https:\/\/portalfadesp.org.br\/wp-content\/uploads\/2024\/01\/NOVOLOGOFADESPlaranjaH.png\",\"contentUrl\":\"https:\/\/portalfadesp.org.br\/wp-content\/uploads\/2024\/01\/NOVOLOGOFADESPlaranjaH.png\",\"width\":2742,\"height\":839,\"caption\":\"FADESP\"},\"image\":{\"@id\":\"https:\/\/portalfadesp.org.br\/#\/schema\/logo\/image\/\"},\"sameAs\":[\"https:\/\/www.facebook.com\/Fadesp-138351949524662\/\",\"https:\/\/x.com\/Fadesp\",\"https:\/\/www.instagram.com\/fadesp_ufpa\/\",\"https:\/\/www.youtube.com\/@fundacaodeamparoedesenvolv1903\",\"https:\/\/www.threads.net\/@fadesp_ufpa\"]},{\"@type\":\"Person\",\"@id\":\"https:\/\/portalfadesp.org.br\/#\/schema\/person\/c1fa9db0c87dc412d1568e0e5e27be9c\",\"name\":\"Lorena Filgueiras\",\"image\":{\"@type\":\"ImageObject\",\"inLanguage\":\"pt-BR\",\"@id\":\"https:\/\/portalfadesp.org.br\/#\/schema\/person\/image\/\",\"url\":\"https:\/\/secure.gravatar.com\/avatar\/37390a2dfe1325c2917fc5f6df471abe8ab753cf23b2d14690f57bd61ab4b7cf?s=96&d=mm&r=g\",\"contentUrl\":\"https:\/\/secure.gravatar.com\/avatar\/37390a2dfe1325c2917fc5f6df471abe8ab753cf23b2d14690f57bd61ab4b7cf?s=96&d=mm&r=g\",\"caption\":\"Lorena Filgueiras\"},\"url\":\"https:\/\/portalfadesp.org.br\/?author=11\"}]}<\/script>\n<!-- \/ Yoast SEO plugin. -->","yoast_head_json":{"title":"Per\u00edodo de reoferta dos Cursos Livres de L\u00edngua Estrangeira da UFPA come\u00e7a hoje, 05. Inscri\u00e7\u00e3o ser\u00e1 somente para n\u00edvel 1. - FADESP","robots":{"index":"index","follow":"follow","max-snippet":"max-snippet:-1","max-image-preview":"max-image-preview:large","max-video-preview":"max-video-preview:-1"},"canonical":"https:\/\/portalfadesp.org.br\/?p=3308","og_locale":"pt_BR","og_type":"article","og_title":"Per\u00edodo de reoferta dos Cursos Livres de L\u00edngua Estrangeira da UFPA come\u00e7a hoje, 05. Inscri\u00e7\u00e3o ser\u00e1 somente para n\u00edvel 1. - FADESP","og_description":"A reoferta de vagas para os Cursos Livres de L\u00edngua Estrangeira da Universidade Federal do Par\u00e1 (UFPA) come\u00e7a \u00e0s 10h de hoje, 05. A inscri\u00e7\u00e3o ser\u00e1 somente para as turmas do n\u00edvel 1, conforme o edital.\u00a0 Durante o per\u00edodo da reoferta, que vai de 5 a 9 de agosto, ser\u00e3o ofertadas as vagas n\u00e3o preenchidas [&hellip;]","og_url":"https:\/\/portalfadesp.org.br\/?p=3308","og_site_name":"FADESP","article_publisher":"https:\/\/www.facebook.com\/Fadesp-138351949524662\/","article_published_time":"2019-08-05T11:30:24+00:00","article_modified_time":"2022-12-21T04:00:43+00:00","og_image":[{"width":250,"height":140,"url":"https:\/\/portalfadesp.org.br\/wp-content\/uploads\/2019\/06\/clle.jpg","type":"image\/jpeg"}],"author":"Lorena Filgueiras","twitter_card":"summary_large_image","twitter_creator":"@Fadesp","twitter_site":"@Fadesp","twitter_misc":{"Escrito por":"Lorena Filgueiras","Est. tempo de leitura":"2 minutos"},"schema":{"@context":"https:\/\/schema.org","@graph":[{"@type":"Article","@id":"https:\/\/portalfadesp.org.br\/?p=3308#article","isPartOf":{"@id":"https:\/\/portalfadesp.org.br\/?p=3308"},"author":{"name":"Lorena Filgueiras","@id":"https:\/\/portalfadesp.org.br\/#\/schema\/person\/c1fa9db0c87dc412d1568e0e5e27be9c"},"headline":"Per\u00edodo de reoferta dos Cursos Livres de L\u00edngua Estrangeira da UFPA come\u00e7a hoje, 05. Inscri\u00e7\u00e3o ser\u00e1 somente para n\u00edvel 1.","datePublished":"2019-08-05T11:30:24+00:00","dateModified":"2022-12-21T04:00:43+00:00","mainEntityOfPage":{"@id":"https:\/\/portalfadesp.org.br\/?p=3308"},"wordCount":371,"commentCount":0,"publisher":{"@id":"https:\/\/portalfadesp.org.br\/#organization"},"image":{"@id":"https:\/\/portalfadesp.org.br\/?p=3308#primaryimage"},"thumbnailUrl":"https:\/\/portalfadesp.org.br\/wp-content\/uploads\/2019\/06\/clle.jpg","keywords":["cursos livres","l\u00ednguas","UFPA"],"articleSection":["Cursos Livres"],"inLanguage":"pt-BR"},{"@type":"WebPage","@id":"https:\/\/portalfadesp.org.br\/?p=3308","url":"https:\/\/portalfadesp.org.br\/?p=3308","name":"Per\u00edodo de reoferta dos Cursos Livres de L\u00edngua Estrangeira da UFPA come\u00e7a hoje, 05. Inscri\u00e7\u00e3o ser\u00e1 somente para n\u00edvel 1. - FADESP","isPartOf":{"@id":"https:\/\/portalfadesp.org.br\/#website"},"primaryImageOfPage":{"@id":"https:\/\/portalfadesp.org.br\/?p=3308#primaryimage"},"image":{"@id":"https:\/\/portalfadesp.org.br\/?p=3308#primaryimage"},"thumbnailUrl":"https:\/\/portalfadesp.org.br\/wp-content\/uploads\/2019\/06\/clle.jpg","datePublished":"2019-08-05T11:30:24+00:00","dateModified":"2022-12-21T04:00:43+00:00","breadcrumb":{"@id":"https:\/\/portalfadesp.org.br\/?p=3308#breadcrumb"},"inLanguage":"pt-BR","potentialAction":[{"@type":"ReadAction","target":["https:\/\/portalfadesp.org.br\/?p=3308"]}]},{"@type":"ImageObject","inLanguage":"pt-BR","@id":"https:\/\/portalfadesp.org.br\/?p=3308#primaryimage","url":"https:\/\/portalfadesp.org.br\/wp-content\/uploads\/2019\/06\/clle.jpg","contentUrl":"https:\/\/portalfadesp.org.br\/wp-content\/uploads\/2019\/06\/clle.jpg","width":250,"height":140},{"@type":"BreadcrumbList","@id":"https:\/\/portalfadesp.org.br\/?p=3308#breadcrumb","itemListElement":[{"@type":"ListItem","position":1,"name":"In\u00edcio","item":"https:\/\/portalfadesp.org.br\/"},{"@type":"ListItem","position":2,"name":"Per\u00edodo de reoferta dos Cursos Livres de L\u00edngua Estrangeira da UFPA come\u00e7a hoje, 05. Inscri\u00e7\u00e3o ser\u00e1 somente para n\u00edvel 1."}]},{"@type":"WebSite","@id":"https:\/\/portalfadesp.org.br\/#website","url":"https:\/\/portalfadesp.org.br\/","name":"FADESP","description":"Funda\u00e7\u00e3o de Amparo e Desenvolvimento da Pesquisa","publisher":{"@id":"https:\/\/portalfadesp.org.br\/#organization"},"potentialAction":[{"@type":"SearchAction","target":{"@type":"EntryPoint","urlTemplate":"https:\/\/portalfadesp.org.br\/?s={search_term_string}"},"query-input":{"@type":"PropertyValueSpecification","valueRequired":true,"valueName":"search_term_string"}}],"inLanguage":"pt-BR"},{"@type":"Organization","@id":"https:\/\/portalfadesp.org.br\/#organization","name":"FADESP","url":"https:\/\/portalfadesp.org.br\/","logo":{"@type":"ImageObject","inLanguage":"pt-BR","@id":"https:\/\/portalfadesp.org.br\/#\/schema\/logo\/image\/","url":"https:\/\/portalfadesp.org.br\/wp-content\/uploads\/2024\/01\/NOVOLOGOFADESPlaranjaH.png","contentUrl":"https:\/\/portalfadesp.org.br\/wp-content\/uploads\/2024\/01\/NOVOLOGOFADESPlaranjaH.png","width":2742,"height":839,"caption":"FADESP"},"image":{"@id":"https:\/\/portalfadesp.org.br\/#\/schema\/logo\/image\/"},"sameAs":["https:\/\/www.facebook.com\/Fadesp-138351949524662\/","https:\/\/x.com\/Fadesp","https:\/\/www.instagram.com\/fadesp_ufpa\/","https:\/\/www.youtube.com\/@fundacaodeamparoedesenvolv1903","https:\/\/www.threads.net\/@fadesp_ufpa"]},{"@type":"Person","@id":"https:\/\/portalfadesp.org.br\/#\/schema\/person\/c1fa9db0c87dc412d1568e0e5e27be9c","name":"Lorena Filgueiras","image":{"@type":"ImageObject","inLanguage":"pt-BR","@id":"https:\/\/portalfadesp.org.br\/#\/schema\/person\/image\/","url":"https:\/\/secure.gravatar.com\/avatar\/37390a2dfe1325c2917fc5f6df471abe8ab753cf23b2d14690f57bd61ab4b7cf?s=96&d=mm&r=g","contentUrl":"https:\/\/secure.gravatar.com\/avatar\/37390a2dfe1325c2917fc5f6df471abe8ab753cf23b2d14690f57bd61ab4b7cf?s=96&d=mm&r=g","caption":"Lorena Filgueiras"},"url":"https:\/\/portalfadesp.org.br\/?author=11"}]}},"_links":{"self":[{"href":"https:\/\/portalfadesp.org.br\/index.php?rest_route=\/wp\/v2\/posts\/3308","targetHints":{"allow":["GET"]}}],"collection":[{"href":"https:\/\/portalfadesp.org.br\/index.php?rest_route=\/wp\/v2\/posts"}],"about":[{"href":"https:\/\/portalfadesp.org.br\/index.php?rest_route=\/wp\/v2\/types\/post"}],"author":[{"embeddable":true,"href":"https:\/\/portalfadesp.org.br\/index.php?rest_route=\/wp\/v2\/users\/11"}],"replies":[{"embeddable":true,"href":"https:\/\/portalfadesp.org.br\/index.php?rest_route=%2Fwp%2Fv2%2Fcomments&post=3308"}],"version-history":[{"count":7,"href":"https:\/\/portalfadesp.org.br\/index.php?rest_route=\/wp\/v2\/posts\/3308\/revisions"}],"predecessor-version":[{"id":37890,"href":"https:\/\/portalfadesp.org.br\/index.php?rest_route=\/wp\/v2\/posts\/3308\/revisions\/37890"}],"wp:featuredmedia":[{"embeddable":true,"href":"https:\/\/portalfadesp.org.br\/index.php?rest_route=\/wp\/v2\/media\/2165"}],"wp:attachment":[{"href":"https:\/\/portalfadesp.org.br\/index.php?rest_route=%2Fwp%2Fv2%2Fmedia&parent=3308"}],"wp:term":[{"taxonomy":"category","embeddable":true,"href":"https:\/\/portalfadesp.org.br\/index.php?rest_route=%2Fwp%2Fv2%2Fcategories&post=3308"},{"taxonomy":"post_tag","embeddable":true,"href":"https:\/\/portalfadesp.org.br\/index.php?rest_route=%2Fwp%2Fv2%2Ftags&post=3308"}],"curies":[{"name":"wp","href":"https:\/\/api.w.org\/{rel}","templated":true}]}}