{"id":3293,"date":"2019-08-04T19:16:19","date_gmt":"2019-08-04T22:16:19","guid":{"rendered":"https:\/\/162.215.13.167?p=3293"},"modified":"2022-12-21T01:00:36","modified_gmt":"2022-12-21T04:00:36","slug":"candidatos-ao-cargo-de-agente-de-fiscalizacao-do-concurso-do-detran-terao-entre-os-dias-6-e-9-deste-mes-para-entregar-a-documentacao-da-quinta-etapa","status":"publish","type":"post","link":"https:\/\/portalfadesp.org.br\/?p=3293","title":{"rendered":"Candidatos ao cargo de Agente de Fiscaliza\u00e7\u00e3o do concurso do DETRAN ter\u00e3o entre os dias 6 e 9 deste m\u00eas para entregar a documenta\u00e7\u00e3o da quinta etapa."},"content":{"rendered":"<p><img decoding=\"async\" class=\"alignright\" src=\"..\/wp-content\/uploads\/2019\/06\/up_ag_29545_detran.jpg\" alt=\"\" width=\"250\" height=\"162\" \/><\/p>\n<p>Candidatos ao cargo de <strong><a href=\"http:\/\/concursos.fadesp.org.br\/detran2018\/arquivos\/Edital%20n%C2%B0%2041_2019_%20SEAD-DETRAN-PA%20-%20Convoca%C3%A7%C3%A3o%20a%205a%20Etapa%20-%20Entrega%20de%20certid%C3%A3o%20negativa%20da%20vara%20de%20execu%C3%A7%C3%A3o%20criminal.pdf\" target=\"_blank\" rel=\"noopener noreferrer\">Agente de Fiscaliza\u00e7\u00e3o de Tr\u00e2nsito classificados para a quinta etapa do concurso do Departamento de Tr\u00e2nsito do Estado do Par\u00e1 (DETRAN\/PA)<\/a><\/strong> dever\u00e3o entregar a certid\u00e3o negativa da Vara de Execu\u00e7\u00e3o Criminal entre os dias 6 e 9 deste m\u00eas de agosto. Quem n\u00e3o entregar, ser\u00e1 automaticamente eliminado da sele\u00e7\u00e3o.<\/p>\n<p>Conforme o <strong><a href=\"http:\/\/concursos.fadesp.org.br\/detran2018\/arquivos\/Edital%20n%C2%B0%2041_2019_%20SEAD-DETRAN-PA%20-%20Convoca%C3%A7%C3%A3o%20a%205a%20Etapa%20-%20Entrega%20de%20certid%C3%A3o%20negativa%20da%20vara%20de%20execu%C3%A7%C3%A3o%20criminal.pdf\" target=\"_blank\" rel=\"noopener noreferrer\">edital de convoca\u00e7\u00e3o \u00e0 5\u00aa etapa<\/a><\/strong>, os candidatos dever\u00e3o comparecer \u00e0 sede da FADESP, localizada no Campus B\u00e1sico da UFPA, na Rua Augusto Corr\u00eaa, s\/n, no bairro do Guam\u00e1, em Bel\u00e9m (PA), entre os dias 6 e 9, das 8h \u00e0s 16h, para apresentar o<strong><a href=\"..\/wp-content\/uploads\/2019\/08\/5a-Etapa-Formul%C3%A1rio-de-Entrega-de-Documentos.pdf\" target=\"_blank\" rel=\"noopener noreferrer\"> formul\u00e1rio de entrega de documento<\/a><\/strong> (dispon\u00edvel na <strong><a href=\"https:\/\/portalfadesp.org.br\/?page_id=1316\" target=\"_blank\" rel=\"noopener noreferrer\">p\u00e1gina oficial de acompanhamento do concurso<\/a><\/strong>) preenchido e a certid\u00e3o negativa da vara de execu\u00e7\u00e3o criminal.<\/p>\n<p>A certid\u00e3o deve ser original e emitida pela Vara de Execu\u00e7\u00e3o Criminal (ou Vara com compet\u00eancia para o processamento das execu\u00e7\u00f5es criminais, no caso do munic\u00edpio n\u00e3o ter a primeira op\u00e7\u00e3o) da(s) cidade(s) em que residiu nos \u00faltimos 5(cinco) anos. Mas tamb\u00e9m ser\u00e3o aceitas certid\u00f5es obtidas nos sites dos Tribunais de Justi\u00e7a dos Estados, desde que contemplem os processos de execu\u00e7\u00e3o criminal e possam ter sua autenticidade verificada eletronicamente.<\/p>\n<p>Os candidatos que n\u00e3o puderem comparecer \u00e0 sede da FADESP, podem enviar representante desde que este esteja munido de procura\u00e7\u00e3o espec\u00edfica para este fim, com firma reconhecida em cart\u00f3rio, e c\u00f3pia autenticada de documento oficial de identifica\u00e7\u00e3o do candidato (com foto).<\/p>\n<p>Ser\u00e1 considerado INAPTO o candidato que n\u00e3o comparecer \u00e0 sede da FADESP no per\u00edodo informado no edital de convoca\u00e7\u00e3o, que n\u00e3o apresentar o formul\u00e1rio e\/ou a certid\u00e3o e que esteja com seus direitos pol\u00edticos suspensos ou inabilitado para a dire\u00e7\u00e3o de ve\u00edculos automotores.<\/p>\n<p>Os editais, o formul\u00e1rio de entrega de documento e todos os demais informa\u00e7\u00f5es do concurso do DETRAN est\u00e3o na <strong><a href=\"https:\/\/portalfadesp.org.br\/?page_id=1316\" target=\"_blank\" rel=\"noopener noreferrer\">p\u00e1gina oficial de acompanhamento<\/a><\/strong>, sendo de responsabilidade do candidato acess\u00e1-la regularmente para se manter informado das etapas.<\/p>\n","protected":false},"excerpt":{"rendered":"<p>Candidatos ao cargo de Agente de Fiscaliza\u00e7\u00e3o de Tr\u00e2nsito classificados para a quinta etapa do concurso do Departamento de Tr\u00e2nsito do Estado do Par\u00e1 (DETRAN\/PA) dever\u00e3o entregar a certid\u00e3o negativa da Vara de Execu\u00e7\u00e3o Criminal entre os dias 6 e 9 deste m\u00eas de agosto. Quem n\u00e3o entregar, ser\u00e1 automaticamente eliminado da sele\u00e7\u00e3o. Conforme o [&hellip;]<\/p>\n","protected":false},"author":11,"featured_media":497,"comment_status":"open","ping_status":"open","sticky":false,"template":"","format":"standard","meta":{"_monsterinsights_skip_tracking":false,"_monsterinsights_sitenote_active":false,"_monsterinsights_sitenote_note":"","_monsterinsights_sitenote_category":0,"footnotes":""},"categories":[7],"tags":[62,74,73],"class_list":["post-3293","post","type-post","status-publish","format-standard","has-post-thumbnail","hentry","category-concurso","tag-concurso-publico","tag-detran","tag-transito","entry","has-media"],"yoast_head":"<!-- This site is optimized with the Yoast SEO plugin v25.1 - https:\/\/yoast.com\/wordpress\/plugins\/seo\/ -->\n<title>Candidatos ao cargo de Agente de Fiscaliza\u00e7\u00e3o do concurso do DETRAN ter\u00e3o entre os dias 6 e 9 deste m\u00eas para entregar a documenta\u00e7\u00e3o da quinta etapa. - FADESP<\/title>\n<meta name=\"robots\" content=\"index, follow, max-snippet:-1, max-image-preview:large, max-video-preview:-1\" \/>\n<link rel=\"canonical\" href=\"https:\/\/portalfadesp.org.br\/?p=3293\" \/>\n<meta property=\"og:locale\" content=\"pt_BR\" \/>\n<meta property=\"og:type\" content=\"article\" \/>\n<meta property=\"og:title\" content=\"Candidatos ao cargo de Agente de Fiscaliza\u00e7\u00e3o do concurso do DETRAN ter\u00e3o entre os dias 6 e 9 deste m\u00eas para entregar a documenta\u00e7\u00e3o da quinta etapa. - FADESP\" \/>\n<meta property=\"og:description\" content=\"Candidatos ao cargo de Agente de Fiscaliza\u00e7\u00e3o de Tr\u00e2nsito classificados para a quinta etapa do concurso do Departamento de Tr\u00e2nsito do Estado do Par\u00e1 (DETRAN\/PA) dever\u00e3o entregar a certid\u00e3o negativa da Vara de Execu\u00e7\u00e3o Criminal entre os dias 6 e 9 deste m\u00eas de agosto. Quem n\u00e3o entregar, ser\u00e1 automaticamente eliminado da sele\u00e7\u00e3o. Conforme o [&hellip;]\" \/>\n<meta property=\"og:url\" content=\"https:\/\/portalfadesp.org.br\/?p=3293\" \/>\n<meta property=\"og:site_name\" content=\"FADESP\" \/>\n<meta property=\"article:publisher\" content=\"https:\/\/www.facebook.com\/Fadesp-138351949524662\/\" \/>\n<meta property=\"article:published_time\" content=\"2019-08-04T22:16:19+00:00\" \/>\n<meta property=\"article:modified_time\" content=\"2022-12-21T04:00:36+00:00\" \/>\n<meta property=\"og:image\" content=\"https:\/\/portalfadesp.org.br\/wp-content\/uploads\/2019\/01\/up_ag_29452_detran.jpg\" \/>\n\t<meta property=\"og:image:width\" content=\"600\" \/>\n\t<meta property=\"og:image:height\" content=\"389\" \/>\n\t<meta property=\"og:image:type\" content=\"image\/jpeg\" \/>\n<meta name=\"author\" content=\"Lorena Filgueiras\" \/>\n<meta name=\"twitter:card\" content=\"summary_large_image\" \/>\n<meta name=\"twitter:creator\" content=\"@Fadesp\" \/>\n<meta name=\"twitter:site\" content=\"@Fadesp\" \/>\n<meta name=\"twitter:label1\" content=\"Escrito por\" \/>\n\t<meta name=\"twitter:data1\" content=\"Lorena Filgueiras\" \/>\n\t<meta name=\"twitter:label2\" content=\"Est. tempo de leitura\" \/>\n\t<meta name=\"twitter:data2\" content=\"2 minutos\" \/>\n<script type=\"application\/ld+json\" class=\"yoast-schema-graph\">{\"@context\":\"https:\/\/schema.org\",\"@graph\":[{\"@type\":\"Article\",\"@id\":\"https:\/\/portalfadesp.org.br\/?p=3293#article\",\"isPartOf\":{\"@id\":\"https:\/\/portalfadesp.org.br\/?p=3293\"},\"author\":{\"name\":\"Lorena Filgueiras\",\"@id\":\"https:\/\/portalfadesp.org.br\/#\/schema\/person\/c1fa9db0c87dc412d1568e0e5e27be9c\"},\"headline\":\"Candidatos ao cargo de Agente de Fiscaliza\u00e7\u00e3o do concurso do DETRAN ter\u00e3o entre os dias 6 e 9 deste m\u00eas para entregar a documenta\u00e7\u00e3o da quinta etapa.\",\"datePublished\":\"2019-08-04T22:16:19+00:00\",\"dateModified\":\"2022-12-21T04:00:36+00:00\",\"mainEntityOfPage\":{\"@id\":\"https:\/\/portalfadesp.org.br\/?p=3293\"},\"wordCount\":388,\"commentCount\":0,\"publisher\":{\"@id\":\"https:\/\/portalfadesp.org.br\/#organization\"},\"image\":{\"@id\":\"https:\/\/portalfadesp.org.br\/?p=3293#primaryimage\"},\"thumbnailUrl\":\"https:\/\/portalfadesp.org.br\/wp-content\/uploads\/2019\/01\/up_ag_29452_detran.jpg\",\"keywords\":[\"concurso p\u00fablico\",\"detran\",\"tr\u00e2nsito\"],\"articleSection\":[\"Concurso\"],\"inLanguage\":\"pt-BR\"},{\"@type\":\"WebPage\",\"@id\":\"https:\/\/portalfadesp.org.br\/?p=3293\",\"url\":\"https:\/\/portalfadesp.org.br\/?p=3293\",\"name\":\"Candidatos ao cargo de Agente de Fiscaliza\u00e7\u00e3o do concurso do DETRAN ter\u00e3o entre os dias 6 e 9 deste m\u00eas para entregar a documenta\u00e7\u00e3o da quinta etapa. - FADESP\",\"isPartOf\":{\"@id\":\"https:\/\/portalfadesp.org.br\/#website\"},\"primaryImageOfPage\":{\"@id\":\"https:\/\/portalfadesp.org.br\/?p=3293#primaryimage\"},\"image\":{\"@id\":\"https:\/\/portalfadesp.org.br\/?p=3293#primaryimage\"},\"thumbnailUrl\":\"https:\/\/portalfadesp.org.br\/wp-content\/uploads\/2019\/01\/up_ag_29452_detran.jpg\",\"datePublished\":\"2019-08-04T22:16:19+00:00\",\"dateModified\":\"2022-12-21T04:00:36+00:00\",\"breadcrumb\":{\"@id\":\"https:\/\/portalfadesp.org.br\/?p=3293#breadcrumb\"},\"inLanguage\":\"pt-BR\",\"potentialAction\":[{\"@type\":\"ReadAction\",\"target\":[\"https:\/\/portalfadesp.org.br\/?p=3293\"]}]},{\"@type\":\"ImageObject\",\"inLanguage\":\"pt-BR\",\"@id\":\"https:\/\/portalfadesp.org.br\/?p=3293#primaryimage\",\"url\":\"https:\/\/portalfadesp.org.br\/wp-content\/uploads\/2019\/01\/up_ag_29452_detran.jpg\",\"contentUrl\":\"https:\/\/portalfadesp.org.br\/wp-content\/uploads\/2019\/01\/up_ag_29452_detran.jpg\",\"width\":600,\"height\":389},{\"@type\":\"BreadcrumbList\",\"@id\":\"https:\/\/portalfadesp.org.br\/?p=3293#breadcrumb\",\"itemListElement\":[{\"@type\":\"ListItem\",\"position\":1,\"name\":\"In\u00edcio\",\"item\":\"https:\/\/portalfadesp.org.br\/\"},{\"@type\":\"ListItem\",\"position\":2,\"name\":\"Candidatos ao cargo de Agente de Fiscaliza\u00e7\u00e3o do concurso do DETRAN ter\u00e3o entre os dias 6 e 9 deste m\u00eas para entregar a documenta\u00e7\u00e3o da quinta etapa.\"}]},{\"@type\":\"WebSite\",\"@id\":\"https:\/\/portalfadesp.org.br\/#website\",\"url\":\"https:\/\/portalfadesp.org.br\/\",\"name\":\"FADESP\",\"description\":\"Funda\u00e7\u00e3o de Amparo e Desenvolvimento da Pesquisa\",\"publisher\":{\"@id\":\"https:\/\/portalfadesp.org.br\/#organization\"},\"potentialAction\":[{\"@type\":\"SearchAction\",\"target\":{\"@type\":\"EntryPoint\",\"urlTemplate\":\"https:\/\/portalfadesp.org.br\/?s={search_term_string}\"},\"query-input\":{\"@type\":\"PropertyValueSpecification\",\"valueRequired\":true,\"valueName\":\"search_term_string\"}}],\"inLanguage\":\"pt-BR\"},{\"@type\":\"Organization\",\"@id\":\"https:\/\/portalfadesp.org.br\/#organization\",\"name\":\"FADESP\",\"url\":\"https:\/\/portalfadesp.org.br\/\",\"logo\":{\"@type\":\"ImageObject\",\"inLanguage\":\"pt-BR\",\"@id\":\"https:\/\/portalfadesp.org.br\/#\/schema\/logo\/image\/\",\"url\":\"https:\/\/portalfadesp.org.br\/wp-content\/uploads\/2024\/01\/NOVOLOGOFADESPlaranjaH.png\",\"contentUrl\":\"https:\/\/portalfadesp.org.br\/wp-content\/uploads\/2024\/01\/NOVOLOGOFADESPlaranjaH.png\",\"width\":2742,\"height\":839,\"caption\":\"FADESP\"},\"image\":{\"@id\":\"https:\/\/portalfadesp.org.br\/#\/schema\/logo\/image\/\"},\"sameAs\":[\"https:\/\/www.facebook.com\/Fadesp-138351949524662\/\",\"https:\/\/x.com\/Fadesp\",\"https:\/\/www.instagram.com\/fadesp_ufpa\/\",\"https:\/\/www.youtube.com\/@fundacaodeamparoedesenvolv1903\",\"https:\/\/www.threads.net\/@fadesp_ufpa\"]},{\"@type\":\"Person\",\"@id\":\"https:\/\/portalfadesp.org.br\/#\/schema\/person\/c1fa9db0c87dc412d1568e0e5e27be9c\",\"name\":\"Lorena Filgueiras\",\"image\":{\"@type\":\"ImageObject\",\"inLanguage\":\"pt-BR\",\"@id\":\"https:\/\/portalfadesp.org.br\/#\/schema\/person\/image\/\",\"url\":\"https:\/\/secure.gravatar.com\/avatar\/37390a2dfe1325c2917fc5f6df471abe8ab753cf23b2d14690f57bd61ab4b7cf?s=96&d=mm&r=g\",\"contentUrl\":\"https:\/\/secure.gravatar.com\/avatar\/37390a2dfe1325c2917fc5f6df471abe8ab753cf23b2d14690f57bd61ab4b7cf?s=96&d=mm&r=g\",\"caption\":\"Lorena Filgueiras\"},\"url\":\"https:\/\/portalfadesp.org.br\/?author=11\"}]}<\/script>\n<!-- \/ Yoast SEO plugin. -->","yoast_head_json":{"title":"Candidatos ao cargo de Agente de Fiscaliza\u00e7\u00e3o do concurso do DETRAN ter\u00e3o entre os dias 6 e 9 deste m\u00eas para entregar a documenta\u00e7\u00e3o da quinta etapa. - FADESP","robots":{"index":"index","follow":"follow","max-snippet":"max-snippet:-1","max-image-preview":"max-image-preview:large","max-video-preview":"max-video-preview:-1"},"canonical":"https:\/\/portalfadesp.org.br\/?p=3293","og_locale":"pt_BR","og_type":"article","og_title":"Candidatos ao cargo de Agente de Fiscaliza\u00e7\u00e3o do concurso do DETRAN ter\u00e3o entre os dias 6 e 9 deste m\u00eas para entregar a documenta\u00e7\u00e3o da quinta etapa. - FADESP","og_description":"Candidatos ao cargo de Agente de Fiscaliza\u00e7\u00e3o de Tr\u00e2nsito classificados para a quinta etapa do concurso do Departamento de Tr\u00e2nsito do Estado do Par\u00e1 (DETRAN\/PA) dever\u00e3o entregar a certid\u00e3o negativa da Vara de Execu\u00e7\u00e3o Criminal entre os dias 6 e 9 deste m\u00eas de agosto. Quem n\u00e3o entregar, ser\u00e1 automaticamente eliminado da sele\u00e7\u00e3o. Conforme o [&hellip;]","og_url":"https:\/\/portalfadesp.org.br\/?p=3293","og_site_name":"FADESP","article_publisher":"https:\/\/www.facebook.com\/Fadesp-138351949524662\/","article_published_time":"2019-08-04T22:16:19+00:00","article_modified_time":"2022-12-21T04:00:36+00:00","og_image":[{"width":600,"height":389,"url":"https:\/\/portalfadesp.org.br\/wp-content\/uploads\/2019\/01\/up_ag_29452_detran.jpg","type":"image\/jpeg"}],"author":"Lorena Filgueiras","twitter_card":"summary_large_image","twitter_creator":"@Fadesp","twitter_site":"@Fadesp","twitter_misc":{"Escrito por":"Lorena Filgueiras","Est. tempo de leitura":"2 minutos"},"schema":{"@context":"https:\/\/schema.org","@graph":[{"@type":"Article","@id":"https:\/\/portalfadesp.org.br\/?p=3293#article","isPartOf":{"@id":"https:\/\/portalfadesp.org.br\/?p=3293"},"author":{"name":"Lorena Filgueiras","@id":"https:\/\/portalfadesp.org.br\/#\/schema\/person\/c1fa9db0c87dc412d1568e0e5e27be9c"},"headline":"Candidatos ao cargo de Agente de Fiscaliza\u00e7\u00e3o do concurso do DETRAN ter\u00e3o entre os dias 6 e 9 deste m\u00eas para entregar a documenta\u00e7\u00e3o da quinta etapa.","datePublished":"2019-08-04T22:16:19+00:00","dateModified":"2022-12-21T04:00:36+00:00","mainEntityOfPage":{"@id":"https:\/\/portalfadesp.org.br\/?p=3293"},"wordCount":388,"commentCount":0,"publisher":{"@id":"https:\/\/portalfadesp.org.br\/#organization"},"image":{"@id":"https:\/\/portalfadesp.org.br\/?p=3293#primaryimage"},"thumbnailUrl":"https:\/\/portalfadesp.org.br\/wp-content\/uploads\/2019\/01\/up_ag_29452_detran.jpg","keywords":["concurso p\u00fablico","detran","tr\u00e2nsito"],"articleSection":["Concurso"],"inLanguage":"pt-BR"},{"@type":"WebPage","@id":"https:\/\/portalfadesp.org.br\/?p=3293","url":"https:\/\/portalfadesp.org.br\/?p=3293","name":"Candidatos ao cargo de Agente de Fiscaliza\u00e7\u00e3o do concurso do DETRAN ter\u00e3o entre os dias 6 e 9 deste m\u00eas para entregar a documenta\u00e7\u00e3o da quinta etapa. - FADESP","isPartOf":{"@id":"https:\/\/portalfadesp.org.br\/#website"},"primaryImageOfPage":{"@id":"https:\/\/portalfadesp.org.br\/?p=3293#primaryimage"},"image":{"@id":"https:\/\/portalfadesp.org.br\/?p=3293#primaryimage"},"thumbnailUrl":"https:\/\/portalfadesp.org.br\/wp-content\/uploads\/2019\/01\/up_ag_29452_detran.jpg","datePublished":"2019-08-04T22:16:19+00:00","dateModified":"2022-12-21T04:00:36+00:00","breadcrumb":{"@id":"https:\/\/portalfadesp.org.br\/?p=3293#breadcrumb"},"inLanguage":"pt-BR","potentialAction":[{"@type":"ReadAction","target":["https:\/\/portalfadesp.org.br\/?p=3293"]}]},{"@type":"ImageObject","inLanguage":"pt-BR","@id":"https:\/\/portalfadesp.org.br\/?p=3293#primaryimage","url":"https:\/\/portalfadesp.org.br\/wp-content\/uploads\/2019\/01\/up_ag_29452_detran.jpg","contentUrl":"https:\/\/portalfadesp.org.br\/wp-content\/uploads\/2019\/01\/up_ag_29452_detran.jpg","width":600,"height":389},{"@type":"BreadcrumbList","@id":"https:\/\/portalfadesp.org.br\/?p=3293#breadcrumb","itemListElement":[{"@type":"ListItem","position":1,"name":"In\u00edcio","item":"https:\/\/portalfadesp.org.br\/"},{"@type":"ListItem","position":2,"name":"Candidatos ao cargo de Agente de Fiscaliza\u00e7\u00e3o do concurso do DETRAN ter\u00e3o entre os dias 6 e 9 deste m\u00eas para entregar a documenta\u00e7\u00e3o da quinta etapa."}]},{"@type":"WebSite","@id":"https:\/\/portalfadesp.org.br\/#website","url":"https:\/\/portalfadesp.org.br\/","name":"FADESP","description":"Funda\u00e7\u00e3o de Amparo e Desenvolvimento da Pesquisa","publisher":{"@id":"https:\/\/portalfadesp.org.br\/#organization"},"potentialAction":[{"@type":"SearchAction","target":{"@type":"EntryPoint","urlTemplate":"https:\/\/portalfadesp.org.br\/?s={search_term_string}"},"query-input":{"@type":"PropertyValueSpecification","valueRequired":true,"valueName":"search_term_string"}}],"inLanguage":"pt-BR"},{"@type":"Organization","@id":"https:\/\/portalfadesp.org.br\/#organization","name":"FADESP","url":"https:\/\/portalfadesp.org.br\/","logo":{"@type":"ImageObject","inLanguage":"pt-BR","@id":"https:\/\/portalfadesp.org.br\/#\/schema\/logo\/image\/","url":"https:\/\/portalfadesp.org.br\/wp-content\/uploads\/2024\/01\/NOVOLOGOFADESPlaranjaH.png","contentUrl":"https:\/\/portalfadesp.org.br\/wp-content\/uploads\/2024\/01\/NOVOLOGOFADESPlaranjaH.png","width":2742,"height":839,"caption":"FADESP"},"image":{"@id":"https:\/\/portalfadesp.org.br\/#\/schema\/logo\/image\/"},"sameAs":["https:\/\/www.facebook.com\/Fadesp-138351949524662\/","https:\/\/x.com\/Fadesp","https:\/\/www.instagram.com\/fadesp_ufpa\/","https:\/\/www.youtube.com\/@fundacaodeamparoedesenvolv1903","https:\/\/www.threads.net\/@fadesp_ufpa"]},{"@type":"Person","@id":"https:\/\/portalfadesp.org.br\/#\/schema\/person\/c1fa9db0c87dc412d1568e0e5e27be9c","name":"Lorena Filgueiras","image":{"@type":"ImageObject","inLanguage":"pt-BR","@id":"https:\/\/portalfadesp.org.br\/#\/schema\/person\/image\/","url":"https:\/\/secure.gravatar.com\/avatar\/37390a2dfe1325c2917fc5f6df471abe8ab753cf23b2d14690f57bd61ab4b7cf?s=96&d=mm&r=g","contentUrl":"https:\/\/secure.gravatar.com\/avatar\/37390a2dfe1325c2917fc5f6df471abe8ab753cf23b2d14690f57bd61ab4b7cf?s=96&d=mm&r=g","caption":"Lorena Filgueiras"},"url":"https:\/\/portalfadesp.org.br\/?author=11"}]}},"_links":{"self":[{"href":"https:\/\/portalfadesp.org.br\/index.php?rest_route=\/wp\/v2\/posts\/3293","targetHints":{"allow":["GET"]}}],"collection":[{"href":"https:\/\/portalfadesp.org.br\/index.php?rest_route=\/wp\/v2\/posts"}],"about":[{"href":"https:\/\/portalfadesp.org.br\/index.php?rest_route=\/wp\/v2\/types\/post"}],"author":[{"embeddable":true,"href":"https:\/\/portalfadesp.org.br\/index.php?rest_route=\/wp\/v2\/users\/11"}],"replies":[{"embeddable":true,"href":"https:\/\/portalfadesp.org.br\/index.php?rest_route=%2Fwp%2Fv2%2Fcomments&post=3293"}],"version-history":[{"count":5,"href":"https:\/\/portalfadesp.org.br\/index.php?rest_route=\/wp\/v2\/posts\/3293\/revisions"}],"predecessor-version":[{"id":37889,"href":"https:\/\/portalfadesp.org.br\/index.php?rest_route=\/wp\/v2\/posts\/3293\/revisions\/37889"}],"wp:featuredmedia":[{"embeddable":true,"href":"https:\/\/portalfadesp.org.br\/index.php?rest_route=\/wp\/v2\/media\/497"}],"wp:attachment":[{"href":"https:\/\/portalfadesp.org.br\/index.php?rest_route=%2Fwp%2Fv2%2Fmedia&parent=3293"}],"wp:term":[{"taxonomy":"category","embeddable":true,"href":"https:\/\/portalfadesp.org.br\/index.php?rest_route=%2Fwp%2Fv2%2Fcategories&post=3293"},{"taxonomy":"post_tag","embeddable":true,"href":"https:\/\/portalfadesp.org.br\/index.php?rest_route=%2Fwp%2Fv2%2Ftags&post=3293"}],"curies":[{"name":"wp","href":"https:\/\/api.w.org\/{rel}","templated":true}]}}