{"id":3289,"date":"2019-08-04T17:54:02","date_gmt":"2019-08-04T20:54:02","guid":{"rendered":"https:\/\/162.215.13.167?p=3289"},"modified":"2022-12-21T01:00:21","modified_gmt":"2022-12-21T04:00:21","slug":"divulgado-o-resultado-preliminar-da-avaliacao-medica-do-concurso-para-o-cpc-renato-chaves-2","status":"publish","type":"post","link":"https:\/\/portalfadesp.org.br\/?p=3289","title":{"rendered":"Prova de capacidade f\u00edsica do concurso para o CPC Renato Chaves ser\u00e1 de 10 a 13 de agosto. Candidatos devem consultar a data, a hora e o local."},"content":{"rendered":"<p><img decoding=\"async\" class=\"alignright wp-image-1817 size-full\" src=\"https:\/\/portalfadesp.org.br\/wp-content\/uploads\/2019\/06\/up_ag_29544_renato_chave_-_agencia_para_cristino_martins.jpg\" alt=\"\" width=\"250\" height=\"167\" \/>Os candidatos do concurso para o Centro de Per\u00edcia Cient\u00edfica Renato Chaves (CPC Renato Chaves) far\u00e3o a prova de capacidade f\u00edsica, no per\u00edodo de 10 a 13 deste m\u00eas de agosto. Os locais e hor\u00e1rios individuais devem ser consultados no edital <strong><a href=\"..\/wp-content\/uploads\/2019\/07\/Edital-n%C2%B0-26_2019_SEAD-CPCRC-PA-Divulga%C3%A7%C3%A3o-dos-Locais-de-Aplica%C3%A7%C3%A3o-da-3a-Fase-Prova-de-Capacidade-F%C3%ADsica.pdf\" target=\"_blank\" rel=\"noopener noreferrer\">&#8220;Locais de Aplica\u00e7\u00e3o da 3\u00aa Fase&#8221;<\/a><\/strong>, dispon\u00edvel na <a href=\"https:\/\/162.215.13.167?page_id=1326\" target=\"_blank\" rel=\"noopener noreferrer\"><strong>p\u00e1gina oficial de acompanhamento.\u00a0<\/strong><\/a><\/p>\n<p>A prova ser\u00e1 realizada nos munic\u00edpios de Itaituba, Altamira, Castanhal, Marab\u00e1, Santar\u00e9m e Bel\u00e9m. Os candidatos est\u00e3o distribu\u00eddos em turmas, com datas e hor\u00e1rios espec\u00edficos. Todos os candidatos devem chegar ao local com uma hora de anteced\u00eancia e atentar para as regras estabelecidas no edital.<\/p>\n<p>A prova de capacidade f\u00edsica \u00e9 somente eliminat\u00f3ria e comp\u00f5e a primeira etapa do concurso que ainda exigir\u00e1 dos candidatos aprovados na terceira fase a participa\u00e7\u00e3o no exame psicol\u00f3gico, na investiga\u00e7\u00e3o criminal e social e na prova de t\u00edtulos (esta \u00faltima ser\u00e1 aplicada somente aos cargos de n\u00edvel superior).<\/p>\n<p>A segunda etapa ser\u00e1 o curso t\u00e9cnico-profissional, de responsabilidade do CPCRC. Todas as fases da primeira etapa ser\u00e3o realizadas em Bel\u00e9m, Altamira, Castanhal, Marab\u00e1, Santar\u00e9m e Itaituba, no Par\u00e1. Conforme o edital, os candidatos aprovados para os cargos de n\u00edvel M\u00e9dio ter\u00e3o sal\u00e1rio de R$ 5.210,05 e os de Superior, R$ 8.482,04 para cumprimento de jornada de 40 horas semanais.<\/p>\n<p>Todos os editais, avisos e demais informa\u00e7\u00f5es do concurso est\u00e3o na <a href=\"https:\/\/portalfadesp.org.br\/?page_id=1326\" target=\"_blank\" rel=\"noopener noreferrer\"><strong>p\u00e1gina oficial de acompanhamento.<\/strong><\/a><\/p>\n","protected":false},"excerpt":{"rendered":"<p>Os candidatos do concurso para o Centro de Per\u00edcia Cient\u00edfica Renato Chaves (CPC Renato Chaves) far\u00e3o a prova de capacidade f\u00edsica, no per\u00edodo de 10 a 13 deste m\u00eas de agosto. Os locais e hor\u00e1rios individuais devem ser consultados no edital &#8220;Locais de Aplica\u00e7\u00e3o da 3\u00aa Fase&#8221;, dispon\u00edvel na p\u00e1gina oficial de acompanhamento.\u00a0 A prova [&hellip;]<\/p>\n","protected":false},"author":11,"featured_media":2913,"comment_status":"open","ping_status":"open","sticky":false,"template":"","format":"standard","meta":{"_monsterinsights_skip_tracking":false,"_monsterinsights_sitenote_active":false,"_monsterinsights_sitenote_note":"","_monsterinsights_sitenote_category":0,"footnotes":""},"categories":[7],"tags":[],"class_list":["post-3289","post","type-post","status-publish","format-standard","has-post-thumbnail","hentry","category-concurso","entry","has-media"],"yoast_head":"<!-- This site is optimized with the Yoast SEO plugin v25.1 - https:\/\/yoast.com\/wordpress\/plugins\/seo\/ -->\n<title>Prova de capacidade f\u00edsica do concurso para o CPC Renato Chaves ser\u00e1 de 10 a 13 de agosto. Candidatos devem consultar a data, a hora e o local. - FADESP<\/title>\n<meta name=\"robots\" content=\"index, follow, max-snippet:-1, max-image-preview:large, max-video-preview:-1\" \/>\n<link rel=\"canonical\" href=\"https:\/\/portalfadesp.org.br\/?p=3289\" \/>\n<meta property=\"og:locale\" content=\"pt_BR\" \/>\n<meta property=\"og:type\" content=\"article\" \/>\n<meta property=\"og:title\" content=\"Prova de capacidade f\u00edsica do concurso para o CPC Renato Chaves ser\u00e1 de 10 a 13 de agosto. Candidatos devem consultar a data, a hora e o local. - FADESP\" \/>\n<meta property=\"og:description\" content=\"Os candidatos do concurso para o Centro de Per\u00edcia Cient\u00edfica Renato Chaves (CPC Renato Chaves) far\u00e3o a prova de capacidade f\u00edsica, no per\u00edodo de 10 a 13 deste m\u00eas de agosto. Os locais e hor\u00e1rios individuais devem ser consultados no edital &#8220;Locais de Aplica\u00e7\u00e3o da 3\u00aa Fase&#8221;, dispon\u00edvel na p\u00e1gina oficial de acompanhamento.\u00a0 A prova [&hellip;]\" \/>\n<meta property=\"og:url\" content=\"https:\/\/portalfadesp.org.br\/?p=3289\" \/>\n<meta property=\"og:site_name\" content=\"FADESP\" \/>\n<meta property=\"article:publisher\" content=\"https:\/\/www.facebook.com\/Fadesp-138351949524662\/\" \/>\n<meta property=\"article:published_time\" content=\"2019-08-04T20:54:02+00:00\" \/>\n<meta property=\"article:modified_time\" content=\"2022-12-21T04:00:21+00:00\" \/>\n<meta property=\"og:image\" content=\"https:\/\/portalfadesp.org.br\/wp-content\/uploads\/2019\/07\/Renato-Chave-Ag\u00eancia-Par\u00e1-Cristino-Martins.jpg\" \/>\n\t<meta property=\"og:image:width\" content=\"3543\" \/>\n\t<meta property=\"og:image:height\" content=\"2362\" \/>\n\t<meta property=\"og:image:type\" content=\"image\/jpeg\" \/>\n<meta name=\"author\" content=\"Lorena Filgueiras\" \/>\n<meta name=\"twitter:card\" content=\"summary_large_image\" \/>\n<meta name=\"twitter:creator\" content=\"@Fadesp\" \/>\n<meta name=\"twitter:site\" content=\"@Fadesp\" \/>\n<meta name=\"twitter:label1\" content=\"Escrito por\" \/>\n\t<meta name=\"twitter:data1\" content=\"Lorena Filgueiras\" \/>\n\t<meta name=\"twitter:label2\" content=\"Est. tempo de leitura\" \/>\n\t<meta name=\"twitter:data2\" content=\"1 minuto\" \/>\n<script type=\"application\/ld+json\" class=\"yoast-schema-graph\">{\"@context\":\"https:\/\/schema.org\",\"@graph\":[{\"@type\":\"Article\",\"@id\":\"https:\/\/portalfadesp.org.br\/?p=3289#article\",\"isPartOf\":{\"@id\":\"https:\/\/portalfadesp.org.br\/?p=3289\"},\"author\":{\"name\":\"Lorena Filgueiras\",\"@id\":\"https:\/\/portalfadesp.org.br\/#\/schema\/person\/c1fa9db0c87dc412d1568e0e5e27be9c\"},\"headline\":\"Prova de capacidade f\u00edsica do concurso para o CPC Renato Chaves ser\u00e1 de 10 a 13 de agosto. Candidatos devem consultar a data, a hora e o local.\",\"datePublished\":\"2019-08-04T20:54:02+00:00\",\"dateModified\":\"2022-12-21T04:00:21+00:00\",\"mainEntityOfPage\":{\"@id\":\"https:\/\/portalfadesp.org.br\/?p=3289\"},\"wordCount\":279,\"commentCount\":0,\"publisher\":{\"@id\":\"https:\/\/portalfadesp.org.br\/#organization\"},\"image\":{\"@id\":\"https:\/\/portalfadesp.org.br\/?p=3289#primaryimage\"},\"thumbnailUrl\":\"https:\/\/portalfadesp.org.br\/wp-content\/uploads\/2019\/07\/Renato-Chave-Ag\u00eancia-Par\u00e1-Cristino-Martins.jpg\",\"articleSection\":[\"Concurso\"],\"inLanguage\":\"pt-BR\"},{\"@type\":\"WebPage\",\"@id\":\"https:\/\/portalfadesp.org.br\/?p=3289\",\"url\":\"https:\/\/portalfadesp.org.br\/?p=3289\",\"name\":\"Prova de capacidade f\u00edsica do concurso para o CPC Renato Chaves ser\u00e1 de 10 a 13 de agosto. Candidatos devem consultar a data, a hora e o local. - FADESP\",\"isPartOf\":{\"@id\":\"https:\/\/portalfadesp.org.br\/#website\"},\"primaryImageOfPage\":{\"@id\":\"https:\/\/portalfadesp.org.br\/?p=3289#primaryimage\"},\"image\":{\"@id\":\"https:\/\/portalfadesp.org.br\/?p=3289#primaryimage\"},\"thumbnailUrl\":\"https:\/\/portalfadesp.org.br\/wp-content\/uploads\/2019\/07\/Renato-Chave-Ag\u00eancia-Par\u00e1-Cristino-Martins.jpg\",\"datePublished\":\"2019-08-04T20:54:02+00:00\",\"dateModified\":\"2022-12-21T04:00:21+00:00\",\"breadcrumb\":{\"@id\":\"https:\/\/portalfadesp.org.br\/?p=3289#breadcrumb\"},\"inLanguage\":\"pt-BR\",\"potentialAction\":[{\"@type\":\"ReadAction\",\"target\":[\"https:\/\/portalfadesp.org.br\/?p=3289\"]}]},{\"@type\":\"ImageObject\",\"inLanguage\":\"pt-BR\",\"@id\":\"https:\/\/portalfadesp.org.br\/?p=3289#primaryimage\",\"url\":\"https:\/\/portalfadesp.org.br\/wp-content\/uploads\/2019\/07\/Renato-Chave-Ag\u00eancia-Par\u00e1-Cristino-Martins.jpg\",\"contentUrl\":\"https:\/\/portalfadesp.org.br\/wp-content\/uploads\/2019\/07\/Renato-Chave-Ag\u00eancia-Par\u00e1-Cristino-Martins.jpg\",\"width\":3543,\"height\":2362},{\"@type\":\"BreadcrumbList\",\"@id\":\"https:\/\/portalfadesp.org.br\/?p=3289#breadcrumb\",\"itemListElement\":[{\"@type\":\"ListItem\",\"position\":1,\"name\":\"In\u00edcio\",\"item\":\"https:\/\/portalfadesp.org.br\/\"},{\"@type\":\"ListItem\",\"position\":2,\"name\":\"Prova de capacidade f\u00edsica do concurso para o CPC Renato Chaves ser\u00e1 de 10 a 13 de agosto. Candidatos devem consultar a data, a hora e o local.\"}]},{\"@type\":\"WebSite\",\"@id\":\"https:\/\/portalfadesp.org.br\/#website\",\"url\":\"https:\/\/portalfadesp.org.br\/\",\"name\":\"FADESP\",\"description\":\"Funda\u00e7\u00e3o de Amparo e Desenvolvimento da Pesquisa\",\"publisher\":{\"@id\":\"https:\/\/portalfadesp.org.br\/#organization\"},\"potentialAction\":[{\"@type\":\"SearchAction\",\"target\":{\"@type\":\"EntryPoint\",\"urlTemplate\":\"https:\/\/portalfadesp.org.br\/?s={search_term_string}\"},\"query-input\":{\"@type\":\"PropertyValueSpecification\",\"valueRequired\":true,\"valueName\":\"search_term_string\"}}],\"inLanguage\":\"pt-BR\"},{\"@type\":\"Organization\",\"@id\":\"https:\/\/portalfadesp.org.br\/#organization\",\"name\":\"FADESP\",\"url\":\"https:\/\/portalfadesp.org.br\/\",\"logo\":{\"@type\":\"ImageObject\",\"inLanguage\":\"pt-BR\",\"@id\":\"https:\/\/portalfadesp.org.br\/#\/schema\/logo\/image\/\",\"url\":\"https:\/\/portalfadesp.org.br\/wp-content\/uploads\/2024\/01\/NOVOLOGOFADESPlaranjaH.png\",\"contentUrl\":\"https:\/\/portalfadesp.org.br\/wp-content\/uploads\/2024\/01\/NOVOLOGOFADESPlaranjaH.png\",\"width\":2742,\"height\":839,\"caption\":\"FADESP\"},\"image\":{\"@id\":\"https:\/\/portalfadesp.org.br\/#\/schema\/logo\/image\/\"},\"sameAs\":[\"https:\/\/www.facebook.com\/Fadesp-138351949524662\/\",\"https:\/\/x.com\/Fadesp\",\"https:\/\/www.instagram.com\/fadesp_ufpa\/\",\"https:\/\/www.youtube.com\/@fundacaodeamparoedesenvolv1903\",\"https:\/\/www.threads.net\/@fadesp_ufpa\"]},{\"@type\":\"Person\",\"@id\":\"https:\/\/portalfadesp.org.br\/#\/schema\/person\/c1fa9db0c87dc412d1568e0e5e27be9c\",\"name\":\"Lorena Filgueiras\",\"image\":{\"@type\":\"ImageObject\",\"inLanguage\":\"pt-BR\",\"@id\":\"https:\/\/portalfadesp.org.br\/#\/schema\/person\/image\/\",\"url\":\"https:\/\/secure.gravatar.com\/avatar\/37390a2dfe1325c2917fc5f6df471abe8ab753cf23b2d14690f57bd61ab4b7cf?s=96&d=mm&r=g\",\"contentUrl\":\"https:\/\/secure.gravatar.com\/avatar\/37390a2dfe1325c2917fc5f6df471abe8ab753cf23b2d14690f57bd61ab4b7cf?s=96&d=mm&r=g\",\"caption\":\"Lorena Filgueiras\"},\"url\":\"https:\/\/portalfadesp.org.br\/?author=11\"}]}<\/script>\n<!-- \/ Yoast SEO plugin. -->","yoast_head_json":{"title":"Prova de capacidade f\u00edsica do concurso para o CPC Renato Chaves ser\u00e1 de 10 a 13 de agosto. Candidatos devem consultar a data, a hora e o local. - FADESP","robots":{"index":"index","follow":"follow","max-snippet":"max-snippet:-1","max-image-preview":"max-image-preview:large","max-video-preview":"max-video-preview:-1"},"canonical":"https:\/\/portalfadesp.org.br\/?p=3289","og_locale":"pt_BR","og_type":"article","og_title":"Prova de capacidade f\u00edsica do concurso para o CPC Renato Chaves ser\u00e1 de 10 a 13 de agosto. Candidatos devem consultar a data, a hora e o local. - FADESP","og_description":"Os candidatos do concurso para o Centro de Per\u00edcia Cient\u00edfica Renato Chaves (CPC Renato Chaves) far\u00e3o a prova de capacidade f\u00edsica, no per\u00edodo de 10 a 13 deste m\u00eas de agosto. Os locais e hor\u00e1rios individuais devem ser consultados no edital &#8220;Locais de Aplica\u00e7\u00e3o da 3\u00aa Fase&#8221;, dispon\u00edvel na p\u00e1gina oficial de acompanhamento.\u00a0 A prova [&hellip;]","og_url":"https:\/\/portalfadesp.org.br\/?p=3289","og_site_name":"FADESP","article_publisher":"https:\/\/www.facebook.com\/Fadesp-138351949524662\/","article_published_time":"2019-08-04T20:54:02+00:00","article_modified_time":"2022-12-21T04:00:21+00:00","og_image":[{"width":3543,"height":2362,"url":"https:\/\/portalfadesp.org.br\/wp-content\/uploads\/2019\/07\/Renato-Chave-Ag\u00eancia-Par\u00e1-Cristino-Martins.jpg","type":"image\/jpeg"}],"author":"Lorena Filgueiras","twitter_card":"summary_large_image","twitter_creator":"@Fadesp","twitter_site":"@Fadesp","twitter_misc":{"Escrito por":"Lorena Filgueiras","Est. tempo de leitura":"1 minuto"},"schema":{"@context":"https:\/\/schema.org","@graph":[{"@type":"Article","@id":"https:\/\/portalfadesp.org.br\/?p=3289#article","isPartOf":{"@id":"https:\/\/portalfadesp.org.br\/?p=3289"},"author":{"name":"Lorena Filgueiras","@id":"https:\/\/portalfadesp.org.br\/#\/schema\/person\/c1fa9db0c87dc412d1568e0e5e27be9c"},"headline":"Prova de capacidade f\u00edsica do concurso para o CPC Renato Chaves ser\u00e1 de 10 a 13 de agosto. Candidatos devem consultar a data, a hora e o local.","datePublished":"2019-08-04T20:54:02+00:00","dateModified":"2022-12-21T04:00:21+00:00","mainEntityOfPage":{"@id":"https:\/\/portalfadesp.org.br\/?p=3289"},"wordCount":279,"commentCount":0,"publisher":{"@id":"https:\/\/portalfadesp.org.br\/#organization"},"image":{"@id":"https:\/\/portalfadesp.org.br\/?p=3289#primaryimage"},"thumbnailUrl":"https:\/\/portalfadesp.org.br\/wp-content\/uploads\/2019\/07\/Renato-Chave-Ag\u00eancia-Par\u00e1-Cristino-Martins.jpg","articleSection":["Concurso"],"inLanguage":"pt-BR"},{"@type":"WebPage","@id":"https:\/\/portalfadesp.org.br\/?p=3289","url":"https:\/\/portalfadesp.org.br\/?p=3289","name":"Prova de capacidade f\u00edsica do concurso para o CPC Renato Chaves ser\u00e1 de 10 a 13 de agosto. Candidatos devem consultar a data, a hora e o local. - FADESP","isPartOf":{"@id":"https:\/\/portalfadesp.org.br\/#website"},"primaryImageOfPage":{"@id":"https:\/\/portalfadesp.org.br\/?p=3289#primaryimage"},"image":{"@id":"https:\/\/portalfadesp.org.br\/?p=3289#primaryimage"},"thumbnailUrl":"https:\/\/portalfadesp.org.br\/wp-content\/uploads\/2019\/07\/Renato-Chave-Ag\u00eancia-Par\u00e1-Cristino-Martins.jpg","datePublished":"2019-08-04T20:54:02+00:00","dateModified":"2022-12-21T04:00:21+00:00","breadcrumb":{"@id":"https:\/\/portalfadesp.org.br\/?p=3289#breadcrumb"},"inLanguage":"pt-BR","potentialAction":[{"@type":"ReadAction","target":["https:\/\/portalfadesp.org.br\/?p=3289"]}]},{"@type":"ImageObject","inLanguage":"pt-BR","@id":"https:\/\/portalfadesp.org.br\/?p=3289#primaryimage","url":"https:\/\/portalfadesp.org.br\/wp-content\/uploads\/2019\/07\/Renato-Chave-Ag\u00eancia-Par\u00e1-Cristino-Martins.jpg","contentUrl":"https:\/\/portalfadesp.org.br\/wp-content\/uploads\/2019\/07\/Renato-Chave-Ag\u00eancia-Par\u00e1-Cristino-Martins.jpg","width":3543,"height":2362},{"@type":"BreadcrumbList","@id":"https:\/\/portalfadesp.org.br\/?p=3289#breadcrumb","itemListElement":[{"@type":"ListItem","position":1,"name":"In\u00edcio","item":"https:\/\/portalfadesp.org.br\/"},{"@type":"ListItem","position":2,"name":"Prova de capacidade f\u00edsica do concurso para o CPC Renato Chaves ser\u00e1 de 10 a 13 de agosto. Candidatos devem consultar a data, a hora e o local."}]},{"@type":"WebSite","@id":"https:\/\/portalfadesp.org.br\/#website","url":"https:\/\/portalfadesp.org.br\/","name":"FADESP","description":"Funda\u00e7\u00e3o de Amparo e Desenvolvimento da Pesquisa","publisher":{"@id":"https:\/\/portalfadesp.org.br\/#organization"},"potentialAction":[{"@type":"SearchAction","target":{"@type":"EntryPoint","urlTemplate":"https:\/\/portalfadesp.org.br\/?s={search_term_string}"},"query-input":{"@type":"PropertyValueSpecification","valueRequired":true,"valueName":"search_term_string"}}],"inLanguage":"pt-BR"},{"@type":"Organization","@id":"https:\/\/portalfadesp.org.br\/#organization","name":"FADESP","url":"https:\/\/portalfadesp.org.br\/","logo":{"@type":"ImageObject","inLanguage":"pt-BR","@id":"https:\/\/portalfadesp.org.br\/#\/schema\/logo\/image\/","url":"https:\/\/portalfadesp.org.br\/wp-content\/uploads\/2024\/01\/NOVOLOGOFADESPlaranjaH.png","contentUrl":"https:\/\/portalfadesp.org.br\/wp-content\/uploads\/2024\/01\/NOVOLOGOFADESPlaranjaH.png","width":2742,"height":839,"caption":"FADESP"},"image":{"@id":"https:\/\/portalfadesp.org.br\/#\/schema\/logo\/image\/"},"sameAs":["https:\/\/www.facebook.com\/Fadesp-138351949524662\/","https:\/\/x.com\/Fadesp","https:\/\/www.instagram.com\/fadesp_ufpa\/","https:\/\/www.youtube.com\/@fundacaodeamparoedesenvolv1903","https:\/\/www.threads.net\/@fadesp_ufpa"]},{"@type":"Person","@id":"https:\/\/portalfadesp.org.br\/#\/schema\/person\/c1fa9db0c87dc412d1568e0e5e27be9c","name":"Lorena Filgueiras","image":{"@type":"ImageObject","inLanguage":"pt-BR","@id":"https:\/\/portalfadesp.org.br\/#\/schema\/person\/image\/","url":"https:\/\/secure.gravatar.com\/avatar\/37390a2dfe1325c2917fc5f6df471abe8ab753cf23b2d14690f57bd61ab4b7cf?s=96&d=mm&r=g","contentUrl":"https:\/\/secure.gravatar.com\/avatar\/37390a2dfe1325c2917fc5f6df471abe8ab753cf23b2d14690f57bd61ab4b7cf?s=96&d=mm&r=g","caption":"Lorena Filgueiras"},"url":"https:\/\/portalfadesp.org.br\/?author=11"}]}},"_links":{"self":[{"href":"https:\/\/portalfadesp.org.br\/index.php?rest_route=\/wp\/v2\/posts\/3289","targetHints":{"allow":["GET"]}}],"collection":[{"href":"https:\/\/portalfadesp.org.br\/index.php?rest_route=\/wp\/v2\/posts"}],"about":[{"href":"https:\/\/portalfadesp.org.br\/index.php?rest_route=\/wp\/v2\/types\/post"}],"author":[{"embeddable":true,"href":"https:\/\/portalfadesp.org.br\/index.php?rest_route=\/wp\/v2\/users\/11"}],"replies":[{"embeddable":true,"href":"https:\/\/portalfadesp.org.br\/index.php?rest_route=%2Fwp%2Fv2%2Fcomments&post=3289"}],"version-history":[{"count":3,"href":"https:\/\/portalfadesp.org.br\/index.php?rest_route=\/wp\/v2\/posts\/3289\/revisions"}],"predecessor-version":[{"id":37886,"href":"https:\/\/portalfadesp.org.br\/index.php?rest_route=\/wp\/v2\/posts\/3289\/revisions\/37886"}],"wp:featuredmedia":[{"embeddable":true,"href":"https:\/\/portalfadesp.org.br\/index.php?rest_route=\/wp\/v2\/media\/2913"}],"wp:attachment":[{"href":"https:\/\/portalfadesp.org.br\/index.php?rest_route=%2Fwp%2Fv2%2Fmedia&parent=3289"}],"wp:term":[{"taxonomy":"category","embeddable":true,"href":"https:\/\/portalfadesp.org.br\/index.php?rest_route=%2Fwp%2Fv2%2Fcategories&post=3289"},{"taxonomy":"post_tag","embeddable":true,"href":"https:\/\/portalfadesp.org.br\/index.php?rest_route=%2Fwp%2Fv2%2Ftags&post=3289"}],"curies":[{"name":"wp","href":"https:\/\/api.w.org\/{rel}","templated":true}]}}