{"id":3226,"date":"2019-08-04T17:02:14","date_gmt":"2019-08-04T20:02:14","guid":{"rendered":"https:\/\/162.215.13.167?p=3226"},"modified":"2022-12-21T01:00:03","modified_gmt":"2022-12-21T04:00:03","slug":"sai-o-resultado-final-preliminar-do-concurso-da-prefeitura-de-tucurui","status":"publish","type":"post","link":"https:\/\/portalfadesp.org.br\/?p=3226","title":{"rendered":"Sai o resultado final preliminar do concurso da prefeitura de Tucuru\u00ed."},"content":{"rendered":"\t\t<div data-elementor-type=\"wp-post\" data-elementor-id=\"3226\" class=\"elementor elementor-3226\" data-elementor-post-type=\"post\">\n\t\t\t\t\t\t<section class=\"elementor-section elementor-top-section elementor-element elementor-element-6284e95a elementor-section-boxed elementor-section-height-default elementor-section-height-default\" data-id=\"6284e95a\" data-element_type=\"section\">\n\t\t\t\t\t\t<div class=\"elementor-container elementor-column-gap-default\">\n\t\t\t\t\t<div class=\"elementor-column elementor-col-100 elementor-top-column elementor-element elementor-element-61ee5f46\" data-id=\"61ee5f46\" data-element_type=\"column\">\n\t\t\t<div class=\"elementor-widget-wrap elementor-element-populated\">\n\t\t\t\t\t\t<div class=\"elementor-element elementor-element-181ab1cb elementor-widget elementor-widget-text-editor\" data-id=\"181ab1cb\" data-element_type=\"widget\" data-widget_type=\"text-editor.default\">\n\t\t\t\t<div class=\"elementor-widget-container\">\n\t\t\t\t\t\t\t\t\t<img decoding=\"async\" class=\"size-full wp-image-1849 alignright\" src=\"..\/wp-content\/uploads\/2019\/06\/up_ag_29538_tucurui.jpg\" alt=\"\" width=\"250\" height=\"188\" \/>O <a href=\"http:\/\/concursos.fadesp.org.br\/pmt2019\/arquivos\/Resultado%20Final%20Preliminar.pdf\" target=\"_blank\" rel=\"noopener noreferrer\">resultado final preliminar do concurso para a prefeitura de Tucuru\u00ed (PA)<\/a> est\u00e1 dispon\u00edvel na <a href=\"https:\/\/portalfadesp.org.br\/?page_id=1330\" target=\"_blank\" rel=\"noopener noreferrer\">p\u00e1gina oficial de acompanhamento<\/a>. Os candidatos podem conferir a classifica\u00e7\u00e3o geral e somente a dos que concorrem pelo sistema de cota para negros e Pessoa com Defici\u00eancia (PcD).\n\nAs listas de classifica\u00e7\u00e3o est\u00e3o organizadas pela pontua\u00e7\u00e3o e trazem a nota geral na prova objetiva e as notas obtidas em cada disciplina. Os classificados atendem ao n\u00famero de vagas ofertadas, mas a lista ainda ser\u00e1 confirmada ap\u00f3s o julgamento de recursos apresentados contra o resultado preliminar.\n\nAl\u00e9m da prova de conhecimentos, o concurso para o cargo de Agente Municipal de Tr\u00e2nsito teve teste de aptid\u00e3o f\u00edsica, de car\u00e1ter somente eliminat\u00f3rio. Candidatos \u00e0 cota para negros tamb\u00e9m foram submetidos \u00e0 avalia\u00e7\u00e3o para a confirma\u00e7\u00e3o dessa condi\u00e7\u00e3o.\n\nO concurso ofertou 40 vagas para Agente Municipal de Tr\u00e2nsito, cargo com jornada de 40 horas semanais e sal\u00e1rio inicial de R$ 1,5 mil. Entre as atribui\u00e7\u00f5es do servidor est\u00e3o a orienta\u00e7\u00e3o, opera\u00e7\u00e3o e a fiscaliza\u00e7\u00e3o ostensiva do tr\u00e2nsito e do transporte do Munic\u00edpio de\nTucuru\u00ed, al\u00e9m da participa\u00e7\u00e3o em estudos e aux\u00edlio na coleta de dados estat\u00edsticos e situacionais, visando subsidiar a elabora\u00e7\u00e3o de projetos e interven\u00e7\u00e3o no sistema vi\u00e1rio e na sinaliza\u00e7\u00e3o de tr\u00e2nsito.\n\nTodas as informa\u00e7\u00f5es do concurso est\u00e3o na <a href=\"https:\/\/portalfadesp.org.br\/?page_id=1330\" target=\"_blank\" rel=\"noopener noreferrer\">p\u00e1gina de acompanhamento.<\/a>\t\t\t\t\t\t\t\t<\/div>\n\t\t\t\t<\/div>\n\t\t\t\t\t<\/div>\n\t\t<\/div>\n\t\t\t\t\t<\/div>\n\t\t<\/section>\n\t\t\t\t<\/div>\n\t\t","protected":false},"excerpt":{"rendered":"<p>O resultado final preliminar do concurso para a prefeitura de Tucuru\u00ed (PA) est\u00e1 dispon\u00edvel na p\u00e1gina oficial de acompanhamento. Os candidatos podem conferir a classifica\u00e7\u00e3o geral e somente a dos que concorrem pelo sistema de cota para negros e Pessoa com Defici\u00eancia (PcD). As listas de classifica\u00e7\u00e3o est\u00e3o organizadas pela pontua\u00e7\u00e3o e trazem a nota [&hellip;]<\/p>\n","protected":false},"author":11,"featured_media":1849,"comment_status":"open","ping_status":"open","sticky":false,"template":"","format":"standard","meta":{"_monsterinsights_skip_tracking":false,"_monsterinsights_sitenote_active":false,"_monsterinsights_sitenote_note":"","_monsterinsights_sitenote_category":0,"footnotes":""},"categories":[7],"tags":[62,68,67],"class_list":["post-3226","post","type-post","status-publish","format-standard","has-post-thumbnail","hentry","category-concurso","tag-concurso-publico","tag-quota","tag-taf","entry","has-media"],"yoast_head":"<!-- This site is optimized with the Yoast SEO plugin v25.1 - https:\/\/yoast.com\/wordpress\/plugins\/seo\/ -->\n<title>Sai o resultado final preliminar do concurso da prefeitura de Tucuru\u00ed. - FADESP<\/title>\n<meta name=\"robots\" content=\"index, follow, max-snippet:-1, max-image-preview:large, max-video-preview:-1\" \/>\n<link rel=\"canonical\" href=\"https:\/\/portalfadesp.org.br\/?p=3226\" \/>\n<meta property=\"og:locale\" content=\"pt_BR\" \/>\n<meta property=\"og:type\" content=\"article\" \/>\n<meta property=\"og:title\" content=\"Sai o resultado final preliminar do concurso da prefeitura de Tucuru\u00ed. - FADESP\" \/>\n<meta property=\"og:description\" content=\"O resultado final preliminar do concurso para a prefeitura de Tucuru\u00ed (PA) est\u00e1 dispon\u00edvel na p\u00e1gina oficial de acompanhamento. Os candidatos podem conferir a classifica\u00e7\u00e3o geral e somente a dos que concorrem pelo sistema de cota para negros e Pessoa com Defici\u00eancia (PcD). As listas de classifica\u00e7\u00e3o est\u00e3o organizadas pela pontua\u00e7\u00e3o e trazem a nota [&hellip;]\" \/>\n<meta property=\"og:url\" content=\"https:\/\/portalfadesp.org.br\/?p=3226\" \/>\n<meta property=\"og:site_name\" content=\"FADESP\" \/>\n<meta property=\"article:publisher\" content=\"https:\/\/www.facebook.com\/Fadesp-138351949524662\/\" \/>\n<meta property=\"article:published_time\" content=\"2019-08-04T20:02:14+00:00\" \/>\n<meta property=\"article:modified_time\" content=\"2022-12-21T04:00:03+00:00\" \/>\n<meta property=\"og:image\" content=\"https:\/\/portalfadesp.org.br\/wp-content\/uploads\/2019\/06\/up_ag_29538_tucurui.jpg\" \/>\n\t<meta property=\"og:image:width\" content=\"250\" \/>\n\t<meta property=\"og:image:height\" content=\"188\" \/>\n\t<meta property=\"og:image:type\" content=\"image\/jpeg\" \/>\n<meta name=\"author\" content=\"Lorena Filgueiras\" \/>\n<meta name=\"twitter:card\" content=\"summary_large_image\" \/>\n<meta name=\"twitter:creator\" content=\"@Fadesp\" \/>\n<meta name=\"twitter:site\" content=\"@Fadesp\" \/>\n<meta name=\"twitter:label1\" content=\"Escrito por\" \/>\n\t<meta name=\"twitter:data1\" content=\"Lorena Filgueiras\" \/>\n\t<meta name=\"twitter:label2\" content=\"Est. tempo de leitura\" \/>\n\t<meta name=\"twitter:data2\" content=\"1 minuto\" \/>\n<script type=\"application\/ld+json\" class=\"yoast-schema-graph\">{\"@context\":\"https:\/\/schema.org\",\"@graph\":[{\"@type\":\"Article\",\"@id\":\"https:\/\/portalfadesp.org.br\/?p=3226#article\",\"isPartOf\":{\"@id\":\"https:\/\/portalfadesp.org.br\/?p=3226\"},\"author\":{\"name\":\"Lorena Filgueiras\",\"@id\":\"https:\/\/portalfadesp.org.br\/#\/schema\/person\/c1fa9db0c87dc412d1568e0e5e27be9c\"},\"headline\":\"Sai o resultado final preliminar do concurso da prefeitura de Tucuru\u00ed.\",\"datePublished\":\"2019-08-04T20:02:14+00:00\",\"dateModified\":\"2022-12-21T04:00:03+00:00\",\"mainEntityOfPage\":{\"@id\":\"https:\/\/portalfadesp.org.br\/?p=3226\"},\"wordCount\":261,\"commentCount\":0,\"publisher\":{\"@id\":\"https:\/\/portalfadesp.org.br\/#organization\"},\"image\":{\"@id\":\"https:\/\/portalfadesp.org.br\/?p=3226#primaryimage\"},\"thumbnailUrl\":\"https:\/\/portalfadesp.org.br\/wp-content\/uploads\/2019\/06\/up_ag_29538_tucurui.jpg\",\"keywords\":[\"concurso p\u00fablico\",\"quota\",\"TAF\"],\"articleSection\":[\"Concurso\"],\"inLanguage\":\"pt-BR\"},{\"@type\":\"WebPage\",\"@id\":\"https:\/\/portalfadesp.org.br\/?p=3226\",\"url\":\"https:\/\/portalfadesp.org.br\/?p=3226\",\"name\":\"Sai o resultado final preliminar do concurso da prefeitura de Tucuru\u00ed. - FADESP\",\"isPartOf\":{\"@id\":\"https:\/\/portalfadesp.org.br\/#website\"},\"primaryImageOfPage\":{\"@id\":\"https:\/\/portalfadesp.org.br\/?p=3226#primaryimage\"},\"image\":{\"@id\":\"https:\/\/portalfadesp.org.br\/?p=3226#primaryimage\"},\"thumbnailUrl\":\"https:\/\/portalfadesp.org.br\/wp-content\/uploads\/2019\/06\/up_ag_29538_tucurui.jpg\",\"datePublished\":\"2019-08-04T20:02:14+00:00\",\"dateModified\":\"2022-12-21T04:00:03+00:00\",\"breadcrumb\":{\"@id\":\"https:\/\/portalfadesp.org.br\/?p=3226#breadcrumb\"},\"inLanguage\":\"pt-BR\",\"potentialAction\":[{\"@type\":\"ReadAction\",\"target\":[\"https:\/\/portalfadesp.org.br\/?p=3226\"]}]},{\"@type\":\"ImageObject\",\"inLanguage\":\"pt-BR\",\"@id\":\"https:\/\/portalfadesp.org.br\/?p=3226#primaryimage\",\"url\":\"https:\/\/portalfadesp.org.br\/wp-content\/uploads\/2019\/06\/up_ag_29538_tucurui.jpg\",\"contentUrl\":\"https:\/\/portalfadesp.org.br\/wp-content\/uploads\/2019\/06\/up_ag_29538_tucurui.jpg\",\"width\":250,\"height\":188},{\"@type\":\"BreadcrumbList\",\"@id\":\"https:\/\/portalfadesp.org.br\/?p=3226#breadcrumb\",\"itemListElement\":[{\"@type\":\"ListItem\",\"position\":1,\"name\":\"In\u00edcio\",\"item\":\"https:\/\/portalfadesp.org.br\/\"},{\"@type\":\"ListItem\",\"position\":2,\"name\":\"Sai o resultado final preliminar do concurso da prefeitura de Tucuru\u00ed.\"}]},{\"@type\":\"WebSite\",\"@id\":\"https:\/\/portalfadesp.org.br\/#website\",\"url\":\"https:\/\/portalfadesp.org.br\/\",\"name\":\"FADESP\",\"description\":\"Funda\u00e7\u00e3o de Amparo e Desenvolvimento da Pesquisa\",\"publisher\":{\"@id\":\"https:\/\/portalfadesp.org.br\/#organization\"},\"potentialAction\":[{\"@type\":\"SearchAction\",\"target\":{\"@type\":\"EntryPoint\",\"urlTemplate\":\"https:\/\/portalfadesp.org.br\/?s={search_term_string}\"},\"query-input\":{\"@type\":\"PropertyValueSpecification\",\"valueRequired\":true,\"valueName\":\"search_term_string\"}}],\"inLanguage\":\"pt-BR\"},{\"@type\":\"Organization\",\"@id\":\"https:\/\/portalfadesp.org.br\/#organization\",\"name\":\"FADESP\",\"url\":\"https:\/\/portalfadesp.org.br\/\",\"logo\":{\"@type\":\"ImageObject\",\"inLanguage\":\"pt-BR\",\"@id\":\"https:\/\/portalfadesp.org.br\/#\/schema\/logo\/image\/\",\"url\":\"https:\/\/portalfadesp.org.br\/wp-content\/uploads\/2024\/01\/NOVOLOGOFADESPlaranjaH.png\",\"contentUrl\":\"https:\/\/portalfadesp.org.br\/wp-content\/uploads\/2024\/01\/NOVOLOGOFADESPlaranjaH.png\",\"width\":2742,\"height\":839,\"caption\":\"FADESP\"},\"image\":{\"@id\":\"https:\/\/portalfadesp.org.br\/#\/schema\/logo\/image\/\"},\"sameAs\":[\"https:\/\/www.facebook.com\/Fadesp-138351949524662\/\",\"https:\/\/x.com\/Fadesp\",\"https:\/\/www.instagram.com\/fadesp_ufpa\/\",\"https:\/\/www.youtube.com\/@fundacaodeamparoedesenvolv1903\",\"https:\/\/www.threads.net\/@fadesp_ufpa\"]},{\"@type\":\"Person\",\"@id\":\"https:\/\/portalfadesp.org.br\/#\/schema\/person\/c1fa9db0c87dc412d1568e0e5e27be9c\",\"name\":\"Lorena Filgueiras\",\"image\":{\"@type\":\"ImageObject\",\"inLanguage\":\"pt-BR\",\"@id\":\"https:\/\/portalfadesp.org.br\/#\/schema\/person\/image\/\",\"url\":\"https:\/\/secure.gravatar.com\/avatar\/37390a2dfe1325c2917fc5f6df471abe8ab753cf23b2d14690f57bd61ab4b7cf?s=96&d=mm&r=g\",\"contentUrl\":\"https:\/\/secure.gravatar.com\/avatar\/37390a2dfe1325c2917fc5f6df471abe8ab753cf23b2d14690f57bd61ab4b7cf?s=96&d=mm&r=g\",\"caption\":\"Lorena Filgueiras\"},\"url\":\"https:\/\/portalfadesp.org.br\/?author=11\"}]}<\/script>\n<!-- \/ Yoast SEO plugin. -->","yoast_head_json":{"title":"Sai o resultado final preliminar do concurso da prefeitura de Tucuru\u00ed. - FADESP","robots":{"index":"index","follow":"follow","max-snippet":"max-snippet:-1","max-image-preview":"max-image-preview:large","max-video-preview":"max-video-preview:-1"},"canonical":"https:\/\/portalfadesp.org.br\/?p=3226","og_locale":"pt_BR","og_type":"article","og_title":"Sai o resultado final preliminar do concurso da prefeitura de Tucuru\u00ed. - FADESP","og_description":"O resultado final preliminar do concurso para a prefeitura de Tucuru\u00ed (PA) est\u00e1 dispon\u00edvel na p\u00e1gina oficial de acompanhamento. Os candidatos podem conferir a classifica\u00e7\u00e3o geral e somente a dos que concorrem pelo sistema de cota para negros e Pessoa com Defici\u00eancia (PcD). As listas de classifica\u00e7\u00e3o est\u00e3o organizadas pela pontua\u00e7\u00e3o e trazem a nota [&hellip;]","og_url":"https:\/\/portalfadesp.org.br\/?p=3226","og_site_name":"FADESP","article_publisher":"https:\/\/www.facebook.com\/Fadesp-138351949524662\/","article_published_time":"2019-08-04T20:02:14+00:00","article_modified_time":"2022-12-21T04:00:03+00:00","og_image":[{"width":250,"height":188,"url":"https:\/\/portalfadesp.org.br\/wp-content\/uploads\/2019\/06\/up_ag_29538_tucurui.jpg","type":"image\/jpeg"}],"author":"Lorena Filgueiras","twitter_card":"summary_large_image","twitter_creator":"@Fadesp","twitter_site":"@Fadesp","twitter_misc":{"Escrito por":"Lorena Filgueiras","Est. tempo de leitura":"1 minuto"},"schema":{"@context":"https:\/\/schema.org","@graph":[{"@type":"Article","@id":"https:\/\/portalfadesp.org.br\/?p=3226#article","isPartOf":{"@id":"https:\/\/portalfadesp.org.br\/?p=3226"},"author":{"name":"Lorena Filgueiras","@id":"https:\/\/portalfadesp.org.br\/#\/schema\/person\/c1fa9db0c87dc412d1568e0e5e27be9c"},"headline":"Sai o resultado final preliminar do concurso da prefeitura de Tucuru\u00ed.","datePublished":"2019-08-04T20:02:14+00:00","dateModified":"2022-12-21T04:00:03+00:00","mainEntityOfPage":{"@id":"https:\/\/portalfadesp.org.br\/?p=3226"},"wordCount":261,"commentCount":0,"publisher":{"@id":"https:\/\/portalfadesp.org.br\/#organization"},"image":{"@id":"https:\/\/portalfadesp.org.br\/?p=3226#primaryimage"},"thumbnailUrl":"https:\/\/portalfadesp.org.br\/wp-content\/uploads\/2019\/06\/up_ag_29538_tucurui.jpg","keywords":["concurso p\u00fablico","quota","TAF"],"articleSection":["Concurso"],"inLanguage":"pt-BR"},{"@type":"WebPage","@id":"https:\/\/portalfadesp.org.br\/?p=3226","url":"https:\/\/portalfadesp.org.br\/?p=3226","name":"Sai o resultado final preliminar do concurso da prefeitura de Tucuru\u00ed. - FADESP","isPartOf":{"@id":"https:\/\/portalfadesp.org.br\/#website"},"primaryImageOfPage":{"@id":"https:\/\/portalfadesp.org.br\/?p=3226#primaryimage"},"image":{"@id":"https:\/\/portalfadesp.org.br\/?p=3226#primaryimage"},"thumbnailUrl":"https:\/\/portalfadesp.org.br\/wp-content\/uploads\/2019\/06\/up_ag_29538_tucurui.jpg","datePublished":"2019-08-04T20:02:14+00:00","dateModified":"2022-12-21T04:00:03+00:00","breadcrumb":{"@id":"https:\/\/portalfadesp.org.br\/?p=3226#breadcrumb"},"inLanguage":"pt-BR","potentialAction":[{"@type":"ReadAction","target":["https:\/\/portalfadesp.org.br\/?p=3226"]}]},{"@type":"ImageObject","inLanguage":"pt-BR","@id":"https:\/\/portalfadesp.org.br\/?p=3226#primaryimage","url":"https:\/\/portalfadesp.org.br\/wp-content\/uploads\/2019\/06\/up_ag_29538_tucurui.jpg","contentUrl":"https:\/\/portalfadesp.org.br\/wp-content\/uploads\/2019\/06\/up_ag_29538_tucurui.jpg","width":250,"height":188},{"@type":"BreadcrumbList","@id":"https:\/\/portalfadesp.org.br\/?p=3226#breadcrumb","itemListElement":[{"@type":"ListItem","position":1,"name":"In\u00edcio","item":"https:\/\/portalfadesp.org.br\/"},{"@type":"ListItem","position":2,"name":"Sai o resultado final preliminar do concurso da prefeitura de Tucuru\u00ed."}]},{"@type":"WebSite","@id":"https:\/\/portalfadesp.org.br\/#website","url":"https:\/\/portalfadesp.org.br\/","name":"FADESP","description":"Funda\u00e7\u00e3o de Amparo e Desenvolvimento da Pesquisa","publisher":{"@id":"https:\/\/portalfadesp.org.br\/#organization"},"potentialAction":[{"@type":"SearchAction","target":{"@type":"EntryPoint","urlTemplate":"https:\/\/portalfadesp.org.br\/?s={search_term_string}"},"query-input":{"@type":"PropertyValueSpecification","valueRequired":true,"valueName":"search_term_string"}}],"inLanguage":"pt-BR"},{"@type":"Organization","@id":"https:\/\/portalfadesp.org.br\/#organization","name":"FADESP","url":"https:\/\/portalfadesp.org.br\/","logo":{"@type":"ImageObject","inLanguage":"pt-BR","@id":"https:\/\/portalfadesp.org.br\/#\/schema\/logo\/image\/","url":"https:\/\/portalfadesp.org.br\/wp-content\/uploads\/2024\/01\/NOVOLOGOFADESPlaranjaH.png","contentUrl":"https:\/\/portalfadesp.org.br\/wp-content\/uploads\/2024\/01\/NOVOLOGOFADESPlaranjaH.png","width":2742,"height":839,"caption":"FADESP"},"image":{"@id":"https:\/\/portalfadesp.org.br\/#\/schema\/logo\/image\/"},"sameAs":["https:\/\/www.facebook.com\/Fadesp-138351949524662\/","https:\/\/x.com\/Fadesp","https:\/\/www.instagram.com\/fadesp_ufpa\/","https:\/\/www.youtube.com\/@fundacaodeamparoedesenvolv1903","https:\/\/www.threads.net\/@fadesp_ufpa"]},{"@type":"Person","@id":"https:\/\/portalfadesp.org.br\/#\/schema\/person\/c1fa9db0c87dc412d1568e0e5e27be9c","name":"Lorena Filgueiras","image":{"@type":"ImageObject","inLanguage":"pt-BR","@id":"https:\/\/portalfadesp.org.br\/#\/schema\/person\/image\/","url":"https:\/\/secure.gravatar.com\/avatar\/37390a2dfe1325c2917fc5f6df471abe8ab753cf23b2d14690f57bd61ab4b7cf?s=96&d=mm&r=g","contentUrl":"https:\/\/secure.gravatar.com\/avatar\/37390a2dfe1325c2917fc5f6df471abe8ab753cf23b2d14690f57bd61ab4b7cf?s=96&d=mm&r=g","caption":"Lorena Filgueiras"},"url":"https:\/\/portalfadesp.org.br\/?author=11"}]}},"_links":{"self":[{"href":"https:\/\/portalfadesp.org.br\/index.php?rest_route=\/wp\/v2\/posts\/3226","targetHints":{"allow":["GET"]}}],"collection":[{"href":"https:\/\/portalfadesp.org.br\/index.php?rest_route=\/wp\/v2\/posts"}],"about":[{"href":"https:\/\/portalfadesp.org.br\/index.php?rest_route=\/wp\/v2\/types\/post"}],"author":[{"embeddable":true,"href":"https:\/\/portalfadesp.org.br\/index.php?rest_route=\/wp\/v2\/users\/11"}],"replies":[{"embeddable":true,"href":"https:\/\/portalfadesp.org.br\/index.php?rest_route=%2Fwp%2Fv2%2Fcomments&post=3226"}],"version-history":[{"count":7,"href":"https:\/\/portalfadesp.org.br\/index.php?rest_route=\/wp\/v2\/posts\/3226\/revisions"}],"predecessor-version":[{"id":37885,"href":"https:\/\/portalfadesp.org.br\/index.php?rest_route=\/wp\/v2\/posts\/3226\/revisions\/37885"}],"wp:featuredmedia":[{"embeddable":true,"href":"https:\/\/portalfadesp.org.br\/index.php?rest_route=\/wp\/v2\/media\/1849"}],"wp:attachment":[{"href":"https:\/\/portalfadesp.org.br\/index.php?rest_route=%2Fwp%2Fv2%2Fmedia&parent=3226"}],"wp:term":[{"taxonomy":"category","embeddable":true,"href":"https:\/\/portalfadesp.org.br\/index.php?rest_route=%2Fwp%2Fv2%2Fcategories&post=3226"},{"taxonomy":"post_tag","embeddable":true,"href":"https:\/\/portalfadesp.org.br\/index.php?rest_route=%2Fwp%2Fv2%2Ftags&post=3226"}],"curies":[{"name":"wp","href":"https:\/\/api.w.org\/{rel}","templated":true}]}}