{"id":3183,"date":"2019-07-31T11:41:29","date_gmt":"2019-07-31T14:41:29","guid":{"rendered":"https:\/\/162.215.13.167?p=3183"},"modified":"2022-12-21T10:30:44","modified_gmt":"2022-12-21T13:30:44","slug":"inscricao-definitiva-para-processo-seletivo-especial-da-ufpa-unifesspa-e-uepa-encerra-hoje-31","status":"publish","type":"post","link":"https:\/\/portalfadesp.org.br\/?p=3183","title":{"rendered":"Inscri\u00e7\u00e3o definitiva para Processo Seletivo Especial da UFPA, UNIFESSPA e UEPA encerra hoje, 31."},"content":{"rendered":"<p><img fetchpriority=\"high\" decoding=\"async\" class=\"alignright\" src=\"https:\/\/162.215.13.167wp-content\/uploads\/2019\/07\/rotativo-prosel-2019-300x233.jpg\" alt=\"\" width=\"300\" height=\"233\" \/>A inscri\u00e7\u00e3o definitiva para o Processo Seletivo Especial da Universidade Federal do Par\u00e1 (UFPA), da Universidade Federal do Sul e Sudeste do Par\u00e1 e da Universidade do Estado do Par\u00e1 (UEPA) ser\u00e1 realizada at\u00e9 hoje, 31.\u00a0 S\u00e3o ofertadas 900 vagas para cursos de Bacharelado\u00a0 e Licenciatura em catorze munic\u00edpios paraenses. As instru\u00e7\u00f5es est\u00e3o no<a href=\"http:\/\/www2.fadesp.org.br\/?page_id=704\" target=\"_blank\" rel=\"noopener noreferrer\"><strong> site de concursos do Portal FADESP (www.portalfadesp.org.br).<\/strong><\/a><\/p>\n<p>Todos os que realizaram a inscri\u00e7\u00e3o online ter\u00e3o que, obrigatoriamente, realizar a inscri\u00e7\u00e3o presencial, no munic\u00edpio do curso escolhido. O atendimento ser\u00e1 realizado das 8h \u00e0s 18h, em endere\u00e7os informados nas p\u00e1ginas de acompanhamento de cada Prosel, no site de concursos da FADESP. O cart\u00e3o de confirma\u00e7\u00e3o ser\u00e1 disponibilizado no dia 5 de agosto.<\/p>\n<p>Conforme os editais de abertura, podem se inscrever os que possuem Ensino M\u00e9dio completo ou equivalente. A UFPA ter\u00e1 600 vagas para Administra\u00e7\u00e3o (Bagre, Viseu, Augusto Corr\u00eaa e S\u00e3o Jo\u00e3o de Pirabas), Turismo (Portel e Tucuru\u00ed), Engenharia Civil (Goian\u00e9sia), Servi\u00e7o Social (Curu\u00e7\u00e1, Gurup\u00e1 e Mocajuba) e Hist\u00f3ria Licenciatura (S\u00e3o Jo\u00e3o de Pirabas e Tucuru\u00ed).<\/p>\n<p>A UNIFESSPA ofertar\u00e1 100 vagas para Engenharia Civil (Reden\u00e7\u00e3o) e Direito (Mocajuba) e a UEPA, 200 vagas para Educa\u00e7\u00e3o F\u00edsica (Gurup\u00e1, Benevides e Melga\u00e7o) e Geografia Licenciatura (Salin\u00f3polis). Nos editais de abertura de cada Prosel, consta a tabela de cursos ofertados com a respectiva modalidade de ensino.<\/p>\n<p>Os cursos de gradua\u00e7\u00e3o ser\u00e3o realizados de forma intensiva. Alguns deles ter\u00e3o as disciplinas ministradas no regime intervalar (ofertadas, prioritariamente, nos meses de janeiro, fevereiro e parte de mar\u00e7o e tamb\u00e9m nos meses de julho e parte de agosto) e outras no regular (ofertadas, prioritariamente, nos meses de mar\u00e7o a junho e de agosto a dezembro).<\/p>\n<p>Do total de vagas, no m\u00ednimo 50% ser\u00e3o destinadas a pessoas que cursaram todo o ensino m\u00e9dio em escola p\u00fablica ou em escola particular, desde que tenham sido bolsistas. Dessa porcentagem, metade ser\u00e1 reservada aos inscritos no Cadastro \u00danico (Cad\u00danico) do governo federal, havendo, ainda, cota para autodeclarados pretos, pardos, ind\u00edgenas ou quilombolas e Pessoa com Defici\u00eancia (PcD).<\/p>\n<p>A prova de conhecimentos ser\u00e1 realizada dia 11 de agosto, das 8h \u00e0s 12, em cada munic\u00edpio onde o curso \u00e9 ofertado. Candidatos inscritos no curso para uma cidade s\u00f3 poder\u00e3o fazer a prova nesta referida localidade. Eles responder\u00e3o 35 quest\u00f5es objetivas (cinco de cada uma das disciplinas de Portugu\u00eas, Matem\u00e1tica, Hist\u00f3ria, Geografia, F\u00edsica, Qu\u00edmica e Biologia) e elaborar\u00e3o uma Reda\u00e7\u00e3o.<\/p>\n<p>O Prosel de cada uma das institui\u00e7\u00f5es tem uma p\u00e1gina individual para inscri\u00e7\u00e3o, acesso ao edital e acompanhamento das atualiza\u00e7\u00f5es. Todas elas est\u00e3o dispon\u00edveis no site de concursos da FADESP, a organizadora dos seletivos que atendem ao programa estadual Forma Par\u00e1, idealizado para expandir a interioriza\u00e7\u00e3o da gradua\u00e7\u00e3o no Estado.<\/p>\n<p>&#8230;&#8230;&#8230;&#8230;&#8230;&#8230;&#8230;&#8230;&#8230;&#8230;&#8230;&#8230;&#8230;&#8230;&#8230;&#8230;..<\/p>\n<p><strong>Destaques<\/strong><\/p>\n<p><a href=\"https:\/\/portalfadesp.org.br\/?page_id=2830\" target=\"_blank\" rel=\"noopener noreferrer\"><strong>PROSEL UFPA<\/strong> (voc\u00ea pode clicar aqui para acessar a p\u00e1gina do processo seletivo)<\/a><\/p>\n<p>Vagas<strong> \u2013 <\/strong>600<\/p>\n<p>Cursos \/ local da oferta &#8211; Administra\u00e7\u00e3o (Bagre, Viseu, Augusto Corr\u00eaa e S\u00e3o Jo\u00e3o de Pirabas), Turismo (Portel e Tucuru\u00ed), Engenharia Civil (Goian\u00e9sia), Servi\u00e7o Social (Curu\u00e7\u00e1, Gurup\u00e1 e Mocajuba) e Hist\u00f3ria Licenciatura (S\u00e3o Jo\u00e3o de Pirabas e Tucuru\u00ed).<\/p>\n<p><a href=\"https:\/\/portalfadesp.org.br\/?page_id=2845\" target=\"_blank\" rel=\"noopener noreferrer\"><strong>PROSEL UNIFESSPA\u00a0<\/strong>(voc\u00ea pode clicar aqui para acessar a p\u00e1gina do processo seletivo)<\/a><\/p>\n<p>Vagas \u2013\u00a0100<\/p>\n<p>Cursos \/ local da oferta\u00a0\u2013 Engenharia Civil (Reden\u00e7\u00e3o) e Direito (Mocajuba)<\/p>\n<p><a href=\"https:\/\/portalfadesp.org.br\/?page_id=2852\" target=\"_blank\" rel=\"noopener noreferrer\"><strong>PROSEL UEPA\u00a0<\/strong>(voc\u00ea pode clicar aqui para acessar a p\u00e1gina do processo seletivo)<\/a><\/p>\n<p>Vagas \u2013\u00a0200<\/p>\n<p>Cursos \/ local da oferta\u00a0\u2013 Educa\u00e7\u00e3o F\u00edsica (Gurup\u00e1, Benevides e Melga\u00e7o) e Geografia Licenciatura (Salin\u00f3polis).<\/p>\n<p>&#8230;&#8230;&#8230;&#8230;&#8230;&#8230;&#8230;&#8230;&#8230;.<\/p>\n<p><strong>Inscri\u00e7\u00e3o definitiva presencial<\/strong> &#8211; at\u00e9 \u00e0s 18h de 31\/07\/2019, no munic\u00edpio onde o curso ser\u00e1 realizado.<\/p>\n<p><strong>Documentos para apresenta\u00e7\u00e3o na inscri\u00e7\u00e3o definitiva<\/strong> &#8211;\u00a0um envelope, tamanho A4, que deve ser identificado com seu nome, o curso pretendido, a Institui\u00e7\u00e3o e o munic\u00edpio do Prosel (tudo em letra de forma) e conter os seguintes documentos:<br \/>\na) Requerimento de INSCRI\u00c7\u00c3O DEFINITIVA, dispon\u00edvel na p\u00e1gina do curso, no site da FADESP,\u00a0devidamente preenchido e assinado. Nele dever\u00e3o constar a sua foto 3&#215;4 recente, seus dados pessoais e a declara\u00e7\u00e3o de que n\u00e3o possui v\u00ednculo acad\u00eamico com outra IES P\u00fablica (Institui\u00e7\u00e3o de Ensino Superior P\u00fablica, como, por exemplo a UFPA, a UEPA a UFOPA, a UNIFESSPA e a UFRA)<br \/>\nb) C\u00f3pia do RG;<br \/>\nc) C\u00f3pia do CPF (Se constar no RG n\u00e3o precisa de outra fotoc\u00f3pia, basta grifar);<br \/>\nd) C\u00f3pia da certid\u00e3o de quita\u00e7\u00e3o eleitoral ou comprovantes de vota\u00e7\u00e3o na \u00faltima elei\u00e7\u00e3o;<br \/>\ne) C\u00f3pia da comprova\u00e7\u00e3o de que est\u00e1 em dia com as obriga\u00e7\u00f5es militares (para homens maiores de 18 anos);<br \/>\nf) C\u00f3pia do Hist\u00f3rico Escolar do Ensino M\u00e9dio;<br \/>\ng) C\u00f3pia do Certificado de Conclus\u00e3o do Ensino M\u00e9dio.<\/p>\n<p><strong>Cart\u00e3o de Inscri\u00e7\u00e3o para impress\u00e3o<\/strong>\u00a0&#8211; 05\/08\/2019<\/p>\n<p><strong>Data da Prova Objetiva<\/strong> &#8211; 11\/08\/2019, das 8h \u00e0s 12h.<\/p>\n","protected":false},"excerpt":{"rendered":"<p>A inscri\u00e7\u00e3o definitiva para o Processo Seletivo Especial da Universidade Federal do Par\u00e1 (UFPA), da Universidade Federal do Sul e Sudeste do Par\u00e1 e da Universidade do Estado do Par\u00e1 (UEPA) ser\u00e1 realizada at\u00e9 hoje, 31.\u00a0 S\u00e3o ofertadas 900 vagas para cursos de Bacharelado\u00a0 e Licenciatura em catorze munic\u00edpios paraenses. As instru\u00e7\u00f5es est\u00e3o no site [&hellip;]<\/p>\n","protected":false},"author":11,"featured_media":3013,"comment_status":"open","ping_status":"open","sticky":false,"template":"","format":"standard","meta":{"_monsterinsights_skip_tracking":false,"_monsterinsights_sitenote_active":false,"_monsterinsights_sitenote_note":"","_monsterinsights_sitenote_category":0,"footnotes":""},"categories":[1],"tags":[71,70,38,65,43,33,69],"class_list":["post-3183","post","type-post","status-publish","format-standard","has-post-thumbnail","hentry","category-geral","tag-bacharelado","tag-graduacao","tag-interiorizacao","tag-processo-seletivo","tag-uepa","tag-ufpa","tag-unifesspa","entry","has-media"],"yoast_head":"<!-- This site is optimized with the Yoast SEO plugin v25.1 - https:\/\/yoast.com\/wordpress\/plugins\/seo\/ -->\n<title>Inscri\u00e7\u00e3o definitiva para Processo Seletivo Especial da UFPA, UNIFESSPA e UEPA encerra hoje, 31. - FADESP<\/title>\n<meta name=\"robots\" content=\"index, follow, max-snippet:-1, max-image-preview:large, max-video-preview:-1\" \/>\n<link rel=\"canonical\" href=\"https:\/\/portalfadesp.org.br\/?p=3183\" \/>\n<meta property=\"og:locale\" content=\"pt_BR\" \/>\n<meta property=\"og:type\" content=\"article\" \/>\n<meta property=\"og:title\" content=\"Inscri\u00e7\u00e3o definitiva para Processo Seletivo Especial da UFPA, UNIFESSPA e UEPA encerra hoje, 31. - FADESP\" \/>\n<meta property=\"og:description\" content=\"A inscri\u00e7\u00e3o definitiva para o Processo Seletivo Especial da Universidade Federal do Par\u00e1 (UFPA), da Universidade Federal do Sul e Sudeste do Par\u00e1 e da Universidade do Estado do Par\u00e1 (UEPA) ser\u00e1 realizada at\u00e9 hoje, 31.\u00a0 S\u00e3o ofertadas 900 vagas para cursos de Bacharelado\u00a0 e Licenciatura em catorze munic\u00edpios paraenses. As instru\u00e7\u00f5es est\u00e3o no site [&hellip;]\" \/>\n<meta property=\"og:url\" content=\"https:\/\/portalfadesp.org.br\/?p=3183\" \/>\n<meta property=\"og:site_name\" content=\"FADESP\" \/>\n<meta property=\"article:publisher\" content=\"https:\/\/www.facebook.com\/Fadesp-138351949524662\/\" \/>\n<meta property=\"article:published_time\" content=\"2019-07-31T14:41:29+00:00\" \/>\n<meta property=\"article:modified_time\" content=\"2022-12-21T13:30:44+00:00\" \/>\n<meta property=\"og:image\" content=\"https:\/\/portalfadesp.org.br\/wp-content\/uploads\/2019\/07\/rotativo-prosel-2019.jpg\" \/>\n\t<meta property=\"og:image:width\" content=\"900\" \/>\n\t<meta property=\"og:image:height\" content=\"700\" \/>\n\t<meta property=\"og:image:type\" content=\"image\/jpeg\" \/>\n<meta name=\"author\" content=\"Lorena Filgueiras\" \/>\n<meta name=\"twitter:card\" content=\"summary_large_image\" \/>\n<meta name=\"twitter:creator\" content=\"@Fadesp\" \/>\n<meta name=\"twitter:site\" content=\"@Fadesp\" \/>\n<meta name=\"twitter:label1\" content=\"Escrito por\" \/>\n\t<meta name=\"twitter:data1\" content=\"Lorena Filgueiras\" \/>\n\t<meta name=\"twitter:label2\" content=\"Est. tempo de leitura\" \/>\n\t<meta name=\"twitter:data2\" content=\"4 minutos\" \/>\n<script type=\"application\/ld+json\" class=\"yoast-schema-graph\">{\"@context\":\"https:\/\/schema.org\",\"@graph\":[{\"@type\":\"Article\",\"@id\":\"https:\/\/portalfadesp.org.br\/?p=3183#article\",\"isPartOf\":{\"@id\":\"https:\/\/portalfadesp.org.br\/?p=3183\"},\"author\":{\"name\":\"Lorena Filgueiras\",\"@id\":\"https:\/\/portalfadesp.org.br\/#\/schema\/person\/c1fa9db0c87dc412d1568e0e5e27be9c\"},\"headline\":\"Inscri\u00e7\u00e3o definitiva para Processo Seletivo Especial da UFPA, UNIFESSPA e UEPA encerra hoje, 31.\",\"datePublished\":\"2019-07-31T14:41:29+00:00\",\"dateModified\":\"2022-12-21T13:30:44+00:00\",\"mainEntityOfPage\":{\"@id\":\"https:\/\/portalfadesp.org.br\/?p=3183\"},\"wordCount\":863,\"commentCount\":0,\"publisher\":{\"@id\":\"https:\/\/portalfadesp.org.br\/#organization\"},\"image\":{\"@id\":\"https:\/\/portalfadesp.org.br\/?p=3183#primaryimage\"},\"thumbnailUrl\":\"https:\/\/portalfadesp.org.br\/wp-content\/uploads\/2019\/07\/rotativo-prosel-2019.jpg\",\"keywords\":[\"bacharelado\",\"gradua\u00e7\u00e3o\",\"interioriza\u00e7\u00e3o\",\"processo seletivo\",\"UEPA\",\"UFPA\",\"UNIFESSPA\"],\"articleSection\":[\"Geral\"],\"inLanguage\":\"pt-BR\"},{\"@type\":\"WebPage\",\"@id\":\"https:\/\/portalfadesp.org.br\/?p=3183\",\"url\":\"https:\/\/portalfadesp.org.br\/?p=3183\",\"name\":\"Inscri\u00e7\u00e3o definitiva para Processo Seletivo Especial da UFPA, UNIFESSPA e UEPA encerra hoje, 31. - FADESP\",\"isPartOf\":{\"@id\":\"https:\/\/portalfadesp.org.br\/#website\"},\"primaryImageOfPage\":{\"@id\":\"https:\/\/portalfadesp.org.br\/?p=3183#primaryimage\"},\"image\":{\"@id\":\"https:\/\/portalfadesp.org.br\/?p=3183#primaryimage\"},\"thumbnailUrl\":\"https:\/\/portalfadesp.org.br\/wp-content\/uploads\/2019\/07\/rotativo-prosel-2019.jpg\",\"datePublished\":\"2019-07-31T14:41:29+00:00\",\"dateModified\":\"2022-12-21T13:30:44+00:00\",\"breadcrumb\":{\"@id\":\"https:\/\/portalfadesp.org.br\/?p=3183#breadcrumb\"},\"inLanguage\":\"pt-BR\",\"potentialAction\":[{\"@type\":\"ReadAction\",\"target\":[\"https:\/\/portalfadesp.org.br\/?p=3183\"]}]},{\"@type\":\"ImageObject\",\"inLanguage\":\"pt-BR\",\"@id\":\"https:\/\/portalfadesp.org.br\/?p=3183#primaryimage\",\"url\":\"https:\/\/portalfadesp.org.br\/wp-content\/uploads\/2019\/07\/rotativo-prosel-2019.jpg\",\"contentUrl\":\"https:\/\/portalfadesp.org.br\/wp-content\/uploads\/2019\/07\/rotativo-prosel-2019.jpg\",\"width\":900,\"height\":700},{\"@type\":\"BreadcrumbList\",\"@id\":\"https:\/\/portalfadesp.org.br\/?p=3183#breadcrumb\",\"itemListElement\":[{\"@type\":\"ListItem\",\"position\":1,\"name\":\"In\u00edcio\",\"item\":\"https:\/\/portalfadesp.org.br\/\"},{\"@type\":\"ListItem\",\"position\":2,\"name\":\"Inscri\u00e7\u00e3o definitiva para Processo Seletivo Especial da UFPA, UNIFESSPA e UEPA encerra hoje, 31.\"}]},{\"@type\":\"WebSite\",\"@id\":\"https:\/\/portalfadesp.org.br\/#website\",\"url\":\"https:\/\/portalfadesp.org.br\/\",\"name\":\"FADESP\",\"description\":\"Funda\u00e7\u00e3o de Amparo e Desenvolvimento da Pesquisa\",\"publisher\":{\"@id\":\"https:\/\/portalfadesp.org.br\/#organization\"},\"potentialAction\":[{\"@type\":\"SearchAction\",\"target\":{\"@type\":\"EntryPoint\",\"urlTemplate\":\"https:\/\/portalfadesp.org.br\/?s={search_term_string}\"},\"query-input\":{\"@type\":\"PropertyValueSpecification\",\"valueRequired\":true,\"valueName\":\"search_term_string\"}}],\"inLanguage\":\"pt-BR\"},{\"@type\":\"Organization\",\"@id\":\"https:\/\/portalfadesp.org.br\/#organization\",\"name\":\"FADESP\",\"url\":\"https:\/\/portalfadesp.org.br\/\",\"logo\":{\"@type\":\"ImageObject\",\"inLanguage\":\"pt-BR\",\"@id\":\"https:\/\/portalfadesp.org.br\/#\/schema\/logo\/image\/\",\"url\":\"https:\/\/portalfadesp.org.br\/wp-content\/uploads\/2024\/01\/NOVOLOGOFADESPlaranjaH.png\",\"contentUrl\":\"https:\/\/portalfadesp.org.br\/wp-content\/uploads\/2024\/01\/NOVOLOGOFADESPlaranjaH.png\",\"width\":2742,\"height\":839,\"caption\":\"FADESP\"},\"image\":{\"@id\":\"https:\/\/portalfadesp.org.br\/#\/schema\/logo\/image\/\"},\"sameAs\":[\"https:\/\/www.facebook.com\/Fadesp-138351949524662\/\",\"https:\/\/x.com\/Fadesp\",\"https:\/\/www.instagram.com\/fadesp_ufpa\/\",\"https:\/\/www.youtube.com\/@fundacaodeamparoedesenvolv1903\",\"https:\/\/www.threads.net\/@fadesp_ufpa\"]},{\"@type\":\"Person\",\"@id\":\"https:\/\/portalfadesp.org.br\/#\/schema\/person\/c1fa9db0c87dc412d1568e0e5e27be9c\",\"name\":\"Lorena Filgueiras\",\"image\":{\"@type\":\"ImageObject\",\"inLanguage\":\"pt-BR\",\"@id\":\"https:\/\/portalfadesp.org.br\/#\/schema\/person\/image\/\",\"url\":\"https:\/\/secure.gravatar.com\/avatar\/37390a2dfe1325c2917fc5f6df471abe8ab753cf23b2d14690f57bd61ab4b7cf?s=96&d=mm&r=g\",\"contentUrl\":\"https:\/\/secure.gravatar.com\/avatar\/37390a2dfe1325c2917fc5f6df471abe8ab753cf23b2d14690f57bd61ab4b7cf?s=96&d=mm&r=g\",\"caption\":\"Lorena Filgueiras\"},\"url\":\"https:\/\/portalfadesp.org.br\/?author=11\"}]}<\/script>\n<!-- \/ Yoast SEO plugin. -->","yoast_head_json":{"title":"Inscri\u00e7\u00e3o definitiva para Processo Seletivo Especial da UFPA, UNIFESSPA e UEPA encerra hoje, 31. - FADESP","robots":{"index":"index","follow":"follow","max-snippet":"max-snippet:-1","max-image-preview":"max-image-preview:large","max-video-preview":"max-video-preview:-1"},"canonical":"https:\/\/portalfadesp.org.br\/?p=3183","og_locale":"pt_BR","og_type":"article","og_title":"Inscri\u00e7\u00e3o definitiva para Processo Seletivo Especial da UFPA, UNIFESSPA e UEPA encerra hoje, 31. - FADESP","og_description":"A inscri\u00e7\u00e3o definitiva para o Processo Seletivo Especial da Universidade Federal do Par\u00e1 (UFPA), da Universidade Federal do Sul e Sudeste do Par\u00e1 e da Universidade do Estado do Par\u00e1 (UEPA) ser\u00e1 realizada at\u00e9 hoje, 31.\u00a0 S\u00e3o ofertadas 900 vagas para cursos de Bacharelado\u00a0 e Licenciatura em catorze munic\u00edpios paraenses. As instru\u00e7\u00f5es est\u00e3o no site [&hellip;]","og_url":"https:\/\/portalfadesp.org.br\/?p=3183","og_site_name":"FADESP","article_publisher":"https:\/\/www.facebook.com\/Fadesp-138351949524662\/","article_published_time":"2019-07-31T14:41:29+00:00","article_modified_time":"2022-12-21T13:30:44+00:00","og_image":[{"width":900,"height":700,"url":"https:\/\/portalfadesp.org.br\/wp-content\/uploads\/2019\/07\/rotativo-prosel-2019.jpg","type":"image\/jpeg"}],"author":"Lorena Filgueiras","twitter_card":"summary_large_image","twitter_creator":"@Fadesp","twitter_site":"@Fadesp","twitter_misc":{"Escrito por":"Lorena Filgueiras","Est. tempo de leitura":"4 minutos"},"schema":{"@context":"https:\/\/schema.org","@graph":[{"@type":"Article","@id":"https:\/\/portalfadesp.org.br\/?p=3183#article","isPartOf":{"@id":"https:\/\/portalfadesp.org.br\/?p=3183"},"author":{"name":"Lorena Filgueiras","@id":"https:\/\/portalfadesp.org.br\/#\/schema\/person\/c1fa9db0c87dc412d1568e0e5e27be9c"},"headline":"Inscri\u00e7\u00e3o definitiva para Processo Seletivo Especial da UFPA, UNIFESSPA e UEPA encerra hoje, 31.","datePublished":"2019-07-31T14:41:29+00:00","dateModified":"2022-12-21T13:30:44+00:00","mainEntityOfPage":{"@id":"https:\/\/portalfadesp.org.br\/?p=3183"},"wordCount":863,"commentCount":0,"publisher":{"@id":"https:\/\/portalfadesp.org.br\/#organization"},"image":{"@id":"https:\/\/portalfadesp.org.br\/?p=3183#primaryimage"},"thumbnailUrl":"https:\/\/portalfadesp.org.br\/wp-content\/uploads\/2019\/07\/rotativo-prosel-2019.jpg","keywords":["bacharelado","gradua\u00e7\u00e3o","interioriza\u00e7\u00e3o","processo seletivo","UEPA","UFPA","UNIFESSPA"],"articleSection":["Geral"],"inLanguage":"pt-BR"},{"@type":"WebPage","@id":"https:\/\/portalfadesp.org.br\/?p=3183","url":"https:\/\/portalfadesp.org.br\/?p=3183","name":"Inscri\u00e7\u00e3o definitiva para Processo Seletivo Especial da UFPA, UNIFESSPA e UEPA encerra hoje, 31. - FADESP","isPartOf":{"@id":"https:\/\/portalfadesp.org.br\/#website"},"primaryImageOfPage":{"@id":"https:\/\/portalfadesp.org.br\/?p=3183#primaryimage"},"image":{"@id":"https:\/\/portalfadesp.org.br\/?p=3183#primaryimage"},"thumbnailUrl":"https:\/\/portalfadesp.org.br\/wp-content\/uploads\/2019\/07\/rotativo-prosel-2019.jpg","datePublished":"2019-07-31T14:41:29+00:00","dateModified":"2022-12-21T13:30:44+00:00","breadcrumb":{"@id":"https:\/\/portalfadesp.org.br\/?p=3183#breadcrumb"},"inLanguage":"pt-BR","potentialAction":[{"@type":"ReadAction","target":["https:\/\/portalfadesp.org.br\/?p=3183"]}]},{"@type":"ImageObject","inLanguage":"pt-BR","@id":"https:\/\/portalfadesp.org.br\/?p=3183#primaryimage","url":"https:\/\/portalfadesp.org.br\/wp-content\/uploads\/2019\/07\/rotativo-prosel-2019.jpg","contentUrl":"https:\/\/portalfadesp.org.br\/wp-content\/uploads\/2019\/07\/rotativo-prosel-2019.jpg","width":900,"height":700},{"@type":"BreadcrumbList","@id":"https:\/\/portalfadesp.org.br\/?p=3183#breadcrumb","itemListElement":[{"@type":"ListItem","position":1,"name":"In\u00edcio","item":"https:\/\/portalfadesp.org.br\/"},{"@type":"ListItem","position":2,"name":"Inscri\u00e7\u00e3o definitiva para Processo Seletivo Especial da UFPA, UNIFESSPA e UEPA encerra hoje, 31."}]},{"@type":"WebSite","@id":"https:\/\/portalfadesp.org.br\/#website","url":"https:\/\/portalfadesp.org.br\/","name":"FADESP","description":"Funda\u00e7\u00e3o de Amparo e Desenvolvimento da Pesquisa","publisher":{"@id":"https:\/\/portalfadesp.org.br\/#organization"},"potentialAction":[{"@type":"SearchAction","target":{"@type":"EntryPoint","urlTemplate":"https:\/\/portalfadesp.org.br\/?s={search_term_string}"},"query-input":{"@type":"PropertyValueSpecification","valueRequired":true,"valueName":"search_term_string"}}],"inLanguage":"pt-BR"},{"@type":"Organization","@id":"https:\/\/portalfadesp.org.br\/#organization","name":"FADESP","url":"https:\/\/portalfadesp.org.br\/","logo":{"@type":"ImageObject","inLanguage":"pt-BR","@id":"https:\/\/portalfadesp.org.br\/#\/schema\/logo\/image\/","url":"https:\/\/portalfadesp.org.br\/wp-content\/uploads\/2024\/01\/NOVOLOGOFADESPlaranjaH.png","contentUrl":"https:\/\/portalfadesp.org.br\/wp-content\/uploads\/2024\/01\/NOVOLOGOFADESPlaranjaH.png","width":2742,"height":839,"caption":"FADESP"},"image":{"@id":"https:\/\/portalfadesp.org.br\/#\/schema\/logo\/image\/"},"sameAs":["https:\/\/www.facebook.com\/Fadesp-138351949524662\/","https:\/\/x.com\/Fadesp","https:\/\/www.instagram.com\/fadesp_ufpa\/","https:\/\/www.youtube.com\/@fundacaodeamparoedesenvolv1903","https:\/\/www.threads.net\/@fadesp_ufpa"]},{"@type":"Person","@id":"https:\/\/portalfadesp.org.br\/#\/schema\/person\/c1fa9db0c87dc412d1568e0e5e27be9c","name":"Lorena Filgueiras","image":{"@type":"ImageObject","inLanguage":"pt-BR","@id":"https:\/\/portalfadesp.org.br\/#\/schema\/person\/image\/","url":"https:\/\/secure.gravatar.com\/avatar\/37390a2dfe1325c2917fc5f6df471abe8ab753cf23b2d14690f57bd61ab4b7cf?s=96&d=mm&r=g","contentUrl":"https:\/\/secure.gravatar.com\/avatar\/37390a2dfe1325c2917fc5f6df471abe8ab753cf23b2d14690f57bd61ab4b7cf?s=96&d=mm&r=g","caption":"Lorena Filgueiras"},"url":"https:\/\/portalfadesp.org.br\/?author=11"}]}},"_links":{"self":[{"href":"https:\/\/portalfadesp.org.br\/index.php?rest_route=\/wp\/v2\/posts\/3183","targetHints":{"allow":["GET"]}}],"collection":[{"href":"https:\/\/portalfadesp.org.br\/index.php?rest_route=\/wp\/v2\/posts"}],"about":[{"href":"https:\/\/portalfadesp.org.br\/index.php?rest_route=\/wp\/v2\/types\/post"}],"author":[{"embeddable":true,"href":"https:\/\/portalfadesp.org.br\/index.php?rest_route=\/wp\/v2\/users\/11"}],"replies":[{"embeddable":true,"href":"https:\/\/portalfadesp.org.br\/index.php?rest_route=%2Fwp%2Fv2%2Fcomments&post=3183"}],"version-history":[{"count":3,"href":"https:\/\/portalfadesp.org.br\/index.php?rest_route=\/wp\/v2\/posts\/3183\/revisions"}],"predecessor-version":[{"id":37933,"href":"https:\/\/portalfadesp.org.br\/index.php?rest_route=\/wp\/v2\/posts\/3183\/revisions\/37933"}],"wp:featuredmedia":[{"embeddable":true,"href":"https:\/\/portalfadesp.org.br\/index.php?rest_route=\/wp\/v2\/media\/3013"}],"wp:attachment":[{"href":"https:\/\/portalfadesp.org.br\/index.php?rest_route=%2Fwp%2Fv2%2Fmedia&parent=3183"}],"wp:term":[{"taxonomy":"category","embeddable":true,"href":"https:\/\/portalfadesp.org.br\/index.php?rest_route=%2Fwp%2Fv2%2Fcategories&post=3183"},{"taxonomy":"post_tag","embeddable":true,"href":"https:\/\/portalfadesp.org.br\/index.php?rest_route=%2Fwp%2Fv2%2Ftags&post=3183"}],"curies":[{"name":"wp","href":"https:\/\/api.w.org\/{rel}","templated":true}]}}