{"id":2773,"date":"2019-07-09T00:31:53","date_gmt":"2019-07-09T03:31:53","guid":{"rendered":"https:\/\/162.215.13.167?p=2773"},"modified":"2022-12-21T10:30:35","modified_gmt":"2022-12-21T13:30:35","slug":"concurso-da-prefeitura-de-tucurui-tera-prova-de-aptidao-fisica-e-entrevista-de-candidatos-autodeclarados-negros-no-dia-14","status":"publish","type":"post","link":"https:\/\/portalfadesp.org.br\/?p=2773","title":{"rendered":"Concurso da prefeitura de Tucuru\u00ed ter\u00e1 prova de aptid\u00e3o f\u00edsica e entrevista de candidatos autodeclarados negros, no dia 14."},"content":{"rendered":"<p><img decoding=\"async\" class=\"alignright wp-image-1849 size-full\" src=\"https:\/\/portalfadesp.org.br\/wp-content\/uploads\/2019\/06\/up_ag_29538_tucurui.jpg\" alt=\"\" width=\"250\" height=\"188\" \/>A<strong> <a href=\"..\/wp-content\/uploads\/2019\/07\/Edital-n%C2%B0-04_2019_PMT-Convoca%C3%A7%C3%A3o-a-Prova-de-Aptid%C3%A3o-F%C3%ADsica.pdf\" target=\"_blank\" rel=\"noopener noreferrer\">prova de aptid\u00e3o f\u00edsica<\/a><\/strong> do concurso para a prefeitura de Tucuru\u00ed (PA) e a <strong><a href=\"..\/wp-content\/uploads\/2019\/07\/Edital-n%C2%B0-05_2019_PMT-Convoca%C3%A7%C3%A3o-a-averigua%C3%A7%C3%A3o-da-auto-declara%C3%A7%C3%A3o-de-ser-negro.pdf\" target=\"_blank\" rel=\"noopener noreferrer\">verifica\u00e7\u00e3o presencial dos candidatos que se autodeclararam negros<\/a><\/strong> para concorrer \u00e0 reserva de vaga ser\u00e3o realizadas no dia 14 deste m\u00eas. Os candidatos convocados dever\u00e3o se apresentar no 23\u00b0 Esquadr\u00e3o de Cavalaria de Selva (Esquadr\u00e3o Lanceiros da Selva), localizado na Avenida dos Amaz\u00f4nidas, s\/n, Vila Permanente, em Tucuru\u00ed, em hor\u00e1rios especificados nos editais de convoca\u00e7\u00e3o que est\u00e3o dispon\u00edveis na <strong><a href=\"https:\/\/portalfadesp.org.br\/?page_id=997\" target=\"_blank\" rel=\"noopener noreferrer\">p\u00e1gina oficial de acompanhamento<\/a><\/strong>, aqui no site da FADESP. Quem faltar ou chegar atrasado ser\u00e1 eliminado automaticamente.<\/p>\n<p>Conforme o edital de convoca\u00e7\u00e3o, o\u00a0candidato dever\u00e1 comparecer ao local do teste\u00a0com anteced\u00eancia m\u00ednima de uma hora, portando documento de identidade original com foto e Atestado M\u00e9dico<br \/>\nexpedito por profissional registrado no Conselho Regional de Medicina (CRM) com o parecer \u201cApto para realizar a Prova de Esfor\u00e7o F\u00edsico\u201d. Tamb\u00e9m deve estar vestido com roupa apropriada para a pr\u00e1tica de educa\u00e7\u00e3o f\u00edsica.<\/p>\n<p><strong>Verifica\u00e7\u00e3o de autodeclara\u00e7\u00e3o de negro<\/strong> &#8211; Tamb\u00e9m no dia 14, \u00e0s 18h, ser\u00e1 realizada a entrevista dos candidatos que se autodeclararam negros para concorrer \u00e0 reserva de 20% das vagas ofertadas. Conforme o <a href=\"https:\/\/portalfadesp.org.br\/wp-content\/uploads\/2019\/07\/Edital-n%C2%B0-05_2019_PMT-Convoca%C3%A7%C3%A3o-a-averigua%C3%A7%C3%A3o-da-auto-declara%C3%A7%C3%A3o-de-ser-negro.pdf\" target=\"_blank\" rel=\"noopener noreferrer\"><strong>edital de convoca\u00e7\u00e3o<\/strong><\/a>, todos devem ter em m\u00e3os o documento de identifica\u00e7\u00e3o informado no ato da inscri\u00e7\u00e3o e chegar com pelo menos uma hora de anteced\u00eancia. Aqueles se chegarem ap\u00f3s as 18h ser\u00e3o eliminados.<\/p>\n<p>As entrevistas ser\u00e3o gravadas em \u00e1udio e v\u00eddeo, sendo realizadas\u00a0individualmente pela Comiss\u00e3o de Valida\u00e7\u00e3o de Auto Declara\u00e7\u00e3o que\u00a0avaliar\u00e1 se o candidato possui aspectos fenot\u00edpicos de pessoas de cor preta ou parda, pertencentes ao grupo de negros, de acordo com o quesito cor ou ra\u00e7a utilizado pelo\u00a0Instituto Brasileiro de Geografia e Estat\u00edstica (IBGE). Se for\u00a0constatada declara\u00e7\u00e3o falsa, o candidato ser\u00e1 eliminado do concurso sem preju\u00edzo de outras san\u00e7\u00f5es cab\u00edveis.<\/p>\n","protected":false},"excerpt":{"rendered":"<p>A prova de aptid\u00e3o f\u00edsica do concurso para a prefeitura de Tucuru\u00ed (PA) e a verifica\u00e7\u00e3o presencial dos candidatos que se autodeclararam negros para concorrer \u00e0 reserva de vaga ser\u00e3o realizadas no dia 14 deste m\u00eas. Os candidatos convocados dever\u00e3o se apresentar no 23\u00b0 Esquadr\u00e3o de Cavalaria de Selva (Esquadr\u00e3o Lanceiros da Selva), localizado na [&hellip;]<\/p>\n","protected":false},"author":11,"featured_media":1849,"comment_status":"open","ping_status":"open","sticky":false,"template":"","format":"standard","meta":{"_monsterinsights_skip_tracking":false,"_monsterinsights_sitenote_active":false,"_monsterinsights_sitenote_note":"","_monsterinsights_sitenote_category":0,"footnotes":""},"categories":[7],"tags":[62,68,67],"class_list":["post-2773","post","type-post","status-publish","format-standard","has-post-thumbnail","hentry","category-concurso","tag-concurso-publico","tag-quota","tag-taf","entry","has-media"],"yoast_head":"<!-- This site is optimized with the Yoast SEO plugin v25.1 - https:\/\/yoast.com\/wordpress\/plugins\/seo\/ -->\n<title>Concurso da prefeitura de Tucuru\u00ed ter\u00e1 prova de aptid\u00e3o f\u00edsica e entrevista de candidatos autodeclarados negros, no dia 14. - FADESP<\/title>\n<meta name=\"robots\" content=\"index, follow, max-snippet:-1, max-image-preview:large, max-video-preview:-1\" \/>\n<link rel=\"canonical\" href=\"https:\/\/portalfadesp.org.br\/?p=2773\" \/>\n<meta property=\"og:locale\" content=\"pt_BR\" \/>\n<meta property=\"og:type\" content=\"article\" \/>\n<meta property=\"og:title\" content=\"Concurso da prefeitura de Tucuru\u00ed ter\u00e1 prova de aptid\u00e3o f\u00edsica e entrevista de candidatos autodeclarados negros, no dia 14. - FADESP\" \/>\n<meta property=\"og:description\" content=\"A prova de aptid\u00e3o f\u00edsica do concurso para a prefeitura de Tucuru\u00ed (PA) e a verifica\u00e7\u00e3o presencial dos candidatos que se autodeclararam negros para concorrer \u00e0 reserva de vaga ser\u00e3o realizadas no dia 14 deste m\u00eas. Os candidatos convocados dever\u00e3o se apresentar no 23\u00b0 Esquadr\u00e3o de Cavalaria de Selva (Esquadr\u00e3o Lanceiros da Selva), localizado na [&hellip;]\" \/>\n<meta property=\"og:url\" content=\"https:\/\/portalfadesp.org.br\/?p=2773\" \/>\n<meta property=\"og:site_name\" content=\"FADESP\" \/>\n<meta property=\"article:publisher\" content=\"https:\/\/www.facebook.com\/Fadesp-138351949524662\/\" \/>\n<meta property=\"article:published_time\" content=\"2019-07-09T03:31:53+00:00\" \/>\n<meta property=\"article:modified_time\" content=\"2022-12-21T13:30:35+00:00\" \/>\n<meta property=\"og:image\" content=\"https:\/\/portalfadesp.org.br\/wp-content\/uploads\/2019\/06\/up_ag_29538_tucurui.jpg\" \/>\n\t<meta property=\"og:image:width\" content=\"250\" \/>\n\t<meta property=\"og:image:height\" content=\"188\" \/>\n\t<meta property=\"og:image:type\" content=\"image\/jpeg\" \/>\n<meta name=\"author\" content=\"Lorena Filgueiras\" \/>\n<meta name=\"twitter:card\" content=\"summary_large_image\" \/>\n<meta name=\"twitter:creator\" content=\"@Fadesp\" \/>\n<meta name=\"twitter:site\" content=\"@Fadesp\" \/>\n<meta name=\"twitter:label1\" content=\"Escrito por\" \/>\n\t<meta name=\"twitter:data1\" content=\"Lorena Filgueiras\" \/>\n\t<meta name=\"twitter:label2\" content=\"Est. tempo de leitura\" \/>\n\t<meta name=\"twitter:data2\" content=\"2 minutos\" \/>\n<script type=\"application\/ld+json\" class=\"yoast-schema-graph\">{\"@context\":\"https:\/\/schema.org\",\"@graph\":[{\"@type\":\"Article\",\"@id\":\"https:\/\/portalfadesp.org.br\/?p=2773#article\",\"isPartOf\":{\"@id\":\"https:\/\/portalfadesp.org.br\/?p=2773\"},\"author\":{\"name\":\"Lorena Filgueiras\",\"@id\":\"https:\/\/portalfadesp.org.br\/#\/schema\/person\/c1fa9db0c87dc412d1568e0e5e27be9c\"},\"headline\":\"Concurso da prefeitura de Tucuru\u00ed ter\u00e1 prova de aptid\u00e3o f\u00edsica e entrevista de candidatos autodeclarados negros, no dia 14.\",\"datePublished\":\"2019-07-09T03:31:53+00:00\",\"dateModified\":\"2022-12-21T13:30:35+00:00\",\"mainEntityOfPage\":{\"@id\":\"https:\/\/portalfadesp.org.br\/?p=2773\"},\"wordCount\":354,\"commentCount\":0,\"publisher\":{\"@id\":\"https:\/\/portalfadesp.org.br\/#organization\"},\"image\":{\"@id\":\"https:\/\/portalfadesp.org.br\/?p=2773#primaryimage\"},\"thumbnailUrl\":\"https:\/\/portalfadesp.org.br\/wp-content\/uploads\/2019\/06\/up_ag_29538_tucurui.jpg\",\"keywords\":[\"concurso p\u00fablico\",\"quota\",\"TAF\"],\"articleSection\":[\"Concurso\"],\"inLanguage\":\"pt-BR\"},{\"@type\":\"WebPage\",\"@id\":\"https:\/\/portalfadesp.org.br\/?p=2773\",\"url\":\"https:\/\/portalfadesp.org.br\/?p=2773\",\"name\":\"Concurso da prefeitura de Tucuru\u00ed ter\u00e1 prova de aptid\u00e3o f\u00edsica e entrevista de candidatos autodeclarados negros, no dia 14. - FADESP\",\"isPartOf\":{\"@id\":\"https:\/\/portalfadesp.org.br\/#website\"},\"primaryImageOfPage\":{\"@id\":\"https:\/\/portalfadesp.org.br\/?p=2773#primaryimage\"},\"image\":{\"@id\":\"https:\/\/portalfadesp.org.br\/?p=2773#primaryimage\"},\"thumbnailUrl\":\"https:\/\/portalfadesp.org.br\/wp-content\/uploads\/2019\/06\/up_ag_29538_tucurui.jpg\",\"datePublished\":\"2019-07-09T03:31:53+00:00\",\"dateModified\":\"2022-12-21T13:30:35+00:00\",\"breadcrumb\":{\"@id\":\"https:\/\/portalfadesp.org.br\/?p=2773#breadcrumb\"},\"inLanguage\":\"pt-BR\",\"potentialAction\":[{\"@type\":\"ReadAction\",\"target\":[\"https:\/\/portalfadesp.org.br\/?p=2773\"]}]},{\"@type\":\"ImageObject\",\"inLanguage\":\"pt-BR\",\"@id\":\"https:\/\/portalfadesp.org.br\/?p=2773#primaryimage\",\"url\":\"https:\/\/portalfadesp.org.br\/wp-content\/uploads\/2019\/06\/up_ag_29538_tucurui.jpg\",\"contentUrl\":\"https:\/\/portalfadesp.org.br\/wp-content\/uploads\/2019\/06\/up_ag_29538_tucurui.jpg\",\"width\":250,\"height\":188},{\"@type\":\"BreadcrumbList\",\"@id\":\"https:\/\/portalfadesp.org.br\/?p=2773#breadcrumb\",\"itemListElement\":[{\"@type\":\"ListItem\",\"position\":1,\"name\":\"In\u00edcio\",\"item\":\"https:\/\/portalfadesp.org.br\/\"},{\"@type\":\"ListItem\",\"position\":2,\"name\":\"Concurso da prefeitura de Tucuru\u00ed ter\u00e1 prova de aptid\u00e3o f\u00edsica e entrevista de candidatos autodeclarados negros, no dia 14.\"}]},{\"@type\":\"WebSite\",\"@id\":\"https:\/\/portalfadesp.org.br\/#website\",\"url\":\"https:\/\/portalfadesp.org.br\/\",\"name\":\"FADESP\",\"description\":\"Funda\u00e7\u00e3o de Amparo e Desenvolvimento da Pesquisa\",\"publisher\":{\"@id\":\"https:\/\/portalfadesp.org.br\/#organization\"},\"potentialAction\":[{\"@type\":\"SearchAction\",\"target\":{\"@type\":\"EntryPoint\",\"urlTemplate\":\"https:\/\/portalfadesp.org.br\/?s={search_term_string}\"},\"query-input\":{\"@type\":\"PropertyValueSpecification\",\"valueRequired\":true,\"valueName\":\"search_term_string\"}}],\"inLanguage\":\"pt-BR\"},{\"@type\":\"Organization\",\"@id\":\"https:\/\/portalfadesp.org.br\/#organization\",\"name\":\"FADESP\",\"url\":\"https:\/\/portalfadesp.org.br\/\",\"logo\":{\"@type\":\"ImageObject\",\"inLanguage\":\"pt-BR\",\"@id\":\"https:\/\/portalfadesp.org.br\/#\/schema\/logo\/image\/\",\"url\":\"https:\/\/portalfadesp.org.br\/wp-content\/uploads\/2024\/01\/NOVOLOGOFADESPlaranjaH.png\",\"contentUrl\":\"https:\/\/portalfadesp.org.br\/wp-content\/uploads\/2024\/01\/NOVOLOGOFADESPlaranjaH.png\",\"width\":2742,\"height\":839,\"caption\":\"FADESP\"},\"image\":{\"@id\":\"https:\/\/portalfadesp.org.br\/#\/schema\/logo\/image\/\"},\"sameAs\":[\"https:\/\/www.facebook.com\/Fadesp-138351949524662\/\",\"https:\/\/x.com\/Fadesp\",\"https:\/\/www.instagram.com\/fadesp_ufpa\/\",\"https:\/\/www.youtube.com\/@fundacaodeamparoedesenvolv1903\",\"https:\/\/www.threads.net\/@fadesp_ufpa\"]},{\"@type\":\"Person\",\"@id\":\"https:\/\/portalfadesp.org.br\/#\/schema\/person\/c1fa9db0c87dc412d1568e0e5e27be9c\",\"name\":\"Lorena Filgueiras\",\"image\":{\"@type\":\"ImageObject\",\"inLanguage\":\"pt-BR\",\"@id\":\"https:\/\/portalfadesp.org.br\/#\/schema\/person\/image\/\",\"url\":\"https:\/\/secure.gravatar.com\/avatar\/37390a2dfe1325c2917fc5f6df471abe8ab753cf23b2d14690f57bd61ab4b7cf?s=96&d=mm&r=g\",\"contentUrl\":\"https:\/\/secure.gravatar.com\/avatar\/37390a2dfe1325c2917fc5f6df471abe8ab753cf23b2d14690f57bd61ab4b7cf?s=96&d=mm&r=g\",\"caption\":\"Lorena Filgueiras\"},\"url\":\"https:\/\/portalfadesp.org.br\/?author=11\"}]}<\/script>\n<!-- \/ Yoast SEO plugin. -->","yoast_head_json":{"title":"Concurso da prefeitura de Tucuru\u00ed ter\u00e1 prova de aptid\u00e3o f\u00edsica e entrevista de candidatos autodeclarados negros, no dia 14. - FADESP","robots":{"index":"index","follow":"follow","max-snippet":"max-snippet:-1","max-image-preview":"max-image-preview:large","max-video-preview":"max-video-preview:-1"},"canonical":"https:\/\/portalfadesp.org.br\/?p=2773","og_locale":"pt_BR","og_type":"article","og_title":"Concurso da prefeitura de Tucuru\u00ed ter\u00e1 prova de aptid\u00e3o f\u00edsica e entrevista de candidatos autodeclarados negros, no dia 14. - FADESP","og_description":"A prova de aptid\u00e3o f\u00edsica do concurso para a prefeitura de Tucuru\u00ed (PA) e a verifica\u00e7\u00e3o presencial dos candidatos que se autodeclararam negros para concorrer \u00e0 reserva de vaga ser\u00e3o realizadas no dia 14 deste m\u00eas. Os candidatos convocados dever\u00e3o se apresentar no 23\u00b0 Esquadr\u00e3o de Cavalaria de Selva (Esquadr\u00e3o Lanceiros da Selva), localizado na [&hellip;]","og_url":"https:\/\/portalfadesp.org.br\/?p=2773","og_site_name":"FADESP","article_publisher":"https:\/\/www.facebook.com\/Fadesp-138351949524662\/","article_published_time":"2019-07-09T03:31:53+00:00","article_modified_time":"2022-12-21T13:30:35+00:00","og_image":[{"width":250,"height":188,"url":"https:\/\/portalfadesp.org.br\/wp-content\/uploads\/2019\/06\/up_ag_29538_tucurui.jpg","type":"image\/jpeg"}],"author":"Lorena Filgueiras","twitter_card":"summary_large_image","twitter_creator":"@Fadesp","twitter_site":"@Fadesp","twitter_misc":{"Escrito por":"Lorena Filgueiras","Est. tempo de leitura":"2 minutos"},"schema":{"@context":"https:\/\/schema.org","@graph":[{"@type":"Article","@id":"https:\/\/portalfadesp.org.br\/?p=2773#article","isPartOf":{"@id":"https:\/\/portalfadesp.org.br\/?p=2773"},"author":{"name":"Lorena Filgueiras","@id":"https:\/\/portalfadesp.org.br\/#\/schema\/person\/c1fa9db0c87dc412d1568e0e5e27be9c"},"headline":"Concurso da prefeitura de Tucuru\u00ed ter\u00e1 prova de aptid\u00e3o f\u00edsica e entrevista de candidatos autodeclarados negros, no dia 14.","datePublished":"2019-07-09T03:31:53+00:00","dateModified":"2022-12-21T13:30:35+00:00","mainEntityOfPage":{"@id":"https:\/\/portalfadesp.org.br\/?p=2773"},"wordCount":354,"commentCount":0,"publisher":{"@id":"https:\/\/portalfadesp.org.br\/#organization"},"image":{"@id":"https:\/\/portalfadesp.org.br\/?p=2773#primaryimage"},"thumbnailUrl":"https:\/\/portalfadesp.org.br\/wp-content\/uploads\/2019\/06\/up_ag_29538_tucurui.jpg","keywords":["concurso p\u00fablico","quota","TAF"],"articleSection":["Concurso"],"inLanguage":"pt-BR"},{"@type":"WebPage","@id":"https:\/\/portalfadesp.org.br\/?p=2773","url":"https:\/\/portalfadesp.org.br\/?p=2773","name":"Concurso da prefeitura de Tucuru\u00ed ter\u00e1 prova de aptid\u00e3o f\u00edsica e entrevista de candidatos autodeclarados negros, no dia 14. - FADESP","isPartOf":{"@id":"https:\/\/portalfadesp.org.br\/#website"},"primaryImageOfPage":{"@id":"https:\/\/portalfadesp.org.br\/?p=2773#primaryimage"},"image":{"@id":"https:\/\/portalfadesp.org.br\/?p=2773#primaryimage"},"thumbnailUrl":"https:\/\/portalfadesp.org.br\/wp-content\/uploads\/2019\/06\/up_ag_29538_tucurui.jpg","datePublished":"2019-07-09T03:31:53+00:00","dateModified":"2022-12-21T13:30:35+00:00","breadcrumb":{"@id":"https:\/\/portalfadesp.org.br\/?p=2773#breadcrumb"},"inLanguage":"pt-BR","potentialAction":[{"@type":"ReadAction","target":["https:\/\/portalfadesp.org.br\/?p=2773"]}]},{"@type":"ImageObject","inLanguage":"pt-BR","@id":"https:\/\/portalfadesp.org.br\/?p=2773#primaryimage","url":"https:\/\/portalfadesp.org.br\/wp-content\/uploads\/2019\/06\/up_ag_29538_tucurui.jpg","contentUrl":"https:\/\/portalfadesp.org.br\/wp-content\/uploads\/2019\/06\/up_ag_29538_tucurui.jpg","width":250,"height":188},{"@type":"BreadcrumbList","@id":"https:\/\/portalfadesp.org.br\/?p=2773#breadcrumb","itemListElement":[{"@type":"ListItem","position":1,"name":"In\u00edcio","item":"https:\/\/portalfadesp.org.br\/"},{"@type":"ListItem","position":2,"name":"Concurso da prefeitura de Tucuru\u00ed ter\u00e1 prova de aptid\u00e3o f\u00edsica e entrevista de candidatos autodeclarados negros, no dia 14."}]},{"@type":"WebSite","@id":"https:\/\/portalfadesp.org.br\/#website","url":"https:\/\/portalfadesp.org.br\/","name":"FADESP","description":"Funda\u00e7\u00e3o de Amparo e Desenvolvimento da Pesquisa","publisher":{"@id":"https:\/\/portalfadesp.org.br\/#organization"},"potentialAction":[{"@type":"SearchAction","target":{"@type":"EntryPoint","urlTemplate":"https:\/\/portalfadesp.org.br\/?s={search_term_string}"},"query-input":{"@type":"PropertyValueSpecification","valueRequired":true,"valueName":"search_term_string"}}],"inLanguage":"pt-BR"},{"@type":"Organization","@id":"https:\/\/portalfadesp.org.br\/#organization","name":"FADESP","url":"https:\/\/portalfadesp.org.br\/","logo":{"@type":"ImageObject","inLanguage":"pt-BR","@id":"https:\/\/portalfadesp.org.br\/#\/schema\/logo\/image\/","url":"https:\/\/portalfadesp.org.br\/wp-content\/uploads\/2024\/01\/NOVOLOGOFADESPlaranjaH.png","contentUrl":"https:\/\/portalfadesp.org.br\/wp-content\/uploads\/2024\/01\/NOVOLOGOFADESPlaranjaH.png","width":2742,"height":839,"caption":"FADESP"},"image":{"@id":"https:\/\/portalfadesp.org.br\/#\/schema\/logo\/image\/"},"sameAs":["https:\/\/www.facebook.com\/Fadesp-138351949524662\/","https:\/\/x.com\/Fadesp","https:\/\/www.instagram.com\/fadesp_ufpa\/","https:\/\/www.youtube.com\/@fundacaodeamparoedesenvolv1903","https:\/\/www.threads.net\/@fadesp_ufpa"]},{"@type":"Person","@id":"https:\/\/portalfadesp.org.br\/#\/schema\/person\/c1fa9db0c87dc412d1568e0e5e27be9c","name":"Lorena Filgueiras","image":{"@type":"ImageObject","inLanguage":"pt-BR","@id":"https:\/\/portalfadesp.org.br\/#\/schema\/person\/image\/","url":"https:\/\/secure.gravatar.com\/avatar\/37390a2dfe1325c2917fc5f6df471abe8ab753cf23b2d14690f57bd61ab4b7cf?s=96&d=mm&r=g","contentUrl":"https:\/\/secure.gravatar.com\/avatar\/37390a2dfe1325c2917fc5f6df471abe8ab753cf23b2d14690f57bd61ab4b7cf?s=96&d=mm&r=g","caption":"Lorena Filgueiras"},"url":"https:\/\/portalfadesp.org.br\/?author=11"}]}},"_links":{"self":[{"href":"https:\/\/portalfadesp.org.br\/index.php?rest_route=\/wp\/v2\/posts\/2773","targetHints":{"allow":["GET"]}}],"collection":[{"href":"https:\/\/portalfadesp.org.br\/index.php?rest_route=\/wp\/v2\/posts"}],"about":[{"href":"https:\/\/portalfadesp.org.br\/index.php?rest_route=\/wp\/v2\/types\/post"}],"author":[{"embeddable":true,"href":"https:\/\/portalfadesp.org.br\/index.php?rest_route=\/wp\/v2\/users\/11"}],"replies":[{"embeddable":true,"href":"https:\/\/portalfadesp.org.br\/index.php?rest_route=%2Fwp%2Fv2%2Fcomments&post=2773"}],"version-history":[{"count":4,"href":"https:\/\/portalfadesp.org.br\/index.php?rest_route=\/wp\/v2\/posts\/2773\/revisions"}],"predecessor-version":[{"id":37926,"href":"https:\/\/portalfadesp.org.br\/index.php?rest_route=\/wp\/v2\/posts\/2773\/revisions\/37926"}],"wp:featuredmedia":[{"embeddable":true,"href":"https:\/\/portalfadesp.org.br\/index.php?rest_route=\/wp\/v2\/media\/1849"}],"wp:attachment":[{"href":"https:\/\/portalfadesp.org.br\/index.php?rest_route=%2Fwp%2Fv2%2Fmedia&parent=2773"}],"wp:term":[{"taxonomy":"category","embeddable":true,"href":"https:\/\/portalfadesp.org.br\/index.php?rest_route=%2Fwp%2Fv2%2Fcategories&post=2773"},{"taxonomy":"post_tag","embeddable":true,"href":"https:\/\/portalfadesp.org.br\/index.php?rest_route=%2Fwp%2Fv2%2Ftags&post=2773"}],"curies":[{"name":"wp","href":"https:\/\/api.w.org\/{rel}","templated":true}]}}