{"id":2755,"date":"2019-07-08T15:29:35","date_gmt":"2019-07-08T18:29:35","guid":{"rendered":"https:\/\/162.215.13.167?p=2755"},"modified":"2022-12-21T10:30:22","modified_gmt":"2022-12-21T13:30:22","slug":"2755","status":"publish","type":"post","link":"https:\/\/portalfadesp.org.br\/?p=2755","title":{"rendered":"UFPA abre inscri\u00e7\u00e3o para as turmas de f\u00e9rias do Curso Livre de L\u00edngua Alem\u00e3."},"content":{"rendered":"<p><img decoding=\"async\" class=\"alignright wp-image-895 size-medium\" src=\"https:\/\/portalfadesp.org.br\/wp-content\/uploads\/2019\/03\/newup_ag_29488_2018_-_cursos_livres_alemao-300x134.jpg\" alt=\"\" width=\"300\" height=\"134\" srcset=\"https:\/\/portalfadesp.org.br\/wp-content\/uploads\/2019\/03\/newup_ag_29488_2018_-_cursos_livres_alemao-300x134.jpg 300w, https:\/\/portalfadesp.org.br\/wp-content\/uploads\/2019\/03\/newup_ag_29488_2018_-_cursos_livres_alemao-768x343.jpg 768w, https:\/\/portalfadesp.org.br\/wp-content\/uploads\/2019\/03\/newup_ag_29488_2018_-_cursos_livres_alemao-1024x457.jpg 1024w, https:\/\/portalfadesp.org.br\/wp-content\/uploads\/2019\/03\/newup_ag_29488_2018_-_cursos_livres_alemao.jpg 1120w\" sizes=\"(max-width: 300px) 100vw, 300px\" \/>A Universidade Federal do Par\u00e1 (UFPA) abriu per\u00edodo de inscri\u00e7\u00f5es para a turma de f\u00e9rias do Curso Livre de Alem\u00e3o. S\u00e3o ofertadas 125 vagas distribu\u00eddas em cinco turmas. As aulas ser\u00e3o realizadas de 5 a 29 de agosto deste ano. Os interessados devem acessar a <strong><a href=\"http:\/\/cursos.fadesp.org.br\/mostracurso.asp?curso=613\" target=\"_blank\" rel=\"noopener noreferrer\">\u00e1rea de cursos aqui do site da FADESP.<\/a><\/strong><\/p>\n<p>As inscri\u00e7\u00f5es ser\u00e3o realizadas at\u00e9 dia 31 deste m\u00eas de julho. Quem ainda n\u00e3o possui cadastro no site da Funda\u00e7\u00e3o, deve faz\u00ea-lo como primeiro passo da inscri\u00e7\u00e3o. Na sequ\u00eancia, deve fazer login para entrar em sua p\u00e1gina e escolher a turma para se inscrever.<\/p>\n<p>S\u00e3o ofertadas duas turmas para o n\u00edvel 1, duas para o 2 e uma para o tr\u00eas. Para se inscrever, \u00e9 necess\u00e1rio ter conclu\u00eddo o ensino fundamental e, como o curso \u00e9 autofinanci\u00e1vel, pagar R$ 300,00. As turmas com menos de dez alunos ser\u00e3o canceladas.<\/p>\n<p>As aulas acontecer\u00e3o de segunda \u00e0 quinta-feira, na Casa de Estudos Germ\u00e2nicos, que fica no campus Profissional do Guam\u00e1 \/ UFPA, em Bel\u00e9m. A coordena\u00e7\u00e3o \u00e9 do professor Reinhard Michael Eugen Arnegger.<\/p>\n<p>O objetivo do curso \u00e9 oferecer aos alunos &#8220;a oportunidade de aquisi\u00e7\u00e3o de uma l\u00edngua estrangeira diferenciada diante da necessidade da mobilidade acad\u00eamica, contribuindo para a forma\u00e7\u00e3o e crescimento profissional de discentes, docentes e pesquisadores&#8221;.<\/p>\n<p>Para mais informa\u00e7\u00f5es sobre o curso, deve-se procurar a secretaria da Casa de Estudos Germ\u00e2nicos, Pavilh\u00e3o G (altos), das 14h \u00e0s 18h, ou ligar para os telefones (91) 3201-7795\/8779 ou enviar email para ufpacursolivrealemao@gmail.com ou falem.ufpa@gmail.com.<\/p>\n","protected":false},"excerpt":{"rendered":"<p>A Universidade Federal do Par\u00e1 (UFPA) abriu per\u00edodo de inscri\u00e7\u00f5es para a turma de f\u00e9rias do Curso Livre de Alem\u00e3o. S\u00e3o ofertadas 125 vagas distribu\u00eddas em cinco turmas. As aulas ser\u00e3o realizadas de 5 a 29 de agosto deste ano. Os interessados devem acessar a \u00e1rea de cursos aqui do site da FADESP. As inscri\u00e7\u00f5es [&hellip;]<\/p>\n","protected":false},"author":11,"featured_media":895,"comment_status":"open","ping_status":"open","sticky":false,"template":"","format":"standard","meta":{"_monsterinsights_skip_tracking":false,"_monsterinsights_sitenote_active":false,"_monsterinsights_sitenote_note":"","_monsterinsights_sitenote_category":0,"footnotes":""},"categories":[11],"tags":[63,31,64,32,33],"class_list":["post-2755","post","type-post","status-publish","format-standard","has-post-thumbnail","hentry","category-cursos-livres","tag-alemao","tag-cursos-livres","tag-intercambio-academico","tag-linguas","tag-ufpa","entry","has-media"],"yoast_head":"<!-- This site is optimized with the Yoast SEO plugin v25.1 - https:\/\/yoast.com\/wordpress\/plugins\/seo\/ -->\n<title>UFPA abre inscri\u00e7\u00e3o para as turmas de f\u00e9rias do Curso Livre de L\u00edngua Alem\u00e3. - FADESP<\/title>\n<meta name=\"robots\" content=\"index, follow, max-snippet:-1, max-image-preview:large, max-video-preview:-1\" \/>\n<link rel=\"canonical\" href=\"https:\/\/portalfadesp.org.br\/?p=2755\" \/>\n<meta property=\"og:locale\" content=\"pt_BR\" \/>\n<meta property=\"og:type\" content=\"article\" \/>\n<meta property=\"og:title\" content=\"UFPA abre inscri\u00e7\u00e3o para as turmas de f\u00e9rias do Curso Livre de L\u00edngua Alem\u00e3. - FADESP\" \/>\n<meta property=\"og:description\" content=\"A Universidade Federal do Par\u00e1 (UFPA) abriu per\u00edodo de inscri\u00e7\u00f5es para a turma de f\u00e9rias do Curso Livre de Alem\u00e3o. S\u00e3o ofertadas 125 vagas distribu\u00eddas em cinco turmas. As aulas ser\u00e3o realizadas de 5 a 29 de agosto deste ano. Os interessados devem acessar a \u00e1rea de cursos aqui do site da FADESP. As inscri\u00e7\u00f5es [&hellip;]\" \/>\n<meta property=\"og:url\" content=\"https:\/\/portalfadesp.org.br\/?p=2755\" \/>\n<meta property=\"og:site_name\" content=\"FADESP\" \/>\n<meta property=\"article:publisher\" content=\"https:\/\/www.facebook.com\/Fadesp-138351949524662\/\" \/>\n<meta property=\"article:published_time\" content=\"2019-07-08T18:29:35+00:00\" \/>\n<meta property=\"article:modified_time\" content=\"2022-12-21T13:30:22+00:00\" \/>\n<meta property=\"og:image\" content=\"https:\/\/portalfadesp.org.br\/wp-content\/uploads\/2019\/03\/newup_ag_29488_2018_-_cursos_livres_alemao.jpg\" \/>\n\t<meta property=\"og:image:width\" content=\"1120\" \/>\n\t<meta property=\"og:image:height\" content=\"500\" \/>\n\t<meta property=\"og:image:type\" content=\"image\/jpeg\" \/>\n<meta name=\"author\" content=\"Lorena Filgueiras\" \/>\n<meta name=\"twitter:card\" content=\"summary_large_image\" \/>\n<meta name=\"twitter:creator\" content=\"@Fadesp\" \/>\n<meta name=\"twitter:site\" content=\"@Fadesp\" \/>\n<meta name=\"twitter:label1\" content=\"Escrito por\" \/>\n\t<meta name=\"twitter:data1\" content=\"Lorena Filgueiras\" \/>\n\t<meta name=\"twitter:label2\" content=\"Est. tempo de leitura\" \/>\n\t<meta name=\"twitter:data2\" content=\"1 minuto\" \/>\n<script type=\"application\/ld+json\" class=\"yoast-schema-graph\">{\"@context\":\"https:\/\/schema.org\",\"@graph\":[{\"@type\":\"Article\",\"@id\":\"https:\/\/portalfadesp.org.br\/?p=2755#article\",\"isPartOf\":{\"@id\":\"https:\/\/portalfadesp.org.br\/?p=2755\"},\"author\":{\"name\":\"Lorena Filgueiras\",\"@id\":\"https:\/\/portalfadesp.org.br\/#\/schema\/person\/c1fa9db0c87dc412d1568e0e5e27be9c\"},\"headline\":\"UFPA abre inscri\u00e7\u00e3o para as turmas de f\u00e9rias do Curso Livre de L\u00edngua Alem\u00e3.\",\"datePublished\":\"2019-07-08T18:29:35+00:00\",\"dateModified\":\"2022-12-21T13:30:22+00:00\",\"mainEntityOfPage\":{\"@id\":\"https:\/\/portalfadesp.org.br\/?p=2755\"},\"wordCount\":287,\"commentCount\":0,\"publisher\":{\"@id\":\"https:\/\/portalfadesp.org.br\/#organization\"},\"image\":{\"@id\":\"https:\/\/portalfadesp.org.br\/?p=2755#primaryimage\"},\"thumbnailUrl\":\"https:\/\/portalfadesp.org.br\/wp-content\/uploads\/2019\/03\/newup_ag_29488_2018_-_cursos_livres_alemao.jpg\",\"keywords\":[\"alem\u00e3o\",\"cursos livres\",\"interc\u00e2mbio acad\u00eamico\",\"l\u00ednguas\",\"UFPA\"],\"articleSection\":[\"Cursos Livres\"],\"inLanguage\":\"pt-BR\"},{\"@type\":\"WebPage\",\"@id\":\"https:\/\/portalfadesp.org.br\/?p=2755\",\"url\":\"https:\/\/portalfadesp.org.br\/?p=2755\",\"name\":\"UFPA abre inscri\u00e7\u00e3o para as turmas de f\u00e9rias do Curso Livre de L\u00edngua Alem\u00e3. - FADESP\",\"isPartOf\":{\"@id\":\"https:\/\/portalfadesp.org.br\/#website\"},\"primaryImageOfPage\":{\"@id\":\"https:\/\/portalfadesp.org.br\/?p=2755#primaryimage\"},\"image\":{\"@id\":\"https:\/\/portalfadesp.org.br\/?p=2755#primaryimage\"},\"thumbnailUrl\":\"https:\/\/portalfadesp.org.br\/wp-content\/uploads\/2019\/03\/newup_ag_29488_2018_-_cursos_livres_alemao.jpg\",\"datePublished\":\"2019-07-08T18:29:35+00:00\",\"dateModified\":\"2022-12-21T13:30:22+00:00\",\"breadcrumb\":{\"@id\":\"https:\/\/portalfadesp.org.br\/?p=2755#breadcrumb\"},\"inLanguage\":\"pt-BR\",\"potentialAction\":[{\"@type\":\"ReadAction\",\"target\":[\"https:\/\/portalfadesp.org.br\/?p=2755\"]}]},{\"@type\":\"ImageObject\",\"inLanguage\":\"pt-BR\",\"@id\":\"https:\/\/portalfadesp.org.br\/?p=2755#primaryimage\",\"url\":\"https:\/\/portalfadesp.org.br\/wp-content\/uploads\/2019\/03\/newup_ag_29488_2018_-_cursos_livres_alemao.jpg\",\"contentUrl\":\"https:\/\/portalfadesp.org.br\/wp-content\/uploads\/2019\/03\/newup_ag_29488_2018_-_cursos_livres_alemao.jpg\",\"width\":1120,\"height\":500},{\"@type\":\"BreadcrumbList\",\"@id\":\"https:\/\/portalfadesp.org.br\/?p=2755#breadcrumb\",\"itemListElement\":[{\"@type\":\"ListItem\",\"position\":1,\"name\":\"In\u00edcio\",\"item\":\"https:\/\/portalfadesp.org.br\/\"},{\"@type\":\"ListItem\",\"position\":2,\"name\":\"UFPA abre inscri\u00e7\u00e3o para as turmas de f\u00e9rias do Curso Livre de L\u00edngua Alem\u00e3.\"}]},{\"@type\":\"WebSite\",\"@id\":\"https:\/\/portalfadesp.org.br\/#website\",\"url\":\"https:\/\/portalfadesp.org.br\/\",\"name\":\"FADESP\",\"description\":\"Funda\u00e7\u00e3o de Amparo e Desenvolvimento da Pesquisa\",\"publisher\":{\"@id\":\"https:\/\/portalfadesp.org.br\/#organization\"},\"potentialAction\":[{\"@type\":\"SearchAction\",\"target\":{\"@type\":\"EntryPoint\",\"urlTemplate\":\"https:\/\/portalfadesp.org.br\/?s={search_term_string}\"},\"query-input\":{\"@type\":\"PropertyValueSpecification\",\"valueRequired\":true,\"valueName\":\"search_term_string\"}}],\"inLanguage\":\"pt-BR\"},{\"@type\":\"Organization\",\"@id\":\"https:\/\/portalfadesp.org.br\/#organization\",\"name\":\"FADESP\",\"url\":\"https:\/\/portalfadesp.org.br\/\",\"logo\":{\"@type\":\"ImageObject\",\"inLanguage\":\"pt-BR\",\"@id\":\"https:\/\/portalfadesp.org.br\/#\/schema\/logo\/image\/\",\"url\":\"https:\/\/portalfadesp.org.br\/wp-content\/uploads\/2024\/01\/NOVOLOGOFADESPlaranjaH.png\",\"contentUrl\":\"https:\/\/portalfadesp.org.br\/wp-content\/uploads\/2024\/01\/NOVOLOGOFADESPlaranjaH.png\",\"width\":2742,\"height\":839,\"caption\":\"FADESP\"},\"image\":{\"@id\":\"https:\/\/portalfadesp.org.br\/#\/schema\/logo\/image\/\"},\"sameAs\":[\"https:\/\/www.facebook.com\/Fadesp-138351949524662\/\",\"https:\/\/x.com\/Fadesp\",\"https:\/\/www.instagram.com\/fadesp_ufpa\/\",\"https:\/\/www.youtube.com\/@fundacaodeamparoedesenvolv1903\",\"https:\/\/www.threads.net\/@fadesp_ufpa\"]},{\"@type\":\"Person\",\"@id\":\"https:\/\/portalfadesp.org.br\/#\/schema\/person\/c1fa9db0c87dc412d1568e0e5e27be9c\",\"name\":\"Lorena Filgueiras\",\"image\":{\"@type\":\"ImageObject\",\"inLanguage\":\"pt-BR\",\"@id\":\"https:\/\/portalfadesp.org.br\/#\/schema\/person\/image\/\",\"url\":\"https:\/\/secure.gravatar.com\/avatar\/37390a2dfe1325c2917fc5f6df471abe8ab753cf23b2d14690f57bd61ab4b7cf?s=96&d=mm&r=g\",\"contentUrl\":\"https:\/\/secure.gravatar.com\/avatar\/37390a2dfe1325c2917fc5f6df471abe8ab753cf23b2d14690f57bd61ab4b7cf?s=96&d=mm&r=g\",\"caption\":\"Lorena Filgueiras\"},\"url\":\"https:\/\/portalfadesp.org.br\/?author=11\"}]}<\/script>\n<!-- \/ Yoast SEO plugin. -->","yoast_head_json":{"title":"UFPA abre inscri\u00e7\u00e3o para as turmas de f\u00e9rias do Curso Livre de L\u00edngua Alem\u00e3. - FADESP","robots":{"index":"index","follow":"follow","max-snippet":"max-snippet:-1","max-image-preview":"max-image-preview:large","max-video-preview":"max-video-preview:-1"},"canonical":"https:\/\/portalfadesp.org.br\/?p=2755","og_locale":"pt_BR","og_type":"article","og_title":"UFPA abre inscri\u00e7\u00e3o para as turmas de f\u00e9rias do Curso Livre de L\u00edngua Alem\u00e3. - FADESP","og_description":"A Universidade Federal do Par\u00e1 (UFPA) abriu per\u00edodo de inscri\u00e7\u00f5es para a turma de f\u00e9rias do Curso Livre de Alem\u00e3o. S\u00e3o ofertadas 125 vagas distribu\u00eddas em cinco turmas. As aulas ser\u00e3o realizadas de 5 a 29 de agosto deste ano. Os interessados devem acessar a \u00e1rea de cursos aqui do site da FADESP. As inscri\u00e7\u00f5es [&hellip;]","og_url":"https:\/\/portalfadesp.org.br\/?p=2755","og_site_name":"FADESP","article_publisher":"https:\/\/www.facebook.com\/Fadesp-138351949524662\/","article_published_time":"2019-07-08T18:29:35+00:00","article_modified_time":"2022-12-21T13:30:22+00:00","og_image":[{"width":1120,"height":500,"url":"https:\/\/portalfadesp.org.br\/wp-content\/uploads\/2019\/03\/newup_ag_29488_2018_-_cursos_livres_alemao.jpg","type":"image\/jpeg"}],"author":"Lorena Filgueiras","twitter_card":"summary_large_image","twitter_creator":"@Fadesp","twitter_site":"@Fadesp","twitter_misc":{"Escrito por":"Lorena Filgueiras","Est. tempo de leitura":"1 minuto"},"schema":{"@context":"https:\/\/schema.org","@graph":[{"@type":"Article","@id":"https:\/\/portalfadesp.org.br\/?p=2755#article","isPartOf":{"@id":"https:\/\/portalfadesp.org.br\/?p=2755"},"author":{"name":"Lorena Filgueiras","@id":"https:\/\/portalfadesp.org.br\/#\/schema\/person\/c1fa9db0c87dc412d1568e0e5e27be9c"},"headline":"UFPA abre inscri\u00e7\u00e3o para as turmas de f\u00e9rias do Curso Livre de L\u00edngua Alem\u00e3.","datePublished":"2019-07-08T18:29:35+00:00","dateModified":"2022-12-21T13:30:22+00:00","mainEntityOfPage":{"@id":"https:\/\/portalfadesp.org.br\/?p=2755"},"wordCount":287,"commentCount":0,"publisher":{"@id":"https:\/\/portalfadesp.org.br\/#organization"},"image":{"@id":"https:\/\/portalfadesp.org.br\/?p=2755#primaryimage"},"thumbnailUrl":"https:\/\/portalfadesp.org.br\/wp-content\/uploads\/2019\/03\/newup_ag_29488_2018_-_cursos_livres_alemao.jpg","keywords":["alem\u00e3o","cursos livres","interc\u00e2mbio acad\u00eamico","l\u00ednguas","UFPA"],"articleSection":["Cursos Livres"],"inLanguage":"pt-BR"},{"@type":"WebPage","@id":"https:\/\/portalfadesp.org.br\/?p=2755","url":"https:\/\/portalfadesp.org.br\/?p=2755","name":"UFPA abre inscri\u00e7\u00e3o para as turmas de f\u00e9rias do Curso Livre de L\u00edngua Alem\u00e3. - FADESP","isPartOf":{"@id":"https:\/\/portalfadesp.org.br\/#website"},"primaryImageOfPage":{"@id":"https:\/\/portalfadesp.org.br\/?p=2755#primaryimage"},"image":{"@id":"https:\/\/portalfadesp.org.br\/?p=2755#primaryimage"},"thumbnailUrl":"https:\/\/portalfadesp.org.br\/wp-content\/uploads\/2019\/03\/newup_ag_29488_2018_-_cursos_livres_alemao.jpg","datePublished":"2019-07-08T18:29:35+00:00","dateModified":"2022-12-21T13:30:22+00:00","breadcrumb":{"@id":"https:\/\/portalfadesp.org.br\/?p=2755#breadcrumb"},"inLanguage":"pt-BR","potentialAction":[{"@type":"ReadAction","target":["https:\/\/portalfadesp.org.br\/?p=2755"]}]},{"@type":"ImageObject","inLanguage":"pt-BR","@id":"https:\/\/portalfadesp.org.br\/?p=2755#primaryimage","url":"https:\/\/portalfadesp.org.br\/wp-content\/uploads\/2019\/03\/newup_ag_29488_2018_-_cursos_livres_alemao.jpg","contentUrl":"https:\/\/portalfadesp.org.br\/wp-content\/uploads\/2019\/03\/newup_ag_29488_2018_-_cursos_livres_alemao.jpg","width":1120,"height":500},{"@type":"BreadcrumbList","@id":"https:\/\/portalfadesp.org.br\/?p=2755#breadcrumb","itemListElement":[{"@type":"ListItem","position":1,"name":"In\u00edcio","item":"https:\/\/portalfadesp.org.br\/"},{"@type":"ListItem","position":2,"name":"UFPA abre inscri\u00e7\u00e3o para as turmas de f\u00e9rias do Curso Livre de L\u00edngua Alem\u00e3."}]},{"@type":"WebSite","@id":"https:\/\/portalfadesp.org.br\/#website","url":"https:\/\/portalfadesp.org.br\/","name":"FADESP","description":"Funda\u00e7\u00e3o de Amparo e Desenvolvimento da Pesquisa","publisher":{"@id":"https:\/\/portalfadesp.org.br\/#organization"},"potentialAction":[{"@type":"SearchAction","target":{"@type":"EntryPoint","urlTemplate":"https:\/\/portalfadesp.org.br\/?s={search_term_string}"},"query-input":{"@type":"PropertyValueSpecification","valueRequired":true,"valueName":"search_term_string"}}],"inLanguage":"pt-BR"},{"@type":"Organization","@id":"https:\/\/portalfadesp.org.br\/#organization","name":"FADESP","url":"https:\/\/portalfadesp.org.br\/","logo":{"@type":"ImageObject","inLanguage":"pt-BR","@id":"https:\/\/portalfadesp.org.br\/#\/schema\/logo\/image\/","url":"https:\/\/portalfadesp.org.br\/wp-content\/uploads\/2024\/01\/NOVOLOGOFADESPlaranjaH.png","contentUrl":"https:\/\/portalfadesp.org.br\/wp-content\/uploads\/2024\/01\/NOVOLOGOFADESPlaranjaH.png","width":2742,"height":839,"caption":"FADESP"},"image":{"@id":"https:\/\/portalfadesp.org.br\/#\/schema\/logo\/image\/"},"sameAs":["https:\/\/www.facebook.com\/Fadesp-138351949524662\/","https:\/\/x.com\/Fadesp","https:\/\/www.instagram.com\/fadesp_ufpa\/","https:\/\/www.youtube.com\/@fundacaodeamparoedesenvolv1903","https:\/\/www.threads.net\/@fadesp_ufpa"]},{"@type":"Person","@id":"https:\/\/portalfadesp.org.br\/#\/schema\/person\/c1fa9db0c87dc412d1568e0e5e27be9c","name":"Lorena Filgueiras","image":{"@type":"ImageObject","inLanguage":"pt-BR","@id":"https:\/\/portalfadesp.org.br\/#\/schema\/person\/image\/","url":"https:\/\/secure.gravatar.com\/avatar\/37390a2dfe1325c2917fc5f6df471abe8ab753cf23b2d14690f57bd61ab4b7cf?s=96&d=mm&r=g","contentUrl":"https:\/\/secure.gravatar.com\/avatar\/37390a2dfe1325c2917fc5f6df471abe8ab753cf23b2d14690f57bd61ab4b7cf?s=96&d=mm&r=g","caption":"Lorena Filgueiras"},"url":"https:\/\/portalfadesp.org.br\/?author=11"}]}},"_links":{"self":[{"href":"https:\/\/portalfadesp.org.br\/index.php?rest_route=\/wp\/v2\/posts\/2755","targetHints":{"allow":["GET"]}}],"collection":[{"href":"https:\/\/portalfadesp.org.br\/index.php?rest_route=\/wp\/v2\/posts"}],"about":[{"href":"https:\/\/portalfadesp.org.br\/index.php?rest_route=\/wp\/v2\/types\/post"}],"author":[{"embeddable":true,"href":"https:\/\/portalfadesp.org.br\/index.php?rest_route=\/wp\/v2\/users\/11"}],"replies":[{"embeddable":true,"href":"https:\/\/portalfadesp.org.br\/index.php?rest_route=%2Fwp%2Fv2%2Fcomments&post=2755"}],"version-history":[{"count":7,"href":"https:\/\/portalfadesp.org.br\/index.php?rest_route=\/wp\/v2\/posts\/2755\/revisions"}],"predecessor-version":[{"id":37923,"href":"https:\/\/portalfadesp.org.br\/index.php?rest_route=\/wp\/v2\/posts\/2755\/revisions\/37923"}],"wp:featuredmedia":[{"embeddable":true,"href":"https:\/\/portalfadesp.org.br\/index.php?rest_route=\/wp\/v2\/media\/895"}],"wp:attachment":[{"href":"https:\/\/portalfadesp.org.br\/index.php?rest_route=%2Fwp%2Fv2%2Fmedia&parent=2755"}],"wp:term":[{"taxonomy":"category","embeddable":true,"href":"https:\/\/portalfadesp.org.br\/index.php?rest_route=%2Fwp%2Fv2%2Fcategories&post=2755"},{"taxonomy":"post_tag","embeddable":true,"href":"https:\/\/portalfadesp.org.br\/index.php?rest_route=%2Fwp%2Fv2%2Ftags&post=2755"}],"curies":[{"name":"wp","href":"https:\/\/api.w.org\/{rel}","templated":true}]}}