{"id":2603,"date":"2019-07-02T13:53:07","date_gmt":"2019-07-02T16:53:07","guid":{"rendered":"https:\/\/162.215.13.167?p=2603"},"modified":"2022-12-21T10:30:15","modified_gmt":"2022-12-21T13:30:15","slug":"laboratorio-de-monitoramento-ambiental-da-ufpa-tem-curso-de-pilotagem-e-mapeamento-aereo-com-drones-2","status":"publish","type":"post","link":"https:\/\/portalfadesp.org.br\/?p=2603","title":{"rendered":"Laborat\u00f3rio de Monitoramento Ambiental da UFPA tem curso de Pilotagem e Mapeamento A\u00e9reo com Drones."},"content":{"rendered":"<p><img fetchpriority=\"high\" decoding=\"async\" class=\"alignright wp-image-2587 size-medium\" src=\"https:\/\/portalfadesp.org.br\/wp-content\/uploads\/2019\/07\/2019-maio-curso-qualifica\u00e7\u00e3o-drone-jo\u00e3o-rotativo-300x233.jpg\" alt=\"\" width=\"300\" height=\"233\" srcset=\"https:\/\/portalfadesp.org.br\/wp-content\/uploads\/2019\/07\/2019-maio-curso-qualifica\u00e7\u00e3o-drone-jo\u00e3o-rotativo-300x233.jpg 300w, https:\/\/portalfadesp.org.br\/wp-content\/uploads\/2019\/07\/2019-maio-curso-qualifica\u00e7\u00e3o-drone-jo\u00e3o-rotativo-768x598.jpg 768w, https:\/\/portalfadesp.org.br\/wp-content\/uploads\/2019\/07\/2019-maio-curso-qualifica\u00e7\u00e3o-drone-jo\u00e3o-rotativo.jpg 901w\" sizes=\"(max-width: 300px) 100vw, 300px\" \/>O Laborat\u00f3rio de Pesquisa em Monitoramento Ambiental Marinho (LAPMAR) do Instituto de Geoci\u00eancias da Universidade Federal do Par\u00e1 (UFPA) abriu novas vagas para o <a href=\"https:\/\/portalfadesp.org.br\/?page_id=2554\" target=\"_blank\" rel=\"noopener noreferrer\"><span style=\"color: #0000ff;\">Curso Te\u00f3rico-Pr\u00e1tico de Pilotagem e Mapeamento A\u00e9reo com Drones<\/span>.<\/a> As inscri\u00e7\u00f5es est\u00e3o sendo realizadas na \u00e1re de cursos de qualifica\u00e7\u00e3o, aqui\u00a0do <a href=\"..\/wp-content\/uploads\/2019\/07\/maio-UFPA-qualifica\u00e7\u00e3o-DRONE-protocolo-de-oferta.pdf\" target=\"_blank\" rel=\"noopener noreferrer\">site da FADESP<\/a>.<\/p>\n<p>A forma\u00e7\u00e3o permitir\u00e1 ao aluno identificar as potencialidades dos softwares dispon\u00edveis para processamento das imagens a\u00e9reas, a sua integra\u00e7\u00e3o com outros SIGs e os produtos cartogr\u00e1ficos gerados. E tamb\u00e9m reconhecer os tipos de Aeronaves Remotamente Pilotadas (RPAs) existentes e suas aplica\u00e7\u00f5es, al\u00e9m da montagem, pilotagem, elabora\u00e7\u00e3o e execu\u00e7\u00e3o de um plano de voo com Drone.<\/p>\n<p>Permitir\u00e1, ainda, que o aluno possa reconhecer os diversos modelos de c\u00e2meras e sensores dispon\u00edveis que podem ser acoplados aos Drones e quando utilizar cada um deles para levantamento de dados espec\u00edficos.<\/p>\n<p>A coordena\u00e7\u00e3o do curso \u00e9 da professora Ana Alencar, que \u00e9 CEO &amp; Founder na GISdrone, Mestre em Geoci\u00eancias (CTG\/UFPE), Analista SIG (Cartografia e Geoprocessamento) Pilotagem e Mapeamento A\u00e9reo com Drone. Os detalhes est\u00e3o no\u00a0<a href=\"..\/midias\/anexos\/582_maio_-_ufpa_qualificacao_drone_-_protocolo_de_oferta.pdf\" target=\"_blank\" rel=\"noopener noreferrer\">protocolo de oferta<\/a>.<\/p>\n<p>As 20 horas de aula ser\u00e3o ministradas em dois hor\u00e1rios. Nos dois primeiros dias, ser\u00e3o das 8h \u00e0s 18h e no terceiro dia, das 8h \u00e0s 12h. J\u00e1 a aula pr\u00e1tica ser\u00e1 realizada no segundo dia pela manh\u00e3.<\/p>\n<p><strong>Mais informa\u00e7\u00f5es<\/strong><\/p>\n<p>Carga Hor\u00e1ria &#8211; 20 horas.<br \/>\nP\u00fablico alvo &#8211; Estudantes e Profissionais.<br \/>\nPer\u00edodo de realiza\u00e7\u00e3o:<br \/>\nTurma 2 &#8211; de 29 a 31 de julho (Encerradas).<br \/>\nTurma 3 &#8211; de 26 a 28 de agosto (<span style=\"color: #0000ff;\"><a style=\"color: #0000ff;\" href=\"http:\/\/concursos.fadesp.org.br\/ctad2019\/web\/index.php\">Inscri\u00e7\u00f5es Reabertas<\/a> <\/span>&#8211; 5 Vagas).<\/p>\n<p>Local do curso &#8211; Laborat\u00f3rio de Pesquisa em Monitoramento Ambiental Marinho do IG\/UFPA, em Bel\u00e9m.<br \/>\nInscri\u00e7\u00f5es &#8211; Ser\u00e3o aceitas at\u00e9 que as vagas se esgotem. O preenchimento seguir\u00e1 a ordem de pagamento do boleto.<br \/>\nTaxa &#8211; R$ 590,00 (estudantes de gradua\u00e7\u00e3o e p\u00f3s-gradua\u00e7\u00e3o sem v\u00ednculo empregat\u00edcio) e R$ 900,00 (profissionais) pagos at\u00e9 12\/07\/19 para a turma 1 e at\u00e9 15\/07\/19 para a turma 2.<\/p>\n<p>Taxa &#8211; R$ 900,00 (profissionais) pagos at\u00e9 10\/08\/19 para a turma 3.<\/p>\n","protected":false},"excerpt":{"rendered":"<p>O Laborat\u00f3rio de Pesquisa em Monitoramento Ambiental Marinho (LAPMAR) do Instituto de Geoci\u00eancias da Universidade Federal do Par\u00e1 (UFPA) abriu novas vagas para o Curso Te\u00f3rico-Pr\u00e1tico de Pilotagem e Mapeamento A\u00e9reo com Drones. As inscri\u00e7\u00f5es est\u00e3o sendo realizadas na \u00e1re de cursos de qualifica\u00e7\u00e3o, aqui\u00a0do site da FADESP. A forma\u00e7\u00e3o permitir\u00e1 ao aluno identificar as [&hellip;]<\/p>\n","protected":false},"author":11,"featured_media":2587,"comment_status":"open","ping_status":"open","sticky":false,"template":"","format":"standard","meta":{"_monsterinsights_skip_tracking":false,"_monsterinsights_sitenote_active":false,"_monsterinsights_sitenote_note":"","_monsterinsights_sitenote_category":0,"footnotes":""},"categories":[1],"tags":[59,36,33],"class_list":["post-2603","post","type-post","status-publish","format-standard","has-post-thumbnail","hentry","category-geral","tag-meio-ambiente","tag-tecnologia","tag-ufpa","entry","has-media"],"yoast_head":"<!-- This site is optimized with the Yoast SEO plugin v25.1 - https:\/\/yoast.com\/wordpress\/plugins\/seo\/ -->\n<title>Laborat\u00f3rio de Monitoramento Ambiental da UFPA tem curso de Pilotagem e Mapeamento A\u00e9reo com Drones. - FADESP<\/title>\n<meta name=\"robots\" content=\"index, follow, max-snippet:-1, max-image-preview:large, max-video-preview:-1\" \/>\n<link rel=\"canonical\" href=\"https:\/\/portalfadesp.org.br\/?p=2603\" \/>\n<meta property=\"og:locale\" content=\"pt_BR\" \/>\n<meta property=\"og:type\" content=\"article\" \/>\n<meta property=\"og:title\" content=\"Laborat\u00f3rio de Monitoramento Ambiental da UFPA tem curso de Pilotagem e Mapeamento A\u00e9reo com Drones. - FADESP\" \/>\n<meta property=\"og:description\" content=\"O Laborat\u00f3rio de Pesquisa em Monitoramento Ambiental Marinho (LAPMAR) do Instituto de Geoci\u00eancias da Universidade Federal do Par\u00e1 (UFPA) abriu novas vagas para o Curso Te\u00f3rico-Pr\u00e1tico de Pilotagem e Mapeamento A\u00e9reo com Drones. As inscri\u00e7\u00f5es est\u00e3o sendo realizadas na \u00e1re de cursos de qualifica\u00e7\u00e3o, aqui\u00a0do site da FADESP. A forma\u00e7\u00e3o permitir\u00e1 ao aluno identificar as [&hellip;]\" \/>\n<meta property=\"og:url\" content=\"https:\/\/portalfadesp.org.br\/?p=2603\" \/>\n<meta property=\"og:site_name\" content=\"FADESP\" \/>\n<meta property=\"article:publisher\" content=\"https:\/\/www.facebook.com\/Fadesp-138351949524662\/\" \/>\n<meta property=\"article:published_time\" content=\"2019-07-02T16:53:07+00:00\" \/>\n<meta property=\"article:modified_time\" content=\"2022-12-21T13:30:15+00:00\" \/>\n<meta property=\"og:image\" content=\"https:\/\/portalfadesp.org.br\/wp-content\/uploads\/2019\/07\/2019-maio-curso-qualifica\u00e7\u00e3o-drone-jo\u00e3o-rotativo.jpg\" \/>\n\t<meta property=\"og:image:width\" content=\"901\" \/>\n\t<meta property=\"og:image:height\" content=\"701\" \/>\n\t<meta property=\"og:image:type\" content=\"image\/jpeg\" \/>\n<meta name=\"author\" content=\"Lorena Filgueiras\" \/>\n<meta name=\"twitter:card\" content=\"summary_large_image\" \/>\n<meta name=\"twitter:creator\" content=\"@Fadesp\" \/>\n<meta name=\"twitter:site\" content=\"@Fadesp\" \/>\n<meta name=\"twitter:label1\" content=\"Escrito por\" \/>\n\t<meta name=\"twitter:data1\" content=\"Lorena Filgueiras\" \/>\n\t<meta name=\"twitter:label2\" content=\"Est. tempo de leitura\" \/>\n\t<meta name=\"twitter:data2\" content=\"2 minutos\" \/>\n<script type=\"application\/ld+json\" class=\"yoast-schema-graph\">{\"@context\":\"https:\/\/schema.org\",\"@graph\":[{\"@type\":\"Article\",\"@id\":\"https:\/\/portalfadesp.org.br\/?p=2603#article\",\"isPartOf\":{\"@id\":\"https:\/\/portalfadesp.org.br\/?p=2603\"},\"author\":{\"name\":\"Lorena Filgueiras\",\"@id\":\"https:\/\/portalfadesp.org.br\/#\/schema\/person\/c1fa9db0c87dc412d1568e0e5e27be9c\"},\"headline\":\"Laborat\u00f3rio de Monitoramento Ambiental da UFPA tem curso de Pilotagem e Mapeamento A\u00e9reo com Drones.\",\"datePublished\":\"2019-07-02T16:53:07+00:00\",\"dateModified\":\"2022-12-21T13:30:15+00:00\",\"mainEntityOfPage\":{\"@id\":\"https:\/\/portalfadesp.org.br\/?p=2603\"},\"wordCount\":371,\"commentCount\":0,\"publisher\":{\"@id\":\"https:\/\/portalfadesp.org.br\/#organization\"},\"image\":{\"@id\":\"https:\/\/portalfadesp.org.br\/?p=2603#primaryimage\"},\"thumbnailUrl\":\"https:\/\/portalfadesp.org.br\/wp-content\/uploads\/2019\/07\/2019-maio-curso-qualifica\u00e7\u00e3o-drone-jo\u00e3o-rotativo.jpg\",\"keywords\":[\"meio ambiente\",\"tecnologia\",\"UFPA\"],\"articleSection\":[\"Geral\"],\"inLanguage\":\"pt-BR\"},{\"@type\":\"WebPage\",\"@id\":\"https:\/\/portalfadesp.org.br\/?p=2603\",\"url\":\"https:\/\/portalfadesp.org.br\/?p=2603\",\"name\":\"Laborat\u00f3rio de Monitoramento Ambiental da UFPA tem curso de Pilotagem e Mapeamento A\u00e9reo com Drones. - FADESP\",\"isPartOf\":{\"@id\":\"https:\/\/portalfadesp.org.br\/#website\"},\"primaryImageOfPage\":{\"@id\":\"https:\/\/portalfadesp.org.br\/?p=2603#primaryimage\"},\"image\":{\"@id\":\"https:\/\/portalfadesp.org.br\/?p=2603#primaryimage\"},\"thumbnailUrl\":\"https:\/\/portalfadesp.org.br\/wp-content\/uploads\/2019\/07\/2019-maio-curso-qualifica\u00e7\u00e3o-drone-jo\u00e3o-rotativo.jpg\",\"datePublished\":\"2019-07-02T16:53:07+00:00\",\"dateModified\":\"2022-12-21T13:30:15+00:00\",\"breadcrumb\":{\"@id\":\"https:\/\/portalfadesp.org.br\/?p=2603#breadcrumb\"},\"inLanguage\":\"pt-BR\",\"potentialAction\":[{\"@type\":\"ReadAction\",\"target\":[\"https:\/\/portalfadesp.org.br\/?p=2603\"]}]},{\"@type\":\"ImageObject\",\"inLanguage\":\"pt-BR\",\"@id\":\"https:\/\/portalfadesp.org.br\/?p=2603#primaryimage\",\"url\":\"https:\/\/portalfadesp.org.br\/wp-content\/uploads\/2019\/07\/2019-maio-curso-qualifica\u00e7\u00e3o-drone-jo\u00e3o-rotativo.jpg\",\"contentUrl\":\"https:\/\/portalfadesp.org.br\/wp-content\/uploads\/2019\/07\/2019-maio-curso-qualifica\u00e7\u00e3o-drone-jo\u00e3o-rotativo.jpg\",\"width\":901,\"height\":701},{\"@type\":\"BreadcrumbList\",\"@id\":\"https:\/\/portalfadesp.org.br\/?p=2603#breadcrumb\",\"itemListElement\":[{\"@type\":\"ListItem\",\"position\":1,\"name\":\"In\u00edcio\",\"item\":\"https:\/\/portalfadesp.org.br\/\"},{\"@type\":\"ListItem\",\"position\":2,\"name\":\"Laborat\u00f3rio de Monitoramento Ambiental da UFPA tem curso de Pilotagem e Mapeamento A\u00e9reo com Drones.\"}]},{\"@type\":\"WebSite\",\"@id\":\"https:\/\/portalfadesp.org.br\/#website\",\"url\":\"https:\/\/portalfadesp.org.br\/\",\"name\":\"FADESP\",\"description\":\"Funda\u00e7\u00e3o de Amparo e Desenvolvimento da Pesquisa\",\"publisher\":{\"@id\":\"https:\/\/portalfadesp.org.br\/#organization\"},\"potentialAction\":[{\"@type\":\"SearchAction\",\"target\":{\"@type\":\"EntryPoint\",\"urlTemplate\":\"https:\/\/portalfadesp.org.br\/?s={search_term_string}\"},\"query-input\":{\"@type\":\"PropertyValueSpecification\",\"valueRequired\":true,\"valueName\":\"search_term_string\"}}],\"inLanguage\":\"pt-BR\"},{\"@type\":\"Organization\",\"@id\":\"https:\/\/portalfadesp.org.br\/#organization\",\"name\":\"FADESP\",\"url\":\"https:\/\/portalfadesp.org.br\/\",\"logo\":{\"@type\":\"ImageObject\",\"inLanguage\":\"pt-BR\",\"@id\":\"https:\/\/portalfadesp.org.br\/#\/schema\/logo\/image\/\",\"url\":\"https:\/\/portalfadesp.org.br\/wp-content\/uploads\/2024\/01\/NOVOLOGOFADESPlaranjaH.png\",\"contentUrl\":\"https:\/\/portalfadesp.org.br\/wp-content\/uploads\/2024\/01\/NOVOLOGOFADESPlaranjaH.png\",\"width\":2742,\"height\":839,\"caption\":\"FADESP\"},\"image\":{\"@id\":\"https:\/\/portalfadesp.org.br\/#\/schema\/logo\/image\/\"},\"sameAs\":[\"https:\/\/www.facebook.com\/Fadesp-138351949524662\/\",\"https:\/\/x.com\/Fadesp\",\"https:\/\/www.instagram.com\/fadesp_ufpa\/\",\"https:\/\/www.youtube.com\/@fundacaodeamparoedesenvolv1903\",\"https:\/\/www.threads.net\/@fadesp_ufpa\"]},{\"@type\":\"Person\",\"@id\":\"https:\/\/portalfadesp.org.br\/#\/schema\/person\/c1fa9db0c87dc412d1568e0e5e27be9c\",\"name\":\"Lorena Filgueiras\",\"image\":{\"@type\":\"ImageObject\",\"inLanguage\":\"pt-BR\",\"@id\":\"https:\/\/portalfadesp.org.br\/#\/schema\/person\/image\/\",\"url\":\"https:\/\/secure.gravatar.com\/avatar\/37390a2dfe1325c2917fc5f6df471abe8ab753cf23b2d14690f57bd61ab4b7cf?s=96&d=mm&r=g\",\"contentUrl\":\"https:\/\/secure.gravatar.com\/avatar\/37390a2dfe1325c2917fc5f6df471abe8ab753cf23b2d14690f57bd61ab4b7cf?s=96&d=mm&r=g\",\"caption\":\"Lorena Filgueiras\"},\"url\":\"https:\/\/portalfadesp.org.br\/?author=11\"}]}<\/script>\n<!-- \/ Yoast SEO plugin. -->","yoast_head_json":{"title":"Laborat\u00f3rio de Monitoramento Ambiental da UFPA tem curso de Pilotagem e Mapeamento A\u00e9reo com Drones. - FADESP","robots":{"index":"index","follow":"follow","max-snippet":"max-snippet:-1","max-image-preview":"max-image-preview:large","max-video-preview":"max-video-preview:-1"},"canonical":"https:\/\/portalfadesp.org.br\/?p=2603","og_locale":"pt_BR","og_type":"article","og_title":"Laborat\u00f3rio de Monitoramento Ambiental da UFPA tem curso de Pilotagem e Mapeamento A\u00e9reo com Drones. - FADESP","og_description":"O Laborat\u00f3rio de Pesquisa em Monitoramento Ambiental Marinho (LAPMAR) do Instituto de Geoci\u00eancias da Universidade Federal do Par\u00e1 (UFPA) abriu novas vagas para o Curso Te\u00f3rico-Pr\u00e1tico de Pilotagem e Mapeamento A\u00e9reo com Drones. As inscri\u00e7\u00f5es est\u00e3o sendo realizadas na \u00e1re de cursos de qualifica\u00e7\u00e3o, aqui\u00a0do site da FADESP. A forma\u00e7\u00e3o permitir\u00e1 ao aluno identificar as [&hellip;]","og_url":"https:\/\/portalfadesp.org.br\/?p=2603","og_site_name":"FADESP","article_publisher":"https:\/\/www.facebook.com\/Fadesp-138351949524662\/","article_published_time":"2019-07-02T16:53:07+00:00","article_modified_time":"2022-12-21T13:30:15+00:00","og_image":[{"width":901,"height":701,"url":"https:\/\/portalfadesp.org.br\/wp-content\/uploads\/2019\/07\/2019-maio-curso-qualifica\u00e7\u00e3o-drone-jo\u00e3o-rotativo.jpg","type":"image\/jpeg"}],"author":"Lorena Filgueiras","twitter_card":"summary_large_image","twitter_creator":"@Fadesp","twitter_site":"@Fadesp","twitter_misc":{"Escrito por":"Lorena Filgueiras","Est. tempo de leitura":"2 minutos"},"schema":{"@context":"https:\/\/schema.org","@graph":[{"@type":"Article","@id":"https:\/\/portalfadesp.org.br\/?p=2603#article","isPartOf":{"@id":"https:\/\/portalfadesp.org.br\/?p=2603"},"author":{"name":"Lorena Filgueiras","@id":"https:\/\/portalfadesp.org.br\/#\/schema\/person\/c1fa9db0c87dc412d1568e0e5e27be9c"},"headline":"Laborat\u00f3rio de Monitoramento Ambiental da UFPA tem curso de Pilotagem e Mapeamento A\u00e9reo com Drones.","datePublished":"2019-07-02T16:53:07+00:00","dateModified":"2022-12-21T13:30:15+00:00","mainEntityOfPage":{"@id":"https:\/\/portalfadesp.org.br\/?p=2603"},"wordCount":371,"commentCount":0,"publisher":{"@id":"https:\/\/portalfadesp.org.br\/#organization"},"image":{"@id":"https:\/\/portalfadesp.org.br\/?p=2603#primaryimage"},"thumbnailUrl":"https:\/\/portalfadesp.org.br\/wp-content\/uploads\/2019\/07\/2019-maio-curso-qualifica\u00e7\u00e3o-drone-jo\u00e3o-rotativo.jpg","keywords":["meio ambiente","tecnologia","UFPA"],"articleSection":["Geral"],"inLanguage":"pt-BR"},{"@type":"WebPage","@id":"https:\/\/portalfadesp.org.br\/?p=2603","url":"https:\/\/portalfadesp.org.br\/?p=2603","name":"Laborat\u00f3rio de Monitoramento Ambiental da UFPA tem curso de Pilotagem e Mapeamento A\u00e9reo com Drones. - FADESP","isPartOf":{"@id":"https:\/\/portalfadesp.org.br\/#website"},"primaryImageOfPage":{"@id":"https:\/\/portalfadesp.org.br\/?p=2603#primaryimage"},"image":{"@id":"https:\/\/portalfadesp.org.br\/?p=2603#primaryimage"},"thumbnailUrl":"https:\/\/portalfadesp.org.br\/wp-content\/uploads\/2019\/07\/2019-maio-curso-qualifica\u00e7\u00e3o-drone-jo\u00e3o-rotativo.jpg","datePublished":"2019-07-02T16:53:07+00:00","dateModified":"2022-12-21T13:30:15+00:00","breadcrumb":{"@id":"https:\/\/portalfadesp.org.br\/?p=2603#breadcrumb"},"inLanguage":"pt-BR","potentialAction":[{"@type":"ReadAction","target":["https:\/\/portalfadesp.org.br\/?p=2603"]}]},{"@type":"ImageObject","inLanguage":"pt-BR","@id":"https:\/\/portalfadesp.org.br\/?p=2603#primaryimage","url":"https:\/\/portalfadesp.org.br\/wp-content\/uploads\/2019\/07\/2019-maio-curso-qualifica\u00e7\u00e3o-drone-jo\u00e3o-rotativo.jpg","contentUrl":"https:\/\/portalfadesp.org.br\/wp-content\/uploads\/2019\/07\/2019-maio-curso-qualifica\u00e7\u00e3o-drone-jo\u00e3o-rotativo.jpg","width":901,"height":701},{"@type":"BreadcrumbList","@id":"https:\/\/portalfadesp.org.br\/?p=2603#breadcrumb","itemListElement":[{"@type":"ListItem","position":1,"name":"In\u00edcio","item":"https:\/\/portalfadesp.org.br\/"},{"@type":"ListItem","position":2,"name":"Laborat\u00f3rio de Monitoramento Ambiental da UFPA tem curso de Pilotagem e Mapeamento A\u00e9reo com Drones."}]},{"@type":"WebSite","@id":"https:\/\/portalfadesp.org.br\/#website","url":"https:\/\/portalfadesp.org.br\/","name":"FADESP","description":"Funda\u00e7\u00e3o de Amparo e Desenvolvimento da Pesquisa","publisher":{"@id":"https:\/\/portalfadesp.org.br\/#organization"},"potentialAction":[{"@type":"SearchAction","target":{"@type":"EntryPoint","urlTemplate":"https:\/\/portalfadesp.org.br\/?s={search_term_string}"},"query-input":{"@type":"PropertyValueSpecification","valueRequired":true,"valueName":"search_term_string"}}],"inLanguage":"pt-BR"},{"@type":"Organization","@id":"https:\/\/portalfadesp.org.br\/#organization","name":"FADESP","url":"https:\/\/portalfadesp.org.br\/","logo":{"@type":"ImageObject","inLanguage":"pt-BR","@id":"https:\/\/portalfadesp.org.br\/#\/schema\/logo\/image\/","url":"https:\/\/portalfadesp.org.br\/wp-content\/uploads\/2024\/01\/NOVOLOGOFADESPlaranjaH.png","contentUrl":"https:\/\/portalfadesp.org.br\/wp-content\/uploads\/2024\/01\/NOVOLOGOFADESPlaranjaH.png","width":2742,"height":839,"caption":"FADESP"},"image":{"@id":"https:\/\/portalfadesp.org.br\/#\/schema\/logo\/image\/"},"sameAs":["https:\/\/www.facebook.com\/Fadesp-138351949524662\/","https:\/\/x.com\/Fadesp","https:\/\/www.instagram.com\/fadesp_ufpa\/","https:\/\/www.youtube.com\/@fundacaodeamparoedesenvolv1903","https:\/\/www.threads.net\/@fadesp_ufpa"]},{"@type":"Person","@id":"https:\/\/portalfadesp.org.br\/#\/schema\/person\/c1fa9db0c87dc412d1568e0e5e27be9c","name":"Lorena Filgueiras","image":{"@type":"ImageObject","inLanguage":"pt-BR","@id":"https:\/\/portalfadesp.org.br\/#\/schema\/person\/image\/","url":"https:\/\/secure.gravatar.com\/avatar\/37390a2dfe1325c2917fc5f6df471abe8ab753cf23b2d14690f57bd61ab4b7cf?s=96&d=mm&r=g","contentUrl":"https:\/\/secure.gravatar.com\/avatar\/37390a2dfe1325c2917fc5f6df471abe8ab753cf23b2d14690f57bd61ab4b7cf?s=96&d=mm&r=g","caption":"Lorena Filgueiras"},"url":"https:\/\/portalfadesp.org.br\/?author=11"}]}},"_links":{"self":[{"href":"https:\/\/portalfadesp.org.br\/index.php?rest_route=\/wp\/v2\/posts\/2603","targetHints":{"allow":["GET"]}}],"collection":[{"href":"https:\/\/portalfadesp.org.br\/index.php?rest_route=\/wp\/v2\/posts"}],"about":[{"href":"https:\/\/portalfadesp.org.br\/index.php?rest_route=\/wp\/v2\/types\/post"}],"author":[{"embeddable":true,"href":"https:\/\/portalfadesp.org.br\/index.php?rest_route=\/wp\/v2\/users\/11"}],"replies":[{"embeddable":true,"href":"https:\/\/portalfadesp.org.br\/index.php?rest_route=%2Fwp%2Fv2%2Fcomments&post=2603"}],"version-history":[{"count":6,"href":"https:\/\/portalfadesp.org.br\/index.php?rest_route=\/wp\/v2\/posts\/2603\/revisions"}],"predecessor-version":[{"id":37919,"href":"https:\/\/portalfadesp.org.br\/index.php?rest_route=\/wp\/v2\/posts\/2603\/revisions\/37919"}],"wp:featuredmedia":[{"embeddable":true,"href":"https:\/\/portalfadesp.org.br\/index.php?rest_route=\/wp\/v2\/media\/2587"}],"wp:attachment":[{"href":"https:\/\/portalfadesp.org.br\/index.php?rest_route=%2Fwp%2Fv2%2Fmedia&parent=2603"}],"wp:term":[{"taxonomy":"category","embeddable":true,"href":"https:\/\/portalfadesp.org.br\/index.php?rest_route=%2Fwp%2Fv2%2Fcategories&post=2603"},{"taxonomy":"post_tag","embeddable":true,"href":"https:\/\/portalfadesp.org.br\/index.php?rest_route=%2Fwp%2Fv2%2Ftags&post=2603"}],"curies":[{"name":"wp","href":"https:\/\/api.w.org\/{rel}","templated":true}]}}