{"id":2351,"date":"2019-02-27T13:56:02","date_gmt":"2019-02-27T16:56:02","guid":{"rendered":"https:\/\/162.215.13.167?p=2351"},"modified":"2022-12-21T11:48:51","modified_gmt":"2022-12-21T14:48:51","slug":"acesse-o-comprovante-de-rendimento-tributavel-ou-nao-tributavel-para-declaracao-do-imposto-de-renda-2","status":"publish","type":"post","link":"https:\/\/portalfadesp.org.br\/?p=2351","title":{"rendered":"Acesse o comprovante de rendimento tribut\u00e1vel ou n\u00e3o tribut\u00e1vel para declara\u00e7\u00e3o do Imposto de Renda."},"content":{"rendered":"\t\t<div data-elementor-type=\"wp-post\" data-elementor-id=\"2351\" class=\"elementor elementor-2351\" data-elementor-post-type=\"post\">\n\t\t\t\t\t\t<section class=\"elementor-section elementor-top-section elementor-element elementor-element-2dd3c790 elementor-section-boxed elementor-section-height-default elementor-section-height-default\" data-id=\"2dd3c790\" data-element_type=\"section\">\n\t\t\t\t\t\t<div class=\"elementor-container elementor-column-gap-default\">\n\t\t\t\t\t<div class=\"elementor-column elementor-col-100 elementor-top-column elementor-element elementor-element-8015f92\" data-id=\"8015f92\" data-element_type=\"column\">\n\t\t\t<div class=\"elementor-widget-wrap elementor-element-populated\">\n\t\t\t\t\t\t<div class=\"elementor-element elementor-element-18d1fccc elementor-widget elementor-widget-text-editor\" data-id=\"18d1fccc\" data-element_type=\"widget\" data-widget_type=\"text-editor.default\">\n\t\t\t\t<div class=\"elementor-widget-container\">\n\t\t\t\t\t\t\t\t\t<p><span style=\"color: #000000;\"><img decoding=\"async\" class=\"size-full wp-image-781 alignright\" src=\"..\/wp-content\/uploads\/2019\/03\/up_ag_29486_rotativo_ir.jpg\" alt=\"\" width=\"250\" height=\"138\" \/>O comprovante online de Rendimento que ser\u00e1 utilizado na Declara\u00e7\u00e3o do Imposto de Renda ano calend\u00e1rio 2019 IR 2020 pelos contribuintes (pessoa f\u00edsica e jur\u00eddica) que atuam junto \u00e0 FADESP j\u00e1 est\u00e1 dispon\u00edvel. <strong>Pessoas f\u00edsicas que t\u00eam rendimentos tribut\u00e1veis devem\u00a0 \u00a0<span style=\"text-decoration: underline;\"><a style=\"color: #000000; text-decoration: underline;\" href=\"http:\/\/extranet.fadesp.org.br\/irpfj2020.php\" target=\"_blank\" rel=\"noopener noreferrer\">CLICAR AQUI<\/a><\/span> \u00a0 \u00a0<\/strong>e aquelas que <strong>possuem rendimento n\u00e3o tribut\u00e1vel devem\u00a0 \u00a0 <span style=\"text-decoration: underline;\"><a style=\"color: #000000; text-decoration: underline;\" href=\"http:\/\/extranet.fadesp.org.br\/irpfj2020NT.php\" target=\"_blank\" rel=\"noopener noreferrer\">CLICAR AQUI<\/a><\/span> \u00a0 .<\/strong><\/span><\/p><p><span style=\"color: #000000;\">O comprovante para rendimentos tribut\u00e1veis \u00e9 exigido dos colaboradores contratados em regime CLT, pesquisadores que receberam bolsas de extens\u00e3o, empresas e pessoas f\u00edsicas que prestam servi\u00e7os \u00e0 FADESP, desde que tenham recebido rendimentos superiores a R$ 28.559,70 em 2019.<\/span><\/p><p><span style=\"color: #000000;\">Os rendimentos n\u00e3o tribut\u00e1veis s\u00e3o os recebidos atrav\u00e9s de bolsas de ensino e pesquisa, por exemplo. Caso o comprovante n\u00e3o seja visualizado de imediato, \u00e9 necess\u00e1rio instalar o programa Acrobat (Baixar no seu computador). Se persistir o problema, entre em contato com o CRH da Fadesp pelos telefones (91) 4005-7448 \/ 7445 \/ 7449 \/ 7418. Se for necess\u00e1rio comparecer \u00e0 Funda\u00e7\u00e3o, o atendimento presencial ser\u00e1 de segunda \u00e0 sexta-feira, das 15h30 \u00e0s 16h.<\/span><\/p>\t\t\t\t\t\t\t\t<\/div>\n\t\t\t\t<\/div>\n\t\t\t\t\t<\/div>\n\t\t<\/div>\n\t\t\t\t\t<\/div>\n\t\t<\/section>\n\t\t\t\t<\/div>\n\t\t","protected":false},"excerpt":{"rendered":"<p>O comprovante online de Rendimento que ser\u00e1 utilizado na Declara\u00e7\u00e3o do Imposto de Renda ano calend\u00e1rio 2019 IR 2020 pelos contribuintes (pessoa f\u00edsica e jur\u00eddica) que atuam junto \u00e0 FADESP j\u00e1 est\u00e1 dispon\u00edvel. Pessoas f\u00edsicas que t\u00eam rendimentos tribut\u00e1veis devem\u00a0 \u00a0CLICAR AQUI \u00a0 \u00a0e aquelas que possuem rendimento n\u00e3o tribut\u00e1vel devem\u00a0 \u00a0 CLICAR AQUI \u00a0 [&hellip;]<\/p>\n","protected":false},"author":11,"featured_media":781,"comment_status":"open","ping_status":"open","sticky":false,"template":"","format":"standard","meta":{"_monsterinsights_skip_tracking":false,"_monsterinsights_sitenote_active":false,"_monsterinsights_sitenote_note":"","_monsterinsights_sitenote_category":0,"footnotes":""},"categories":[1],"tags":[49],"class_list":["post-2351","post","type-post","status-publish","format-standard","has-post-thumbnail","hentry","category-geral","tag-imposto-de-renda","entry","has-media"],"yoast_head":"<!-- This site is optimized with the Yoast SEO plugin v25.1 - https:\/\/yoast.com\/wordpress\/plugins\/seo\/ -->\n<title>Acesse o comprovante de rendimento tribut\u00e1vel ou n\u00e3o tribut\u00e1vel para declara\u00e7\u00e3o do Imposto de Renda. - FADESP<\/title>\n<meta name=\"robots\" content=\"index, follow, max-snippet:-1, max-image-preview:large, max-video-preview:-1\" \/>\n<link rel=\"canonical\" href=\"https:\/\/portalfadesp.org.br\/?p=2351\" \/>\n<meta property=\"og:locale\" content=\"pt_BR\" \/>\n<meta property=\"og:type\" content=\"article\" \/>\n<meta property=\"og:title\" content=\"Acesse o comprovante de rendimento tribut\u00e1vel ou n\u00e3o tribut\u00e1vel para declara\u00e7\u00e3o do Imposto de Renda. - FADESP\" \/>\n<meta property=\"og:description\" content=\"O comprovante online de Rendimento que ser\u00e1 utilizado na Declara\u00e7\u00e3o do Imposto de Renda ano calend\u00e1rio 2019 IR 2020 pelos contribuintes (pessoa f\u00edsica e jur\u00eddica) que atuam junto \u00e0 FADESP j\u00e1 est\u00e1 dispon\u00edvel. Pessoas f\u00edsicas que t\u00eam rendimentos tribut\u00e1veis devem\u00a0 \u00a0CLICAR AQUI \u00a0 \u00a0e aquelas que possuem rendimento n\u00e3o tribut\u00e1vel devem\u00a0 \u00a0 CLICAR AQUI \u00a0 [&hellip;]\" \/>\n<meta property=\"og:url\" content=\"https:\/\/portalfadesp.org.br\/?p=2351\" \/>\n<meta property=\"og:site_name\" content=\"FADESP\" \/>\n<meta property=\"article:publisher\" content=\"https:\/\/www.facebook.com\/Fadesp-138351949524662\/\" \/>\n<meta property=\"article:published_time\" content=\"2019-02-27T16:56:02+00:00\" \/>\n<meta property=\"article:modified_time\" content=\"2022-12-21T14:48:51+00:00\" \/>\n<meta property=\"og:image\" content=\"https:\/\/portalfadesp.org.br\/wp-content\/uploads\/2019\/03\/up_ag_29486_rotativo_ir.jpg\" \/>\n\t<meta property=\"og:image:width\" content=\"250\" \/>\n\t<meta property=\"og:image:height\" content=\"138\" \/>\n\t<meta property=\"og:image:type\" content=\"image\/jpeg\" \/>\n<meta name=\"author\" content=\"Lorena Filgueiras\" \/>\n<meta name=\"twitter:card\" content=\"summary_large_image\" \/>\n<meta name=\"twitter:creator\" content=\"@Fadesp\" \/>\n<meta name=\"twitter:site\" content=\"@Fadesp\" \/>\n<meta name=\"twitter:label1\" content=\"Escrito por\" \/>\n\t<meta name=\"twitter:data1\" content=\"Lorena Filgueiras\" \/>\n\t<meta name=\"twitter:label2\" content=\"Est. tempo de leitura\" \/>\n\t<meta name=\"twitter:data2\" content=\"1 minuto\" \/>\n<script type=\"application\/ld+json\" class=\"yoast-schema-graph\">{\"@context\":\"https:\/\/schema.org\",\"@graph\":[{\"@type\":\"Article\",\"@id\":\"https:\/\/portalfadesp.org.br\/?p=2351#article\",\"isPartOf\":{\"@id\":\"https:\/\/portalfadesp.org.br\/?p=2351\"},\"author\":{\"name\":\"Lorena Filgueiras\",\"@id\":\"https:\/\/portalfadesp.org.br\/#\/schema\/person\/c1fa9db0c87dc412d1568e0e5e27be9c\"},\"headline\":\"Acesse o comprovante de rendimento tribut\u00e1vel ou n\u00e3o tribut\u00e1vel para declara\u00e7\u00e3o do Imposto de Renda.\",\"datePublished\":\"2019-02-27T16:56:02+00:00\",\"dateModified\":\"2022-12-21T14:48:51+00:00\",\"mainEntityOfPage\":{\"@id\":\"https:\/\/portalfadesp.org.br\/?p=2351\"},\"wordCount\":189,\"commentCount\":0,\"publisher\":{\"@id\":\"https:\/\/portalfadesp.org.br\/#organization\"},\"image\":{\"@id\":\"https:\/\/portalfadesp.org.br\/?p=2351#primaryimage\"},\"thumbnailUrl\":\"https:\/\/portalfadesp.org.br\/wp-content\/uploads\/2019\/03\/up_ag_29486_rotativo_ir.jpg\",\"keywords\":[\"imposto de renda\"],\"articleSection\":[\"Geral\"],\"inLanguage\":\"pt-BR\"},{\"@type\":\"WebPage\",\"@id\":\"https:\/\/portalfadesp.org.br\/?p=2351\",\"url\":\"https:\/\/portalfadesp.org.br\/?p=2351\",\"name\":\"Acesse o comprovante de rendimento tribut\u00e1vel ou n\u00e3o tribut\u00e1vel para declara\u00e7\u00e3o do Imposto de Renda. - FADESP\",\"isPartOf\":{\"@id\":\"https:\/\/portalfadesp.org.br\/#website\"},\"primaryImageOfPage\":{\"@id\":\"https:\/\/portalfadesp.org.br\/?p=2351#primaryimage\"},\"image\":{\"@id\":\"https:\/\/portalfadesp.org.br\/?p=2351#primaryimage\"},\"thumbnailUrl\":\"https:\/\/portalfadesp.org.br\/wp-content\/uploads\/2019\/03\/up_ag_29486_rotativo_ir.jpg\",\"datePublished\":\"2019-02-27T16:56:02+00:00\",\"dateModified\":\"2022-12-21T14:48:51+00:00\",\"breadcrumb\":{\"@id\":\"https:\/\/portalfadesp.org.br\/?p=2351#breadcrumb\"},\"inLanguage\":\"pt-BR\",\"potentialAction\":[{\"@type\":\"ReadAction\",\"target\":[\"https:\/\/portalfadesp.org.br\/?p=2351\"]}]},{\"@type\":\"ImageObject\",\"inLanguage\":\"pt-BR\",\"@id\":\"https:\/\/portalfadesp.org.br\/?p=2351#primaryimage\",\"url\":\"https:\/\/portalfadesp.org.br\/wp-content\/uploads\/2019\/03\/up_ag_29486_rotativo_ir.jpg\",\"contentUrl\":\"https:\/\/portalfadesp.org.br\/wp-content\/uploads\/2019\/03\/up_ag_29486_rotativo_ir.jpg\",\"width\":250,\"height\":138},{\"@type\":\"BreadcrumbList\",\"@id\":\"https:\/\/portalfadesp.org.br\/?p=2351#breadcrumb\",\"itemListElement\":[{\"@type\":\"ListItem\",\"position\":1,\"name\":\"In\u00edcio\",\"item\":\"https:\/\/portalfadesp.org.br\/\"},{\"@type\":\"ListItem\",\"position\":2,\"name\":\"Acesse o comprovante de rendimento tribut\u00e1vel ou n\u00e3o tribut\u00e1vel para declara\u00e7\u00e3o do Imposto de Renda.\"}]},{\"@type\":\"WebSite\",\"@id\":\"https:\/\/portalfadesp.org.br\/#website\",\"url\":\"https:\/\/portalfadesp.org.br\/\",\"name\":\"FADESP\",\"description\":\"Funda\u00e7\u00e3o de Amparo e Desenvolvimento da Pesquisa\",\"publisher\":{\"@id\":\"https:\/\/portalfadesp.org.br\/#organization\"},\"potentialAction\":[{\"@type\":\"SearchAction\",\"target\":{\"@type\":\"EntryPoint\",\"urlTemplate\":\"https:\/\/portalfadesp.org.br\/?s={search_term_string}\"},\"query-input\":{\"@type\":\"PropertyValueSpecification\",\"valueRequired\":true,\"valueName\":\"search_term_string\"}}],\"inLanguage\":\"pt-BR\"},{\"@type\":\"Organization\",\"@id\":\"https:\/\/portalfadesp.org.br\/#organization\",\"name\":\"FADESP\",\"url\":\"https:\/\/portalfadesp.org.br\/\",\"logo\":{\"@type\":\"ImageObject\",\"inLanguage\":\"pt-BR\",\"@id\":\"https:\/\/portalfadesp.org.br\/#\/schema\/logo\/image\/\",\"url\":\"https:\/\/portalfadesp.org.br\/wp-content\/uploads\/2024\/01\/NOVOLOGOFADESPlaranjaH.png\",\"contentUrl\":\"https:\/\/portalfadesp.org.br\/wp-content\/uploads\/2024\/01\/NOVOLOGOFADESPlaranjaH.png\",\"width\":2742,\"height\":839,\"caption\":\"FADESP\"},\"image\":{\"@id\":\"https:\/\/portalfadesp.org.br\/#\/schema\/logo\/image\/\"},\"sameAs\":[\"https:\/\/www.facebook.com\/Fadesp-138351949524662\/\",\"https:\/\/x.com\/Fadesp\",\"https:\/\/www.instagram.com\/fadesp_ufpa\/\",\"https:\/\/www.youtube.com\/@fundacaodeamparoedesenvolv1903\",\"https:\/\/www.threads.net\/@fadesp_ufpa\"]},{\"@type\":\"Person\",\"@id\":\"https:\/\/portalfadesp.org.br\/#\/schema\/person\/c1fa9db0c87dc412d1568e0e5e27be9c\",\"name\":\"Lorena Filgueiras\",\"image\":{\"@type\":\"ImageObject\",\"inLanguage\":\"pt-BR\",\"@id\":\"https:\/\/portalfadesp.org.br\/#\/schema\/person\/image\/\",\"url\":\"https:\/\/secure.gravatar.com\/avatar\/37390a2dfe1325c2917fc5f6df471abe8ab753cf23b2d14690f57bd61ab4b7cf?s=96&d=mm&r=g\",\"contentUrl\":\"https:\/\/secure.gravatar.com\/avatar\/37390a2dfe1325c2917fc5f6df471abe8ab753cf23b2d14690f57bd61ab4b7cf?s=96&d=mm&r=g\",\"caption\":\"Lorena Filgueiras\"},\"url\":\"https:\/\/portalfadesp.org.br\/?author=11\"}]}<\/script>\n<!-- \/ Yoast SEO plugin. -->","yoast_head_json":{"title":"Acesse o comprovante de rendimento tribut\u00e1vel ou n\u00e3o tribut\u00e1vel para declara\u00e7\u00e3o do Imposto de Renda. - FADESP","robots":{"index":"index","follow":"follow","max-snippet":"max-snippet:-1","max-image-preview":"max-image-preview:large","max-video-preview":"max-video-preview:-1"},"canonical":"https:\/\/portalfadesp.org.br\/?p=2351","og_locale":"pt_BR","og_type":"article","og_title":"Acesse o comprovante de rendimento tribut\u00e1vel ou n\u00e3o tribut\u00e1vel para declara\u00e7\u00e3o do Imposto de Renda. - FADESP","og_description":"O comprovante online de Rendimento que ser\u00e1 utilizado na Declara\u00e7\u00e3o do Imposto de Renda ano calend\u00e1rio 2019 IR 2020 pelos contribuintes (pessoa f\u00edsica e jur\u00eddica) que atuam junto \u00e0 FADESP j\u00e1 est\u00e1 dispon\u00edvel. Pessoas f\u00edsicas que t\u00eam rendimentos tribut\u00e1veis devem\u00a0 \u00a0CLICAR AQUI \u00a0 \u00a0e aquelas que possuem rendimento n\u00e3o tribut\u00e1vel devem\u00a0 \u00a0 CLICAR AQUI \u00a0 [&hellip;]","og_url":"https:\/\/portalfadesp.org.br\/?p=2351","og_site_name":"FADESP","article_publisher":"https:\/\/www.facebook.com\/Fadesp-138351949524662\/","article_published_time":"2019-02-27T16:56:02+00:00","article_modified_time":"2022-12-21T14:48:51+00:00","og_image":[{"width":250,"height":138,"url":"https:\/\/portalfadesp.org.br\/wp-content\/uploads\/2019\/03\/up_ag_29486_rotativo_ir.jpg","type":"image\/jpeg"}],"author":"Lorena Filgueiras","twitter_card":"summary_large_image","twitter_creator":"@Fadesp","twitter_site":"@Fadesp","twitter_misc":{"Escrito por":"Lorena Filgueiras","Est. tempo de leitura":"1 minuto"},"schema":{"@context":"https:\/\/schema.org","@graph":[{"@type":"Article","@id":"https:\/\/portalfadesp.org.br\/?p=2351#article","isPartOf":{"@id":"https:\/\/portalfadesp.org.br\/?p=2351"},"author":{"name":"Lorena Filgueiras","@id":"https:\/\/portalfadesp.org.br\/#\/schema\/person\/c1fa9db0c87dc412d1568e0e5e27be9c"},"headline":"Acesse o comprovante de rendimento tribut\u00e1vel ou n\u00e3o tribut\u00e1vel para declara\u00e7\u00e3o do Imposto de Renda.","datePublished":"2019-02-27T16:56:02+00:00","dateModified":"2022-12-21T14:48:51+00:00","mainEntityOfPage":{"@id":"https:\/\/portalfadesp.org.br\/?p=2351"},"wordCount":189,"commentCount":0,"publisher":{"@id":"https:\/\/portalfadesp.org.br\/#organization"},"image":{"@id":"https:\/\/portalfadesp.org.br\/?p=2351#primaryimage"},"thumbnailUrl":"https:\/\/portalfadesp.org.br\/wp-content\/uploads\/2019\/03\/up_ag_29486_rotativo_ir.jpg","keywords":["imposto de renda"],"articleSection":["Geral"],"inLanguage":"pt-BR"},{"@type":"WebPage","@id":"https:\/\/portalfadesp.org.br\/?p=2351","url":"https:\/\/portalfadesp.org.br\/?p=2351","name":"Acesse o comprovante de rendimento tribut\u00e1vel ou n\u00e3o tribut\u00e1vel para declara\u00e7\u00e3o do Imposto de Renda. - FADESP","isPartOf":{"@id":"https:\/\/portalfadesp.org.br\/#website"},"primaryImageOfPage":{"@id":"https:\/\/portalfadesp.org.br\/?p=2351#primaryimage"},"image":{"@id":"https:\/\/portalfadesp.org.br\/?p=2351#primaryimage"},"thumbnailUrl":"https:\/\/portalfadesp.org.br\/wp-content\/uploads\/2019\/03\/up_ag_29486_rotativo_ir.jpg","datePublished":"2019-02-27T16:56:02+00:00","dateModified":"2022-12-21T14:48:51+00:00","breadcrumb":{"@id":"https:\/\/portalfadesp.org.br\/?p=2351#breadcrumb"},"inLanguage":"pt-BR","potentialAction":[{"@type":"ReadAction","target":["https:\/\/portalfadesp.org.br\/?p=2351"]}]},{"@type":"ImageObject","inLanguage":"pt-BR","@id":"https:\/\/portalfadesp.org.br\/?p=2351#primaryimage","url":"https:\/\/portalfadesp.org.br\/wp-content\/uploads\/2019\/03\/up_ag_29486_rotativo_ir.jpg","contentUrl":"https:\/\/portalfadesp.org.br\/wp-content\/uploads\/2019\/03\/up_ag_29486_rotativo_ir.jpg","width":250,"height":138},{"@type":"BreadcrumbList","@id":"https:\/\/portalfadesp.org.br\/?p=2351#breadcrumb","itemListElement":[{"@type":"ListItem","position":1,"name":"In\u00edcio","item":"https:\/\/portalfadesp.org.br\/"},{"@type":"ListItem","position":2,"name":"Acesse o comprovante de rendimento tribut\u00e1vel ou n\u00e3o tribut\u00e1vel para declara\u00e7\u00e3o do Imposto de Renda."}]},{"@type":"WebSite","@id":"https:\/\/portalfadesp.org.br\/#website","url":"https:\/\/portalfadesp.org.br\/","name":"FADESP","description":"Funda\u00e7\u00e3o de Amparo e Desenvolvimento da Pesquisa","publisher":{"@id":"https:\/\/portalfadesp.org.br\/#organization"},"potentialAction":[{"@type":"SearchAction","target":{"@type":"EntryPoint","urlTemplate":"https:\/\/portalfadesp.org.br\/?s={search_term_string}"},"query-input":{"@type":"PropertyValueSpecification","valueRequired":true,"valueName":"search_term_string"}}],"inLanguage":"pt-BR"},{"@type":"Organization","@id":"https:\/\/portalfadesp.org.br\/#organization","name":"FADESP","url":"https:\/\/portalfadesp.org.br\/","logo":{"@type":"ImageObject","inLanguage":"pt-BR","@id":"https:\/\/portalfadesp.org.br\/#\/schema\/logo\/image\/","url":"https:\/\/portalfadesp.org.br\/wp-content\/uploads\/2024\/01\/NOVOLOGOFADESPlaranjaH.png","contentUrl":"https:\/\/portalfadesp.org.br\/wp-content\/uploads\/2024\/01\/NOVOLOGOFADESPlaranjaH.png","width":2742,"height":839,"caption":"FADESP"},"image":{"@id":"https:\/\/portalfadesp.org.br\/#\/schema\/logo\/image\/"},"sameAs":["https:\/\/www.facebook.com\/Fadesp-138351949524662\/","https:\/\/x.com\/Fadesp","https:\/\/www.instagram.com\/fadesp_ufpa\/","https:\/\/www.youtube.com\/@fundacaodeamparoedesenvolv1903","https:\/\/www.threads.net\/@fadesp_ufpa"]},{"@type":"Person","@id":"https:\/\/portalfadesp.org.br\/#\/schema\/person\/c1fa9db0c87dc412d1568e0e5e27be9c","name":"Lorena Filgueiras","image":{"@type":"ImageObject","inLanguage":"pt-BR","@id":"https:\/\/portalfadesp.org.br\/#\/schema\/person\/image\/","url":"https:\/\/secure.gravatar.com\/avatar\/37390a2dfe1325c2917fc5f6df471abe8ab753cf23b2d14690f57bd61ab4b7cf?s=96&d=mm&r=g","contentUrl":"https:\/\/secure.gravatar.com\/avatar\/37390a2dfe1325c2917fc5f6df471abe8ab753cf23b2d14690f57bd61ab4b7cf?s=96&d=mm&r=g","caption":"Lorena Filgueiras"},"url":"https:\/\/portalfadesp.org.br\/?author=11"}]}},"_links":{"self":[{"href":"https:\/\/portalfadesp.org.br\/index.php?rest_route=\/wp\/v2\/posts\/2351","targetHints":{"allow":["GET"]}}],"collection":[{"href":"https:\/\/portalfadesp.org.br\/index.php?rest_route=\/wp\/v2\/posts"}],"about":[{"href":"https:\/\/portalfadesp.org.br\/index.php?rest_route=\/wp\/v2\/types\/post"}],"author":[{"embeddable":true,"href":"https:\/\/portalfadesp.org.br\/index.php?rest_route=\/wp\/v2\/users\/11"}],"replies":[{"embeddable":true,"href":"https:\/\/portalfadesp.org.br\/index.php?rest_route=%2Fwp%2Fv2%2Fcomments&post=2351"}],"version-history":[{"count":11,"href":"https:\/\/portalfadesp.org.br\/index.php?rest_route=\/wp\/v2\/posts\/2351\/revisions"}],"predecessor-version":[{"id":38120,"href":"https:\/\/portalfadesp.org.br\/index.php?rest_route=\/wp\/v2\/posts\/2351\/revisions\/38120"}],"wp:featuredmedia":[{"embeddable":true,"href":"https:\/\/portalfadesp.org.br\/index.php?rest_route=\/wp\/v2\/media\/781"}],"wp:attachment":[{"href":"https:\/\/portalfadesp.org.br\/index.php?rest_route=%2Fwp%2Fv2%2Fmedia&parent=2351"}],"wp:term":[{"taxonomy":"category","embeddable":true,"href":"https:\/\/portalfadesp.org.br\/index.php?rest_route=%2Fwp%2Fv2%2Fcategories&post=2351"},{"taxonomy":"post_tag","embeddable":true,"href":"https:\/\/portalfadesp.org.br\/index.php?rest_route=%2Fwp%2Fv2%2Ftags&post=2351"}],"curies":[{"name":"wp","href":"https:\/\/api.w.org\/{rel}","templated":true}]}}