{"id":2278,"date":"2018-06-27T07:11:18","date_gmt":"2018-06-27T10:11:18","guid":{"rendered":"https:\/\/162.215.13.167?p=2278"},"modified":"2022-12-21T11:54:32","modified_gmt":"2022-12-21T14:54:32","slug":"mapeamento-de-competencias-ministerio-da-agricultura-pecuaria-e-abastecimento-mapa","status":"publish","type":"post","link":"https:\/\/portalfadesp.org.br\/?p=2278","title":{"rendered":"Mapeamento de Compet\u00eancias &#8211; Minist\u00e9rio da Agricultura, Pecu\u00e1ria e Abastecimento &#8211; MAPA"},"content":{"rendered":"\t\t<div data-elementor-type=\"wp-post\" data-elementor-id=\"2278\" class=\"elementor elementor-2278\" data-elementor-post-type=\"post\">\n\t\t\t\t\t\t<section class=\"elementor-section elementor-top-section elementor-element elementor-element-61c43f0e elementor-section-boxed elementor-section-height-default elementor-section-height-default\" data-id=\"61c43f0e\" data-element_type=\"section\">\n\t\t\t\t\t\t<div class=\"elementor-container elementor-column-gap-default\">\n\t\t\t\t\t<div class=\"elementor-column elementor-col-100 elementor-top-column elementor-element elementor-element-53f98b1f\" data-id=\"53f98b1f\" data-element_type=\"column\">\n\t\t\t<div class=\"elementor-widget-wrap elementor-element-populated\">\n\t\t\t\t\t\t<div class=\"elementor-element elementor-element-ffe62b8 elementor-widget elementor-widget-heading\" data-id=\"ffe62b8\" data-element_type=\"widget\" data-widget_type=\"heading.default\">\n\t\t\t\t<div class=\"elementor-widget-container\">\n\t\t\t\t\t<h1 class=\"elementor-heading-title elementor-size-default\">Mapeamento de Compet\u00eancias - Minist\u00e9rio da Agricultura, Pecu\u00e1ria e Abastecimento - MAPA<\/h1>\t\t\t\t<\/div>\n\t\t\t\t<\/div>\n\t\t\t\t<div class=\"elementor-element elementor-element-915d19b elementor-widget elementor-widget-text-editor\" data-id=\"915d19b\" data-element_type=\"widget\" data-widget_type=\"text-editor.default\">\n\t\t\t\t<div class=\"elementor-widget-container\">\n\t\t\t\t\t\t\t\t\t<h3><span style=\"color: #000000;\"><strong>Projeto<\/strong><\/span><\/h3><p><span style=\"color: #000000;\">O projeto se prop\u00f5e a mapear as compet\u00eancias existentes e as almejadas pelo Minist\u00e9rio da Agricultura, Pecu\u00e1ria e Abastecimento (MAPA). O m\u00e9todo identifica as lacunas de compet\u00eancias da institui\u00e7\u00e3o, para, a partir destas informa\u00e7\u00f5es, elaborar o plano de anual de capacita\u00e7\u00e3o.<\/span><\/p><p><span style=\"color: #000000;\">Com o plano anual de capacita\u00e7\u00e3o o \u00f3rg\u00e3o poder\u00e1 estabelecer quem precisa de capacita\u00e7\u00e3o e em que \u00e1rea. Tornando, desta forma, o processo de capacita\u00e7\u00e3o transparente ao definir as necessidades de desenvolvimento de cada servidor.<\/span><\/p><p><span style=\"color: #000000;\"><strong>\u00c1rea do Conhecimento: <\/strong>Ci\u00eancias Sociais Aplicadas e Humanas<\/span><\/p><p><span style=\"color: #000000;\"><strong>Esp\u00e9cie: <\/strong>Pesquisa<\/span><\/p><p><span style=\"color: #000000;\"><strong>Execu\u00e7\u00e3o: <\/strong>Instituto de Filosofia e Ci\u00eancias Humanas \u2013 IFCH\/UFPA<\/span><\/p><p><span style=\"color: #000000;\"><strong>In\u00edcio: <\/strong>14\/12\/2015<\/span><\/p><p><span style=\"color: #000000;\"><strong>T\u00e9rmino: <\/strong>23\/11\/2016<\/span><\/p><p><span style=\"color: #000000;\"><strong>Coordena\u00e7\u00e3o: <\/strong>Thiago Dias Costa &#8211; UFPA<\/span><\/p><p><span style=\"color: #000000;\"><strong>Financiador: <\/strong>Minist\u00e9rio da Agricultura, Pecu\u00e1ria e Abastecimento DFA \/ PA<\/span><\/p><p><span style=\"color: #000000;\"><strong>Valor do projeto: <\/strong>R$ 0,00<\/span><\/p>\t\t\t\t\t\t\t\t<\/div>\n\t\t\t\t<\/div>\n\t\t\t\t\t<\/div>\n\t\t<\/div>\n\t\t\t\t\t<\/div>\n\t\t<\/section>\n\t\t\t\t<\/div>\n\t\t","protected":false},"excerpt":{"rendered":"<p>Mapeamento de Compet\u00eancias &#8211; Minist\u00e9rio da Agricultura, Pecu\u00e1ria e Abastecimento &#8211; MAPA Projeto O projeto se prop\u00f5e a mapear as compet\u00eancias existentes e as almejadas pelo Minist\u00e9rio da Agricultura, Pecu\u00e1ria e Abastecimento (MAPA). O m\u00e9todo identifica as lacunas de compet\u00eancias da institui\u00e7\u00e3o, para, a partir destas informa\u00e7\u00f5es, elaborar o plano de anual de capacita\u00e7\u00e3o. Com [&hellip;]<\/p>\n","protected":false},"author":9,"featured_media":0,"comment_status":"open","ping_status":"open","sticky":false,"template":"","format":"standard","meta":{"_monsterinsights_skip_tracking":false,"_monsterinsights_sitenote_active":false,"_monsterinsights_sitenote_note":"","_monsterinsights_sitenote_category":0,"footnotes":""},"categories":[1],"tags":[],"class_list":["post-2278","post","type-post","status-publish","format-standard","hentry","category-geral","entry"],"yoast_head":"<!-- This site is optimized with the Yoast SEO plugin v25.1 - https:\/\/yoast.com\/wordpress\/plugins\/seo\/ -->\n<title>Mapeamento de Compet\u00eancias - Minist\u00e9rio da Agricultura, Pecu\u00e1ria e Abastecimento - MAPA - FADESP<\/title>\n<meta name=\"robots\" content=\"index, follow, max-snippet:-1, max-image-preview:large, max-video-preview:-1\" \/>\n<link rel=\"canonical\" href=\"https:\/\/portalfadesp.org.br\/?p=2278\" \/>\n<meta property=\"og:locale\" content=\"pt_BR\" \/>\n<meta property=\"og:type\" content=\"article\" \/>\n<meta property=\"og:title\" content=\"Mapeamento de Compet\u00eancias - Minist\u00e9rio da Agricultura, Pecu\u00e1ria e Abastecimento - MAPA - FADESP\" \/>\n<meta property=\"og:description\" content=\"Mapeamento de Compet\u00eancias &#8211; Minist\u00e9rio da Agricultura, Pecu\u00e1ria e Abastecimento &#8211; MAPA Projeto O projeto se prop\u00f5e a mapear as compet\u00eancias existentes e as almejadas pelo Minist\u00e9rio da Agricultura, Pecu\u00e1ria e Abastecimento (MAPA). O m\u00e9todo identifica as lacunas de compet\u00eancias da institui\u00e7\u00e3o, para, a partir destas informa\u00e7\u00f5es, elaborar o plano de anual de capacita\u00e7\u00e3o. Com [&hellip;]\" \/>\n<meta property=\"og:url\" content=\"https:\/\/portalfadesp.org.br\/?p=2278\" \/>\n<meta property=\"og:site_name\" content=\"FADESP\" \/>\n<meta property=\"article:publisher\" content=\"https:\/\/www.facebook.com\/Fadesp-138351949524662\/\" \/>\n<meta property=\"article:published_time\" content=\"2018-06-27T10:11:18+00:00\" \/>\n<meta property=\"article:modified_time\" content=\"2022-12-21T14:54:32+00:00\" \/>\n<meta name=\"author\" content=\"Raphael Pena\" \/>\n<meta name=\"twitter:card\" content=\"summary_large_image\" \/>\n<meta name=\"twitter:creator\" content=\"@Fadesp\" \/>\n<meta name=\"twitter:site\" content=\"@Fadesp\" \/>\n<meta name=\"twitter:label1\" content=\"Escrito por\" \/>\n\t<meta name=\"twitter:data1\" content=\"Raphael Pena\" \/>\n\t<meta name=\"twitter:label2\" content=\"Est. tempo de leitura\" \/>\n\t<meta name=\"twitter:data2\" content=\"1 minuto\" \/>\n<script type=\"application\/ld+json\" class=\"yoast-schema-graph\">{\"@context\":\"https:\/\/schema.org\",\"@graph\":[{\"@type\":\"Article\",\"@id\":\"https:\/\/portalfadesp.org.br\/?p=2278#article\",\"isPartOf\":{\"@id\":\"https:\/\/portalfadesp.org.br\/?p=2278\"},\"author\":{\"name\":\"Raphael Pena\",\"@id\":\"https:\/\/portalfadesp.org.br\/#\/schema\/person\/dc2908bf250f3ccb8be775027b13735e\"},\"headline\":\"Mapeamento de Compet\u00eancias &#8211; Minist\u00e9rio da Agricultura, Pecu\u00e1ria e Abastecimento &#8211; MAPA\",\"datePublished\":\"2018-06-27T10:11:18+00:00\",\"dateModified\":\"2022-12-21T14:54:32+00:00\",\"mainEntityOfPage\":{\"@id\":\"https:\/\/portalfadesp.org.br\/?p=2278\"},\"wordCount\":169,\"commentCount\":0,\"publisher\":{\"@id\":\"https:\/\/portalfadesp.org.br\/#organization\"},\"articleSection\":[\"Geral\"],\"inLanguage\":\"pt-BR\"},{\"@type\":\"WebPage\",\"@id\":\"https:\/\/portalfadesp.org.br\/?p=2278\",\"url\":\"https:\/\/portalfadesp.org.br\/?p=2278\",\"name\":\"Mapeamento de Compet\u00eancias - Minist\u00e9rio da Agricultura, Pecu\u00e1ria e Abastecimento - MAPA - FADESP\",\"isPartOf\":{\"@id\":\"https:\/\/portalfadesp.org.br\/#website\"},\"datePublished\":\"2018-06-27T10:11:18+00:00\",\"dateModified\":\"2022-12-21T14:54:32+00:00\",\"breadcrumb\":{\"@id\":\"https:\/\/portalfadesp.org.br\/?p=2278#breadcrumb\"},\"inLanguage\":\"pt-BR\",\"potentialAction\":[{\"@type\":\"ReadAction\",\"target\":[\"https:\/\/portalfadesp.org.br\/?p=2278\"]}]},{\"@type\":\"BreadcrumbList\",\"@id\":\"https:\/\/portalfadesp.org.br\/?p=2278#breadcrumb\",\"itemListElement\":[{\"@type\":\"ListItem\",\"position\":1,\"name\":\"In\u00edcio\",\"item\":\"https:\/\/portalfadesp.org.br\/\"},{\"@type\":\"ListItem\",\"position\":2,\"name\":\"Mapeamento de Compet\u00eancias &#8211; Minist\u00e9rio da Agricultura, Pecu\u00e1ria e Abastecimento &#8211; MAPA\"}]},{\"@type\":\"WebSite\",\"@id\":\"https:\/\/portalfadesp.org.br\/#website\",\"url\":\"https:\/\/portalfadesp.org.br\/\",\"name\":\"FADESP\",\"description\":\"Funda\u00e7\u00e3o de Amparo e Desenvolvimento da Pesquisa\",\"publisher\":{\"@id\":\"https:\/\/portalfadesp.org.br\/#organization\"},\"potentialAction\":[{\"@type\":\"SearchAction\",\"target\":{\"@type\":\"EntryPoint\",\"urlTemplate\":\"https:\/\/portalfadesp.org.br\/?s={search_term_string}\"},\"query-input\":{\"@type\":\"PropertyValueSpecification\",\"valueRequired\":true,\"valueName\":\"search_term_string\"}}],\"inLanguage\":\"pt-BR\"},{\"@type\":\"Organization\",\"@id\":\"https:\/\/portalfadesp.org.br\/#organization\",\"name\":\"FADESP\",\"url\":\"https:\/\/portalfadesp.org.br\/\",\"logo\":{\"@type\":\"ImageObject\",\"inLanguage\":\"pt-BR\",\"@id\":\"https:\/\/portalfadesp.org.br\/#\/schema\/logo\/image\/\",\"url\":\"https:\/\/portalfadesp.org.br\/wp-content\/uploads\/2024\/01\/NOVOLOGOFADESPlaranjaH.png\",\"contentUrl\":\"https:\/\/portalfadesp.org.br\/wp-content\/uploads\/2024\/01\/NOVOLOGOFADESPlaranjaH.png\",\"width\":2742,\"height\":839,\"caption\":\"FADESP\"},\"image\":{\"@id\":\"https:\/\/portalfadesp.org.br\/#\/schema\/logo\/image\/\"},\"sameAs\":[\"https:\/\/www.facebook.com\/Fadesp-138351949524662\/\",\"https:\/\/x.com\/Fadesp\",\"https:\/\/www.instagram.com\/fadesp_ufpa\/\",\"https:\/\/www.youtube.com\/@fundacaodeamparoedesenvolv1903\",\"https:\/\/www.threads.net\/@fadesp_ufpa\"]},{\"@type\":\"Person\",\"@id\":\"https:\/\/portalfadesp.org.br\/#\/schema\/person\/dc2908bf250f3ccb8be775027b13735e\",\"name\":\"Raphael Pena\",\"image\":{\"@type\":\"ImageObject\",\"inLanguage\":\"pt-BR\",\"@id\":\"https:\/\/portalfadesp.org.br\/#\/schema\/person\/image\/\",\"url\":\"https:\/\/secure.gravatar.com\/avatar\/f6ed33c466a335cea1eeb716e9d8177b1ca19149f5fdbee566ad4873403cee8a?s=96&d=mm&r=g\",\"contentUrl\":\"https:\/\/secure.gravatar.com\/avatar\/f6ed33c466a335cea1eeb716e9d8177b1ca19149f5fdbee566ad4873403cee8a?s=96&d=mm&r=g\",\"caption\":\"Raphael Pena\"},\"url\":\"https:\/\/portalfadesp.org.br\/?author=9\"}]}<\/script>\n<!-- \/ Yoast SEO plugin. -->","yoast_head_json":{"title":"Mapeamento de Compet\u00eancias - Minist\u00e9rio da Agricultura, Pecu\u00e1ria e Abastecimento - MAPA - FADESP","robots":{"index":"index","follow":"follow","max-snippet":"max-snippet:-1","max-image-preview":"max-image-preview:large","max-video-preview":"max-video-preview:-1"},"canonical":"https:\/\/portalfadesp.org.br\/?p=2278","og_locale":"pt_BR","og_type":"article","og_title":"Mapeamento de Compet\u00eancias - Minist\u00e9rio da Agricultura, Pecu\u00e1ria e Abastecimento - MAPA - FADESP","og_description":"Mapeamento de Compet\u00eancias &#8211; Minist\u00e9rio da Agricultura, Pecu\u00e1ria e Abastecimento &#8211; MAPA Projeto O projeto se prop\u00f5e a mapear as compet\u00eancias existentes e as almejadas pelo Minist\u00e9rio da Agricultura, Pecu\u00e1ria e Abastecimento (MAPA). O m\u00e9todo identifica as lacunas de compet\u00eancias da institui\u00e7\u00e3o, para, a partir destas informa\u00e7\u00f5es, elaborar o plano de anual de capacita\u00e7\u00e3o. Com [&hellip;]","og_url":"https:\/\/portalfadesp.org.br\/?p=2278","og_site_name":"FADESP","article_publisher":"https:\/\/www.facebook.com\/Fadesp-138351949524662\/","article_published_time":"2018-06-27T10:11:18+00:00","article_modified_time":"2022-12-21T14:54:32+00:00","author":"Raphael Pena","twitter_card":"summary_large_image","twitter_creator":"@Fadesp","twitter_site":"@Fadesp","twitter_misc":{"Escrito por":"Raphael Pena","Est. tempo de leitura":"1 minuto"},"schema":{"@context":"https:\/\/schema.org","@graph":[{"@type":"Article","@id":"https:\/\/portalfadesp.org.br\/?p=2278#article","isPartOf":{"@id":"https:\/\/portalfadesp.org.br\/?p=2278"},"author":{"name":"Raphael Pena","@id":"https:\/\/portalfadesp.org.br\/#\/schema\/person\/dc2908bf250f3ccb8be775027b13735e"},"headline":"Mapeamento de Compet\u00eancias &#8211; Minist\u00e9rio da Agricultura, Pecu\u00e1ria e Abastecimento &#8211; MAPA","datePublished":"2018-06-27T10:11:18+00:00","dateModified":"2022-12-21T14:54:32+00:00","mainEntityOfPage":{"@id":"https:\/\/portalfadesp.org.br\/?p=2278"},"wordCount":169,"commentCount":0,"publisher":{"@id":"https:\/\/portalfadesp.org.br\/#organization"},"articleSection":["Geral"],"inLanguage":"pt-BR"},{"@type":"WebPage","@id":"https:\/\/portalfadesp.org.br\/?p=2278","url":"https:\/\/portalfadesp.org.br\/?p=2278","name":"Mapeamento de Compet\u00eancias - Minist\u00e9rio da Agricultura, Pecu\u00e1ria e Abastecimento - MAPA - FADESP","isPartOf":{"@id":"https:\/\/portalfadesp.org.br\/#website"},"datePublished":"2018-06-27T10:11:18+00:00","dateModified":"2022-12-21T14:54:32+00:00","breadcrumb":{"@id":"https:\/\/portalfadesp.org.br\/?p=2278#breadcrumb"},"inLanguage":"pt-BR","potentialAction":[{"@type":"ReadAction","target":["https:\/\/portalfadesp.org.br\/?p=2278"]}]},{"@type":"BreadcrumbList","@id":"https:\/\/portalfadesp.org.br\/?p=2278#breadcrumb","itemListElement":[{"@type":"ListItem","position":1,"name":"In\u00edcio","item":"https:\/\/portalfadesp.org.br\/"},{"@type":"ListItem","position":2,"name":"Mapeamento de Compet\u00eancias &#8211; Minist\u00e9rio da Agricultura, Pecu\u00e1ria e Abastecimento &#8211; MAPA"}]},{"@type":"WebSite","@id":"https:\/\/portalfadesp.org.br\/#website","url":"https:\/\/portalfadesp.org.br\/","name":"FADESP","description":"Funda\u00e7\u00e3o de Amparo e Desenvolvimento da Pesquisa","publisher":{"@id":"https:\/\/portalfadesp.org.br\/#organization"},"potentialAction":[{"@type":"SearchAction","target":{"@type":"EntryPoint","urlTemplate":"https:\/\/portalfadesp.org.br\/?s={search_term_string}"},"query-input":{"@type":"PropertyValueSpecification","valueRequired":true,"valueName":"search_term_string"}}],"inLanguage":"pt-BR"},{"@type":"Organization","@id":"https:\/\/portalfadesp.org.br\/#organization","name":"FADESP","url":"https:\/\/portalfadesp.org.br\/","logo":{"@type":"ImageObject","inLanguage":"pt-BR","@id":"https:\/\/portalfadesp.org.br\/#\/schema\/logo\/image\/","url":"https:\/\/portalfadesp.org.br\/wp-content\/uploads\/2024\/01\/NOVOLOGOFADESPlaranjaH.png","contentUrl":"https:\/\/portalfadesp.org.br\/wp-content\/uploads\/2024\/01\/NOVOLOGOFADESPlaranjaH.png","width":2742,"height":839,"caption":"FADESP"},"image":{"@id":"https:\/\/portalfadesp.org.br\/#\/schema\/logo\/image\/"},"sameAs":["https:\/\/www.facebook.com\/Fadesp-138351949524662\/","https:\/\/x.com\/Fadesp","https:\/\/www.instagram.com\/fadesp_ufpa\/","https:\/\/www.youtube.com\/@fundacaodeamparoedesenvolv1903","https:\/\/www.threads.net\/@fadesp_ufpa"]},{"@type":"Person","@id":"https:\/\/portalfadesp.org.br\/#\/schema\/person\/dc2908bf250f3ccb8be775027b13735e","name":"Raphael Pena","image":{"@type":"ImageObject","inLanguage":"pt-BR","@id":"https:\/\/portalfadesp.org.br\/#\/schema\/person\/image\/","url":"https:\/\/secure.gravatar.com\/avatar\/f6ed33c466a335cea1eeb716e9d8177b1ca19149f5fdbee566ad4873403cee8a?s=96&d=mm&r=g","contentUrl":"https:\/\/secure.gravatar.com\/avatar\/f6ed33c466a335cea1eeb716e9d8177b1ca19149f5fdbee566ad4873403cee8a?s=96&d=mm&r=g","caption":"Raphael Pena"},"url":"https:\/\/portalfadesp.org.br\/?author=9"}]}},"_links":{"self":[{"href":"https:\/\/portalfadesp.org.br\/index.php?rest_route=\/wp\/v2\/posts\/2278","targetHints":{"allow":["GET"]}}],"collection":[{"href":"https:\/\/portalfadesp.org.br\/index.php?rest_route=\/wp\/v2\/posts"}],"about":[{"href":"https:\/\/portalfadesp.org.br\/index.php?rest_route=\/wp\/v2\/types\/post"}],"author":[{"embeddable":true,"href":"https:\/\/portalfadesp.org.br\/index.php?rest_route=\/wp\/v2\/users\/9"}],"replies":[{"embeddable":true,"href":"https:\/\/portalfadesp.org.br\/index.php?rest_route=%2Fwp%2Fv2%2Fcomments&post=2278"}],"version-history":[{"count":11,"href":"https:\/\/portalfadesp.org.br\/index.php?rest_route=\/wp\/v2\/posts\/2278\/revisions"}],"predecessor-version":[{"id":38183,"href":"https:\/\/portalfadesp.org.br\/index.php?rest_route=\/wp\/v2\/posts\/2278\/revisions\/38183"}],"wp:attachment":[{"href":"https:\/\/portalfadesp.org.br\/index.php?rest_route=%2Fwp%2Fv2%2Fmedia&parent=2278"}],"wp:term":[{"taxonomy":"category","embeddable":true,"href":"https:\/\/portalfadesp.org.br\/index.php?rest_route=%2Fwp%2Fv2%2Fcategories&post=2278"},{"taxonomy":"post_tag","embeddable":true,"href":"https:\/\/portalfadesp.org.br\/index.php?rest_route=%2Fwp%2Fv2%2Ftags&post=2278"}],"curies":[{"name":"wp","href":"https:\/\/api.w.org\/{rel}","templated":true}]}}