{"id":2272,"date":"2018-06-27T07:11:10","date_gmt":"2018-06-27T10:11:10","guid":{"rendered":"https:\/\/162.215.13.167?p=2272"},"modified":"2022-12-21T11:54:15","modified_gmt":"2022-12-21T14:54:15","slug":"curso-de-especializacao-em-gestao-ambiental-belem-2016-profima","status":"publish","type":"post","link":"https:\/\/portalfadesp.org.br\/?p=2272","title":{"rendered":"Curso de Especializa\u00e7\u00e3o em Gest\u00e3o Ambiental &#8211; Bel\u00e9m 2016 &#8211; PROFIMA"},"content":{"rendered":"\t\t<div data-elementor-type=\"wp-post\" data-elementor-id=\"2272\" class=\"elementor elementor-2272\" data-elementor-post-type=\"post\">\n\t\t\t\t\t\t<section class=\"elementor-section elementor-top-section elementor-element elementor-element-48e82130 elementor-section-boxed elementor-section-height-default elementor-section-height-default\" data-id=\"48e82130\" data-element_type=\"section\">\n\t\t\t\t\t\t<div class=\"elementor-container elementor-column-gap-default\">\n\t\t\t\t\t<div class=\"elementor-column elementor-col-100 elementor-top-column elementor-element elementor-element-3d3b8eb1\" data-id=\"3d3b8eb1\" data-element_type=\"column\">\n\t\t\t<div class=\"elementor-widget-wrap elementor-element-populated\">\n\t\t\t\t\t\t<div class=\"elementor-element elementor-element-d8a5397 elementor-widget elementor-widget-heading\" data-id=\"d8a5397\" data-element_type=\"widget\" data-widget_type=\"heading.default\">\n\t\t\t\t<div class=\"elementor-widget-container\">\n\t\t\t\t\t<h1 class=\"elementor-heading-title elementor-size-default\">Curso de Especializa\u00e7\u00e3o em Gest\u00e3o Ambiental - Bel\u00e9m 2016 - PROFIMA<\/h1>\t\t\t\t<\/div>\n\t\t\t\t<\/div>\n\t\t\t\t<div class=\"elementor-element elementor-element-295c1aaf elementor-widget elementor-widget-text-editor\" data-id=\"295c1aaf\" data-element_type=\"widget\" data-widget_type=\"text-editor.default\">\n\t\t\t\t<div class=\"elementor-widget-container\">\n\t\t\t\t\t\t\t\t\t<h3><span style=\"color: #000000;\"><strong>Projeto<\/strong><\/span><\/h3><p><span style=\"color: #000000;\">O objetivo do projeto \u201cCurso de Especializa\u00e7\u00e3o em Gest\u00e3o Ambiental e Sustentabilidade &#8211; Bel\u00e9m 2016 \u2013 PROFIMA\u201d \u00e9 garantir a forma\u00e7\u00e3o\u00a0<em>lato sensu\u00a0<\/em>aos alunos para que adquiram conhecimentos espec\u00edficos, conceituais e pr\u00e1ticos sobre Gest\u00e3o Ambiental a fim de que eles exer\u00e7am atividades de planejamento, implementa\u00e7\u00e3o, organiza\u00e7\u00e3o e ger\u00eancia sustent\u00e1vel dos recursos naturais, al\u00e9m de formularem pol\u00edticas e estrat\u00e9gias de desenvolvimento s\u00f3cio, cultural e econ\u00f4mico em condi\u00e7\u00f5es que assegurem a qualidade ambiental.<\/span><\/p><p><span style=\"color: #000000;\">O curso integra o Programa de Forma\u00e7\u00e3o Interdisciplinar em Meio Ambiente (PROFIMA) do N\u00facleo de Meio Ambiente da UFPA (NUMA\/UFPA) voltado \u00e0 capacita\u00e7\u00e3o de profissionais na \u00e1rea do meio ambiente, formando especialistas e contribuindo para o desenvolvimento de pesquisas neste campo de estudo.<\/span><\/p><p><span style=\"color: #000000;\"><strong>\u00c1rea do conhecimento: <\/strong>Ci\u00eancias Sociais Aplicadas e Humanidades<\/span><\/p><p><span style=\"color: #000000;\"><strong>Esp\u00e9cie: <\/strong>Ensino<\/span><\/p><p><span style=\"color: #000000;\"><strong>Execu\u00e7\u00e3o: <\/strong>N\u00facleo de Meio Ambiente NUMA\/UFPA<\/span><\/p><p><span style=\"color: #000000;\"><strong>In\u00edcio: <\/strong>09\/03\/2016<\/span><\/p><p><span style=\"color: #000000;\"><strong>T\u00e9rmino: <\/strong>31\/03\/2017<\/span><\/p><p><span style=\"color: #000000;\"><strong>Coordena\u00e7\u00e3o: <\/strong>Luis Ot\u00e1vio do Canto Lopes\u00a0&#8211; UFPA<\/span><\/p><p><span style=\"color: #000000;\"><strong>Financiador: <\/strong>Universidade Federal do Par\u00e1 &#8211; UFPA<\/span><\/p><p><span style=\"color: #000000;\"><strong>Valor do projeto: <\/strong>R$85.095,00<\/span><\/p>\t\t\t\t\t\t\t\t<\/div>\n\t\t\t\t<\/div>\n\t\t\t\t\t<\/div>\n\t\t<\/div>\n\t\t\t\t\t<\/div>\n\t\t<\/section>\n\t\t\t\t<\/div>\n\t\t","protected":false},"excerpt":{"rendered":"<p>Curso de Especializa\u00e7\u00e3o em Gest\u00e3o Ambiental &#8211; Bel\u00e9m 2016 &#8211; PROFIMA Projeto O objetivo do projeto \u201cCurso de Especializa\u00e7\u00e3o em Gest\u00e3o Ambiental e Sustentabilidade &#8211; Bel\u00e9m 2016 \u2013 PROFIMA\u201d \u00e9 garantir a forma\u00e7\u00e3o\u00a0lato sensu\u00a0aos alunos para que adquiram conhecimentos espec\u00edficos, conceituais e pr\u00e1ticos sobre Gest\u00e3o Ambiental a fim de que eles exer\u00e7am atividades de planejamento, [&hellip;]<\/p>\n","protected":false},"author":9,"featured_media":0,"comment_status":"open","ping_status":"open","sticky":false,"template":"","format":"standard","meta":{"_monsterinsights_skip_tracking":false,"_monsterinsights_sitenote_active":false,"_monsterinsights_sitenote_note":"","_monsterinsights_sitenote_category":0,"footnotes":""},"categories":[1],"tags":[],"class_list":["post-2272","post","type-post","status-publish","format-standard","hentry","category-geral","entry"],"yoast_head":"<!-- This site is optimized with the Yoast SEO plugin v25.1 - https:\/\/yoast.com\/wordpress\/plugins\/seo\/ -->\n<title>Curso de Especializa\u00e7\u00e3o em Gest\u00e3o Ambiental - Bel\u00e9m 2016 - PROFIMA - FADESP<\/title>\n<meta name=\"robots\" content=\"index, follow, max-snippet:-1, max-image-preview:large, max-video-preview:-1\" \/>\n<link rel=\"canonical\" href=\"https:\/\/portalfadesp.org.br\/?p=2272\" \/>\n<meta property=\"og:locale\" content=\"pt_BR\" \/>\n<meta property=\"og:type\" content=\"article\" \/>\n<meta property=\"og:title\" content=\"Curso de Especializa\u00e7\u00e3o em Gest\u00e3o Ambiental - Bel\u00e9m 2016 - PROFIMA - FADESP\" \/>\n<meta property=\"og:description\" content=\"Curso de Especializa\u00e7\u00e3o em Gest\u00e3o Ambiental &#8211; Bel\u00e9m 2016 &#8211; PROFIMA Projeto O objetivo do projeto \u201cCurso de Especializa\u00e7\u00e3o em Gest\u00e3o Ambiental e Sustentabilidade &#8211; Bel\u00e9m 2016 \u2013 PROFIMA\u201d \u00e9 garantir a forma\u00e7\u00e3o\u00a0lato sensu\u00a0aos alunos para que adquiram conhecimentos espec\u00edficos, conceituais e pr\u00e1ticos sobre Gest\u00e3o Ambiental a fim de que eles exer\u00e7am atividades de planejamento, [&hellip;]\" \/>\n<meta property=\"og:url\" content=\"https:\/\/portalfadesp.org.br\/?p=2272\" \/>\n<meta property=\"og:site_name\" content=\"FADESP\" \/>\n<meta property=\"article:publisher\" content=\"https:\/\/www.facebook.com\/Fadesp-138351949524662\/\" \/>\n<meta property=\"article:published_time\" content=\"2018-06-27T10:11:10+00:00\" \/>\n<meta property=\"article:modified_time\" content=\"2022-12-21T14:54:15+00:00\" \/>\n<meta name=\"author\" content=\"Raphael Pena\" \/>\n<meta name=\"twitter:card\" content=\"summary_large_image\" \/>\n<meta name=\"twitter:creator\" content=\"@Fadesp\" \/>\n<meta name=\"twitter:site\" content=\"@Fadesp\" \/>\n<meta name=\"twitter:label1\" content=\"Escrito por\" \/>\n\t<meta name=\"twitter:data1\" content=\"Raphael Pena\" \/>\n\t<meta name=\"twitter:label2\" content=\"Est. tempo de leitura\" \/>\n\t<meta name=\"twitter:data2\" content=\"1 minuto\" \/>\n<script type=\"application\/ld+json\" class=\"yoast-schema-graph\">{\"@context\":\"https:\/\/schema.org\",\"@graph\":[{\"@type\":\"Article\",\"@id\":\"https:\/\/portalfadesp.org.br\/?p=2272#article\",\"isPartOf\":{\"@id\":\"https:\/\/portalfadesp.org.br\/?p=2272\"},\"author\":{\"name\":\"Raphael Pena\",\"@id\":\"https:\/\/portalfadesp.org.br\/#\/schema\/person\/dc2908bf250f3ccb8be775027b13735e\"},\"headline\":\"Curso de Especializa\u00e7\u00e3o em Gest\u00e3o Ambiental &#8211; Bel\u00e9m 2016 &#8211; PROFIMA\",\"datePublished\":\"2018-06-27T10:11:10+00:00\",\"dateModified\":\"2022-12-21T14:54:15+00:00\",\"mainEntityOfPage\":{\"@id\":\"https:\/\/portalfadesp.org.br\/?p=2272\"},\"wordCount\":206,\"commentCount\":0,\"publisher\":{\"@id\":\"https:\/\/portalfadesp.org.br\/#organization\"},\"articleSection\":[\"Geral\"],\"inLanguage\":\"pt-BR\"},{\"@type\":\"WebPage\",\"@id\":\"https:\/\/portalfadesp.org.br\/?p=2272\",\"url\":\"https:\/\/portalfadesp.org.br\/?p=2272\",\"name\":\"Curso de Especializa\u00e7\u00e3o em Gest\u00e3o Ambiental - Bel\u00e9m 2016 - PROFIMA - FADESP\",\"isPartOf\":{\"@id\":\"https:\/\/portalfadesp.org.br\/#website\"},\"datePublished\":\"2018-06-27T10:11:10+00:00\",\"dateModified\":\"2022-12-21T14:54:15+00:00\",\"breadcrumb\":{\"@id\":\"https:\/\/portalfadesp.org.br\/?p=2272#breadcrumb\"},\"inLanguage\":\"pt-BR\",\"potentialAction\":[{\"@type\":\"ReadAction\",\"target\":[\"https:\/\/portalfadesp.org.br\/?p=2272\"]}]},{\"@type\":\"BreadcrumbList\",\"@id\":\"https:\/\/portalfadesp.org.br\/?p=2272#breadcrumb\",\"itemListElement\":[{\"@type\":\"ListItem\",\"position\":1,\"name\":\"In\u00edcio\",\"item\":\"https:\/\/portalfadesp.org.br\/\"},{\"@type\":\"ListItem\",\"position\":2,\"name\":\"Curso de Especializa\u00e7\u00e3o em Gest\u00e3o Ambiental &#8211; Bel\u00e9m 2016 &#8211; PROFIMA\"}]},{\"@type\":\"WebSite\",\"@id\":\"https:\/\/portalfadesp.org.br\/#website\",\"url\":\"https:\/\/portalfadesp.org.br\/\",\"name\":\"FADESP\",\"description\":\"Funda\u00e7\u00e3o de Amparo e Desenvolvimento da Pesquisa\",\"publisher\":{\"@id\":\"https:\/\/portalfadesp.org.br\/#organization\"},\"potentialAction\":[{\"@type\":\"SearchAction\",\"target\":{\"@type\":\"EntryPoint\",\"urlTemplate\":\"https:\/\/portalfadesp.org.br\/?s={search_term_string}\"},\"query-input\":{\"@type\":\"PropertyValueSpecification\",\"valueRequired\":true,\"valueName\":\"search_term_string\"}}],\"inLanguage\":\"pt-BR\"},{\"@type\":\"Organization\",\"@id\":\"https:\/\/portalfadesp.org.br\/#organization\",\"name\":\"FADESP\",\"url\":\"https:\/\/portalfadesp.org.br\/\",\"logo\":{\"@type\":\"ImageObject\",\"inLanguage\":\"pt-BR\",\"@id\":\"https:\/\/portalfadesp.org.br\/#\/schema\/logo\/image\/\",\"url\":\"https:\/\/portalfadesp.org.br\/wp-content\/uploads\/2024\/01\/NOVOLOGOFADESPlaranjaH.png\",\"contentUrl\":\"https:\/\/portalfadesp.org.br\/wp-content\/uploads\/2024\/01\/NOVOLOGOFADESPlaranjaH.png\",\"width\":2742,\"height\":839,\"caption\":\"FADESP\"},\"image\":{\"@id\":\"https:\/\/portalfadesp.org.br\/#\/schema\/logo\/image\/\"},\"sameAs\":[\"https:\/\/www.facebook.com\/Fadesp-138351949524662\/\",\"https:\/\/x.com\/Fadesp\",\"https:\/\/www.instagram.com\/fadesp_ufpa\/\",\"https:\/\/www.youtube.com\/@fundacaodeamparoedesenvolv1903\",\"https:\/\/www.threads.net\/@fadesp_ufpa\"]},{\"@type\":\"Person\",\"@id\":\"https:\/\/portalfadesp.org.br\/#\/schema\/person\/dc2908bf250f3ccb8be775027b13735e\",\"name\":\"Raphael Pena\",\"image\":{\"@type\":\"ImageObject\",\"inLanguage\":\"pt-BR\",\"@id\":\"https:\/\/portalfadesp.org.br\/#\/schema\/person\/image\/\",\"url\":\"https:\/\/secure.gravatar.com\/avatar\/f6ed33c466a335cea1eeb716e9d8177b1ca19149f5fdbee566ad4873403cee8a?s=96&d=mm&r=g\",\"contentUrl\":\"https:\/\/secure.gravatar.com\/avatar\/f6ed33c466a335cea1eeb716e9d8177b1ca19149f5fdbee566ad4873403cee8a?s=96&d=mm&r=g\",\"caption\":\"Raphael Pena\"},\"url\":\"https:\/\/portalfadesp.org.br\/?author=9\"}]}<\/script>\n<!-- \/ Yoast SEO plugin. -->","yoast_head_json":{"title":"Curso de Especializa\u00e7\u00e3o em Gest\u00e3o Ambiental - Bel\u00e9m 2016 - PROFIMA - FADESP","robots":{"index":"index","follow":"follow","max-snippet":"max-snippet:-1","max-image-preview":"max-image-preview:large","max-video-preview":"max-video-preview:-1"},"canonical":"https:\/\/portalfadesp.org.br\/?p=2272","og_locale":"pt_BR","og_type":"article","og_title":"Curso de Especializa\u00e7\u00e3o em Gest\u00e3o Ambiental - Bel\u00e9m 2016 - PROFIMA - FADESP","og_description":"Curso de Especializa\u00e7\u00e3o em Gest\u00e3o Ambiental &#8211; Bel\u00e9m 2016 &#8211; PROFIMA Projeto O objetivo do projeto \u201cCurso de Especializa\u00e7\u00e3o em Gest\u00e3o Ambiental e Sustentabilidade &#8211; Bel\u00e9m 2016 \u2013 PROFIMA\u201d \u00e9 garantir a forma\u00e7\u00e3o\u00a0lato sensu\u00a0aos alunos para que adquiram conhecimentos espec\u00edficos, conceituais e pr\u00e1ticos sobre Gest\u00e3o Ambiental a fim de que eles exer\u00e7am atividades de planejamento, [&hellip;]","og_url":"https:\/\/portalfadesp.org.br\/?p=2272","og_site_name":"FADESP","article_publisher":"https:\/\/www.facebook.com\/Fadesp-138351949524662\/","article_published_time":"2018-06-27T10:11:10+00:00","article_modified_time":"2022-12-21T14:54:15+00:00","author":"Raphael Pena","twitter_card":"summary_large_image","twitter_creator":"@Fadesp","twitter_site":"@Fadesp","twitter_misc":{"Escrito por":"Raphael Pena","Est. tempo de leitura":"1 minuto"},"schema":{"@context":"https:\/\/schema.org","@graph":[{"@type":"Article","@id":"https:\/\/portalfadesp.org.br\/?p=2272#article","isPartOf":{"@id":"https:\/\/portalfadesp.org.br\/?p=2272"},"author":{"name":"Raphael Pena","@id":"https:\/\/portalfadesp.org.br\/#\/schema\/person\/dc2908bf250f3ccb8be775027b13735e"},"headline":"Curso de Especializa\u00e7\u00e3o em Gest\u00e3o Ambiental &#8211; Bel\u00e9m 2016 &#8211; PROFIMA","datePublished":"2018-06-27T10:11:10+00:00","dateModified":"2022-12-21T14:54:15+00:00","mainEntityOfPage":{"@id":"https:\/\/portalfadesp.org.br\/?p=2272"},"wordCount":206,"commentCount":0,"publisher":{"@id":"https:\/\/portalfadesp.org.br\/#organization"},"articleSection":["Geral"],"inLanguage":"pt-BR"},{"@type":"WebPage","@id":"https:\/\/portalfadesp.org.br\/?p=2272","url":"https:\/\/portalfadesp.org.br\/?p=2272","name":"Curso de Especializa\u00e7\u00e3o em Gest\u00e3o Ambiental - Bel\u00e9m 2016 - PROFIMA - FADESP","isPartOf":{"@id":"https:\/\/portalfadesp.org.br\/#website"},"datePublished":"2018-06-27T10:11:10+00:00","dateModified":"2022-12-21T14:54:15+00:00","breadcrumb":{"@id":"https:\/\/portalfadesp.org.br\/?p=2272#breadcrumb"},"inLanguage":"pt-BR","potentialAction":[{"@type":"ReadAction","target":["https:\/\/portalfadesp.org.br\/?p=2272"]}]},{"@type":"BreadcrumbList","@id":"https:\/\/portalfadesp.org.br\/?p=2272#breadcrumb","itemListElement":[{"@type":"ListItem","position":1,"name":"In\u00edcio","item":"https:\/\/portalfadesp.org.br\/"},{"@type":"ListItem","position":2,"name":"Curso de Especializa\u00e7\u00e3o em Gest\u00e3o Ambiental &#8211; Bel\u00e9m 2016 &#8211; PROFIMA"}]},{"@type":"WebSite","@id":"https:\/\/portalfadesp.org.br\/#website","url":"https:\/\/portalfadesp.org.br\/","name":"FADESP","description":"Funda\u00e7\u00e3o de Amparo e Desenvolvimento da Pesquisa","publisher":{"@id":"https:\/\/portalfadesp.org.br\/#organization"},"potentialAction":[{"@type":"SearchAction","target":{"@type":"EntryPoint","urlTemplate":"https:\/\/portalfadesp.org.br\/?s={search_term_string}"},"query-input":{"@type":"PropertyValueSpecification","valueRequired":true,"valueName":"search_term_string"}}],"inLanguage":"pt-BR"},{"@type":"Organization","@id":"https:\/\/portalfadesp.org.br\/#organization","name":"FADESP","url":"https:\/\/portalfadesp.org.br\/","logo":{"@type":"ImageObject","inLanguage":"pt-BR","@id":"https:\/\/portalfadesp.org.br\/#\/schema\/logo\/image\/","url":"https:\/\/portalfadesp.org.br\/wp-content\/uploads\/2024\/01\/NOVOLOGOFADESPlaranjaH.png","contentUrl":"https:\/\/portalfadesp.org.br\/wp-content\/uploads\/2024\/01\/NOVOLOGOFADESPlaranjaH.png","width":2742,"height":839,"caption":"FADESP"},"image":{"@id":"https:\/\/portalfadesp.org.br\/#\/schema\/logo\/image\/"},"sameAs":["https:\/\/www.facebook.com\/Fadesp-138351949524662\/","https:\/\/x.com\/Fadesp","https:\/\/www.instagram.com\/fadesp_ufpa\/","https:\/\/www.youtube.com\/@fundacaodeamparoedesenvolv1903","https:\/\/www.threads.net\/@fadesp_ufpa"]},{"@type":"Person","@id":"https:\/\/portalfadesp.org.br\/#\/schema\/person\/dc2908bf250f3ccb8be775027b13735e","name":"Raphael Pena","image":{"@type":"ImageObject","inLanguage":"pt-BR","@id":"https:\/\/portalfadesp.org.br\/#\/schema\/person\/image\/","url":"https:\/\/secure.gravatar.com\/avatar\/f6ed33c466a335cea1eeb716e9d8177b1ca19149f5fdbee566ad4873403cee8a?s=96&d=mm&r=g","contentUrl":"https:\/\/secure.gravatar.com\/avatar\/f6ed33c466a335cea1eeb716e9d8177b1ca19149f5fdbee566ad4873403cee8a?s=96&d=mm&r=g","caption":"Raphael Pena"},"url":"https:\/\/portalfadesp.org.br\/?author=9"}]}},"_links":{"self":[{"href":"https:\/\/portalfadesp.org.br\/index.php?rest_route=\/wp\/v2\/posts\/2272","targetHints":{"allow":["GET"]}}],"collection":[{"href":"https:\/\/portalfadesp.org.br\/index.php?rest_route=\/wp\/v2\/posts"}],"about":[{"href":"https:\/\/portalfadesp.org.br\/index.php?rest_route=\/wp\/v2\/types\/post"}],"author":[{"embeddable":true,"href":"https:\/\/portalfadesp.org.br\/index.php?rest_route=\/wp\/v2\/users\/9"}],"replies":[{"embeddable":true,"href":"https:\/\/portalfadesp.org.br\/index.php?rest_route=%2Fwp%2Fv2%2Fcomments&post=2272"}],"version-history":[{"count":8,"href":"https:\/\/portalfadesp.org.br\/index.php?rest_route=\/wp\/v2\/posts\/2272\/revisions"}],"predecessor-version":[{"id":38177,"href":"https:\/\/portalfadesp.org.br\/index.php?rest_route=\/wp\/v2\/posts\/2272\/revisions\/38177"}],"wp:attachment":[{"href":"https:\/\/portalfadesp.org.br\/index.php?rest_route=%2Fwp%2Fv2%2Fmedia&parent=2272"}],"wp:term":[{"taxonomy":"category","embeddable":true,"href":"https:\/\/portalfadesp.org.br\/index.php?rest_route=%2Fwp%2Fv2%2Fcategories&post=2272"},{"taxonomy":"post_tag","embeddable":true,"href":"https:\/\/portalfadesp.org.br\/index.php?rest_route=%2Fwp%2Fv2%2Ftags&post=2272"}],"curies":[{"name":"wp","href":"https:\/\/api.w.org\/{rel}","templated":true}]}}