{"id":2271,"date":"2018-06-27T07:11:09","date_gmt":"2018-06-27T10:11:09","guid":{"rendered":"https:\/\/162.215.13.167?p=2271"},"modified":"2022-12-21T11:54:12","modified_gmt":"2022-12-21T14:54:12","slug":"acoes-integradas-de-extensao-a-saude-estudantil","status":"publish","type":"post","link":"https:\/\/portalfadesp.org.br\/?p=2271","title":{"rendered":"A\u00e7\u00f5es Integradas de Extens\u00e3o \u00e0 Sa\u00fade Estudantil"},"content":{"rendered":"\t\t<div data-elementor-type=\"wp-post\" data-elementor-id=\"2271\" class=\"elementor elementor-2271\" data-elementor-post-type=\"post\">\n\t\t\t\t\t\t<section class=\"elementor-section elementor-top-section elementor-element elementor-element-5762ef80 elementor-section-boxed elementor-section-height-default elementor-section-height-default\" data-id=\"5762ef80\" data-element_type=\"section\">\n\t\t\t\t\t\t<div class=\"elementor-container elementor-column-gap-default\">\n\t\t\t\t\t<div class=\"elementor-column elementor-col-100 elementor-top-column elementor-element elementor-element-30debd52\" data-id=\"30debd52\" data-element_type=\"column\">\n\t\t\t<div class=\"elementor-widget-wrap elementor-element-populated\">\n\t\t\t\t\t\t<div class=\"elementor-element elementor-element-abfd2c3 elementor-widget elementor-widget-heading\" data-id=\"abfd2c3\" data-element_type=\"widget\" data-widget_type=\"heading.default\">\n\t\t\t\t<div class=\"elementor-widget-container\">\n\t\t\t\t\t<h1 class=\"elementor-heading-title elementor-size-default\">A\u00e7\u00f5es Integradas de Extens\u00e3o \u00e0 Sa\u00fade Estudantil<\/h1>\t\t\t\t<\/div>\n\t\t\t\t<\/div>\n\t\t\t\t<div class=\"elementor-element elementor-element-32fce086 elementor-widget elementor-widget-text-editor\" data-id=\"32fce086\" data-element_type=\"widget\" data-widget_type=\"text-editor.default\">\n\t\t\t\t<div class=\"elementor-widget-container\">\n\t\t\t\t\t\t\t\t\t<h3><span style=\"color: #000000;\"><strong>Projeto<\/strong><\/span><\/h3><p><span style=\"color: #000000;\">O objetivo do projeto &#8220;A\u00e7\u00f5es Integradas de Extens\u00e3o \u00e0 Sa\u00fade Estudantil&#8221; \u00e9 contribuir com a Pol\u00edtica de Assist\u00eancia Estudantil da UFPA, nas \u00e1reas de refer\u00eancia do Hospital Universit\u00e1rio Bettina Ferro de Souza, prestando atendimento ambulatorial e hospitalar aos alunos de gradua\u00e7\u00e3o, dessa forma, no melhor desempenho estudantil para o seu desenvolvimento acad\u00eamico.<\/span><\/p><p><span style=\"color: #000000;\">As a\u00e7\u00f5es contribuem, ainda, para a perman\u00eancia estudantil na institui\u00e7\u00e3o e integram o Programa Estudante Saud\u00e1vel realizado pela Pr\u00f3-Reitoria de Extens\u00e3o (PROEX\/UFPA) em cumprimento ao Programa Nacional de Assist\u00eancia Estudantil (PNAE), criado para garantir atendimento a estudantes regularmente matriculados em cursos presenciais de gradua\u00e7\u00e3o das universidades, mas que se encontram em situa\u00e7\u00e3o de vulnerabilidade social, um risco \u00e0 conclus\u00e3o da forma\u00e7\u00e3o.<\/span><\/p><p><span style=\"color: #000000;\"><strong>\u00c1rea do conhecimento: <\/strong>Ci\u00eancias da Vida<\/span><\/p><p><span style=\"color: #000000;\"><strong>Esp\u00e9cie: <\/strong>Extens\u00e3o<\/span><\/p><p><span style=\"color: #000000;\"><strong>Execu\u00e7\u00e3o: <\/strong>Hospital Universit\u00e1rio Bettina Ferro de Souza &#8211; HUBFS\/UFPA<\/span><\/p><p><span style=\"color: #000000;\"><strong>In\u00edcio: <\/strong>29\/03\/2016<\/span><\/p><p><span style=\"color: #000000;\"><strong>T\u00e9rmino: <\/strong>30\/06\/2017<\/span><\/p><p><span style=\"color: #000000;\"><strong>Coordena\u00e7\u00e3o: <\/strong>Ana Yasue Yokohama &#8211; UFPA<\/span><\/p><p><span style=\"color: #000000;\"><strong>Financiador: <\/strong>Universidade Federal do Par\u00e1 &#8211; UFPA<\/span><\/p><p><span style=\"color: #000000;\"><strong>Valor do projeto: <\/strong>R$1.013.592,76<\/span><\/p>\t\t\t\t\t\t\t\t<\/div>\n\t\t\t\t<\/div>\n\t\t\t\t\t<\/div>\n\t\t<\/div>\n\t\t\t\t\t<\/div>\n\t\t<\/section>\n\t\t\t\t<\/div>\n\t\t","protected":false},"excerpt":{"rendered":"<p>A\u00e7\u00f5es Integradas de Extens\u00e3o \u00e0 Sa\u00fade Estudantil Projeto O objetivo do projeto &#8220;A\u00e7\u00f5es Integradas de Extens\u00e3o \u00e0 Sa\u00fade Estudantil&#8221; \u00e9 contribuir com a Pol\u00edtica de Assist\u00eancia Estudantil da UFPA, nas \u00e1reas de refer\u00eancia do Hospital Universit\u00e1rio Bettina Ferro de Souza, prestando atendimento ambulatorial e hospitalar aos alunos de gradua\u00e7\u00e3o, dessa forma, no melhor desempenho estudantil [&hellip;]<\/p>\n","protected":false},"author":9,"featured_media":0,"comment_status":"open","ping_status":"open","sticky":false,"template":"","format":"standard","meta":{"_monsterinsights_skip_tracking":false,"_monsterinsights_sitenote_active":false,"_monsterinsights_sitenote_note":"","_monsterinsights_sitenote_category":0,"footnotes":""},"categories":[1],"tags":[],"class_list":["post-2271","post","type-post","status-publish","format-standard","hentry","category-geral","entry"],"yoast_head":"<!-- This site is optimized with the Yoast SEO plugin v25.1 - https:\/\/yoast.com\/wordpress\/plugins\/seo\/ -->\n<title>A\u00e7\u00f5es Integradas de Extens\u00e3o \u00e0 Sa\u00fade Estudantil - FADESP<\/title>\n<meta name=\"robots\" content=\"index, follow, max-snippet:-1, max-image-preview:large, max-video-preview:-1\" \/>\n<link rel=\"canonical\" href=\"https:\/\/portalfadesp.org.br\/?p=2271\" \/>\n<meta property=\"og:locale\" content=\"pt_BR\" \/>\n<meta property=\"og:type\" content=\"article\" \/>\n<meta property=\"og:title\" content=\"A\u00e7\u00f5es Integradas de Extens\u00e3o \u00e0 Sa\u00fade Estudantil - FADESP\" \/>\n<meta property=\"og:description\" content=\"A\u00e7\u00f5es Integradas de Extens\u00e3o \u00e0 Sa\u00fade Estudantil Projeto O objetivo do projeto &#8220;A\u00e7\u00f5es Integradas de Extens\u00e3o \u00e0 Sa\u00fade Estudantil&#8221; \u00e9 contribuir com a Pol\u00edtica de Assist\u00eancia Estudantil da UFPA, nas \u00e1reas de refer\u00eancia do Hospital Universit\u00e1rio Bettina Ferro de Souza, prestando atendimento ambulatorial e hospitalar aos alunos de gradua\u00e7\u00e3o, dessa forma, no melhor desempenho estudantil [&hellip;]\" \/>\n<meta property=\"og:url\" content=\"https:\/\/portalfadesp.org.br\/?p=2271\" \/>\n<meta property=\"og:site_name\" content=\"FADESP\" \/>\n<meta property=\"article:publisher\" content=\"https:\/\/www.facebook.com\/Fadesp-138351949524662\/\" \/>\n<meta property=\"article:published_time\" content=\"2018-06-27T10:11:09+00:00\" \/>\n<meta property=\"article:modified_time\" content=\"2022-12-21T14:54:12+00:00\" \/>\n<meta name=\"author\" content=\"Raphael Pena\" \/>\n<meta name=\"twitter:card\" content=\"summary_large_image\" \/>\n<meta name=\"twitter:creator\" content=\"@Fadesp\" \/>\n<meta name=\"twitter:site\" content=\"@Fadesp\" \/>\n<meta name=\"twitter:label1\" content=\"Escrito por\" \/>\n\t<meta name=\"twitter:data1\" content=\"Raphael Pena\" \/>\n\t<meta name=\"twitter:label2\" content=\"Est. tempo de leitura\" \/>\n\t<meta name=\"twitter:data2\" content=\"1 minuto\" \/>\n<script type=\"application\/ld+json\" class=\"yoast-schema-graph\">{\"@context\":\"https:\/\/schema.org\",\"@graph\":[{\"@type\":\"Article\",\"@id\":\"https:\/\/portalfadesp.org.br\/?p=2271#article\",\"isPartOf\":{\"@id\":\"https:\/\/portalfadesp.org.br\/?p=2271\"},\"author\":{\"name\":\"Raphael Pena\",\"@id\":\"https:\/\/portalfadesp.org.br\/#\/schema\/person\/dc2908bf250f3ccb8be775027b13735e\"},\"headline\":\"A\u00e7\u00f5es Integradas de Extens\u00e3o \u00e0 Sa\u00fade Estudantil\",\"datePublished\":\"2018-06-27T10:11:09+00:00\",\"dateModified\":\"2022-12-21T14:54:12+00:00\",\"mainEntityOfPage\":{\"@id\":\"https:\/\/portalfadesp.org.br\/?p=2271\"},\"wordCount\":195,\"commentCount\":0,\"publisher\":{\"@id\":\"https:\/\/portalfadesp.org.br\/#organization\"},\"articleSection\":[\"Geral\"],\"inLanguage\":\"pt-BR\"},{\"@type\":\"WebPage\",\"@id\":\"https:\/\/portalfadesp.org.br\/?p=2271\",\"url\":\"https:\/\/portalfadesp.org.br\/?p=2271\",\"name\":\"A\u00e7\u00f5es Integradas de Extens\u00e3o \u00e0 Sa\u00fade Estudantil - FADESP\",\"isPartOf\":{\"@id\":\"https:\/\/portalfadesp.org.br\/#website\"},\"datePublished\":\"2018-06-27T10:11:09+00:00\",\"dateModified\":\"2022-12-21T14:54:12+00:00\",\"breadcrumb\":{\"@id\":\"https:\/\/portalfadesp.org.br\/?p=2271#breadcrumb\"},\"inLanguage\":\"pt-BR\",\"potentialAction\":[{\"@type\":\"ReadAction\",\"target\":[\"https:\/\/portalfadesp.org.br\/?p=2271\"]}]},{\"@type\":\"BreadcrumbList\",\"@id\":\"https:\/\/portalfadesp.org.br\/?p=2271#breadcrumb\",\"itemListElement\":[{\"@type\":\"ListItem\",\"position\":1,\"name\":\"In\u00edcio\",\"item\":\"https:\/\/portalfadesp.org.br\/\"},{\"@type\":\"ListItem\",\"position\":2,\"name\":\"A\u00e7\u00f5es Integradas de Extens\u00e3o \u00e0 Sa\u00fade Estudantil\"}]},{\"@type\":\"WebSite\",\"@id\":\"https:\/\/portalfadesp.org.br\/#website\",\"url\":\"https:\/\/portalfadesp.org.br\/\",\"name\":\"FADESP\",\"description\":\"Funda\u00e7\u00e3o de Amparo e Desenvolvimento da Pesquisa\",\"publisher\":{\"@id\":\"https:\/\/portalfadesp.org.br\/#organization\"},\"potentialAction\":[{\"@type\":\"SearchAction\",\"target\":{\"@type\":\"EntryPoint\",\"urlTemplate\":\"https:\/\/portalfadesp.org.br\/?s={search_term_string}\"},\"query-input\":{\"@type\":\"PropertyValueSpecification\",\"valueRequired\":true,\"valueName\":\"search_term_string\"}}],\"inLanguage\":\"pt-BR\"},{\"@type\":\"Organization\",\"@id\":\"https:\/\/portalfadesp.org.br\/#organization\",\"name\":\"FADESP\",\"url\":\"https:\/\/portalfadesp.org.br\/\",\"logo\":{\"@type\":\"ImageObject\",\"inLanguage\":\"pt-BR\",\"@id\":\"https:\/\/portalfadesp.org.br\/#\/schema\/logo\/image\/\",\"url\":\"https:\/\/portalfadesp.org.br\/wp-content\/uploads\/2024\/01\/NOVOLOGOFADESPlaranjaH.png\",\"contentUrl\":\"https:\/\/portalfadesp.org.br\/wp-content\/uploads\/2024\/01\/NOVOLOGOFADESPlaranjaH.png\",\"width\":2742,\"height\":839,\"caption\":\"FADESP\"},\"image\":{\"@id\":\"https:\/\/portalfadesp.org.br\/#\/schema\/logo\/image\/\"},\"sameAs\":[\"https:\/\/www.facebook.com\/Fadesp-138351949524662\/\",\"https:\/\/x.com\/Fadesp\",\"https:\/\/www.instagram.com\/fadesp_ufpa\/\",\"https:\/\/www.youtube.com\/@fundacaodeamparoedesenvolv1903\",\"https:\/\/www.threads.net\/@fadesp_ufpa\"]},{\"@type\":\"Person\",\"@id\":\"https:\/\/portalfadesp.org.br\/#\/schema\/person\/dc2908bf250f3ccb8be775027b13735e\",\"name\":\"Raphael Pena\",\"image\":{\"@type\":\"ImageObject\",\"inLanguage\":\"pt-BR\",\"@id\":\"https:\/\/portalfadesp.org.br\/#\/schema\/person\/image\/\",\"url\":\"https:\/\/secure.gravatar.com\/avatar\/f6ed33c466a335cea1eeb716e9d8177b1ca19149f5fdbee566ad4873403cee8a?s=96&d=mm&r=g\",\"contentUrl\":\"https:\/\/secure.gravatar.com\/avatar\/f6ed33c466a335cea1eeb716e9d8177b1ca19149f5fdbee566ad4873403cee8a?s=96&d=mm&r=g\",\"caption\":\"Raphael Pena\"},\"url\":\"https:\/\/portalfadesp.org.br\/?author=9\"}]}<\/script>\n<!-- \/ Yoast SEO plugin. -->","yoast_head_json":{"title":"A\u00e7\u00f5es Integradas de Extens\u00e3o \u00e0 Sa\u00fade Estudantil - FADESP","robots":{"index":"index","follow":"follow","max-snippet":"max-snippet:-1","max-image-preview":"max-image-preview:large","max-video-preview":"max-video-preview:-1"},"canonical":"https:\/\/portalfadesp.org.br\/?p=2271","og_locale":"pt_BR","og_type":"article","og_title":"A\u00e7\u00f5es Integradas de Extens\u00e3o \u00e0 Sa\u00fade Estudantil - FADESP","og_description":"A\u00e7\u00f5es Integradas de Extens\u00e3o \u00e0 Sa\u00fade Estudantil Projeto O objetivo do projeto &#8220;A\u00e7\u00f5es Integradas de Extens\u00e3o \u00e0 Sa\u00fade Estudantil&#8221; \u00e9 contribuir com a Pol\u00edtica de Assist\u00eancia Estudantil da UFPA, nas \u00e1reas de refer\u00eancia do Hospital Universit\u00e1rio Bettina Ferro de Souza, prestando atendimento ambulatorial e hospitalar aos alunos de gradua\u00e7\u00e3o, dessa forma, no melhor desempenho estudantil [&hellip;]","og_url":"https:\/\/portalfadesp.org.br\/?p=2271","og_site_name":"FADESP","article_publisher":"https:\/\/www.facebook.com\/Fadesp-138351949524662\/","article_published_time":"2018-06-27T10:11:09+00:00","article_modified_time":"2022-12-21T14:54:12+00:00","author":"Raphael Pena","twitter_card":"summary_large_image","twitter_creator":"@Fadesp","twitter_site":"@Fadesp","twitter_misc":{"Escrito por":"Raphael Pena","Est. tempo de leitura":"1 minuto"},"schema":{"@context":"https:\/\/schema.org","@graph":[{"@type":"Article","@id":"https:\/\/portalfadesp.org.br\/?p=2271#article","isPartOf":{"@id":"https:\/\/portalfadesp.org.br\/?p=2271"},"author":{"name":"Raphael Pena","@id":"https:\/\/portalfadesp.org.br\/#\/schema\/person\/dc2908bf250f3ccb8be775027b13735e"},"headline":"A\u00e7\u00f5es Integradas de Extens\u00e3o \u00e0 Sa\u00fade Estudantil","datePublished":"2018-06-27T10:11:09+00:00","dateModified":"2022-12-21T14:54:12+00:00","mainEntityOfPage":{"@id":"https:\/\/portalfadesp.org.br\/?p=2271"},"wordCount":195,"commentCount":0,"publisher":{"@id":"https:\/\/portalfadesp.org.br\/#organization"},"articleSection":["Geral"],"inLanguage":"pt-BR"},{"@type":"WebPage","@id":"https:\/\/portalfadesp.org.br\/?p=2271","url":"https:\/\/portalfadesp.org.br\/?p=2271","name":"A\u00e7\u00f5es Integradas de Extens\u00e3o \u00e0 Sa\u00fade Estudantil - FADESP","isPartOf":{"@id":"https:\/\/portalfadesp.org.br\/#website"},"datePublished":"2018-06-27T10:11:09+00:00","dateModified":"2022-12-21T14:54:12+00:00","breadcrumb":{"@id":"https:\/\/portalfadesp.org.br\/?p=2271#breadcrumb"},"inLanguage":"pt-BR","potentialAction":[{"@type":"ReadAction","target":["https:\/\/portalfadesp.org.br\/?p=2271"]}]},{"@type":"BreadcrumbList","@id":"https:\/\/portalfadesp.org.br\/?p=2271#breadcrumb","itemListElement":[{"@type":"ListItem","position":1,"name":"In\u00edcio","item":"https:\/\/portalfadesp.org.br\/"},{"@type":"ListItem","position":2,"name":"A\u00e7\u00f5es Integradas de Extens\u00e3o \u00e0 Sa\u00fade Estudantil"}]},{"@type":"WebSite","@id":"https:\/\/portalfadesp.org.br\/#website","url":"https:\/\/portalfadesp.org.br\/","name":"FADESP","description":"Funda\u00e7\u00e3o de Amparo e Desenvolvimento da Pesquisa","publisher":{"@id":"https:\/\/portalfadesp.org.br\/#organization"},"potentialAction":[{"@type":"SearchAction","target":{"@type":"EntryPoint","urlTemplate":"https:\/\/portalfadesp.org.br\/?s={search_term_string}"},"query-input":{"@type":"PropertyValueSpecification","valueRequired":true,"valueName":"search_term_string"}}],"inLanguage":"pt-BR"},{"@type":"Organization","@id":"https:\/\/portalfadesp.org.br\/#organization","name":"FADESP","url":"https:\/\/portalfadesp.org.br\/","logo":{"@type":"ImageObject","inLanguage":"pt-BR","@id":"https:\/\/portalfadesp.org.br\/#\/schema\/logo\/image\/","url":"https:\/\/portalfadesp.org.br\/wp-content\/uploads\/2024\/01\/NOVOLOGOFADESPlaranjaH.png","contentUrl":"https:\/\/portalfadesp.org.br\/wp-content\/uploads\/2024\/01\/NOVOLOGOFADESPlaranjaH.png","width":2742,"height":839,"caption":"FADESP"},"image":{"@id":"https:\/\/portalfadesp.org.br\/#\/schema\/logo\/image\/"},"sameAs":["https:\/\/www.facebook.com\/Fadesp-138351949524662\/","https:\/\/x.com\/Fadesp","https:\/\/www.instagram.com\/fadesp_ufpa\/","https:\/\/www.youtube.com\/@fundacaodeamparoedesenvolv1903","https:\/\/www.threads.net\/@fadesp_ufpa"]},{"@type":"Person","@id":"https:\/\/portalfadesp.org.br\/#\/schema\/person\/dc2908bf250f3ccb8be775027b13735e","name":"Raphael Pena","image":{"@type":"ImageObject","inLanguage":"pt-BR","@id":"https:\/\/portalfadesp.org.br\/#\/schema\/person\/image\/","url":"https:\/\/secure.gravatar.com\/avatar\/f6ed33c466a335cea1eeb716e9d8177b1ca19149f5fdbee566ad4873403cee8a?s=96&d=mm&r=g","contentUrl":"https:\/\/secure.gravatar.com\/avatar\/f6ed33c466a335cea1eeb716e9d8177b1ca19149f5fdbee566ad4873403cee8a?s=96&d=mm&r=g","caption":"Raphael Pena"},"url":"https:\/\/portalfadesp.org.br\/?author=9"}]}},"_links":{"self":[{"href":"https:\/\/portalfadesp.org.br\/index.php?rest_route=\/wp\/v2\/posts\/2271","targetHints":{"allow":["GET"]}}],"collection":[{"href":"https:\/\/portalfadesp.org.br\/index.php?rest_route=\/wp\/v2\/posts"}],"about":[{"href":"https:\/\/portalfadesp.org.br\/index.php?rest_route=\/wp\/v2\/types\/post"}],"author":[{"embeddable":true,"href":"https:\/\/portalfadesp.org.br\/index.php?rest_route=\/wp\/v2\/users\/9"}],"replies":[{"embeddable":true,"href":"https:\/\/portalfadesp.org.br\/index.php?rest_route=%2Fwp%2Fv2%2Fcomments&post=2271"}],"version-history":[{"count":8,"href":"https:\/\/portalfadesp.org.br\/index.php?rest_route=\/wp\/v2\/posts\/2271\/revisions"}],"predecessor-version":[{"id":38174,"href":"https:\/\/portalfadesp.org.br\/index.php?rest_route=\/wp\/v2\/posts\/2271\/revisions\/38174"}],"wp:attachment":[{"href":"https:\/\/portalfadesp.org.br\/index.php?rest_route=%2Fwp%2Fv2%2Fmedia&parent=2271"}],"wp:term":[{"taxonomy":"category","embeddable":true,"href":"https:\/\/portalfadesp.org.br\/index.php?rest_route=%2Fwp%2Fv2%2Fcategories&post=2271"},{"taxonomy":"post_tag","embeddable":true,"href":"https:\/\/portalfadesp.org.br\/index.php?rest_route=%2Fwp%2Fv2%2Ftags&post=2271"}],"curies":[{"name":"wp","href":"https:\/\/api.w.org\/{rel}","templated":true}]}}